{"id":86581,"date":"2025-08-28T00:38:33","date_gmt":"2025-08-27T22:38:33","guid":{"rendered":"https:\/\/www.infokuryr.cz\/n\/?p=86581"},"modified":"2025-08-27T20:19:56","modified_gmt":"2025-08-27T18:19:56","slug":"strelba-ve-skole-v-usa-si-vyzadala-tri-mrtve-a-vice-nez-tucet-zranenych","status":"publish","type":"post","link":"https:\/\/www.infokuryr.cz\/n\/2025\/08\/28\/strelba-ve-skole-v-usa-si-vyzadala-tri-mrtve-a-vice-nez-tucet-zranenych\/","title":{"rendered":"St\u0159elba ve \u0161kole v USA si vy\u017e\u00e1dala t\u0159i mrtv\u00e9 a v\u00edce ne\u017e tucet zran\u011bn\u00fdch"},"content":{"rendered":"<div id=\"fb-root\"><\/div>\n<h3>\u00da\u0159ady v Minneapolis uvedly, \u017ee st\u0159elec si po \u0159\u00e1d\u011bn\u00ed vzal \u017eivot<\/h3>\n<p><span dir=\"auto\">Ozbrojen\u00fd mu\u017e ve st\u0159edu zah\u00e1jil palbu v kostele v katolick\u00e9 \u0161kole v ji\u017en\u00edm Minneapolisu, p\u0159i\u010dem\u017e zabil dv\u011b d\u011bti a zranil nejm\u00e9n\u011b tucet lid\u00ed, informovala stanice ABC News s odvol\u00e1n\u00edm na sv\u00e9 zdroje.<\/span><\/p>\n<p><span dir=\"auto\">Ke st\u0159elb\u011b do\u0161lo b\u011bhem m\u0161e v katolick\u00e9 \u0161kole Zv\u011bstov\u00e1n\u00ed Panny Marie, kter\u00e1 slou\u017e\u00ed \u017e\u00e1k\u016fm od p\u0159ed\u0161koln\u00ed p\u0159\u00edpravky a\u017e po osmou t\u0159\u00eddu.<\/span><\/p>\n<p><em><span dir=\"auto\">\u201eSt\u0159elec za\u010dal st\u0159\u00edlet z pu\u0161ky skrz okna kostela. Byl ozbrojen pu\u0161kou, pistol\u00ed a dal\u0161\u00ed pistol\u00ed. Byly zabity dv\u011b d\u011bti ve v\u011bku 8 a 10 let,\u201c<\/span><\/em><span dir=\"auto\">\u00a0uvedla m\u00edstn\u00ed policie m\u00e9di\u00edm na tiskov\u00e9 konferenci.<\/span><\/p>\n<p><em><span dir=\"auto\">\u201eDomn\u00edv\u00e1me se, \u017ee se jedn\u00e1 o jednoho podez\u0159el\u00e9ho, kter\u00e9mu je n\u011bco m\u00e1lo p\u0159es dvacet. V\u011b\u0159\u00edme, \u017ee je mrtv\u00fd,\u201c<\/span><\/em><span dir=\"auto\">\u00a0dodali.<\/span><\/p>\n<p><span dir=\"auto\">Zdroje ABC News tvrd\u00ed, \u017ee podez\u0159el\u00fd se pozd\u011bji smrteln\u011b zast\u0159elil. M\u011bst\u0161t\u00ed \u00fa\u0159edn\u00edci v p\u0159\u00edsp\u011bvku na X uvedli, \u017ee\u00a0<\/span><em><span dir=\"auto\">\u201epro komunitu neexistuje \u017e\u00e1dn\u00e1 aktivn\u00ed hrozba\u201c.<\/span><\/em><span dir=\"auto\">\u00a0\u00da\u0159ady v\u0161ak i nad\u00e1le vyz\u00fdvaj\u00ed obyvatele, aby se oblasti vyh\u00fdbali, dokud vy\u0161et\u0159ov\u00e1n\u00ed pokra\u010duje.<\/span><\/p>\n<p><span dir=\"auto\">Americk\u00fd prezident Donald Trump se k z\u00e1le\u017eitosti ji\u017e vyj\u00e1d\u0159il s t\u00edm, \u017ee byl pln\u011b informov\u00e1n a \u017ee FBI pom\u00e1h\u00e1.<\/span><\/p>\n<div class=\"rtcode\">\n<div><iframe loading=\"lazy\" class=\"truthsocial-embed\" src=\"https:\/\/truthsocial.com\/@realDonaldTrump\/115101274999111772\/embed\" width=\"600\" height=\"225\" scrolling=\"no\" allowfullscreen=\"allowfullscreen\" data-mce-fragment=\"1\"><\/iframe><\/div>\n<\/div>\n<p><span dir=\"auto\">Guvern\u00e9r Minnesoty Tim Walz vyj\u00e1d\u0159il podporu \u0161koln\u00ed komunit\u011b ve sv\u00e9m prohl\u00e1\u0161en\u00ed na soci\u00e1ln\u00edch s\u00edt\u00edch a dodal, \u017ee se\u00a0<\/span><em><span dir=\"auto\">\u201emodl\u00ed za na\u0161e d\u011bti a u\u010ditele, jejich\u017e prvn\u00ed t\u00fdden ve \u0161kole byl poznamen\u00e1n t\u00edmto hr\u016fzn\u00fdm \u010dinem n\u00e1sil\u00ed\u201c.<\/span><\/em><\/p>\n<p><span dir=\"auto\">Walz dodal, \u017ee na m\u00edst\u011b jsou st\u00e1tn\u00ed org\u00e1ny. Zasahovali tak\u00e9 agenti FBI a \u00da\u0159adu pro alkohol, tab\u00e1k, st\u0159eln\u00e9 zbran\u011b a v\u00fdbu\u0161niny.<\/span><\/p>\n<p><span dir=\"auto\">Podle \u00fadaj\u016f neziskov\u00e9 organizace Gun Violence Archive do\u0161lo letos v USA k 287 masov\u00fdm st\u0159elb\u00e1m, kter\u00e9 si vy\u017e\u00e1daly nejm\u00e9n\u011b 240 ob\u011bt\u00ed.<\/span><\/p>\n<p><img decoding=\"async\" loading=\"lazy\" class=\"alignnone size-full wp-image-1185\" src=\"http:\/\/www.infokuryr.cz\/n\/wp-content\/uploads\/2021\/04\/kuryr-podpis.png\" alt=\"\" width=\"84\" height=\"24\" \/><\/p>\n<p><img decoding=\"async\" loading=\"lazy\" class=\"wp-image-86134 aligncenter\" src=\"http:\/\/www.infokuryr.cz\/n\/wp-content\/uploads\/2025\/08\/volby10-212x300.png\" alt=\"\" width=\"650\" height=\"920\" srcset=\"https:\/\/www.infokuryr.cz\/n\/wp-content\/uploads\/2025\/08\/volby10-212x300.png 212w, https:\/\/www.infokuryr.cz\/n\/wp-content\/uploads\/2025\/08\/volby10-724x1024.png 724w, https:\/\/www.infokuryr.cz\/n\/wp-content\/uploads\/2025\/08\/volby10-768x1086.png 768w, https:\/\/www.infokuryr.cz\/n\/wp-content\/uploads\/2025\/08\/volby10-1449x2048.png 1449w, https:\/\/www.infokuryr.cz\/n\/wp-content\/uploads\/2025\/08\/volby10-1024x1447.png 1024w\" sizes=\"(max-width: 650px) 100vw, 650px\" \/><\/p>\n<p>&nbsp;<\/p>\n","protected":false},"excerpt":{"rendered":"<p>\u00da\u0159ady v Minneapolis uvedly, \u017ee st\u0159elec si po \u0159\u00e1d\u011bn\u00ed vzal \u017eivot Ozbrojen\u00fd mu\u017e ve st\u0159edu&#8230;<\/p>\n","protected":false},"author":2,"featured_media":86582,"comment_status":"closed","ping_status":"closed","sticky":false,"template":"","format":"standard","meta":[],"categories":[7],"tags":[871,94,320,37],"_links":{"self":[{"href":"https:\/\/www.infokuryr.cz\/n\/wp-json\/wp\/v2\/posts\/86581"}],"collection":[{"href":"https:\/\/www.infokuryr.cz\/n\/wp-json\/wp\/v2\/posts"}],"about":[{"href":"https:\/\/www.infokuryr.cz\/n\/wp-json\/wp\/v2\/types\/post"}],"author":[{"embeddable":true,"href":"https:\/\/www.infokuryr.cz\/n\/wp-json\/wp\/v2\/users\/2"}],"replies":[{"embeddable":true,"href":"https:\/\/www.infokuryr.cz\/n\/wp-json\/wp\/v2\/comments?post=86581"}],"version-history":[{"count":0,"href":"https:\/\/www.infokuryr.cz\/n\/wp-json\/wp\/v2\/posts\/86581\/revisions"}],"wp:featuredmedia":[{"embeddable":true,"href":"https:\/\/www.infokuryr.cz\/n\/wp-json\/wp\/v2\/media\/86582"}],"wp:attachment":[{"href":"https:\/\/www.infokuryr.cz\/n\/wp-json\/wp\/v2\/media?parent=86581"}],"wp:term":[{"taxonomy":"category","embeddable":true,"href":"https:\/\/www.infokuryr.cz\/n\/wp-json\/wp\/v2\/categories?post=86581"},{"taxonomy":"post_tag","embeddable":true,"href":"https:\/\/www.infokuryr.cz\/n\/wp-json\/wp\/v2\/tags?post=86581"}],"curies":[{"name":"wp","href":"https:\/\/api.w.org\/{rel}","templated":true}]}}