{"id":86562,"date":"2025-08-28T00:30:35","date_gmt":"2025-08-27T22:30:35","guid":{"rendered":"https:\/\/www.infokuryr.cz\/n\/?p=86562"},"modified":"2025-08-27T19:43:38","modified_gmt":"2025-08-27T17:43:38","slug":"eu-vas-sleduje","status":"publish","type":"post","link":"https:\/\/www.infokuryr.cz\/n\/2025\/08\/28\/eu-vas-sleduje\/","title":{"rendered":"EU v\u00e1s sleduje"},"content":{"rendered":"<div id=\"fb-root\"><\/div>\n<div class=\"elementor-element elementor-element-1fb4c2c elementor-widget elementor-widget-theme-post-content\" data-id=\"1fb4c2c\" data-element_type=\"widget\" data-widget_type=\"theme-post-content.default\">\n<div class=\"elementor-widget-container\">\n<h3><strong><span dir=\"auto\">Nov\u00e9 z\u00e1kony prom\u011b\u0148uj\u00ed EU v digit\u00e1ln\u00ed v\u011bzen\u00ed<\/span><\/strong><\/h3>\n<p><span dir=\"auto\">EU se chyst\u00e1 schv\u00e1lit z\u00e1kony, kter\u00e9 by mohly v\u00fdrazn\u011b omezit pr\u00e1vo na soukromou komunikaci, svobodu projevu a voln\u00fd p\u0159\u00edstup k informac\u00edm online. Vl\u00e1dy budou moci \u010d\u00edst okam\u017eit\u00e9 zpr\u00e1vy, zavedou\u00a0<\/span><strong><span dir=\"auto\">povinnou online identifikaci<\/span><\/strong><span dir=\"auto\">\u00a0a budou od poskytovatel\u016f a platforem vy\u017eadovat\u00a0<\/span><strong><span dir=\"auto\">dlouhodob\u00e9 ukl\u00e1d\u00e1n\u00ed u\u017eivatelsk\u00fdch dat<\/span><\/strong><span dir=\"auto\">\u00a0. Tato data budou pozd\u011bji pomoc\u00ed um\u011bl\u00e9 inteligence skenov\u00e1na a hledat \u201epodez\u0159el\u00e9 vzorce\u201c v pou\u017e\u00edv\u00e1n\u00ed internetu.<\/span><\/p>\n<p><span dir=\"auto\">Ofici\u00e1ln\u011b EU tato opat\u0159en\u00ed zd\u016fvod\u0148uje ochranou\u00a0<\/span><strong><span dir=\"auto\">d\u011bt\u00ed<\/span><\/strong><span dir=\"auto\">\u00a0a bojem proti\u00a0<\/span><strong><span dir=\"auto\">zlo\u010dinu<\/span><\/strong><span dir=\"auto\">\u00a0a\u00a0<\/span><strong><span dir=\"auto\">terorismu<\/span><\/strong><span dir=\"auto\">\u00a0. Odborn\u00edci jako informatik\u00a0<\/span><strong><span dir=\"auto\">Michel Portier<\/span><\/strong><span dir=\"auto\">\u00a0v\u0161ak varuj\u00ed p\u0159ed \u201e\u00a0<\/span><strong><span dir=\"auto\">masivn\u00edm posunem v z\u00e1kladn\u00edch digit\u00e1ln\u00edch pr\u00e1vech<\/span><\/strong><span dir=\"auto\">\u00a0\u201c. \u201eEvropa se tak stane st\u00e1tem dohledu,\u201c \u0159\u00edk\u00e1 Portier v ned\u00e1vn\u00e9m vystoupen\u00ed\u00a0<\/span><em><span dir=\"auto\">pro Neue Welt<\/span><\/em><span dir=\"auto\">\u00a0a na sv\u00fdch kan\u00e1lech na soci\u00e1ln\u00edch s\u00edt\u00edch. \u201eJakmile budou tato opat\u0159en\u00ed zavedena, nebude cesty zp\u011bt.\u201c<\/span><\/p>\n<h3 class=\"wp-block-heading\"><span dir=\"auto\">Velk\u00e1 Brit\u00e1nie jako pr\u016fkopn\u00edk: Z\u00e1kon o online bezpe\u010dnosti<\/span><\/h3>\n<p><span dir=\"auto\">Portier poukazuje na\u00a0<\/span><strong><span dir=\"auto\">Spojen\u00e9 kr\u00e1lovstv\u00ed<\/span><\/strong><span dir=\"auto\">\u00a0, kter\u00e9 ji\u017e polo\u017eilo z\u00e1klady z\u00e1konem o\u00a0<strong>online bezpe\u010dnosti (Online Safety Act)<\/strong>\u00a0, kter\u00fd vstoupil v platnost\u00a0<\/span><strong><span dir=\"auto\">25. \u010dervence 2025.<\/span><\/strong><span dir=\"auto\">\u00a0Tento z\u00e1kon m\u00e1 \u00fadajn\u011b zv\u00fd\u0161it bezpe\u010dnost internetu pro d\u011bti, ale v praxi vede k drastick\u00fdm omezen\u00edm:<\/span><\/p>\n<ul>\n<li><strong><span dir=\"auto\">V\u011bkov\u00e9 bari\u00e9ry<\/span><\/strong><span dir=\"auto\">\u00a0pro webov\u00e9 str\u00e1nky, kan\u00e1ly YouTube, f\u00f3ra a soci\u00e1ln\u00ed m\u00e9dia s potenci\u00e1ln\u011b \u0161kodliv\u00fdm obsahem<\/span><\/li>\n<li><strong><span dir=\"auto\">Vynucen\u00e9 ov\u011b\u0159en\u00ed v\u011bku<\/span><\/strong><span dir=\"auto\">\u00a0nahr\u00e1n\u00edm pas\u016f nebo jin\u00fdmi postupy poru\u0161uj\u00edc\u00edmi soukrom\u00ed<\/span><\/li>\n<li><strong><span dir=\"auto\">Bezprobl\u00e9mov\u00e9 sledov\u00e1n\u00ed<\/span><\/strong><span dir=\"auto\">\u00a0: \u201eKa\u017ed\u00fd web pak bude p\u0159esn\u011b v\u011bd\u011bt, kdo jste,\u201c varuje Portier<\/span><\/li>\n<\/ul>\n<p><span dir=\"auto\">To v\u00fdrazn\u011b zvy\u0161uje riziko \u00faniku dat. Nen\u00ed proto divu, \u017ee\u00a0<\/span><strong><span dir=\"auto\">pou\u017e\u00edv\u00e1n\u00ed softwaru VPN<\/span><\/strong><span dir=\"auto\">\u00a0ve Spojen\u00e9m kr\u00e1lovstv\u00ed se b\u011bhem pouh\u00fdch n\u011bkolika t\u00fddn\u016f\u00a0zv\u00fd\u0161ilo o\u00a0<\/span><strong><span dir=\"auto\">1 400 % .<\/span><\/strong><\/p>\n<h3 class=\"wp-block-heading\"><span dir=\"auto\">Drakonick\u00e9 tresty a nadm\u011brn\u00e1 v\u011bkov\u00e1 kontrola<\/span><\/h3>\n<p><span dir=\"auto\">Podle\u00a0<\/span><strong><span dir=\"auto\">Tobyho Younga<\/span><\/strong><span dir=\"auto\">\u00a0, p\u0159edsedy\u00a0<\/span><strong><span dir=\"auto\">britsk\u00e9 organizace Free Speech Union<\/span><\/strong><span dir=\"auto\">\u00a0, spo\u010d\u00edv\u00e1 skute\u010dn\u00fd probl\u00e9m v\u00a0<\/span><strong><span dir=\"auto\">extr\u00e9mn\u011b vysok\u00fdch pokut\u00e1ch, kter\u00fdm<\/span><\/strong><span dir=\"auto\">\u00a0platformy hroz\u00ed, pokud neomez\u00ed potenci\u00e1ln\u011b \u201enebezpe\u010dn\u00fd\u201c obsah. Gener\u00e1ln\u00ed \u0159editel\u00e9 mohou dokonce \u010delit\u00a0<\/span><strong><span dir=\"auto\">trest\u016fm odn\u011bt\u00ed svobody<\/span><\/strong><span dir=\"auto\">\u00a0. Mnoho provozovatel\u016f se ob\u00e1v\u00e1 pokut a reaguje\u00a0<\/span><strong><span dir=\"auto\">nadm\u011brnou kontrolou<\/span><\/strong><span dir=\"auto\">\u00a0:<\/span><\/p>\n<ul>\n<li><span dir=\"auto\">Str\u00e1nky pro odvyk\u00e1n\u00ed kou\u0159en\u00ed miz\u00ed za zdmi v\u011bku<\/span><\/li>\n<li><span dir=\"auto\">Platformy o\u00a0<\/span><strong><span dir=\"auto\">nudizmu<\/span><\/strong><span dir=\"auto\">\u00a0nebo vzd\u011bl\u00e1vac\u00ed f\u00f3ra pro mlad\u00e9 lidi jsou blokov\u00e1ny<\/span><\/li>\n<li><span dir=\"auto\">Dokonce i\u00a0<\/span><strong><span dir=\"auto\">p\u0159\u00edsp\u011bvky o imigra\u010dn\u00ed politice<\/span><\/strong><span dir=\"auto\">\u00a0na X (d\u0159\u00edve Twitter) byly v\u011bkov\u011b omezeny.<\/span><\/li>\n<\/ul>\n<p><span dir=\"auto\">\u201eZ\u00e1kon o online bezpe\u010dnosti byl p\u0159ijat pod z\u00e1minkou ochrany d\u011bt\u00ed,\u201c \u0159\u00edk\u00e1 Portier. \u201eV\u00fdsledkem je v\u0161ak\u00a0<\/span><strong><span dir=\"auto\">represivn\u00ed legislativa<\/span><\/strong><span dir=\"auto\">\u00a0, kter\u00e1 blokuje i leg\u00e1ln\u00ed a spole\u010densky prosp\u011b\u0161n\u00fd obsah.\u201c<\/span><\/p>\n<h3 class=\"wp-block-heading\"><span dir=\"auto\">Dal\u0161\u00ed krok: ov\u011b\u0159en\u00ed v\u011bku v cel\u00e9 EU<\/span><\/h3>\n<p><span dir=\"auto\">Portier varuje, \u017ee Spojen\u00e9 kr\u00e1lovstv\u00ed je teprve za\u010d\u00e1tek.\u00a0Testy s povinn\u00fdm online ov\u011b\u0159ov\u00e1n\u00edm v\u011bku by m\u011bly b\u00fdt v\u00a0<strong>p\u011bti zem\u00edch EU<\/strong>\u00a0zah\u00e1jeny ji\u017e v\u00a0<\/span><strong><span dir=\"auto\">roce 2026.<\/span><\/strong><span dir=\"auto\">\u00a0V cel\u00e9 EU by se to mohlo roz\u0161\u00ed\u0159it od\u00a0<strong>roku 2027 .<\/strong><\/span><\/p>\n<p><span dir=\"auto\">V\u00fdsledek: Platformy dobrovoln\u011b um\u00edst\u00ed obsah za digit\u00e1ln\u00ed zdi, aby se vyhnuly vysok\u00fdm pokut\u00e1m. Portier o\u010dek\u00e1v\u00e1, \u017ee\u00a0<\/span><strong><span dir=\"auto\">kritick\u00e9 podcasty a alternativn\u00ed kan\u00e1ly<\/span><\/strong><span dir=\"auto\">\u00a0pak budou prakticky nep\u0159\u00edstupn\u00e9. Popisuje mo\u017en\u00fd sc\u00e9n\u00e1\u0159:<\/span><\/p>\n<p><em><span dir=\"auto\">\u201eDiv\u00e1k si otev\u0159e kan\u00e1l New World<\/span><\/em><span dir=\"auto\">\u00a0na YouTube\u00a0. Pot\u00e9 se zobraz\u00ed n\u00e1sleduj\u00edc\u00ed varov\u00e1n\u00ed:\u00a0<\/span><em><span dir=\"auto\">Informace v tomto videu nebyly ov\u011b\u0159eny a mohou b\u00fdt \u0161kodliv\u00e9 pro nezletil\u00e9. Pro zobrazen\u00ed videa se pros\u00edm identifikujte pomoc\u00ed rozpozn\u00e1v\u00e1n\u00ed obli\u010deje.<\/span><\/em><span dir=\"auto\">\u00a0\u201c<\/span><\/p>\n<h3 class=\"wp-block-heading\"><span dir=\"auto\">T\u0159i pil\u00ed\u0159e st\u00e1tu digit\u00e1ln\u00edho dohledu<\/span><\/h3>\n<p><span dir=\"auto\">Portier identifikuje t\u0159i legislativn\u00ed bal\u00ed\u010dky, jejich\u017e kombinace bude m\u00edt obrovsk\u00e9 d\u016fsledky:<\/span><\/p>\n<ol>\n<li><strong><span dir=\"auto\">Povinn\u00e9 ov\u011b\u0159en\u00ed v\u011bku<\/span><\/strong><br \/>\n<span dir=\"auto\">U t\u00e9m\u011b\u0159 ve\u0161ker\u00e9ho obsahu \u2013 i u leg\u00e1ln\u00edho \u2013 je vy\u017eadov\u00e1na jasn\u00e1 identifikace.<\/span><\/li>\n<li><strong><span dir=\"auto\">Monitorov\u00e1n\u00ed chatu:<\/span><\/strong><br \/>\n<span dir=\"auto\">Aplikace pro messenger, jako jsou\u00a0<\/span><strong><span dir=\"auto\">Signal, WhatsApp, Facebook Messenger<\/span><\/strong><span dir=\"auto\">\u00a0a\u00a0<\/span><strong><span dir=\"auto\">iMessage,<\/span><\/strong><span dir=\"auto\">\u00a0budou brzy p\u0159ed odesl\u00e1n\u00edm kontrolovat\u00a0<\/span><strong><span dir=\"auto\">ka\u017edou zpr\u00e1vu,<\/span><\/strong><span dir=\"auto\">\u00a0zda neobsahuje d\u011btskou pornografii nebo grooming. To se\u00a0<\/span><strong><span dir=\"auto\">denn\u011b t\u00fdk\u00e1 miliard zpr\u00e1v<\/span><\/strong><span dir=\"auto\">\u00a0.<\/span><\/li>\n<li><strong><span dir=\"auto\">Sm\u011brnice ProtectEU<\/span><\/strong><br \/>\n<span dir=\"auto\">Dlouhodob\u00e9 ukl\u00e1d\u00e1n\u00ed a anal\u00fdza\u00a0<\/span><strong><span dir=\"auto\">metadat a osobn\u00edho obsahu<\/span><\/strong><span dir=\"auto\">\u00a0s vyu\u017eit\u00edm um\u011bl\u00e9 inteligence ze strany org\u00e1n\u016f \u010dinn\u00fdch v trestn\u00edm \u0159\u00edzen\u00ed.<\/span><\/li>\n<\/ol>\n<p><span dir=\"auto\">Obzvl\u00e1\u0161t\u011b alarmuj\u00edc\u00ed je\u00a0<\/span><strong><span dir=\"auto\">opat\u0159en\u00ed t\u00fdkaj\u00edc\u00ed se kontroly chatu<\/span><\/strong><span dir=\"auto\">\u00a0,\u00a0<\/span><strong><span dir=\"auto\">o kter\u00e9m bude Evropsk\u00e1 rada hlasovat 14. \u0159\u00edjna.<\/span><\/strong><span dir=\"auto\">\u00a0Za \u00fa\u010delem jeho zaveden\u00ed bude do v\u0161ech chytr\u00fdch telefon\u016f instalov\u00e1na\u00a0<\/span><strong><span dir=\"auto\">neuronov\u00e1 procesorov\u00e1 jednotka<\/span><\/strong><span dir=\"auto\">\u00a0: \u010dip s um\u011blou inteligenc\u00ed, kter\u00fd v re\u00e1ln\u00e9m \u010dase kontroluje obr\u00e1zky a text.<\/span><\/p>\n<p><span dir=\"auto\">Tato um\u011bl\u00e1 inteligence je ale n\u00e1chyln\u00e1 k chyb\u00e1m. I ne\u0161kodn\u00e9 fotografie d\u011bt\u00ed nebo nevinn\u00e9 zpr\u00e1vy by mohly b\u00fdt fale\u0161n\u011b ozna\u010deny jako podez\u0159el\u00e9. V praxi to znamen\u00e1, \u017ee v budoucnu si\u00a0<\/span><strong><span dir=\"auto\">\u00fa\u0159edn\u00edci budou moci prohl\u00ed\u017eet va\u0161e soukrom\u00e9 obr\u00e1zky a textov\u00e9 zpr\u00e1vy<\/span><\/strong><span dir=\"auto\">\u00a0\u2013 i kdy\u017e neexistuje \u017e\u00e1dn\u00e9 skute\u010dn\u00e9 podez\u0159en\u00ed.<\/span><\/p>\n<h3 class=\"wp-block-heading\"><span dir=\"auto\">Kvantov\u00e9 po\u010d\u00edta\u010de a konec \u0161ifrov\u00e1n\u00ed<\/span><\/h3>\n<p><strong><span dir=\"auto\">\u0160ifrov\u00e1n\u00ed typu end-to-end,<\/span><\/strong><span dir=\"auto\">\u00a0d\u0159\u00edve pova\u017eovan\u00e9 za bezpe\u010dn\u00e9,\u00a0je tak\u00e9 pod tlakem. Podle Portiera budou kvantov\u00e9 po\u010d\u00edta\u010de schopny\u00a0<\/span><strong><span dir=\"auto\">de\u0161ifrovat \u0161ifrovan\u00e9 zpr\u00e1vy b\u011bhem n\u011bkolika sekund<\/span><\/strong><span dir=\"auto\">\u00a0b\u011bhem n\u011bkolika let . To by vl\u00e1d\u00e1m umo\u017enilo snadn\u00fd p\u0159\u00edstup k soukrom\u00e9 komunikaci sahaj\u00edc\u00ed roky dozadu.<\/span><\/p>\n<p><em><span dir=\"auto\">\u201eMysl\u00edte si, \u017ee fot\u00edte soukrom\u00e9 fotografie,\u201c varuje Portier, \u201eale ve skute\u010dnosti se vl\u00e1da jen d\u00edv\u00e1.\u201c<\/span><\/em><\/p>\n<h3 class=\"wp-block-heading\"><span dir=\"auto\">Nov\u00e1 \u00e9ra dohledu<\/span><\/h3>\n<p><span dir=\"auto\">Portier sleduje v\u00fdvoj s velk\u00fdmi obavami:<\/span><\/p>\n<p><em><span dir=\"auto\">\u201ePokud budou zavedeny v\u0161echny ozn\u00e1men\u00e9 z\u00e1kony, je pro m\u011b\u00a0<\/span><strong><span dir=\"auto\">emigrace<\/span><\/strong><span dir=\"auto\">\u00a0jedinou mo\u017enost\u00ed. V s\u00e1zce je na\u0161e lidskost.\u201c<\/span><\/em><\/p>\n<\/div>\n<\/div>\n<div class=\"elementor-element elementor-element-8c57238 quelle dc-has-condition dc-condition-empty elementor-widget elementor-widget-heading\" data-id=\"8c57238\" data-element_type=\"widget\" data-widget_type=\"heading.default\">\n<div class=\"elementor-widget-container\">\n<h3 class=\"elementor-heading-title elementor-size-default\"><span style=\"font-size: 10pt;\"><a href=\"https:\/\/deanderekrant.nl\/eu-is-watching-you\/\" target=\"_blank\" rel=\"nofollow noopener\"><span dir=\"auto\">Zdroj<\/span><\/a><\/span><\/h3>\n<p><img decoding=\"async\" loading=\"lazy\" class=\"wp-image-86134 aligncenter\" src=\"http:\/\/www.infokuryr.cz\/n\/wp-content\/uploads\/2025\/08\/volby10-212x300.png\" alt=\"\" width=\"690\" height=\"976\" srcset=\"https:\/\/www.infokuryr.cz\/n\/wp-content\/uploads\/2025\/08\/volby10-212x300.png 212w, https:\/\/www.infokuryr.cz\/n\/wp-content\/uploads\/2025\/08\/volby10-724x1024.png 724w, https:\/\/www.infokuryr.cz\/n\/wp-content\/uploads\/2025\/08\/volby10-768x1086.png 768w, https:\/\/www.infokuryr.cz\/n\/wp-content\/uploads\/2025\/08\/volby10-1087x1536.png 1087w, https:\/\/www.infokuryr.cz\/n\/wp-content\/uploads\/2025\/08\/volby10-1449x2048.png 1449w, https:\/\/www.infokuryr.cz\/n\/wp-content\/uploads\/2025\/08\/volby10-1024x1447.png 1024w\" sizes=\"(max-width: 690px) 100vw, 690px\" \/><\/p>\n<p>&nbsp;<\/p>\n<\/div>\n<\/div>\n","protected":false},"excerpt":{"rendered":"<p>Nov\u00e9 z\u00e1kony prom\u011b\u0148uj\u00ed EU v digit\u00e1ln\u00ed v\u011bzen\u00ed EU se chyst\u00e1 schv\u00e1lit z\u00e1kony, kter\u00e9 by mohly&#8230;<\/p>\n","protected":false},"author":2,"featured_media":86563,"comment_status":"closed","ping_status":"closed","sticky":false,"template":"","format":"standard","meta":[],"categories":[7],"tags":[41,1430,117,48],"_links":{"self":[{"href":"https:\/\/www.infokuryr.cz\/n\/wp-json\/wp\/v2\/posts\/86562"}],"collection":[{"href":"https:\/\/www.infokuryr.cz\/n\/wp-json\/wp\/v2\/posts"}],"about":[{"href":"https:\/\/www.infokuryr.cz\/n\/wp-json\/wp\/v2\/types\/post"}],"author":[{"embeddable":true,"href":"https:\/\/www.infokuryr.cz\/n\/wp-json\/wp\/v2\/users\/2"}],"replies":[{"embeddable":true,"href":"https:\/\/www.infokuryr.cz\/n\/wp-json\/wp\/v2\/comments?post=86562"}],"version-history":[{"count":0,"href":"https:\/\/www.infokuryr.cz\/n\/wp-json\/wp\/v2\/posts\/86562\/revisions"}],"wp:featuredmedia":[{"embeddable":true,"href":"https:\/\/www.infokuryr.cz\/n\/wp-json\/wp\/v2\/media\/86563"}],"wp:attachment":[{"href":"https:\/\/www.infokuryr.cz\/n\/wp-json\/wp\/v2\/media?parent=86562"}],"wp:term":[{"taxonomy":"category","embeddable":true,"href":"https:\/\/www.infokuryr.cz\/n\/wp-json\/wp\/v2\/categories?post=86562"},{"taxonomy":"post_tag","embeddable":true,"href":"https:\/\/www.infokuryr.cz\/n\/wp-json\/wp\/v2\/tags?post=86562"}],"curies":[{"name":"wp","href":"https:\/\/api.w.org\/{rel}","templated":true}]}}