{"id":86542,"date":"2025-08-28T00:23:06","date_gmt":"2025-08-27T22:23:06","guid":{"rendered":"https:\/\/www.infokuryr.cz\/n\/?p=86542"},"modified":"2025-08-27T10:40:47","modified_gmt":"2025-08-27T08:40:47","slug":"izrael-chce-od-usa-zelenou-k-dalsimu-preventivnimu-utoku-na-iran","status":"publish","type":"post","link":"https:\/\/www.infokuryr.cz\/n\/2025\/08\/28\/izrael-chce-od-usa-zelenou-k-dalsimu-preventivnimu-utoku-na-iran\/","title":{"rendered":"Izrael chce od USA zelenou k dal\u0161\u00edmu \u201epreventivn\u00edmu\u201c \u00fatoku na \u00cdr\u00e1n"},"content":{"rendered":"<div id=\"fb-root\"><\/div>\n<p><strong><span dir=\"auto\">Izraelsk\u00fd plukovn\u00edk Jacques Neriah, b\u00fdval\u00fd zpravodajsk\u00fd d\u016fstojn\u00edk a zvl\u00e1\u0161tn\u00ed analytik pro Bl\u00edzk\u00fd v\u00fdchod, 24. srpna varoval, \u017ee by mezi Izraelem a \u00cdr\u00e1nem mohla brzy vypuknout druh\u00e1 v\u00e1lka.<\/span><\/strong><\/p>\n<p><span dir=\"auto\">Prvn\u00ed v\u00e1lka vypukla 13. \u010dervna, kdy Izrael zah\u00e1jil p\u0159ekvapiv\u00fd \u00fatok proti \u00edr\u00e1nsk\u00e9mu jadern\u00e9mu programu. Boje skon\u010dily, kdy\u017e bylo 24. \u010dervna n\u00e1hle vyhl\u00e1\u0161eno p\u0159\u00edm\u011b\u0159\u00ed, pouh\u00e9 dva dny pot\u00e9, co se USA p\u0159ipojily k Izraeli a za\u00fato\u010dily na t\u0159i kl\u00ed\u010dov\u00e1 jadern\u00e1 za\u0159\u00edzen\u00ed v Isl\u00e1msk\u00e9 republice.<\/span><\/p>\n<p><em><span dir=\"auto\">\u201eExistuje pocit, \u017ee se bl\u00ed\u017e\u00ed v\u00e1lka, \u017ee se chyst\u00e1 \u00edr\u00e1nsk\u00e1 pomsta. \u00cdr\u00e1nci s t\u00edmto pon\u00ed\u017een\u00edm nebudou moci dlouho \u017e\u00edt,\u201c citovaly Neriaha v izraelsk\u00e9 r\u00e1diov\u00e9 stanici 103FM lond\u00fdnsk\u00e9 arabsk\u00e9 noviny Asharq Al-Awsat.<\/span><\/em><\/p>\n<p><em><span dir=\"auto\">\u201eIzrael mus\u00ed za sou\u010dasn\u00e9ho stavu zah\u00e1jit preventivn\u00ed \u00fader proti \u00cdr\u00e1nu, proto\u017ee velk\u00e1 \u010d\u00e1st jeho vojensk\u00fdch schopnost\u00ed je paralyzovan\u00e1,\u201c dodal.<\/span><\/em><\/p>\n<p><span dir=\"auto\">Neriah pova\u017eoval n\u00e1mo\u0159n\u00ed cvi\u010den\u00ed, kter\u00e9 \u00cdr\u00e1n minul\u00fd t\u00fdden uspo\u0159\u00e1dal v severn\u00ed \u010d\u00e1sti Indick\u00e9ho oce\u00e1nu a Om\u00e1nsk\u00e9ho mo\u0159e, za jasn\u00fd ve\u0159ejn\u00fd projev takov\u00e9ho z\u00e1m\u011bru. Dal\u0161\u00edm ned\u00e1vn\u00fdm varovn\u00fdm sign\u00e1lem bylo podle b\u00fdval\u00e9ho plukovn\u00edka, \u017ee libanonsk\u00fd Hizball\u00e1h na\u0159\u00eddil sv\u00fdm \u010dlen\u016fm, aby se distancovali od sv\u00fdch telefon\u016f.<\/span><\/p>\n<p><span dir=\"auto\">Tak\u00e9 uvedl, \u017ee \u00cdr\u00e1n m\u00e1 obavy z t\u00e9m\u011b\u0159 uzav\u0159en\u00e9 dohody mezi Izraelem a novou prozat\u00edmn\u00ed vl\u00e1dou v S\u00fdrii vedenou islamisty.<\/span><\/p>\n<p><em><span dir=\"auto\">\u201e\u00cdr\u00e1n vn\u00edm\u00e1 re\u017eim [Ahmeda] a\u0161-\u0160ar\u00e1a jako n\u011bco, co je t\u0159eba svrhnout,\u201c dodal Neriah.<\/span><\/em><\/p>\n<p><span dir=\"auto\">A\u0161arq al-Avsat s odvol\u00e1n\u00edm na bezpe\u010dnostn\u00ed zdroje v Izraeli uvedl, \u017ee izraelsk\u00e1 arm\u00e1da se p\u0159ipravuje na zah\u00e1jen\u00ed preventivn\u00edho \u00faderu na \u00cdr\u00e1n a chce od Spojen\u00fdch st\u00e1t\u016f zelenou.<\/span><\/p>\n<p><span dir=\"auto\">Izrael se podle zdroj\u016f sna\u017e\u00ed p\u0159esv\u011bd\u010dit administrativu prezidenta Donalda Trumpa, aby se p\u0159ipojila k nov\u00e9mu kolu \u00fatok\u016f na \u00cdr\u00e1n. Izrael poznamenal, \u017ee pokud se k \u00fatoku Washington nebude cht\u00edt p\u0159ipojit, po\u017e\u00e1d\u00e1 o zelenou.<\/span><\/p>\n<p><span dir=\"auto\">Za\u010d\u00e1tkem tohoto m\u011bs\u00edce nazna\u010dil n\u00e1\u010deln\u00edk izraelsk\u00e9ho gener\u00e1ln\u00edho \u0161t\u00e1bu gener\u00e1lporu\u010d\u00edk Eyal Zamir mo\u017enost dal\u0161\u00edho \u00fatoku na \u00cdr\u00e1n.<\/span><\/p>\n<p><span dir=\"auto\">B\u011bhem projevu na vojensk\u00e9m ceremoni\u00e1lu 14. srpna Zamir uvedl, \u017ee izraelsk\u00e1 arm\u00e1da je v p\u0159\u00edpad\u011b pot\u0159eby p\u0159ipravena zopakovat \u00fader na \u00cdr\u00e1n.<\/span><\/p>\n<p><em><span dir=\"auto\">\u201eV p\u0159\u00edpad\u011b pot\u0159eby budeme v\u011bd\u011bt, jak znovu jednat s p\u0159esnost\u00ed, intenzitou a smrt\u00edc\u00ed silou,\u201c \u0159ekl tehdy velitel.<\/span><\/em><\/p>\n<p><span dir=\"auto\">Yahya Rahim Safavi, vysok\u00fd velitel \u00edr\u00e1nsk\u00fdch Isl\u00e1msk\u00fdch revolu\u010dn\u00edch gard a bl\u00edzk\u00fd poradce nejvy\u0161\u0161\u00edho v\u016fdce Al\u00edho Chamene\u00edho, pozd\u011bji varoval, \u017ee kdykoli m\u016f\u017ee za\u010d\u00edt dal\u0161\u00ed v\u00e1lka s Izraelem nebo Spojen\u00fdmi st\u00e1ty.<\/span><\/p>\n<p><span dir=\"auto\">A\u010dkoli Izrael tvrd\u00ed, \u017ee b\u011bhem dvan\u00e1ctidenn\u00ed v\u00e1lky s \u00cdr\u00e1nem dos\u00e1hl v\u0161ech sv\u00fdch c\u00edl\u016f, existuj\u00ed faktory nazna\u010duj\u00edc\u00ed, \u017ee tomu tak nebylo. Osud vysoce obohacen\u00e9ho uranu Isl\u00e1msk\u00e9 republiky z\u016fst\u00e1v\u00e1 nejasn\u00fd. Nav\u00edc ke konci v\u00e1lky byla izraelsk\u00e1 protivzdu\u0161n\u00e1 obrana v d\u016fsledku \u00edr\u00e1nsk\u00fdch raketov\u00fdch \u00fatok\u016f oslabena do t\u00e9 m\u00edry, \u017ee bylo p\u0159\u00edm\u011b\u0159\u00ed pova\u017eov\u00e1no za nezbytn\u00e9. Prvn\u00ed zpr\u00e1vy na za\u010d\u00e1tku v\u00e1lky nazna\u010dovaly, \u017ee Izrael pl\u00e1nuje m\u011bs\u00ed\u010dn\u00ed kampa\u0148.<\/span><\/p>\n<p><span dir=\"auto\">Na z\u00e1klad\u011b toho v\u0161eho nen\u00ed divu, \u017ee se Izrael p\u0159ipravuje na dal\u0161\u00ed v\u00e1lku. Trumpova administrativa se sice nemus\u00ed zapojit jako minule, ale Izrael to rozhodn\u011b nezastav\u00ed.<\/span><\/p>\n<p><img decoding=\"async\" loading=\"lazy\" class=\"alignnone size-full wp-image-1185\" src=\"http:\/\/www.infokuryr.cz\/n\/wp-content\/uploads\/2021\/04\/kuryr-podpis.png\" alt=\"\" width=\"84\" height=\"24\" \/><\/p>\n<p><img decoding=\"async\" loading=\"lazy\" class=\"wp-image-86134 aligncenter\" src=\"http:\/\/www.infokuryr.cz\/n\/wp-content\/uploads\/2025\/08\/volby10-212x300.png\" alt=\"\" width=\"699\" height=\"989\" srcset=\"https:\/\/www.infokuryr.cz\/n\/wp-content\/uploads\/2025\/08\/volby10-212x300.png 212w, https:\/\/www.infokuryr.cz\/n\/wp-content\/uploads\/2025\/08\/volby10-724x1024.png 724w, https:\/\/www.infokuryr.cz\/n\/wp-content\/uploads\/2025\/08\/volby10-768x1086.png 768w, https:\/\/www.infokuryr.cz\/n\/wp-content\/uploads\/2025\/08\/volby10-1087x1536.png 1087w, https:\/\/www.infokuryr.cz\/n\/wp-content\/uploads\/2025\/08\/volby10-1449x2048.png 1449w, https:\/\/www.infokuryr.cz\/n\/wp-content\/uploads\/2025\/08\/volby10-1024x1447.png 1024w\" sizes=\"(max-width: 699px) 100vw, 699px\" \/><\/p>\n<p>&nbsp;<\/p>\n","protected":false},"excerpt":{"rendered":"<p>Izraelsk\u00fd plukovn\u00edk Jacques Neriah, b\u00fdval\u00fd zpravodajsk\u00fd d\u016fstojn\u00edk a zvl\u00e1\u0161tn\u00ed analytik pro Bl\u00edzk\u00fd v\u00fdchod, 24. srpna&#8230;<\/p>\n","protected":false},"author":2,"featured_media":86543,"comment_status":"closed","ping_status":"closed","sticky":false,"template":"","format":"standard","meta":[],"categories":[7],"tags":[38,107,37,723],"_links":{"self":[{"href":"https:\/\/www.infokuryr.cz\/n\/wp-json\/wp\/v2\/posts\/86542"}],"collection":[{"href":"https:\/\/www.infokuryr.cz\/n\/wp-json\/wp\/v2\/posts"}],"about":[{"href":"https:\/\/www.infokuryr.cz\/n\/wp-json\/wp\/v2\/types\/post"}],"author":[{"embeddable":true,"href":"https:\/\/www.infokuryr.cz\/n\/wp-json\/wp\/v2\/users\/2"}],"replies":[{"embeddable":true,"href":"https:\/\/www.infokuryr.cz\/n\/wp-json\/wp\/v2\/comments?post=86542"}],"version-history":[{"count":0,"href":"https:\/\/www.infokuryr.cz\/n\/wp-json\/wp\/v2\/posts\/86542\/revisions"}],"wp:featuredmedia":[{"embeddable":true,"href":"https:\/\/www.infokuryr.cz\/n\/wp-json\/wp\/v2\/media\/86543"}],"wp:attachment":[{"href":"https:\/\/www.infokuryr.cz\/n\/wp-json\/wp\/v2\/media?parent=86542"}],"wp:term":[{"taxonomy":"category","embeddable":true,"href":"https:\/\/www.infokuryr.cz\/n\/wp-json\/wp\/v2\/categories?post=86542"},{"taxonomy":"post_tag","embeddable":true,"href":"https:\/\/www.infokuryr.cz\/n\/wp-json\/wp\/v2\/tags?post=86542"}],"curies":[{"name":"wp","href":"https:\/\/api.w.org\/{rel}","templated":true}]}}