{"id":86540,"date":"2025-08-28T00:21:13","date_gmt":"2025-08-27T22:21:13","guid":{"rendered":"https:\/\/www.infokuryr.cz\/n\/?p=86540"},"modified":"2025-08-27T12:47:19","modified_gmt":"2025-08-27T10:47:19","slug":"maji-krestane-v-syrii-budoucnost-novy-rezim-prinasi-jen-pronasledovani-extremismus-a-smrt","status":"publish","type":"post","link":"https:\/\/www.infokuryr.cz\/n\/2025\/08\/28\/maji-krestane-v-syrii-budoucnost-novy-rezim-prinasi-jen-pronasledovani-extremismus-a-smrt\/","title":{"rendered":"Maj\u00ed k\u0159es\u0165an\u00e9 v S\u00fdrii budoucnost? Nov\u00fd re\u017eim p\u0159in\u00e1\u0161\u00ed jen pron\u00e1sledov\u00e1n\u00ed, extremismus a smrt"},"content":{"rendered":"<div id=\"fb-root\"><\/div>\n<h3 class=\"s-tagline fw-tagline\"><span dir=\"auto\">\u201eMnoho Sy\u0159an\u016f, kte\u0159\u00ed p\u0159ed lety emigrovali do Polska a zalo\u017eili zde rodiny, se na situaci ve sv\u00e9 b\u00fdval\u00e9 vlasti d\u00edv\u00e1 s hr\u016fzou a ned\u016fv\u011brou,\u201c p\u00ed\u0161e Maria K\u0105dzielska pro Do Rzeczy<\/span><\/h3>\n<p><span dir=\"auto\">Sy\u0159an\u00e9 vkl\u00e1dali velk\u00e9 nad\u011bje do povstaleck\u00e9 aliance, kter\u00e1 v prosinci lo\u0148sk\u00e9ho roku svrhla re\u017eim Ba\u0161\u00e1ra Asada. Ud\u00e1losti posledn\u00edch m\u011bs\u00edc\u016f bohu\u017eel tato o\u010dek\u00e1v\u00e1n\u00ed dramaticky potvrdily. \u201eNa\u0161e rodiny p\u0159e\u017eily sedm let v\u00e1lky a nep\u0159e\u017eily n\u011bkolik m\u011bs\u00edc\u016f jejich vl\u00e1dy,\u201c komentuje Pol\u00e1k syrsk\u00e9ho p\u016fvodu.<\/span><\/p>\n<p><span dir=\"auto\">Zem\u011b pod vl\u00e1dou Ahmeda a\u0161-\u0160ar\u00e1a, b\u00fdval\u00e9ho d\u017eih\u00e1disty zn\u00e1m\u00e9ho tak\u00e9 jako Ab\u00fa Muhammad D\u017eaul\u00e1n\u00ed, prostupuje rostouc\u00edm chaosem. K\u0159es\u0165an\u00e9 jsou vra\u017ed\u011bni za b\u00edl\u00e9ho dne a stra\u0161\u00e1k n\u00e1bo\u017eensk\u00fdch \u010distek ohro\u017euje men\u0161iny, kter\u00e9 ob\u00fdvaj\u00ed S\u00fdrii po stalet\u00ed. V posledn\u00edch t\u00fddnech do\u0161lo k mnoha \u00fatok\u016fm na k\u0159es\u0165ansk\u00e9 obyvatele regionu.<\/span><\/p>\n<p><span dir=\"auto\">V sou\u010dasn\u00e9 dob\u011b syrsk\u00e1 men\u0161ina v Polsku truchl\u00ed. Mnoho Sy\u0159an\u016f, kte\u0159\u00ed p\u0159ed lety emigrovali do Polska a zalo\u017eili zde rodiny, se na situaci ve sv\u00e9 b\u00fdval\u00e9 vlasti d\u00edv\u00e1 s hr\u016fzou a ned\u016fv\u011brou.\u00a0<\/span><\/p>\n<figure class=\"wp-block-embed is-type-rich is-provider-twitter wp-block-embed-twitter\">\n<div class=\"wp-block-embed__wrapper\">\n<div class=\"twitter-tweet twitter-tweet-rendered\"><iframe id=\"twitter-widget-0\" class=\"\" title=\"X Post\" src=\"https:\/\/platform.twitter.com\/embed\/Tweet.html?creatorScreenName=RMXnews&amp;dnt=true&amp;embedId=twitter-widget-0&amp;features=eyJ0ZndfdGltZWxpbmVfbGlzdCI6eyJidWNrZXQiOltdLCJ2ZXJzaW9uIjpudWxsfSwidGZ3X2ZvbGxvd2VyX2NvdW50X3N1bnNldCI6eyJidWNrZXQiOnRydWUsInZlcnNpb24iOm51bGx9LCJ0ZndfdHdlZXRfZWRpdF9iYWNrZW5kIjp7ImJ1Y2tldCI6Im9uIiwidmVyc2lvbiI6bnVsbH0sInRmd19yZWZzcmNfc2Vzc2lvbiI6eyJidWNrZXQiOiJvbiIsInZlcnNpb24iOm51bGx9LCJ0ZndfZm9zbnJfc29mdF9pbnRlcnZlbnRpb25zX2VuYWJsZWQiOnsiYnVja2V0Ijoib24iLCJ2ZXJzaW9uIjpudWxsfSwidGZ3X21peGVkX21lZGlhXzE1ODk3Ijp7ImJ1Y2tldCI6InRyZWF0bWVudCIsInZlcnNpb24iOm51bGx9LCJ0ZndfZXhwZXJpbWVudHNfY29va2llX2V4cGlyYXRpb24iOnsiYnVja2V0IjoxMjA5NjAwLCJ2ZXJzaW9uIjpudWxsfSwidGZ3X3Nob3dfYmlyZHdhdGNoX3Bpdm90c19lbmFibGVkIjp7ImJ1Y2tldCI6Im9uIiwidmVyc2lvbiI6bnVsbH0sInRmd19kdXBsaWNhdGVfc2NyaWJlc190b19zZXR0aW5ncyI6eyJidWNrZXQiOiJvbiIsInZlcnNpb24iOm51bGx9LCJ0ZndfdXNlX3Byb2ZpbGVfaW1hZ2Vfc2hhcGVfZW5hYmxlZCI6eyJidWNrZXQiOiJvbiIsInZlcnNpb24iOm51bGx9LCJ0ZndfdmlkZW9faGxzX2R5bmFtaWNfbWFuaWZlc3RzXzE1MDgyIjp7ImJ1Y2tldCI6InRydWVfYml0cmF0ZSIsInZlcnNpb24iOm51bGx9LCJ0ZndfbGVnYWN5X3RpbWVsaW5lX3N1bnNldCI6eyJidWNrZXQiOnRydWUsInZlcnNpb24iOm51bGx9LCJ0ZndfdHdlZXRfZWRpdF9mcm9udGVuZCI6eyJidWNrZXQiOiJvbiIsInZlcnNpb24iOm51bGx9fQ%3D%3D&amp;frame=false&amp;hideCard=false&amp;hideThread=false&amp;id=1898615425623015603&amp;lang=cs&amp;origin=https%3A%2F%2Frmx.news%2Farticle%2Fis-there-any-future-for-christians-in-syria-new-regime-brings-only-persecution-extremism-and-death%2F&amp;sessionId=384943db2ac34685ee85a7a47c9002e19fa497b8&amp;theme=light&amp;widgetsVersion=2615f7e52b7e0%3A1702314776716&amp;width=550px\" frameborder=\"0\" scrolling=\"no\" allowfullscreen=\"allowfullscreen\" data-tweet-id=\"1898615425623015603\" data-mce-fragment=\"1\"><\/iframe><\/div>\n<\/div>\n<\/figure>\n<p><span dir=\"auto\">\u201eK\u0159es\u0165an\u00e9, hlavn\u011b pravoslavn\u00ed, ale i katol\u00edci, um\u00edraj\u00ed za svou v\u00edru. Voj\u00e1ci al-\u0160araa vnikaj\u00ed do byt\u016f a dom\u016f a vra\u017ed\u00ed lidi za b\u00edl\u00e9ho dne,\u201c vysv\u011btluje v rozhovoru pro DoRzeczy.pl polsk\u00fd pr\u00e1vn\u00edk, jeho\u017e otec p\u0159ed mnoha lety emigroval ze S\u00fdrie.\u00a0\u00a0<\/span><\/p>\n<p><span dir=\"auto\">\u201eMinul\u00fd m\u011bs\u00edc jsme ztratili p\u011bt \u010dlen\u016f na\u0161\u00ed rodiny. Bratr m\u00e9ho t\u00e1ty byl zavra\u017ed\u011bn pot\u00e9, co se mu poda\u0159ilo dostat man\u017eelku a d\u011bti na bezpe\u010dn\u00e9 m\u00edsto. Cht\u011bl se vr\u00e1tit do jejich bytu pro p\u00e1r osobn\u00edch v\u011bc\u00ed,\u201c dod\u00e1v\u00e1 m\u016fj partner, kter\u00fd si p\u0159eje z\u016fstat v anonymit\u011b.<\/span><\/p>\n<p><span dir=\"auto\">8. prosince 2024 se v Dama\u0161ku chopila moci koalice povstaleck\u00fdch skupin veden\u00e1 hnut\u00edm Hajjat \u200b\u200bTahr\u00edr a\u0161-\u0160\u00e1m (HTS) a po v\u00edce ne\u017e 13 letech v\u00e1lky svrhla diktaturu Asada. Prozat\u00edmn\u00edm prezidentem nov\u00e9 S\u00fdrie se stal Ahmed a\u0161-\u0160ara, d\u0159\u00edve zn\u00e1m\u00fd jako Ab\u00fa Muhammad a\u0161-D\u017eaul\u00e1n\u00ed, em\u00edr HTS, organizace vznikl\u00e9 z b\u00fdval\u00e9 syrsk\u00e9 al-K\u00e1idy, zn\u00e1m\u00e9 jako an-Nusr\u00e1.<\/span><\/p>\n<p><span dir=\"auto\">Al-\u0160araa se rychle sna\u017eil vykreslit um\u00edrn\u011bn\u011bj\u0161\u00ed image \u201esyrsk\u00e9ho nacionalisty\u201c. Uji\u0161\u0165oval o toleranci v\u016f\u010di n\u00e1bo\u017eensk\u00fdm men\u0161in\u00e1m a inkluzivn\u00ed vl\u00e1d\u011b, mimo jin\u00e9 v nad\u011bji, \u017ee se mu poda\u0159\u00ed zru\u0161it z\u00e1padn\u00ed sankce. Realita n\u00e1sleduj\u00edc\u00edch m\u011bs\u00edc\u016f se t\u011bmto prohl\u00e1\u0161en\u00edm brut\u00e1ln\u011b vyhnula.<\/span><\/p>\n<p><span dir=\"auto\">Nov\u00e9 \u00fa\u0159ady nekontroluj\u00ed celou zemi; severov\u00fdchod st\u00e1le ovl\u00e1daj\u00ed Kurdov\u00e9 z SDF a \u010d\u00e1st severu kontroluje Turecko. Kam v\u0161ak sm\u011b\u0159uje spr\u00e1va HTS, zav\u00e1d\u00ed se p\u0159\u00edsn\u00fd \u0159\u00e1d zalo\u017een\u00fd na p\u0159\u00edsn\u00e9m pr\u00e1vu \u0161ar\u00eda. V st\u00e1le multietnick\u00fdch regionech rostou obavy. Do p\u0159echodn\u00e9 spr\u00e1vy vstoupilo mnoho aktivist\u016f HTS s pochybnou pov\u011bst\u00ed, zkompromitovan\u00fdch \u010detn\u00fdmi v\u00e1le\u010dn\u00fdmi zlo\u010diny. To vyvol\u00e1v\u00e1 obavy, \u017ee sl\u00edben\u00e1 ochrana k\u0159es\u0165an\u016f, alavit\u016f, dr\u00faz\u016f nebo Kurd\u016f z\u016fstane jen na pap\u00ed\u0159e.<\/span><\/p>\n<p><span dir=\"auto\">Ji\u017e v prvn\u00edch m\u011bs\u00edc\u00edch po uchopen\u00ed moci do\u0161lo k s\u00e9rii krvav\u00fdch n\u00e1bo\u017eensk\u00fdch \u010distek. V b\u0159eznu 2025 se v pob\u0159e\u017en\u00edch provinci\u00edch Lat\u00e1kie a Tartus rozpoutala vlna n\u00e1sil\u00ed proti alavit\u016fm. St\u0159ety si vy\u017e\u00e1daly v\u00edce ne\u017e 1400 ob\u011bt\u00ed, p\u0159ev\u00e1\u017en\u011b civilist\u016f. Ozbrojen\u00e9 gangy drancovaly alavitsk\u00e9 vesnice, vra\u017edily obyvatele a un\u00e1\u0161ely \u017eeny za \u00fa\u010delem v\u00fdkupn\u00e9ho.<\/span><\/p>\n<p><span dir=\"auto\">Na ja\u0159e a v l\u00e9t\u011b roku 2025 se ob\u011b\u0165mi \u010distek stali i Druz\u00edov\u00e9. V dubnu bylo p\u0159i sekt\u00e1\u0159sk\u00fdch st\u0159etech ve m\u011bst\u011b Suvajda zabito nejm\u00e9n\u011b 10 civilist\u016f z t\u00e9to skupiny. Je\u0161t\u011b krvav\u011bj\u0161\u00ed ud\u00e1losti se odehr\u00e1ly za\u010d\u00e1tkem \u010dervence, kdy ozbrojen\u00e9 sunnitsk\u00e9 bedu\u00ednsk\u00e9 milice, podporovan\u00e9 vl\u00e1dn\u00edmi jednotkami, vstoupily do n\u011bkolika vesnic v provincii Suvajda pod praporem \u201esvat\u00e9 v\u00e1lky\u201c proti \u201enev\u011brn\u00fdm\u201c Dr\u00faz\u016fm. Podle syrsk\u00fdch aktivist\u016f bylo zabito v\u00edce ne\u017e 1 000 lid\u00ed. Mezi ob\u011b\u0165mi byl mimo jin\u00e9 evangelick\u00fd pastor Ch\u00e1lid Mezher s rodinou, duchovn\u00ed s dr\u00fazsk\u00fdmi ko\u0159eny. \u00dato\u010dn\u00edci tak\u00e9 vyp\u00e1lili \u0159eckokatolick\u00fd kostel sv. Michaela ve vesnici S\u00fara a srovnali se zem\u00ed des\u00edtky dom\u016f pat\u0159\u00edc\u00edch k\u0159es\u0165ansk\u00fdm rodin\u00e1m v regionu.<\/span><\/p>\n<p><span dir=\"auto\">N\u00e1sil\u00ed se nevyhnulo ani k\u0159es\u0165an\u016fm, kte\u0159\u00ed pat\u0159\u00ed mezi nejzraniteln\u011bj\u0161\u00ed skupiny v pov\u00e1le\u010dn\u00e9 S\u00fdrii. Zlomov\u00fdm bodem byl bombov\u00fd \u00fatok z 22. \u010dervna 2025 v srdci hlavn\u00edho m\u011bsta. B\u011bhem ned\u011bln\u00ed liturgie v \u0159ecko-pravoslavn\u00e9m kostele Mar Elias v Dama\u0161ku odp\u00e1lil sebevra\u017eedn\u00fd atent\u00e1tn\u00edk mezi shrom\u00e1\u017ed\u011bn\u00fdmi v\u011b\u0159\u00edc\u00edmi v\u00fdbu\u0161ninu. Nejm\u00e9n\u011b 25 lid\u00ed bylo zabito a v\u00edce ne\u017e 60 zran\u011bno. Byl to nejkrvav\u011bj\u0161\u00ed \u00fatok na syrsk\u00e9 k\u0159es\u0165any za mnoho let. K \u00fatoku se p\u0159ihl\u00e1sila nov\u011b vznikl\u00e1 extremistick\u00e1 skupina Saraya Ansar al-Sunnah. \u00datok tragicky potvrdil, \u017ee i p\u0159es form\u00e1ln\u00ed konec ob\u010dansk\u00e9 v\u00e1lky n\u00e1sledovn\u00edci Krista st\u00e1le nejsou v bezpe\u010d\u00ed a stali se ter\u010dem nov\u00e9 vlny fanatismu.<\/span><\/p>\n<p><span dir=\"auto\">V\u00fdbuch v kostele Mar Elias ot\u0159\u00e1sl k\u0159es\u0165anskou komunitou v zemi. Pravoslavn\u00fd patriarcha Jan X. \u00fatok odsoudil jako \u201e\u00fatok na ka\u017ed\u00e9ho Sy\u0159ana a z\u00e1klady n\u00e1roda\u201c a prohl\u00e1sil, \u017ee za tuto trag\u00e9dii \u201enese plnou odpov\u011bdnost\u201c vl\u00e1da, jeliko\u017e \u00fa\u0159ady neposkytly v\u011b\u0159\u00edc\u00edm sl\u00edbenou ochranu.\u00a0<\/span><\/p>\n<p><span dir=\"auto\">M\u00edsto masakru nav\u0161t\u00edvil pouze jeden ministr vl\u00e1dy: ministryn\u011b soci\u00e1ln\u00edch v\u011bc\u00ed a pr\u00e1ce Hind Kabawatov\u00e1, jedin\u00e1 k\u0159es\u0165anka ve vl\u00e1d\u011b, kter\u00e1 ve funkci p\u016fsob\u00ed teprve od leto\u0161n\u00edho roku. \u017d\u00e1dn\u00fd dal\u0161\u00ed \u00fa\u0159edn\u00edk, v\u010detn\u011b samotn\u00e9ho Al-Sharaa, se neprojevil jako projev podpory ob\u011btem.\u00a0<\/span><\/p>\n<p><span dir=\"auto\">V reakci na tuto lhostejnost vy\u0161ly o n\u011bkolik dn\u00ed pozd\u011bji do ulic Dama\u0161ku stovky k\u0159es\u0165an\u016f a pod kostely skandovaly: \u201eKristus vstal z mrtv\u00fdch! Zvedn\u011bte k\u0159\u00ed\u017ee: va\u0161ich v\u00fdhr\u016f\u017eek se neboj\u00edme!\u201c Touto zoufalou manifestac\u00ed jednoty a v\u00edry komunita uk\u00e1zala, \u017ee je nemo\u017en\u00e9 ji zastra\u0161it, a\u010dkoli se c\u00edt\u00ed opu\u0161t\u011bn\u00e1.<\/span><\/p>\n<p><span dir=\"auto\">K\u0159es\u0165ansk\u00e9 obavy zesiluj\u00ed nejen n\u00e1siln\u00e9 \u010diny, ale tak\u00e9 syst\u00e9mov\u00e9 zm\u011bny zaveden\u00e9 nov\u00fdmi \u00fa\u0159ady.\u00a0<\/span><\/p>\n<p><span dir=\"auto\">Ahmad al-\u0160araa a jeho doprovod prosazuj\u00ed po cel\u00e9 zemi model vl\u00e1dy v Idl\u00edbu, kter\u00fd vyvinula HTS. To znamen\u00e1 postupnou islamizaci pr\u00e1va a ve\u0159ejn\u00e9ho prostoru. I v k\u0159es\u0165ansk\u00fdch \u0161kol\u00e1ch jsou zavedeny povinn\u00e9 hodiny isl\u00e1msk\u00e9ho n\u00e1bo\u017eenstv\u00ed a \u0159editel\u00e9 mus\u00ed m\u00edt diplomy \u0161ar\u00eda. Ve st\u00e1tn\u00edch instituc\u00edch i v ulic\u00edch se objevila \u201emor\u00e1ln\u00ed policie\u201c: zabavuje alkohol, zav\u00edr\u00e1 obchody se stimulanty a monitoruje d\u00e1msk\u00e9 oble\u010den\u00ed.\u00a0<\/span><\/p>\n<p><span dir=\"auto\">Radik\u00e1ln\u00ed kazatel\u00e9 prost\u0159ednictv\u00edm sv\u00fdch \u0159e\u010dn\u00edk\u016f ve\u0159ejn\u011b vyz\u00fdvaj\u00ed \u201enev\u011b\u0159\u00edc\u00ed\u201c k konverzi k isl\u00e1mu. Takov\u00e9 zm\u011bny zasahuj\u00ed v\u0161echny nesunnitsk\u00e9 komunity, marginalizuj\u00ed je a udr\u017euj\u00ed atmosf\u00e9ru netolerance.\u00a0<\/span><\/p>\n<p><span dir=\"auto\">K\u0159es\u0165an\u0161t\u00ed duchovn\u00ed varuj\u00ed, \u017ee je to r\u00e1na pro stalet\u00e9 d\u011bdictv\u00ed sou\u017eit\u00ed n\u00e1bo\u017eenstv\u00ed v S\u00fdrii. St\u00e1le v\u00edce rodin zva\u017euje emigraci jako jedin\u00e9 v\u00fdchodisko. \u201eKdy\u017e se dnes syrsk\u00fdch k\u0159es\u0165an\u016f zept\u00e1m, co cht\u011bj\u00ed, v\u0161ichni odpov\u00ed: opustit zemi. Boj\u00ed se o budoucnost sv\u00fdch d\u011bt\u00ed,\u201c p\u0159izn\u00e1v\u00e1 jeden z biskup\u016f.<\/span><\/p>\n<p><span dir=\"auto\">Pro pr\u016fm\u011brn\u00e9ho Sy\u0159ana je realita dne\u0161n\u00edho ka\u017edodenn\u00edho \u017eivota extr\u00e9mn\u011b obt\u00ed\u017en\u00e1. V\u00e1lka zdevastovala infrastrukturu: Cel\u00e9 m\u011bstsk\u00e9 \u010dtvrti jsou v trosk\u00e1ch, elektrick\u00e1 s\u00ed\u0165 a vodovod sotva funguj\u00ed a ekonomika se zhroutila.\u00a0<\/span><\/p>\n<p><span dir=\"auto\">HDP S\u00fdrie se ve srovn\u00e1n\u00ed s p\u0159edv\u00e1le\u010dnou \u00farovn\u00ed zmen\u0161il o 83 procent. Sv\u011btov\u00e1 banka odhaduje sou\u010dasnou hodnotu ekonomiky na pouh\u00fdch 21 miliard dolar\u016f. Materi\u00e1ln\u00ed \u0161kody jsou obrovsk\u00e9. OSN odhaduje n\u00e1klady na obnovu zem\u011b na v\u00edce ne\u017e 250 miliard dolar\u016f: \u010d\u00e1stka, kter\u00e1 mnohon\u00e1sobn\u011b p\u0159evy\u0161uje mo\u017enosti syrsk\u00e9ho rozpo\u010dtu.\u00a0<\/span><\/p>\n<p><span dir=\"auto\">Mezin\u00e1rodn\u00ed sankce a izolace re\u017eimu mezit\u00edm minimalizuj\u00ed p\u0159\u00edliv investic. V\u011bt\u0161inu z\u00e1t\u011b\u017ee nesou humanit\u00e1rn\u00ed agentury OSN a charitativn\u00ed organizace, kter\u00e9 se sna\u017e\u00ed uspokojit nejnal\u00e9hav\u011bj\u0161\u00ed pot\u0159eby.<\/span><\/p>\n<p><span dir=\"auto\">\u017divotn\u00ed podm\u00ednky obyvatelstva pat\u0159\u00ed k nejhor\u0161\u00edm na sv\u011bt\u011b. V\u00edce ne\u017e 90 procent Sy\u0159an\u016f \u017eije pod hranic\u00ed chudoby a p\u0159ibli\u017en\u011b 12,9 milionu z necel\u00fdch 17 milion\u016f zb\u00fdvaj\u00edc\u00edch obyvatel zem\u011b trp\u00ed potravinovou nejistotou. Neust\u00e1le panuje nedostatek elekt\u0159iny a paliv: v mnoha regionech je elekt\u0159ina k dispozici jen n\u011bkolik hodin denn\u011b a rodiny nemaj\u00ed v zim\u011b \u010d\u00edm vyt\u00e1p\u011bt sv\u00e9 domovy. Inflace cv\u00e1l\u00e1: ceny potravin a z\u00e1kladn\u00edho zbo\u017e\u00ed se vymkly kontrole.<\/span><\/p>\n<p><span dir=\"auto\">S\u00fdrie vyhnala miliony uprchl\u00edk\u016f. V\u00edce ne\u017e 5,4 milionu Sy\u0159an\u016f je v zahrani\u010d\u00ed jako uprchl\u00edci, zejm\u00e9na v sousedn\u00edch zem\u00edch: Turecku (asi 3,4 milionu), Libanonu (p\u0159es 800 tis\u00edc), Jord\u00e1nsku (asi 660 tis\u00edc), a tak\u00e9 v Ir\u00e1ku a Egypt\u011b.\u00a0<\/span><\/p>\n<p><span dir=\"auto\">V\u00e1ha t\u00e9to diaspory je siln\u011b zat\u00ed\u017eena hostitelsk\u00fdmi zem\u011bmi: V Libanonu nebo Jord\u00e1nsku existuj\u00ed t\u00e1bory pro Sy\u0159any ji\u017e deset let a soci\u00e1ln\u00ed nap\u011bt\u00ed roste. N\u011bkte\u0159\u00ed uprchl\u00edci riskuj\u00ed nebezpe\u010dnou cestu p\u0159es St\u0159edozemn\u00ed mo\u0159e a hledaj\u00ed azyl v Evropsk\u00e9 unii.\u00a0<\/span><\/p>\n<p><span dir=\"auto\">\u201eJe d\u016fle\u017eit\u00e9 nezobec\u0148ovat imigranty. Abychom je v\u0161echny neh\u00e1zeli do jednoho pytle. Syr\u0161t\u00ed k\u0159es\u0165an\u00e9 jsou v Polsku malou men\u0161inou,\u201c vysv\u011btluje pr\u00e1vn\u00edk.\u00a0<\/span><\/p>\n<p><span dir=\"auto\">\u201eJsou to vzd\u011blan\u00ed a pracovit\u00ed lid\u00e9, snadno se asimiluj\u00ed s Pol\u00e1ky a \u010dasto tvo\u0159\u00ed spole\u010dn\u00e9 rodiny. Tito lid\u00e9 \u010dasto v\u016fbec necht\u011bj\u00ed S\u00fdrii opustit, ale d\u011blaj\u00ed to pro bezpe\u010dnost sv\u00fdch bl\u00edzk\u00fdch. Mo\u017en\u00e1, \u017ee kdyby v\u011bd\u011bli, \u017ee jsou zde v\u00edt\u00e1ni, zachr\u00e1nilo by se v\u00edce lid\u00ed,\u201c dod\u00e1v\u00e1.<\/span><\/p>\n<p><span dir=\"auto\">P\u0159ed v\u00e1lkou tvo\u0159ili k\u0159es\u0165an\u00e9 asi 10 procent syrsk\u00e9 populace, p\u0159es 1,5 milionu lid\u00ed. Dnes jich zb\u00fdv\u00e1 mo\u017en\u00e1 300 000 \u2013 m\u00e9n\u011b ne\u017e 2 procenta. Desetilet\u00e1 v\u00e1lka a teror ISIS vedly k masov\u00e9 emigraci t\u00e9to komunity. P\u00e1d Asada tento trend nezastavil, naopak od konce roku 2024 exodus op\u011bt nabral na s\u00edle. Mnoho rodin ut\u00edk\u00e1 do zahrani\u010d\u00ed, proto\u017ee v zemi nevid\u00ed budoucnost. Ti, kte\u0159\u00ed z\u016fst\u00e1vaj\u00ed, se c\u00edt\u00ed zraniteln\u00ed a opu\u0161t\u011bn\u00ed.<\/span><\/p>\n<p><span dir=\"auto\">Mezin\u00e1rodn\u00ed spole\u010denstv\u00ed reagovalo na rostouc\u00ed n\u00e1sil\u00ed p\u00e1chan\u00e9 na men\u0161in\u00e1ch. Evropsk\u00fd parlament 10. \u010dervence 2025 vyzval k nal\u00e9hav\u00e9 ochran\u011b k\u0159es\u0165an\u016f a dal\u0161\u00edch ohro\u017een\u00fdch skupin v S\u00fdrii a odsoudil \u00fatok na kostel Mar Elias. V usnesen\u00ed se uv\u00e1d\u00ed, \u017ee nov\u00e9 \u00fa\u0159ady nezaru\u010duj\u00ed bezpe\u010dnost a jejich administrativu obsazuj\u00ed b\u00fdval\u00ed bojovn\u00edci HTS s temnou minulost\u00ed. Bylo vyz\u00fdv\u00e1no k nez\u00e1visl\u00e9mu vy\u0161et\u0159ov\u00e1n\u00ed masakr\u016f a potrest\u00e1n\u00ed pachatel\u016f a hroz\u00ed sankce proti pachatel\u016fm pron\u00e1sledov\u00e1n\u00ed.<\/span><\/p>\n<p><span dir=\"auto\">Nevl\u00e1dn\u00ed organizace tak\u00e9 bij\u00ed na poplach. Evropsk\u00e9 centrum pro pr\u00e1vo a spravedlnost (ECLJ) v dokumentu poskytnut\u00e9m OSN varovalo, \u017ee s n\u00e1stupem a\u0161-\u0160ar\u00e1a k moci doch\u00e1z\u00ed k \u201ezrychlen\u00e9mu mizen\u00ed n\u00e1bo\u017eensk\u00e9ho pluralismu\u201c. Nov\u00fd re\u017eim podle ECLJ vnucuje vl\u00e1du ve stylu Idl\u00edbu, kter\u00e1 je islamistick\u00e1 a tolerantn\u00ed k men\u0161in\u00e1m pouze na prvn\u00ed pohled. Organizace vyzvala mezin\u00e1rodn\u00ed spole\u010denstv\u00ed, aby vy\u0161et\u0159ilo p\u0159\u00edpady pogrom\u016f a uvalilo sankce na pachatele.<\/span><\/p>\n<p><span dir=\"auto\">Osm m\u011bs\u00edc\u016f po svr\u017een\u00ed diktatury se S\u00fdrie nad\u00e1le dus\u00ed n\u00e1sil\u00edm a rozd\u011blen\u00edm. M\u00edsto o\u010dek\u00e1van\u00e9ho m\u00edru a obrozen\u00ed je zem\u011b pono\u0159ena do dal\u0161\u00edch \u00fatok\u016f a k\u0159es\u0165ansk\u00e9 rodiny jsou pono\u0159eny do smutku.\u00a0<\/span><\/p>\n<p><span dir=\"auto\">Osud k\u0159es\u0165an\u016f, jedn\u00e9 z nejstar\u0161\u00edch syrsk\u00fdch komunit, se stal zkou\u0161kou pro nov\u00e9 vl\u00e1dy. Prozat\u00edm je v\u00fdsledek t\u00e9to zkou\u0161ky pochmurn\u00fd. Pokud bude sou\u010dasn\u00fd trend pokra\u010dovat, S\u00fdrie se m\u016f\u017ee brzy st\u00e1t t\u00e9m\u011b\u0159 jednotn\u00fdm n\u00e1bo\u017eensk\u00fdm st\u00e1tem, z n\u011bho\u017e zmiz\u00ed men\u0161iny, kter\u00e9 dva tis\u00edce let spoluvytv\u00e1\u0159ely jeho d\u011bjiny.<\/span><\/p>\n<p><img decoding=\"async\" loading=\"lazy\" class=\"alignnone size-full wp-image-1185\" src=\"http:\/\/www.infokuryr.cz\/n\/wp-content\/uploads\/2021\/04\/kuryr-podpis.png\" alt=\"\" width=\"84\" height=\"24\" \/><\/p>\n<p><img decoding=\"async\" loading=\"lazy\" class=\"wp-image-86134 aligncenter\" src=\"http:\/\/www.infokuryr.cz\/n\/wp-content\/uploads\/2025\/08\/volby10-212x300.png\" alt=\"\" width=\"670\" height=\"948\" srcset=\"https:\/\/www.infokuryr.cz\/n\/wp-content\/uploads\/2025\/08\/volby10-212x300.png 212w, https:\/\/www.infokuryr.cz\/n\/wp-content\/uploads\/2025\/08\/volby10-724x1024.png 724w, https:\/\/www.infokuryr.cz\/n\/wp-content\/uploads\/2025\/08\/volby10-768x1086.png 768w, https:\/\/www.infokuryr.cz\/n\/wp-content\/uploads\/2025\/08\/volby10-1087x1536.png 1087w, https:\/\/www.infokuryr.cz\/n\/wp-content\/uploads\/2025\/08\/volby10-1449x2048.png 1449w, https:\/\/www.infokuryr.cz\/n\/wp-content\/uploads\/2025\/08\/volby10-1024x1447.png 1024w\" sizes=\"(max-width: 670px) 100vw, 670px\" \/><\/p>\n<p>&nbsp;<\/p>\n","protected":false},"excerpt":{"rendered":"<p>\u201eMnoho Sy\u0159an\u016f, kte\u0159\u00ed p\u0159ed lety emigrovali do Polska a zalo\u017eili zde rodiny, se na situaci&#8230;<\/p>\n","protected":false},"author":2,"featured_media":86541,"comment_status":"closed","ping_status":"closed","sticky":false,"template":"","format":"standard","meta":[],"categories":[7],"tags":[167,1757,147],"_links":{"self":[{"href":"https:\/\/www.infokuryr.cz\/n\/wp-json\/wp\/v2\/posts\/86540"}],"collection":[{"href":"https:\/\/www.infokuryr.cz\/n\/wp-json\/wp\/v2\/posts"}],"about":[{"href":"https:\/\/www.infokuryr.cz\/n\/wp-json\/wp\/v2\/types\/post"}],"author":[{"embeddable":true,"href":"https:\/\/www.infokuryr.cz\/n\/wp-json\/wp\/v2\/users\/2"}],"replies":[{"embeddable":true,"href":"https:\/\/www.infokuryr.cz\/n\/wp-json\/wp\/v2\/comments?post=86540"}],"version-history":[{"count":0,"href":"https:\/\/www.infokuryr.cz\/n\/wp-json\/wp\/v2\/posts\/86540\/revisions"}],"wp:featuredmedia":[{"embeddable":true,"href":"https:\/\/www.infokuryr.cz\/n\/wp-json\/wp\/v2\/media\/86541"}],"wp:attachment":[{"href":"https:\/\/www.infokuryr.cz\/n\/wp-json\/wp\/v2\/media?parent=86540"}],"wp:term":[{"taxonomy":"category","embeddable":true,"href":"https:\/\/www.infokuryr.cz\/n\/wp-json\/wp\/v2\/categories?post=86540"},{"taxonomy":"post_tag","embeddable":true,"href":"https:\/\/www.infokuryr.cz\/n\/wp-json\/wp\/v2\/tags?post=86540"}],"curies":[{"name":"wp","href":"https:\/\/api.w.org\/{rel}","templated":true}]}}