{"id":86539,"date":"2025-08-28T00:21:37","date_gmt":"2025-08-27T22:21:37","guid":{"rendered":"https:\/\/www.infokuryr.cz\/n\/?p=86539"},"modified":"2025-08-27T10:33:35","modified_gmt":"2025-08-27T08:33:35","slug":"orban-se-domaha-ospravedlneni-pote-co-merz-varoval-ze-nemecky-socialni-stat-je-neudrzitelny","status":"publish","type":"post","link":"https:\/\/www.infokuryr.cz\/n\/2025\/08\/28\/orban-se-domaha-ospravedlneni-pote-co-merz-varoval-ze-nemecky-socialni-stat-je-neudrzitelny\/","title":{"rendered":"Orb\u00e1n se dom\u00e1h\u00e1 ospravedln\u011bn\u00ed pot\u00e9, co Merz varoval, \u017ee n\u011bmeck\u00fd soci\u00e1ln\u00ed st\u00e1t je neudr\u017eiteln\u00fd"},"content":{"rendered":"<div id=\"fb-root\"><\/div>\n<h3 class=\"s-tagline fw-tagline\"><span dir=\"auto\">Ma\u010farsk\u00fd premi\u00e9r Viktor Orb\u00e1n prohl\u00e1sil, \u017ee N\u011bmecko kone\u010dn\u011b p\u0159iznalo, co si Ma\u010farsko uv\u011bdomilo p\u0159ed v\u00edce ne\u017e deseti lety<\/span><\/h3>\n<p><span dir=\"auto\">Ma\u010farsk\u00fd premi\u00e9r Viktor Orb\u00e1n prohl\u00e1sil, \u017ee se c\u00edt\u00ed potvrzen ve sv\u00e9 ekonomick\u00e9 strategii pot\u00e9, co n\u011bmeck\u00fd kancl\u00e9\u0159 Friedrich Merz ve sv\u00e9m p\u0159elomov\u00e9m projevu p\u0159iznal, \u017ee n\u011bmeck\u00fd soci\u00e1ln\u00ed st\u00e1t ji\u017e nelze financovat na sou\u010dasn\u00e9 \u00farovni.<\/span><\/p>\n<p><span dir=\"auto\">\u201eProjev n\u011bmeck\u00e9ho kancl\u00e9\u0159e potvrzuje v\u0161e, co jsme my Ma\u010fa\u0159i v ekonomice ud\u011blali za posledn\u00edch 15 let,\u201c napsal Orb\u00e1n v reakci na Merz\u016fv projev v Osnabr\u00fccku v sobotu. \u201eZ\u00e1padn\u00ed soci\u00e1ln\u00ed st\u00e1t je v bankrotu, tak\u017ee bylo spr\u00e1vn\u00e9, \u017ee jsme v roce 2010 p\u0159e\u0161li na ekonomiku zalo\u017eenou na pr\u00e1ci.\u201c<\/span><\/p>\n<p><span dir=\"auto\">Orb\u00e1n argumentoval, \u017ee zat\u00edmco N\u011bmecko se z krize probouz\u00ed teprve nyn\u00ed, Ma\u010farsko ji p\u0159edv\u00eddalo a podle toho jednalo. \u201eBylo spr\u00e1vn\u00e9 postavit se na nohy a zah\u00e1jit otev\u00edr\u00e1n\u00ed se v\u00fdchodu. Bylo spr\u00e1vn\u00e9 p\u0159ijmout nejpokro\u010dilej\u0161\u00ed \u010d\u00ednsk\u00e9 technologie, bylo spr\u00e1vn\u00e9 v\u00e9st Evropu v elektromobilit\u011b, bylo spr\u00e1vn\u00e9 udr\u017eovat hospod\u00e1\u0159skou spolupr\u00e1ci s Ruskem, bylo spr\u00e1vn\u00e9 dr\u017eet se levn\u00fdch rusk\u00fdch zdroj\u016f energie a bylo spr\u00e1vn\u00e9 podporovat Donalda Trumpa v boji proti migraci a pro m\u00edr,\u201c \u0159ekl.<\/span><\/p>\n<p><span dir=\"auto\">Ma\u010farsk\u00fd p\u0159\u00edstup k \u201ebudov\u00e1n\u00ed n\u00e1roda\u201c postavil do kontrastu s opo\u017ed\u011bn\u00fdm \u201e\u0159e\u0161en\u00edm kriz\u00ed\u201c ze strany N\u011bmecka.<\/span><\/p>\n<p><span dir=\"auto\">\u201eNa\u0161\u00ed perspektivou je budov\u00e1n\u00ed n\u00e1roda: da\u0148ov\u00e1 revoluce, vlastn\u00ed domov, desetilet\u00fd rozvojov\u00fd pl\u00e1n. Jak\u00fd to je rozd\u00edl! Bojujeme za pravdu! Bojujeme proti l\u017e\u00edm!\u201c prohl\u00e1sil Orb\u00e1n.<\/span><\/p>\n<p><span dir=\"auto\">V Osnabr\u00fccku Merz uznal hloubku n\u011bmeck\u00fdch probl\u00e9m\u016f. \u201eSoci\u00e1ln\u00ed st\u00e1t, jak ho m\u00e1me dnes, u\u017e nen\u00ed s t\u00edm, \u010deho ekonomicky dosahujeme, finan\u010dn\u011b \u017eivotaschopn\u00fd,\u201c \u0159ekl. Varov\u00e1n\u00ed n\u00e1sleduje po rostouc\u00edch obav\u00e1ch z bankrot\u016f, rostouc\u00ed nezam\u011bstnanosti a infla\u010dn\u00edch rizik.<\/span><\/p>\n<p><span dir=\"auto\">Migrace se stala \u00fast\u0159edn\u00edm faktorem. \u00dadaje Feder\u00e1ln\u00edho \u00fa\u0159adu pr\u00e1ce z lo\u0148sk\u00e9ho roku uk\u00e1zaly, \u017ee ze 4 milion\u016f zam\u011bstnateln\u00fdch osob pob\u00edraj\u00edc\u00edch soci\u00e1ln\u00ed d\u00e1vky m\u00e1 v\u00edce ne\u017e 2,5 milionu migrantn\u00ed p\u016fvod, co\u017e je t\u00e9m\u011b\u0159 64 procent. Bild tak\u00e9 informoval, \u017ee t\u00e9m\u011b\u0159 polovina z n\u011bmeck\u00e9ho rozpo\u010dtu na podporu bydlen\u00ed ve v\u00fd\u0161i 17,68 miliardy eur na rok 2024 \u0161la cizinc\u016fm.<\/span><\/p>\n<p><span dir=\"auto\">Navzdory rostouc\u00edmu tlaku v\u0161ak Remix News za\u010d\u00e1tkem tohoto m\u011bs\u00edce informoval, \u017ee n\u011bmeck\u00fd Feder\u00e1ln\u00ed \u00fa\u0159ad pr\u00e1ce nad\u00e1le propaguje syst\u00e9m soci\u00e1ln\u00edho zabezpe\u010den\u00ed \u201eob\u010dansk\u00fdch d\u00e1vek\u201c (B\u00fcrgergeld) pro migranty. Sekce jeho webov\u00fdch str\u00e1nek, psan\u00e1 v angli\u010dtin\u011b pro \u201elidi ze zahrani\u010d\u00ed\u201c, obsahovala usm\u00edvaj\u00edc\u00ed se modelky \u2013 v\u010detn\u011b \u017eeny v hid\u017e\u00e1bu \u2013 a slibovala finan\u010dn\u00ed podporu migrant\u016fm, kte\u0159\u00ed si nemohou pokr\u00fdt \u017eivotn\u00ed n\u00e1klady.<\/span><\/p>\n<p><img decoding=\"async\" loading=\"lazy\" class=\"alignnone size-full wp-image-1185\" src=\"http:\/\/www.infokuryr.cz\/n\/wp-content\/uploads\/2021\/04\/kuryr-podpis.png\" alt=\"\" width=\"84\" height=\"24\" \/><\/p>\n<p><img decoding=\"async\" loading=\"lazy\" class=\"wp-image-86134 aligncenter\" src=\"http:\/\/www.infokuryr.cz\/n\/wp-content\/uploads\/2025\/08\/volby10-212x300.png\" alt=\"\" width=\"671\" height=\"950\" srcset=\"https:\/\/www.infokuryr.cz\/n\/wp-content\/uploads\/2025\/08\/volby10-212x300.png 212w, https:\/\/www.infokuryr.cz\/n\/wp-content\/uploads\/2025\/08\/volby10-724x1024.png 724w, https:\/\/www.infokuryr.cz\/n\/wp-content\/uploads\/2025\/08\/volby10-768x1086.png 768w\" sizes=\"(max-width: 671px) 100vw, 671px\" \/><\/p>\n<p>&nbsp;<\/p>\n","protected":false},"excerpt":{"rendered":"<p>Ma\u010farsk\u00fd premi\u00e9r Viktor Orb\u00e1n prohl\u00e1sil, \u017ee N\u011bmecko kone\u010dn\u011b p\u0159iznalo, co si Ma\u010farsko uv\u011bdomilo p\u0159ed v\u00edce&#8230;<\/p>\n","protected":false},"author":2,"featured_media":73272,"comment_status":"closed","ping_status":"closed","sticky":false,"template":"","format":"standard","meta":[],"categories":[7],"tags":[78,8211,84,439,9707],"_links":{"self":[{"href":"https:\/\/www.infokuryr.cz\/n\/wp-json\/wp\/v2\/posts\/86539"}],"collection":[{"href":"https:\/\/www.infokuryr.cz\/n\/wp-json\/wp\/v2\/posts"}],"about":[{"href":"https:\/\/www.infokuryr.cz\/n\/wp-json\/wp\/v2\/types\/post"}],"author":[{"embeddable":true,"href":"https:\/\/www.infokuryr.cz\/n\/wp-json\/wp\/v2\/users\/2"}],"replies":[{"embeddable":true,"href":"https:\/\/www.infokuryr.cz\/n\/wp-json\/wp\/v2\/comments?post=86539"}],"version-history":[{"count":0,"href":"https:\/\/www.infokuryr.cz\/n\/wp-json\/wp\/v2\/posts\/86539\/revisions"}],"wp:featuredmedia":[{"embeddable":true,"href":"https:\/\/www.infokuryr.cz\/n\/wp-json\/wp\/v2\/media\/73272"}],"wp:attachment":[{"href":"https:\/\/www.infokuryr.cz\/n\/wp-json\/wp\/v2\/media?parent=86539"}],"wp:term":[{"taxonomy":"category","embeddable":true,"href":"https:\/\/www.infokuryr.cz\/n\/wp-json\/wp\/v2\/categories?post=86539"},{"taxonomy":"post_tag","embeddable":true,"href":"https:\/\/www.infokuryr.cz\/n\/wp-json\/wp\/v2\/tags?post=86539"}],"curies":[{"name":"wp","href":"https:\/\/api.w.org\/{rel}","templated":true}]}}