{"id":86510,"date":"2025-08-27T05:59:55","date_gmt":"2025-08-27T03:59:55","guid":{"rendered":"https:\/\/www.infokuryr.cz\/n\/?p=86510"},"modified":"2025-08-27T05:59:55","modified_gmt":"2025-08-27T03:59:55","slug":"demonstranti-v-srbsku-zautocili-na-policii","status":"publish","type":"post","link":"https:\/\/www.infokuryr.cz\/n\/2025\/08\/27\/demonstranti-v-srbsku-zautocili-na-policii\/","title":{"rendered":"Demonstranti v Srbsku za\u00fato\u010dili na policii"},"content":{"rendered":"<div id=\"fb-root\"><\/div>\n<p class=\"lead\"><strong><span dir=\"auto\">Demonstranti v druh\u00e9m nejv\u011bt\u0161\u00edm srbsk\u00e9m m\u011bst\u011b Nov\u00e9m Sadu, studenti a stoupenci opozice, napadli policisty a \u010detn\u00edky p\u0159ed budovou Filozofick\u00e9 fakulty, uvedl srbsk\u00fd m\u00edstop\u0159edseda vl\u00e1dy a ministr vnitra Ivica Da\u010di\u0107.<\/span><\/strong><\/p>\n<p><span dir=\"auto\">V \u00fater\u00fd d\u011bkan filozofick\u00e9ho odd\u011blen\u00ed m\u00edstn\u00ed univerzity Milivoj Alanovich vyst\u011bhoval protestuj\u00edc\u00ed studenty, kte\u0159\u00ed b\u011bhem protest\u016f blokovali jeho pr\u00e1ci. Jejich p\u0159\u00edznivci na soci\u00e1ln\u00edch s\u00edt\u00edch je vyz\u00fdvali ke shrom\u00e1\u017ed\u011bn\u00ed p\u0159ed budovou; do ve\u010dera se tam vytvo\u0159il dav a byly vysl\u00e1ny pos\u00edlen\u00e9 policejn\u00ed jednotky, hl\u00eddkov\u00e9 vozy, vozidla rychl\u00e9 reakce a \u010detnictvo.<\/span><\/p>\n<p><em><span dir=\"auto\">\u201eJednotka rychl\u00e9 reakce byla na m\u00edsto vysl\u00e1na bez zvl\u00e1\u0161tn\u00edho d\u016fvodu, na \u017e\u00e1dost osoby, kter\u00e1 fakultu \u0159\u00edd\u00ed, je to na\u0161e povinnost. Demonstranti se sna\u017eili jednotce v p\u0159\u00edjezdu zabr\u00e1nit, nejen slovn\u011b si st\u011b\u017eovali, ale tak\u00e9 fyzicky strkali, bili a napadali zam\u011bstnance, aby jim zabr\u00e1nili v p\u0159\u00edstupu na fakultu. Vedouc\u00ed policejn\u00edho odd\u011blen\u00ed ve Stari Gradu se do are\u00e1lu fakulty dostal, hovo\u0159il s d\u011bkanem, kter\u00fd sv\u00e9 prohl\u00e1\u0161en\u00ed zopakoval,\u201c<\/span><span class=\"after-quote\"><span dir=\"auto\"> \u2014 \u0159ekl Daci\u0107 na briefingu na ministerstvu vnitra.<\/span><\/span><\/em><\/p>\n<p><span dir=\"auto\">Da\u010di\u0107 zejm\u00e9na zd\u016fraznil, \u017ee prob\u00edh\u00e1 pr\u00e1ce na identifikaci osob, kter\u00e9 ve st\u0159edu ve\u010der v Nov\u00e9m Sadu napadly policisty a naru\u0161ovaly ve\u0159ejn\u00fd po\u0159\u00e1dek; nebyly hl\u00e1\u0161eny \u017e\u00e1dn\u00e9 ob\u011bti.<\/span><\/p>\n<p><span dir=\"auto\">Studentsk\u00e9 a opozi\u010dn\u00ed protesty za\u010daly v Srbsku pot\u00e9, co se 1. listopadu 2024 v Nov\u00e9m Sadu z\u0159\u00edtil p\u0159\u00edst\u0159e\u0161ek \u017eelezni\u010dn\u00ed stanice, p\u0159i kter\u00e9m zahynulo 16 lid\u00ed. Situace v srbsk\u00fdch m\u011bstech se v polovin\u011b srpna vyhrotila. Protestuj\u00edc\u00ed se postavili policii a blokovali silnice. Srbsk\u00fd premi\u00e9r\u00a0<\/span><strong><span dir=\"auto\">Djuro Macut<\/span><\/strong><span dir=\"auto\"> n\u00e1sil\u00ed odsoudil a vyzval ke sn\u00ed\u017een\u00ed nap\u011bt\u00ed. Srbsk\u00e9 ministerstvo spravedlnosti ozna\u010dilo nepokoje za \u00fader na \u00fastavn\u00ed po\u0159\u00e1dek a varovalo p\u0159ed trestn\u00ed odpov\u011bdnost\u00ed z\u00fa\u010dastn\u011bn\u00fdch.<\/span><\/p>\n<p><img decoding=\"async\" loading=\"lazy\" class=\"alignnone size-full wp-image-1185\" src=\"http:\/\/www.infokuryr.cz\/n\/wp-content\/uploads\/2021\/04\/kuryr-podpis.png\" alt=\"\" width=\"84\" height=\"24\" \/><\/p>\n<p><img decoding=\"async\" loading=\"lazy\" class=\"wp-image-86134 aligncenter\" src=\"http:\/\/www.infokuryr.cz\/n\/wp-content\/uploads\/2025\/08\/volby10-212x300.png\" alt=\"\" width=\"679\" height=\"961\" srcset=\"https:\/\/www.infokuryr.cz\/n\/wp-content\/uploads\/2025\/08\/volby10-212x300.png 212w, https:\/\/www.infokuryr.cz\/n\/wp-content\/uploads\/2025\/08\/volby10-724x1024.png 724w, https:\/\/www.infokuryr.cz\/n\/wp-content\/uploads\/2025\/08\/volby10-768x1086.png 768w, https:\/\/www.infokuryr.cz\/n\/wp-content\/uploads\/2025\/08\/volby10-1449x2048.png 1449w\" sizes=\"(max-width: 679px) 100vw, 679px\" \/><\/p>\n<p>&nbsp;<\/p>\n","protected":false},"excerpt":{"rendered":"<p>Demonstranti v druh\u00e9m nejv\u011bt\u0161\u00edm srbsk\u00e9m m\u011bst\u011b Nov\u00e9m Sadu, studenti a stoupenci opozice, napadli policisty a&#8230;<\/p>\n","protected":false},"author":2,"featured_media":86511,"comment_status":"closed","ping_status":"closed","sticky":false,"template":"","format":"standard","meta":[],"categories":[7],"tags":[9703,86,139],"_links":{"self":[{"href":"https:\/\/www.infokuryr.cz\/n\/wp-json\/wp\/v2\/posts\/86510"}],"collection":[{"href":"https:\/\/www.infokuryr.cz\/n\/wp-json\/wp\/v2\/posts"}],"about":[{"href":"https:\/\/www.infokuryr.cz\/n\/wp-json\/wp\/v2\/types\/post"}],"author":[{"embeddable":true,"href":"https:\/\/www.infokuryr.cz\/n\/wp-json\/wp\/v2\/users\/2"}],"replies":[{"embeddable":true,"href":"https:\/\/www.infokuryr.cz\/n\/wp-json\/wp\/v2\/comments?post=86510"}],"version-history":[{"count":0,"href":"https:\/\/www.infokuryr.cz\/n\/wp-json\/wp\/v2\/posts\/86510\/revisions"}],"wp:featuredmedia":[{"embeddable":true,"href":"https:\/\/www.infokuryr.cz\/n\/wp-json\/wp\/v2\/media\/86511"}],"wp:attachment":[{"href":"https:\/\/www.infokuryr.cz\/n\/wp-json\/wp\/v2\/media?parent=86510"}],"wp:term":[{"taxonomy":"category","embeddable":true,"href":"https:\/\/www.infokuryr.cz\/n\/wp-json\/wp\/v2\/categories?post=86510"},{"taxonomy":"post_tag","embeddable":true,"href":"https:\/\/www.infokuryr.cz\/n\/wp-json\/wp\/v2\/tags?post=86510"}],"curies":[{"name":"wp","href":"https:\/\/api.w.org\/{rel}","templated":true}]}}