{"id":86502,"date":"2025-08-27T05:21:25","date_gmt":"2025-08-27T03:21:25","guid":{"rendered":"https:\/\/www.infokuryr.cz\/n\/?p=86502"},"modified":"2025-08-27T05:21:25","modified_gmt":"2025-08-27T03:21:25","slug":"izraelske-sily-zdemolovaly-1-000-budov-v-gaze-uvedli-palestinsti-predstavitele","status":"publish","type":"post","link":"https:\/\/www.infokuryr.cz\/n\/2025\/08\/27\/izraelske-sily-zdemolovaly-1-000-budov-v-gaze-uvedli-palestinsti-predstavitele\/","title":{"rendered":"Izraelsk\u00e9 s\u00edly zdemolovaly 1 000 budov v Gaze, uvedli palestin\u0161t\u00ed p\u0159edstavitel\u00e9"},"content":{"rendered":"<div id=\"fb-root\"><\/div>\n<h3>Bombardov\u00e1n\u00ed \u00fadajn\u011b uv\u011bznilo stovky civilist\u016f pod troskami a zat\u00ed\u017eilo z\u00e1chrann\u00e9 slo\u017eky<\/h3>\n<p><span dir=\"auto\">V \u010dtvrt\u00edch Zajt\u00fan a Sabra v Gaze bylo od zah\u00e1jen\u00ed nov\u00e9 pozemn\u00ed invaze izraelsk\u00fdch sil tento m\u011bs\u00edc zni\u010deno v\u00edce ne\u017e 1000 budov, informovala stanice Al D\u017eaz\u00edra s odvol\u00e1n\u00edm na palestinskou civiln\u00ed obranu.<\/span><\/p>\n<p><span dir=\"auto\">Izrael uvedl, \u017ee operace je nezbytn\u00e1 pro n\u00e1rodn\u00ed bezpe\u010dnost s c\u00edlem zlikvidovat infrastrukturu Ham\u00e1su.<\/span><\/p>\n<p><span dir=\"auto\">V ned\u011bln\u00edm prohl\u00e1\u0161en\u00ed civiln\u00ed obrana uvedla, \u017ee pokra\u010duj\u00edc\u00ed ost\u0159elov\u00e1n\u00ed a blokov\u00e1n\u00ed p\u0159\u00edstupov\u00fdch cest t\u00e9m\u011b\u0159 znemo\u017e\u0148uj\u00ed z\u00e1chrann\u00fdm slo\u017ek\u00e1m dostat se ke stovk\u00e1m uv\u011bzn\u011bn\u00fdch civilist\u016f nebo reagovat na hl\u00e1\u0161en\u00ed o poh\u0159e\u0161ovan\u00fdch osob\u00e1ch. Nemocnice v oblasti jsou \u00fadajn\u011b p\u0159et\u00ed\u017een\u00e9.<\/span><\/p>\n<p><em><span dir=\"auto\">\u201eExistuj\u00ed v\u00e1\u017en\u00e9 obavy z pokra\u010duj\u00edc\u00edho vp\u00e1du izraelsk\u00fdch sil do m\u011bsta Gaza v dob\u011b, kdy ter\u00e9nn\u00ed jednotky nemaj\u00ed kapacitu vypo\u0159\u00e1dat se s intenzitou prob\u00edhaj\u00edc\u00edch izraelsk\u00fdch \u00fatok\u016f,\u201c<\/span><\/em><span dir=\"auto\">\u00a0uvedla organizace.<\/span><\/p>\n<p><span dir=\"auto\">Izraelsk\u00e9 tanky \u00fadajn\u011b postoupily do Sabry a z cel\u00e9ho m\u011bsta bylo hl\u00e1\u0161eno t\u011b\u017ek\u00e9 bombardov\u00e1n\u00ed. Stanice Al Jazeera citovala l\u00e9ka\u0159sk\u00e9 zdroje, kter\u00e9 uvedly, \u017ee v ned\u011bli bylo zabito nejm\u00e9n\u011b 51 lid\u00ed, z toho 27 v Gaze a 24 dal\u0161\u00edch, kte\u0159\u00ed hledali pomoc.<\/span><\/p>\n<p><span dir=\"auto\">Ministerstvo zdravotnictv\u00ed v Gaze uvedlo, \u017ee v ned\u011bli zem\u0159elo hladem dal\u0161\u00edch osm lid\u00ed, \u010d\u00edm\u017e se celkov\u00fd po\u010det \u00famrt\u00ed souvisej\u00edc\u00edch s podv\u00fd\u017eivou od za\u010d\u00e1tku v\u00e1lky zv\u00fd\u0161il na 289, v\u010detn\u011b 115 d\u011bt\u00ed.<\/span><\/p>\n<p><span dir=\"auto\">Philippe Lazzarini, \u0161\u00e9f agentury OSN pro palestinsk\u00e9 uprchl\u00edky (UNRWA), varoval, \u017ee hladomor je nyn\u00ed\u00a0<\/span><em><span dir=\"auto\">\u201eposledn\u00ed pohromou\u201c,<\/span><\/em><span dir=\"auto\">\u00a0kter\u00e1 postihuje Gazu.\u00a0<\/span><em><span dir=\"auto\">\u201eLid\u00e9 pro\u017e\u00edvaj\u00ed peklo ve v\u0161ech podob\u00e1ch,\u201c<\/span><\/em><span dir=\"auto\">\u00a0\u0159ekl a vyzval k pln\u00e9mu p\u0159\u00edstupu humanit\u00e1rn\u00edch skupin a mezin\u00e1rodn\u00edch novin\u00e1\u0159\u016f.<\/span><\/p>\n<p><span dir=\"auto\">Izraelsk\u00e1 arm\u00e1da minul\u00fd t\u00fdden ozn\u00e1mila zah\u00e1jen\u00ed operace s c\u00edlem p\u0159evz\u00edt kontrolu nad m\u011bstem Gaza, jej\u00edm\u017e c\u00edlem jsou velitelsk\u00e1 centra Ham\u00e1su, sklady zbran\u00ed a tunelov\u00e9 s\u00edt\u011b v civiln\u00edch oblastech. Zajt\u00fan a Sabra byly izraelsk\u00fdmi p\u0159edstaviteli d\u0159\u00edve ozna\u010deny za strategick\u00e9 z\u00f3ny pro aktivity t\u00e9to militantn\u00ed skupiny.<\/span><\/p>\n<p><span dir=\"auto\">Konflikt v Gaze za\u010dal po vp\u00e1du Ham\u00e1su do ji\u017en\u00edho Izraele 7. \u0159\u00edjna 2023, p\u0159i kter\u00e9m zahynulo p\u0159ibli\u017en\u011b 1200 lid\u00ed a 250 bylo zajato jako rukojm\u00ed. P\u0159ibli\u017en\u011b 50 z nich je st\u00e1le v zajet\u00ed. Podle ministerstva zdravotnictv\u00ed Gazy bylo od t\u00e9 doby p\u0159i izraelsk\u00fdch \u00fatoc\u00edch na palestinskou enkl\u00e1vu zabito v\u00edce ne\u017e 62 000 lid\u00ed a p\u0159ibli\u017en\u011b 156 000 jich bylo zran\u011bno.<\/span><\/p>\n<p><img decoding=\"async\" loading=\"lazy\" class=\"alignnone size-full wp-image-1185\" src=\"http:\/\/www.infokuryr.cz\/n\/wp-content\/uploads\/2021\/04\/kuryr-podpis.png\" alt=\"\" width=\"84\" height=\"24\" \/><\/p>\n<p><img decoding=\"async\" loading=\"lazy\" class=\"wp-image-86134 aligncenter\" src=\"http:\/\/www.infokuryr.cz\/n\/wp-content\/uploads\/2025\/08\/volby10-212x300.png\" alt=\"\" width=\"752\" height=\"1064\" srcset=\"https:\/\/www.infokuryr.cz\/n\/wp-content\/uploads\/2025\/08\/volby10-212x300.png 212w, https:\/\/www.infokuryr.cz\/n\/wp-content\/uploads\/2025\/08\/volby10-724x1024.png 724w, https:\/\/www.infokuryr.cz\/n\/wp-content\/uploads\/2025\/08\/volby10-768x1086.png 768w, https:\/\/www.infokuryr.cz\/n\/wp-content\/uploads\/2025\/08\/volby10-1087x1536.png 1087w, https:\/\/www.infokuryr.cz\/n\/wp-content\/uploads\/2025\/08\/volby10-1449x2048.png 1449w, https:\/\/www.infokuryr.cz\/n\/wp-content\/uploads\/2025\/08\/volby10-1024x1447.png 1024w\" sizes=\"(max-width: 752px) 100vw, 752px\" \/><\/p>\n<p>&nbsp;<\/p>\n","protected":false},"excerpt":{"rendered":"<p>Bombardov\u00e1n\u00ed \u00fadajn\u011b uv\u011bznilo stovky civilist\u016f pod troskami a zat\u00ed\u017eilo z\u00e1chrann\u00e9 slo\u017eky V \u010dtvrt\u00edch Zajt\u00fan a&#8230;<\/p>\n","protected":false},"author":2,"featured_media":86503,"comment_status":"closed","ping_status":"closed","sticky":false,"template":"","format":"standard","meta":[],"categories":[7],"tags":[4099,348,178,107],"_links":{"self":[{"href":"https:\/\/www.infokuryr.cz\/n\/wp-json\/wp\/v2\/posts\/86502"}],"collection":[{"href":"https:\/\/www.infokuryr.cz\/n\/wp-json\/wp\/v2\/posts"}],"about":[{"href":"https:\/\/www.infokuryr.cz\/n\/wp-json\/wp\/v2\/types\/post"}],"author":[{"embeddable":true,"href":"https:\/\/www.infokuryr.cz\/n\/wp-json\/wp\/v2\/users\/2"}],"replies":[{"embeddable":true,"href":"https:\/\/www.infokuryr.cz\/n\/wp-json\/wp\/v2\/comments?post=86502"}],"version-history":[{"count":0,"href":"https:\/\/www.infokuryr.cz\/n\/wp-json\/wp\/v2\/posts\/86502\/revisions"}],"wp:featuredmedia":[{"embeddable":true,"href":"https:\/\/www.infokuryr.cz\/n\/wp-json\/wp\/v2\/media\/86503"}],"wp:attachment":[{"href":"https:\/\/www.infokuryr.cz\/n\/wp-json\/wp\/v2\/media?parent=86502"}],"wp:term":[{"taxonomy":"category","embeddable":true,"href":"https:\/\/www.infokuryr.cz\/n\/wp-json\/wp\/v2\/categories?post=86502"},{"taxonomy":"post_tag","embeddable":true,"href":"https:\/\/www.infokuryr.cz\/n\/wp-json\/wp\/v2\/tags?post=86502"}],"curies":[{"name":"wp","href":"https:\/\/api.w.org\/{rel}","templated":true}]}}