{"id":86489,"date":"2025-08-27T04:47:59","date_gmt":"2025-08-27T02:47:59","guid":{"rendered":"https:\/\/www.infokuryr.cz\/n\/?p=86489"},"modified":"2025-08-27T04:48:26","modified_gmt":"2025-08-27T02:48:26","slug":"zelensky-definitivne-zesilel-a-pohrozil-madarsku-znicenim-ropovodu-druzba","status":"publish","type":"post","link":"https:\/\/www.infokuryr.cz\/n\/2025\/08\/27\/zelensky-definitivne-zesilel-a-pohrozil-madarsku-znicenim-ropovodu-druzba\/","title":{"rendered":"Zelensk\u00fd definitivn\u011b ze\u0161\u00edlel a pohrozil Ma\u010farsku zni\u010den\u00edm ropovodu Dru\u017eba &#8230;"},"content":{"rendered":"<div id=\"fb-root\"><\/div>\n<h4>Zelensk\u00fd definitivn\u011b ze\u0161\u00edlel a pohrozil Ma\u010farsku zni\u010den\u00edm ropovodu Dru\u017eba, pokud Budape\u0161\u0165 nep\u0159estane blokovat vstup Ukrajiny do EU! Ma\u010farsk\u00e1 diplomacie ozna\u010dila v\u00fdhr\u016f\u017eku za akt mezin\u00e1rodn\u00edho vyd\u011bra\u010dstv\u00ed a ministr zahrani\u010d\u00ed prohl\u00e1sil, \u017ee Zelensk\u00fd vyd\u00edr\u00e1 Orb\u00e1novu vl\u00e1du na pokyn Bruselu a Evropsk\u00e9 lidov\u00e9 strany vrchn\u00ed euronacistky Leyenov\u00e9!<\/h4>\n<p>O tom, \u017ee Ukrajina nen\u00ed legitimn\u00edm st\u00e1tem, ale podnikem organizovan\u00e9ho zlo\u010dinu, kter\u00e9mu \u0161\u00e9fuje ji\u017e v\u00edce ne\u017e rok po skon\u010den\u00ed mand\u00e1tu nelegitimn\u00ed gauner a komediant Volodymyr Zelensk\u00fd, nen\u00ed u n\u00e1s na alternativ\u011b pochyb. Ov\u0161em a\u017e dosud se Zelensk\u00fd sna\u017eil chovat a tv\u00e1\u0159it se, \u017ee je demokrat, i kdy\u017e zkorumpovan\u00fd a\u017e na p\u016fdu, ale minim\u00e1ln\u011b snaha tam byla. Jen\u017ee spolu s t\u00edm, jak se za\u010d\u00edn\u00e1 na front\u011b r\u00fdsovat konec Zelensk\u00e9ho junty, za\u010d\u00edn\u00e1 se i Zelensk\u00fd projevovat ve sv\u00e9 skute\u010dn\u00e9 barv\u011b. A to, co p\u0159edvedl na tiskovce, z toho opravdu a\u017e doslova mraz\u00ed.<\/p>\n<p>&nbsp;<\/p>\n<div id=\"rumble_v6vwuq8\">\n<div id=\"vid_v6vwuq8\" class=\"rumble_v6vwuq8-Rumble-cls\" tabindex=\"-1\">\n<div><div class='videoWrapper'>\r\n\t            <iframe src='https:\/\/rumble.com\/embed\/pj.v6vwuq8\/' frameborder='0' allowfullscreen><\/iframe>\r\n\t        <\/div><\/div>\n<\/div>\n<\/div>\n<p>&nbsp;<\/p>\n<p>Zelensk\u00fd toti\u017e prohl\u00e1sil, \u017ee\u00a0<strong>pokud Ma\u010farsko chce, aby ropovod \u201cDru\u017eba\u201d nep\u0159estal existovat a nebyl zni\u010den ukrajinsk\u00fdmi \u00fatoky, drony a raketami, tak mus\u00ed Ma\u010farsko zm\u011bnit sv\u016fj postoj ke \u010dlenstv\u00ed Ukrajiny v EU.<\/strong>\u00a0Jin\u00fdmi slovy, Zelensk\u00fd jako mafi\u00e1n a vyd\u011bra\u010d p\u0159\u00edmo na tiskovce poslal do Budape\u0161ti v\u00fdhr\u016f\u017eku. Ma\u010farsko toti\u017e blokuje vstup Ukrajiny do EU kv\u016fli po\u0161lap\u00e1v\u00e1n\u00ed pr\u00e1v a svobod ma\u010farsk\u00e9 men\u0161iny na Ukrajin\u011b, kv\u016fli zaveden\u00ed jazykov\u00fdch z\u00e1kon\u016f na Ukrajin\u011b zakazuj\u00edc\u00edch jin\u00e9 jazyky ne\u017e ukrajin\u0161tinu, a p\u0159edev\u0161\u00edm odvl\u00e9k\u00e1n\u00ed ukrajinsk\u00fdch Ma\u010far\u016f proti jejich v\u016fli na frontu na Donbasu.<\/p>\n<h3>Budape\u0161\u0165 v\u00fdrok Zelensk\u00e9ho ost\u0159e odsoudila<\/h3>\n<p>Ma\u010farsk\u00fd ministr zahrani\u010d\u00ed P\u00e9ter Szijj\u00e1rt\u00f3 na skand\u00e1ln\u00ed Zelensk\u00e9ho v\u00fdhr\u016f\u017eku reagoval slovy, \u017ee jde o hrub\u00e9 a nestydat\u00e9 vyhro\u017eov\u00e1n\u00ed Ma\u010farsku, kter\u00e9 ve skute\u010dnosti je koordinov\u00e1no s Bruselem, s Evropskou lidovou stranou Ursuly von der Leyen a s ma\u010farskou opozi\u010dn\u00ed progresivistickou stranou Tisza s c\u00edlem zlikvidovat ma\u010farskou ekonomiku a energetiku.<\/p>\n<p>A t\u00edm p\u00e1dem navodit v Ma\u010farsku nespokojenost ob\u010dan\u016f, protesty a zkr\u00e1tka barevnou revoluci. A toho se m\u00e1 dos\u00e1hnout n\u00e1siln\u00fdm odpojen\u00edm Ma\u010farska od rusk\u00e9 ropy. Tohle je prost\u011b akt na pokraji vyhl\u00e1\u0161en\u00ed v\u00e1lky Ma\u010farsku, ale nejen ze strany Zelensk\u00e9ho, ale p\u0159edev\u0161\u00edm Eurosojuzu. Ten toti\u017e odm\u00edtl po v\u00edkendov\u00e9m \u00fatoky na Dru\u017ebu ze strany ukrajinsk\u00e9 arm\u00e1dy uplatnit proti Kyjevu jak\u00e9koliv sankce, p\u0159esto\u017ee Budape\u0161\u0165 a Bratislava to d\u016frazn\u011b po\u017eadovaly.<\/p>\n<p>&nbsp;<\/p>\n<div id=\"rumble_v6vwuqg\">\n<div id=\"vid_v6vwuqg\" class=\"rumble_v6vwuqg-Rumble-cls\" tabindex=\"-1\">\n<div><div class='videoWrapper'>\r\n\t            <iframe src='https:\/\/rumble.com\/embed\/pj.v6vwuqg\/' frameborder='0' allowfullscreen><\/iframe>\r\n\t        <\/div><\/div>\n<\/div>\n<\/div>\n<p>Euronacist\u00e9 v Bruselu se tak postavili na stranu gr\u00e1zla a gaunera v Kyjev\u011b proto, \u017ee cel\u00fd Brusel je p\u0159epln\u011bn\u00fd gr\u00e1zly a gaunery.\u00a0<strong>Znovu je t\u0159eba zopakovat, \u017ee v\u0161echno to sm\u011b\u0159uje k bodu zlomu, kdy zem\u011b se budou muset rozhodnout.<\/strong>\u00a0Bu\u010f se pod\u0159\u00edd\u00ed pln\u011b Bruselu a euronacistick\u00e9 klice, anebo prost\u011b vystoup\u00ed z EU usnesen\u00edm o tom,\u00a0 \u017ee setrv\u00e1n\u00ed v organizaci ohro\u017euje n\u00e1rodn\u00ed bezpe\u010dnost, a \u017ee zem\u011b ji\u017e nebude po\u0159\u00e1dat \u017e\u00e1dn\u00e9 Evropsk\u00e9 volby ve sv\u00e9 zemi.<\/p>\n<p>To povede k vylou\u010den\u00ed zem\u011b z EU administrativn\u00ed cestou pro tzv. nespln\u011bn\u00ed podm\u00ednek pokra\u010dov\u00e1n\u00ed \u010dlenstv\u00ed, tedy bez nutnosti po\u0159\u00e1dat referendum o vystoupen\u00ed. Tuhle mo\u017enost politici maj\u00ed, ale boj\u00ed se j\u00ed pou\u017e\u00edt, proto\u017ee by znamenala izolaci v Evrop\u011b, minim\u00e1ln\u011b v p\u0159\u00edpad\u011b, \u017ee by \u0161lo jen o jednu zemi. Pokud by jich bylo v\u00edce, m\u011bnilo by to situaci.<\/p>\n<h3>Sov\u011btsk\u00fd ropovod jako posledn\u00ed spojnice s Ruskem<\/h3>\n<p>Ropovod Dru\u017eba, vybudovan\u00fd je\u0161t\u011b v \u00e9\u0159e Sov\u011btsk\u00e9ho svazu, je jednou z nejdel\u0161\u00edch a nejd\u016fle\u017eit\u011bj\u0161\u00edch ropn\u00fdch tras na sv\u011bt\u011b. Jeho ji\u017en\u00ed v\u011btev z\u00e1sobuje ropou Ma\u010farsko, Slovensko a tak\u00e9 \u010d\u00e1st \u010cesk\u00e9 republiky. Tyto st\u00e1ty, kter\u00e9 nemaj\u00ed p\u0159\u00edm\u00fd p\u0159\u00edstup k mo\u0159i a jejich\u017e infrastruktura je historicky nastavena na dod\u00e1vky z v\u00fdchodu, jsou na fungov\u00e1n\u00ed Dru\u017eby do zna\u010dn\u00e9 m\u00edry z\u00e1visl\u00e9. Ka\u017ed\u00fd v\u00fdpadek \u010di naru\u0161en\u00ed toku ropy m\u00e1 okam\u017eit\u00e9 hospod\u00e1\u0159sk\u00e9 i politick\u00e9 d\u016fsledky.<\/p>\n<p>Hrozba ukrajinsk\u00e9ho komedianta v roli dikt\u00e1tora proto zas\u00e1hla samotn\u00e9 j\u00e1dro energetick\u00e9 bezpe\u010dnosti regionu. Pro Ma\u010farsko i Slovensko, kter\u00e9 se ji\u017e dlouhodob\u011b pot\u00fdkaj\u00ed s vysok\u00fdmi cenami energi\u00ed a s nutnost\u00ed diverzifikovat sv\u00e9 zdroje, je stabiln\u00ed fungov\u00e1n\u00ed ropovodu kl\u00ed\u010dov\u00fdm p\u0159edpokladem hospod\u00e1\u0159sk\u00e9 stability. V\u00fdrok, kter\u00fd p\u0159\u00edmo nazna\u010duje mo\u017enost ohro\u017een\u00ed t\u00e9to infrastruktury, je proto vn\u00edm\u00e1n jako p\u0159ekro\u010den\u00ed \u010derven\u00e9 linie.<\/p>\n<figure id=\"attachment_60480\" class=\"wp-caption aligncenter\" style=\"width: 705px;\"><a href=\"https:\/\/aeronet.news\/wp-content\/uploads\/DruzbaOilPipeline.jpg\"><img decoding=\"async\" loading=\"lazy\" class=\"wp-image-60480 \" src=\"https:\/\/aeronet.news\/wp-content\/uploads\/DruzbaOilPipeline-1024x658.jpg\" sizes=\"(max-width: 700px) 100vw, 700px\" srcset=\"https:\/\/aeronet.news\/wp-content\/uploads\/DruzbaOilPipeline-1024x658.jpg 1024w, https:\/\/aeronet.news\/wp-content\/uploads\/DruzbaOilPipeline-300x193.jpg 300w, https:\/\/aeronet.news\/wp-content\/uploads\/DruzbaOilPipeline-768x493.jpg 768w, https:\/\/aeronet.news\/wp-content\/uploads\/DruzbaOilPipeline-700x450.jpg 700w, https:\/\/aeronet.news\/wp-content\/uploads\/DruzbaOilPipeline-100x65.jpg 100w, https:\/\/aeronet.news\/wp-content\/uploads\/DruzbaOilPipeline-556x357.jpg 556w, https:\/\/aeronet.news\/wp-content\/uploads\/DruzbaOilPipeline-752x483.jpg 752w, https:\/\/aeronet.news\/wp-content\/uploads\/DruzbaOilPipeline.jpg 1280w\" alt=\"\" width=\"705\" height=\"453\" \/><\/a><figcaption class=\"wp-caption-text\">P\u0159e\u010derp\u00e1vac\u00ed stanice ropovodu Dru\u017eba<\/figcaption><\/figure>\n<p>Ma\u010farsk\u00fd ministr zahrani\u010d\u00ed P\u00e9ter Szijj\u00e1rt\u00f3 reagoval nekompromisn\u011b: \u201e<em>V\u00fdhr\u016f\u017eka ohro\u017een\u00edm ropovodu, na n\u011bm\u017e z\u00e1vis\u00ed energetick\u00e1 bezpe\u010dnost nejen Ma\u010farska, ale i dal\u0161\u00edch st\u0159edoevropsk\u00fdch zem\u00ed, je hrub\u00e1, nestydat\u00e1 a naprosto nep\u0159ijateln\u00e1. Nen\u00ed mo\u017en\u00e9, aby p\u0159edstavitel zem\u011b, kter\u00e1 usiluje o \u010dlenstv\u00ed v Evropsk\u00e9 unii, otev\u0159en\u011b hrozil sv\u00fdm soused\u016fm energetick\u00fdm vyd\u00edr\u00e1n\u00edm<\/em>.\u201c<\/p>\n<p><strong>Szijj\u00e1rt\u00f3 z\u00e1rove\u0148 zd\u016fraznil, \u017ee Ma\u010farsko nem\u011bn\u00ed svou pozici v\u016f\u010di p\u0159\u00edstupov\u00fdm jedn\u00e1n\u00edm Ukrajiny do EU pod tlakem ani vyd\u00edr\u00e1n\u00edm.<\/strong>\u00a0Podle jeho slov je p\u0159\u00edstupov\u00fd proces ot\u00e1zkou dlouhodob\u00fdch reforem, stability pr\u00e1vn\u00edho prost\u0159ed\u00ed na Ukrajin\u011b a respektu k men\u0161inov\u00fdm pr\u00e1v\u016fm, nikoliv v\u00fdsledkem politick\u00fdch hrozeb. V\u00fdrok Zelensk\u00e9ho je podle ma\u010farsk\u00e9 diplomacie p\u0159\u00edm\u00fdm \u00fatokem na suverenitu a energetickou bezpe\u010dnost sousedn\u00ed zem\u011b.<\/p>\n<h3>Zelensk\u00fd spole\u010dn\u011b s Eurokomis\u00ed de facto cht\u011bj\u00ed pod\u0159\u00edznout krk slovensk\u00e9 a ma\u010farsk\u00e9 ekonomice<\/h3>\n<p>Na Slovensku, kter\u00e9 je podobn\u011b jako Ma\u010farsko z\u00e1sobov\u00e1no z Dru\u017eby, vyvolala Zelensk\u00e9ho pozn\u00e1mka rovn\u011b\u017e zna\u010dn\u00e9 znepokojen\u00ed. Bratislava si je v\u011bdoma, \u017ee bez stabiln\u00edch dod\u00e1vek ropy nen\u00ed schopna udr\u017eet provoz sv\u00fdch rafin\u00e9ri\u00ed, zejm\u00e9na Slovnaftu v Bratislav\u011b, kter\u00fd p\u0159edstavuje kl\u00ed\u010dov\u00fd pil\u00ed\u0159 slovensk\u00e9 ekonomiky a z\u00e1rove\u0148 exportn\u00ed z\u00e1kladnu pro pohonn\u00e9 hmoty do okoln\u00edch st\u00e1t\u016f. Jak\u00e9koli naru\u0161en\u00ed ropovodu by m\u011blo okam\u017eit\u00fd dopad na zam\u011bstnanost, st\u00e1tn\u00ed rozpo\u010det i fungov\u00e1n\u00ed dopravy.<\/p>\n<p><strong>Rafin\u00e9rie Slovnaft je technologicky p\u0159izp\u016fsobena p\u0159edev\u0161\u00edm na zpracov\u00e1n\u00ed t\u011b\u017ek\u00e9 rusk\u00e9 ropy typu\u00a0<em>Urals<\/em>, kter\u00e1 proud\u00ed pr\u00e1v\u011b ropovodem Dru\u017eba.<\/strong>\u00a0P\u0159echod na jin\u00e9 druhy ropy vy\u017eaduje slo\u017eit\u00e9 technologick\u00e9 \u00fapravy a zna\u010dn\u00e9 investice. To znamen\u00e1, \u017ee Slovensko m\u00e1 jen velmi omezen\u00e9 mo\u017enosti okam\u017eit\u00e9 n\u00e1hrady t\u011bchto dod\u00e1vek. P\u0159eru\u0161en\u00ed toku ropy by proto mohlo v\u00e9st k zastaven\u00ed v\u00fdroby, nedostatku pohonn\u00fdch hmot a prudk\u00e9mu n\u00e1r\u016fstu cen.<\/p>\n<figure id=\"attachment_52757\" class=\"wp-caption aligncenter\" style=\"width: 706px;\"><a href=\"https:\/\/aeronet.news\/wp-content\/uploads\/DruzbaMapa.jpg\"><img decoding=\"async\" loading=\"lazy\" class=\"wp-image-52757 \" src=\"https:\/\/aeronet.news\/wp-content\/uploads\/DruzbaMapa-1024x731.jpg\" sizes=\"(max-width: 700px) 100vw, 700px\" srcset=\"https:\/\/aeronet.news\/wp-content\/uploads\/DruzbaMapa-1024x731.jpg 1024w, https:\/\/aeronet.news\/wp-content\/uploads\/DruzbaMapa-300x214.jpg 300w, https:\/\/aeronet.news\/wp-content\/uploads\/DruzbaMapa-768x548.jpg 768w, https:\/\/aeronet.news\/wp-content\/uploads\/DruzbaMapa-700x500.jpg 700w, https:\/\/aeronet.news\/wp-content\/uploads\/DruzbaMapa-500x357.jpg 500w, https:\/\/aeronet.news\/wp-content\/uploads\/DruzbaMapa-676x483.jpg 676w, https:\/\/aeronet.news\/wp-content\/uploads\/DruzbaMapa.jpg 1280w\" alt=\"\" width=\"706\" height=\"504\" \/><\/a><figcaption class=\"wp-caption-text\">Mapa ropovodu Dru\u017eba<\/figcaption><\/figure>\n<p>Podobn\u00e1 situace plat\u00ed i v Ma\u010farsku, kde kl\u00ed\u010dovou roli hraje koncern MOL. Ten provozuje rafin\u00e9rie a \u010derpac\u00ed stanice nejen v Ma\u010farsku, ale i na Slovensku a v Chorvatsku, a je tedy jedn\u00edm z nejv\u011bt\u0161\u00edch hr\u00e1\u010d\u016f v region\u00e1ln\u00edm energetick\u00e9m sektoru. Stabiln\u00ed dod\u00e1vky p\u0159es Dru\u017ebu jsou pro MOL z\u00e1sadn\u00ed nejen z hlediska ma\u010farsk\u00e9 energetick\u00e9 bezpe\u010dnosti, ale i z hlediska region\u00e1ln\u00ed hospod\u00e1\u0159sk\u00e9 rovnov\u00e1hy.<\/p>\n<p>V p\u0159\u00edpad\u011b p\u0159eru\u0161en\u00ed dod\u00e1vek by musel MOL hledat alternativn\u00ed zdroje, co\u017e by znamenalo vy\u0161\u0161\u00ed n\u00e1klady a v kone\u010dn\u00e9m d\u016fsledku i zdra\u017een\u00ed pohonn\u00fdch hmot pro obyvatele. Ma\u010farsk\u00e1 vl\u00e1da se proto dlouhodob\u011b stav\u00ed proti n\u00e1vrh\u016fm, kter\u00e9 by ohro\u017eovaly tok ropy p\u0159es Dru\u017ebu, a zd\u016fraz\u0148uje, \u017ee energetick\u00e1 bezpe\u010dnost nen\u00ed oblast, kde lze d\u011blat politick\u00e9 experimenty.<\/p>\n<h3>Rusk\u00e1 ropa nad\u00e1la proud\u00ed do EU, proto\u017ee je nenahraditeln\u00e1<\/h3>\n<p>Energetick\u00e1 bezpe\u010dnost je v dne\u0161n\u00ed dob\u011b jedn\u00edm z nejd\u016fle\u017eit\u011bj\u0161\u00edch t\u00e9mat evropsk\u00e9 politiky. Po vypuknut\u00ed konfliktu na Ukrajin\u011b a p\u0159eru\u0161en\u00ed velk\u00e9 \u010d\u00e1sti p\u0159\u00edm\u00fdch energetick\u00fdch dod\u00e1vek z Ruska se st\u0159edn\u00ed Evropa ocitla ve velmi slo\u017eit\u00e9 situaci. Ma\u010farsko i Slovensko sice pracuj\u00ed na postupn\u00e9 diverzifikaci zdroj\u016f, av\u0161ak tento proces je n\u00e1kladn\u00fd a \u010dasov\u011b n\u00e1ro\u010dn\u00fd. Ropovod Dru\u017eba je proto i nad\u00e1le kl\u00ed\u010dov\u00fdm prvkem energetick\u00e9ho mixu.<\/p>\n<p>V tomto kontextu je Zelensk\u00e9ho v\u00fdrok vn\u00edm\u00e1n nejen jako diplomatick\u00fd p\u0159e\u0161lap, ale i jako potenci\u00e1ln\u00ed ohro\u017een\u00ed region\u00e1ln\u00ed stability. M\u00edsto aby Kyjev hledal podporu u sv\u00fdch soused\u016f prost\u0159ednictv\u00edm dialogu a partnerstv\u00ed, uch\u00fdlil se Zelensk\u00fd k t\u00f3nu, kter\u00fd v\u00edce ne\u017e p\u0159ipom\u00edn\u00e1 vyd\u00edr\u00e1n\u00ed. To m\u016f\u017ee m\u00edt dalekos\u00e1hl\u00e9 d\u016fsledky pro vztahy mezi Ukrajinou a st\u0159edoevropsk\u00fdmi zem\u011bmi.<\/p>\n<p>Cel\u00e1 ud\u00e1lost m\u00e1 i \u0161ir\u0161\u00ed evropsk\u00fd rozm\u011br.\u00a0<strong>Evropsk\u00e1 unie od roku 2022 p\u0159ijala \u0159adu \u0161\u00edlen\u00fdch a Evropu po\u0161kozuj\u00edc\u00edch sank\u010dn\u00edch bal\u00edk\u016f, jejich\u017e c\u00edlem bylo omezit dovoz rusk\u00e9 ropy a plynu.<\/strong>\u00a0Ve skute\u010dnosti sankce vedly ke kolapsu evropsk\u00fdch ekonomik. Ofici\u00e1ln\u00ed linie Bruselu zd\u016fraz\u0148uje snahu o sn\u00ed\u017een\u00ed z\u00e1vislosti na rusk\u00fdch zdroj\u00edch. Realita je v\u0161ak slo\u017eit\u011bj\u0161\u00ed: navzdory sankc\u00edm z\u016fst\u00e1v\u00e1 ropovod Dru\u017eba v provozu, a to pr\u00e1v\u011b kv\u016fli v\u00fdjimk\u00e1m ud\u011blen\u00fdm pro Ma\u010farsko a Slovensko. Tyto st\u00e1ty by toti\u017e bez ropy z Dru\u017eby nebyly schopny zajistit svou spot\u0159ebu.<\/p>\n<figure id=\"attachment_51960\" class=\"wp-caption aligncenter\" style=\"width: 869px;\"><a href=\"https:\/\/aeronet.news\/wp-content\/uploads\/SlovnaftRefinery2.jpg\"><img decoding=\"async\" loading=\"lazy\" class=\"wp-image-51960 \" src=\"https:\/\/aeronet.news\/wp-content\/uploads\/SlovnaftRefinery2.jpg\" sizes=\"(max-width: 1280px) 100vw, 1280px\" srcset=\"https:\/\/aeronet.news\/wp-content\/uploads\/SlovnaftRefinery2.jpg 1280w, https:\/\/aeronet.news\/wp-content\/uploads\/SlovnaftRefinery2-300x169.jpg 300w, https:\/\/aeronet.news\/wp-content\/uploads\/SlovnaftRefinery2-768x432.jpg 768w, https:\/\/aeronet.news\/wp-content\/uploads\/SlovnaftRefinery2-1024x576.jpg 1024w, https:\/\/aeronet.news\/wp-content\/uploads\/SlovnaftRefinery2-700x394.jpg 700w, https:\/\/aeronet.news\/wp-content\/uploads\/SlovnaftRefinery2-635x357.jpg 635w, https:\/\/aeronet.news\/wp-content\/uploads\/SlovnaftRefinery2-859x483.jpg 859w\" alt=\"\" width=\"869\" height=\"489\" \/><\/a><figcaption class=\"wp-caption-text\">Rafin\u00e9rie Slovnaft<\/figcaption><\/figure>\n<p>Paradoxn\u011b se nav\u00edc ukazuje, \u017ee \u010d\u00e1st rusk\u00e9 ropy, kter\u00e1 proud\u00ed do st\u0159edn\u00ed Evropy, nach\u00e1z\u00ed cestu zp\u011bt na trhy EU v podob\u011b rafinovan\u00fdch produkt\u016f. Slovnaft i MOL exportuj\u00ed pohonn\u00e9 hmoty do okoln\u00edch st\u00e1t\u016f, \u010d\u00edm\u017e se rusk\u00e1 ropa transformuje do podoby, kter\u00e1 ji\u017e nepodl\u00e9h\u00e1 stejn\u00fdm omezen\u00edm. Tento mechanismus fakticky znamen\u00e1, \u017ee evropsk\u00e9 st\u00e1ty nad\u00e1le vyu\u017e\u00edvaj\u00ed ruskou ropu, by\u0165 nep\u0159\u00edmo.<\/p>\n<p>V takov\u00e9 situaci p\u016fsob\u00ed Zelensk\u00e9ho v\u00fdrok je\u0161t\u011b problemati\u010dt\u011bji, proto\u017ee si de facto znep\u0159\u00e1tel\u00ed i dal\u0161\u00ed zem\u011b v EU, i kdy\u017e t\u0159eba ne a\u017e tak viditeln\u011b jako v p\u0159\u00edpad\u011b Ma\u010farska a Slovenska. Ukrajina fakticky ohro\u017euje dod\u00e1vky, kter\u00e9 Evropsk\u00e1 unie sama pova\u017euje za nezbytn\u00e9 a pro kter\u00e9 ud\u011blila v\u00fdjimky. Pokud by do\u0161lo k naru\u0161en\u00ed ropovodu, nebylo by zasa\u017eeno jen Ma\u010farsko a Slovensko, ale i \u0161ir\u0161\u00ed evropsk\u00fd trh s palivy. To by m\u011blo negativn\u00ed dopady na ceny pohonn\u00fdch hmot, inflaci i konkurenceschopnost evropsk\u00e9 ekonomiky.<\/p>\n<p><img decoding=\"async\" loading=\"lazy\" class=\"wp-image-85920 aligncenter\" src=\"http:\/\/www.infokuryr.cz\/n\/wp-content\/uploads\/2025\/08\/pozvaniV-300x140.jpg\" alt=\"\" width=\"641\" height=\"299\" srcset=\"https:\/\/www.infokuryr.cz\/n\/wp-content\/uploads\/2025\/08\/pozvaniV-300x140.jpg 300w, https:\/\/www.infokuryr.cz\/n\/wp-content\/uploads\/2025\/08\/pozvaniV-768x360.jpg 768w, https:\/\/www.infokuryr.cz\/n\/wp-content\/uploads\/2025\/08\/pozvaniV.jpg 925w\" sizes=\"(max-width: 641px) 100vw, 641px\" \/><\/p>\n<h3>Otev\u0159en\u00e9 vyd\u00edr\u00e1n\u00ed ukazuje na prohlubuj\u00edc\u00ed se euronacifikaci v Evrop\u011b, na kter\u00e9 m\u00e1 banderovsk\u00e1 subkultura lv\u00ed pod\u00edl<\/h3>\n<p>Ot\u00e1zka p\u0159\u00edstupov\u00fdch rozhovor\u016f Ukrajiny do EU je citliv\u00e1 nejen v Bruselu, ale zejm\u00e9na v zem\u00edch, kter\u00e9 s Ukrajinou soused\u00ed. Ma\u010farsko dlouhodob\u011b upozor\u0148uje na probl\u00e9my v oblasti men\u0161inov\u00fdch pr\u00e1v, p\u0159edev\u0161\u00edm pr\u00e1v ma\u010farsk\u00e9 men\u0161iny na Zakarpatsk\u00e9 Ukrajin\u011b. Tyto ot\u00e1zky jsou pro Budape\u0161\u0165 z\u00e1sadn\u00ed a nelze je jednodu\u0161e obej\u00edt.<\/p>\n<p><strong>Hrozby t\u00fdkaj\u00edc\u00ed se energetick\u00e9 infrastruktury proto nelze vn\u00edmat jinak ne\u017e jako snahu obej\u00edt diplomacii a vynutit si \u010dlenstv\u00ed Ukrajiny v EU vyd\u00edr\u00e1n\u00edm. Jako mafi\u00e1ni!\u00a0<\/strong>Slovensko se sice stav\u00ed k ot\u00e1zce p\u0159\u00edstupov\u00fdch rozhovor\u016f vst\u0159\u00edcn\u011bji, av\u0161ak i zde existuj\u00ed pochybnosti o rychlosti, s jakou se proces odehr\u00e1v\u00e1. V\u00fdrok Zelensk\u00e9ho m\u016f\u017ee nav\u00edc pos\u00edlit hlasy t\u011bch, kte\u0159\u00ed tvrd\u00ed, \u017ee Ukrajina zat\u00edm nen\u00ed p\u0159ipravena na to, aby byla plnohodnotn\u00fdm \u010dlenem evropsk\u00e9ho spole\u010denstv\u00ed.<\/p>\n<figure id=\"attachment_62897\" class=\"wp-caption aligncenter\" style=\"width: 703px;\"><a href=\"https:\/\/aeronet.news\/wp-content\/uploads\/LeyenZelenskyKiev.jpg\"><img decoding=\"async\" loading=\"lazy\" class=\"wp-image-62897 \" src=\"https:\/\/aeronet.news\/wp-content\/uploads\/LeyenZelenskyKiev-1024x682.jpg\" sizes=\"(max-width: 700px) 100vw, 700px\" srcset=\"https:\/\/aeronet.news\/wp-content\/uploads\/LeyenZelenskyKiev-1024x682.jpg 1024w, https:\/\/aeronet.news\/wp-content\/uploads\/LeyenZelenskyKiev-300x200.jpg 300w, https:\/\/aeronet.news\/wp-content\/uploads\/LeyenZelenskyKiev-768x512.jpg 768w, https:\/\/aeronet.news\/wp-content\/uploads\/LeyenZelenskyKiev-700x466.jpg 700w, https:\/\/aeronet.news\/wp-content\/uploads\/LeyenZelenskyKiev-536x357.jpg 536w, https:\/\/aeronet.news\/wp-content\/uploads\/LeyenZelenskyKiev-725x483.jpg 725w, https:\/\/aeronet.news\/wp-content\/uploads\/LeyenZelenskyKiev.jpg 1280w\" alt=\"\" width=\"703\" height=\"468\" \/><\/a><figcaption class=\"wp-caption-text\">Zelensk\u00fd s Ursulou von der Leyen v listopadu 2023<\/figcaption><\/figure>\n<p>Cel\u00e1 ud\u00e1lost otev\u00edr\u00e1 \u0161ir\u0161\u00ed ot\u00e1zku nulov\u00e9 diplomatick\u00e9 kultury a zcela ji\u017e zfa\u0161izovan\u00fdch standard\u016f chov\u00e1n\u00ed. V mezin\u00e1rodn\u00edch vztaz\u00edch plat\u00ed, \u017ee hrozby a n\u00e1tlak maj\u00ed jen omezen\u00fd \u00fa\u010dinek a obvykle se obracej\u00ed proti tomu, kdo je pou\u017e\u00edv\u00e1. Ma\u010farsko a Slovensko nejsou pouze sousedn\u00edmi st\u00e1ty Ukrajiny, ale tak\u00e9 partnery v r\u00e1mci EU a NATO. Ohro\u017eov\u00e1n\u00ed jejich bezpe\u010dnosti a energetick\u00e9 stability je v p\u0159\u00edm\u00e9m rozporu s principem dobr\u00fdch sousedsk\u00fdch vztah\u016f, na kter\u00fdch stoj\u00ed cel\u00e1 ta slavn\u00e1 evropsk\u00e1 integrace.\u00a0<strong>Je to d\u016fkaz, \u017ee banderovsk\u00e1 subkultura urychluje procesy tzv. euronacismu v Evrop\u011b.<\/strong><\/p>\n<p>Zelensk\u00e9ho v\u00fdrok proto pos\u00edlil argumenty t\u011bch, kte\u0159\u00ed tvrd\u00ed, \u017ee ukrajinsk\u00e1 diplomacie st\u00e1le neosvojila principy evropsk\u00e9 politick\u00e9 kultury. V dob\u011b, kdy se Ukrajina sna\u017e\u00ed prezentovat jako sou\u010d\u00e1st z\u00e1padn\u00edho spole\u010denstv\u00ed, p\u016fsob\u00ed takov\u00fd p\u0159\u00edstup kontraproduktivn\u011b. Pokud Kyjev skute\u010dn\u011b usiluje o \u010dlenstv\u00ed v EU, m\u011bl by kl\u00e1st d\u016fraz na budov\u00e1n\u00ed d\u016fv\u011bry, nikoliv na konfrontaci.<\/p>\n<h3>Orb\u00e1n je nep\u0159\u00edtelem Bruselu \u010d. 1 a jeho vztahy s Putinem z n\u011bho d\u011blaj\u00ed ter\u010d<\/h3>\n<p>Ve\u0159ejn\u00e9 m\u00edn\u011bn\u00ed v Ma\u010farsku i na Slovensku je dlouhodob\u011b rozd\u011blen\u00e9, pokud jde o postoj k Ukrajin\u011b a v\u00e1lce na jej\u00edm \u00fazem\u00ed. Zat\u00edmco \u010d\u00e1st spole\u010dnosti je ochotna Ukrajinu podporovat, tedy p\u0159edev\u0161\u00edm obyvatel\u00e9 Budape\u0161ti a Bratislavy, kde se koncentruj\u00ed liber\u00e1lov\u00e9, druh\u00e1 \u010d\u00e1st zd\u016fraz\u0148uje vlastn\u00ed n\u00e1rodn\u00ed z\u00e1jmy a odm\u00edt\u00e1 dal\u0161\u00ed n\u00e1klady a rizika. Zelensk\u00e9ho v\u00fdrok se tak okam\u017eit\u011b stal p\u0159edm\u011btem politick\u00fdch diskus\u00ed a m\u016f\u017ee pos\u00edlit skeptick\u00e9 hlasy, kter\u00e9 po\u017eaduj\u00ed ost\u0159ej\u0161\u00ed politiku v\u016f\u010di mafi\u00e1nsk\u00e9mu Kyjevu. Orb\u00e1n je v podstat\u011b ter\u010dem pro Brusel. Zat\u00edm jen obrazn\u011b.<\/p>\n<figure id=\"attachment_60130\" class=\"wp-caption aligncenter\" style=\"width: 711px;\"><a href=\"https:\/\/aeronet.news\/wp-content\/uploads\/PutinOrbanHandshake.jpg\"><img decoding=\"async\" loading=\"lazy\" class=\"wp-image-60130 \" src=\"https:\/\/aeronet.news\/wp-content\/uploads\/PutinOrbanHandshake-1024x575.jpg\" sizes=\"(max-width: 700px) 100vw, 700px\" srcset=\"https:\/\/aeronet.news\/wp-content\/uploads\/PutinOrbanHandshake-1024x575.jpg 1024w, https:\/\/aeronet.news\/wp-content\/uploads\/PutinOrbanHandshake-300x169.jpg 300w, https:\/\/aeronet.news\/wp-content\/uploads\/PutinOrbanHandshake-768x431.jpg 768w, https:\/\/aeronet.news\/wp-content\/uploads\/PutinOrbanHandshake-700x393.jpg 700w, https:\/\/aeronet.news\/wp-content\/uploads\/PutinOrbanHandshake-636x357.jpg 636w, https:\/\/aeronet.news\/wp-content\/uploads\/PutinOrbanHandshake-860x483.jpg 860w, https:\/\/aeronet.news\/wp-content\/uploads\/PutinOrbanHandshake.jpg 1280w\" alt=\"\" width=\"711\" height=\"399\" \/><\/a><figcaption class=\"wp-caption-text\">Tohle pod\u00e1n\u00ed si rukou vytvo\u0159ilo z Orb\u00e1na ter\u010d pro Brusel<\/figcaption><\/figure>\n<p>V Ma\u010farsku, kde jeho vl\u00e1da dlouhodob\u011b zd\u016fraz\u0148uje suverenitu a energetickou nez\u00e1vislost, se Zelensk\u00e9ho slova stala dal\u0161\u00edm d\u016fkazem, \u017ee Budape\u0161\u0165 by m\u011bla h\u00e1jit sv\u00e9 vlastn\u00ed z\u00e1jmy, a to i proti tlaku Bruselu. Na Slovensku, kde ned\u00e1vn\u00e9 volby uk\u00e1zaly rostouc\u00ed vliv stran kritick\u00fdch v\u016f\u010di ukrajinsk\u00e9 politice, m\u016f\u017ee tato ud\u00e1lost pos\u00edlit vol\u00e1n\u00ed po tvrd\u0161\u00edch akc\u00edch proti Ukrajin\u011b, kter\u00e1 byla od roku 2022 vn\u00edm\u00e1na jako ob\u011b\u0165, ale nov\u011b se transformuje do role doslova nep\u0159\u00edtele energetick\u00e9 bezpe\u010dnosti Slovenska.<\/p>\n<h3>Robert Fico se ji\u017e ter\u010dem Bruselu stal doslova, kdy\u017e na n\u011bho byl sp\u00e1ch\u00e1n atent\u00e1t. Kam a\u017e nakonec zajde nacifikace Evropy?<\/h3>\n<p>Ud\u00e1lost kolem hrozby Zelensk\u00e9ho v\u016f\u010di Ma\u010farsku v souvislosti s ropovodem Dru\u017eba jasn\u011b ukazuje, \u017ee existuj\u00ed hranice, kter\u00e9 nelze v diplomatick\u00e9 komunikaci p\u0159ekra\u010dovat. Energetick\u00e1 infrastruktura, na n\u00ed\u017e z\u00e1vis\u00ed miliony obyvatel, nesm\u00ed b\u00fdt p\u0159edm\u011btem politick\u00e9ho vyd\u00edr\u00e1n\u00ed.\u00a0<strong>V\u00fdrok, kter\u00fd by mohl b\u00fdt interpretov\u00e1n jako p\u0159ipravenost ohrozit \u017eivotn\u00ed z\u00e1jmy soused\u016f, je proto vn\u00edm\u00e1n jako naprosto nep\u0159\u00e1telsk\u00fd a jako projev prohlubuj\u00edc\u00edho se euronacismu v Evrop\u011b.<\/strong><\/p>\n<p>Zelensk\u00fd tohle ale nem\u00e1 ze sv\u00e9 hlavy. Pln\u00ed instrukce bruselsk\u00fdch euronacist\u016f a pokyny MI-6 z Lond\u00fdna. A po\u0161kozen\u00ed Slovenska a jeho energetiky je v podstat\u011b m\u00ed\u0159eno proti Ficovi, kter\u00fd je po Orb\u00e1novi druh\u00fdm ter\u010dem Bruselu, ale v tomto p\u0159\u00edpad\u011b ter\u010dem skute\u010dn\u00fdm, jak jsme vid\u011bli vloni p\u0159i atent\u00e1tu na Fica. Ta st\u0159elba byla d\u016fsledkem fa\u0161izace nejen euroliber\u00e1ln\u00ed slovensk\u00e9 ulice, ale p\u0159edev\u0161\u00edm cel\u00e9 Evropsk\u00e9 unie.<\/p>\n<figure id=\"attachment_62513\" class=\"wp-caption aligncenter\" style=\"width: 709px;\"><a href=\"https:\/\/aeronet.news\/wp-content\/uploads\/RobertFicoPutinHandshake.jpg\"><img decoding=\"async\" loading=\"lazy\" class=\"wp-image-62513 \" src=\"https:\/\/aeronet.news\/wp-content\/uploads\/RobertFicoPutinHandshake-1024x576.jpg\" sizes=\"(max-width: 700px) 100vw, 700px\" srcset=\"https:\/\/aeronet.news\/wp-content\/uploads\/RobertFicoPutinHandshake-1024x576.jpg 1024w, https:\/\/aeronet.news\/wp-content\/uploads\/RobertFicoPutinHandshake-300x169.jpg 300w, https:\/\/aeronet.news\/wp-content\/uploads\/RobertFicoPutinHandshake-768x432.jpg 768w, https:\/\/aeronet.news\/wp-content\/uploads\/RobertFicoPutinHandshake-700x394.jpg 700w, https:\/\/aeronet.news\/wp-content\/uploads\/RobertFicoPutinHandshake-635x357.jpg 635w, https:\/\/aeronet.news\/wp-content\/uploads\/RobertFicoPutinHandshake-859x483.jpg 859w, https:\/\/aeronet.news\/wp-content\/uploads\/RobertFicoPutinHandshake.jpg 1280w\" alt=\"\" width=\"709\" height=\"399\" \/><\/a><figcaption class=\"wp-caption-text\">A toto pod\u00e1n\u00ed rukou bylo vzkazem, \u017ee atent\u00e1t Fica nezastra\u0161il<\/figcaption><\/figure>\n<p>Ma\u010farsko i Slovensko maj\u00ed pln\u00e9 pr\u00e1vo br\u00e1nit sv\u00e9 energetick\u00e9 a n\u00e1rodn\u00ed z\u00e1jmy. A\u0165 u\u017e jde o ot\u00e1zku men\u0161inov\u00fdch pr\u00e1v, bezpe\u010dnosti nebo ekonomick\u00e9 stability, tyto st\u00e1ty nemohou akceptovat, aby jejich \u017eivotn\u00ed z\u00e1jmy byly zpochyb\u0148ov\u00e1ny hrozbami takov\u00fdch gr\u00e1zl\u016f jako je Zelensk\u00fd.<\/p>\n<p>Pokud Ukrajina skute\u010dn\u011b m\u00ed\u0159\u00ed do Evropsk\u00e9 unie, m\u011bla by prok\u00e1zat schopnost respektovat sousedy a v\u00e9st dialog zalo\u017een\u00fd na partnersk\u00e9m p\u0159\u00edstupu, ale od toho je Kyjev vzd\u00e1len na cel\u00e9 sv\u011bteln\u00e9 roky. V\u00fdroky, jak\u00e9 zazn\u011bly od Zelensk\u00e9ho, pouze potvrzuj\u00ed, \u017ee Ukrajina do EU v \u017e\u00e1dn\u00e9m p\u0159\u00edpad\u011b nepat\u0159\u00ed! A je pouze ot\u00e1zkou, jak dlouho bude trvat politik\u016fm, ne\u017e pochop\u00ed, \u017ee \u00fat\u011bk z EU je jedin\u00fdm \u0159e\u0161en\u00edm v\u0161ech sou\u010dasn\u00fdch existen\u010dn\u00edch probl\u00e9m\u016f v\u0161ech zem\u00ed v Evrop\u011b. A to je realita!<\/p>\n<p><a href=\"https:\/\/aeronet.news\/zelensky-definitivne-zesilel-a-pohrozil-madarsku-znicenim-ropovodu-druzba-pokud-budapest-neprestane-blokovat-vstup-ukrajiny-do-eu-madarska-diplomacie-oznacila-vyhruzku-za-akt\/\">-VK-<\/a><\/p>\n<p><img decoding=\"async\" loading=\"lazy\" class=\"wp-image-86134 aligncenter\" src=\"http:\/\/www.infokuryr.cz\/n\/wp-content\/uploads\/2025\/08\/volby10-212x300.png\" alt=\"\" width=\"710\" height=\"1005\" srcset=\"https:\/\/www.infokuryr.cz\/n\/wp-content\/uploads\/2025\/08\/volby10-212x300.png 212w, https:\/\/www.infokuryr.cz\/n\/wp-content\/uploads\/2025\/08\/volby10-724x1024.png 724w, https:\/\/www.infokuryr.cz\/n\/wp-content\/uploads\/2025\/08\/volby10-768x1086.png 768w, https:\/\/www.infokuryr.cz\/n\/wp-content\/uploads\/2025\/08\/volby10-1449x2048.png 1449w\" sizes=\"(max-width: 710px) 100vw, 710px\" \/><\/p>\n<p>&nbsp;<\/p>\n","protected":false},"excerpt":{"rendered":"<p>Zelensk\u00fd definitivn\u011b ze\u0161\u00edlel a pohrozil Ma\u010farsku zni\u010den\u00edm ropovodu Dru\u017eba, pokud Budape\u0161\u0165 nep\u0159estane blokovat vstup Ukrajiny&#8230;<\/p>\n","protected":false},"author":2,"featured_media":86490,"comment_status":"closed","ping_status":"closed","sticky":false,"template":"","format":"standard","meta":[],"categories":[6],"tags":[1042,3006,78,3008,26,1000],"_links":{"self":[{"href":"https:\/\/www.infokuryr.cz\/n\/wp-json\/wp\/v2\/posts\/86489"}],"collection":[{"href":"https:\/\/www.infokuryr.cz\/n\/wp-json\/wp\/v2\/posts"}],"about":[{"href":"https:\/\/www.infokuryr.cz\/n\/wp-json\/wp\/v2\/types\/post"}],"author":[{"embeddable":true,"href":"https:\/\/www.infokuryr.cz\/n\/wp-json\/wp\/v2\/users\/2"}],"replies":[{"embeddable":true,"href":"https:\/\/www.infokuryr.cz\/n\/wp-json\/wp\/v2\/comments?post=86489"}],"version-history":[{"count":0,"href":"https:\/\/www.infokuryr.cz\/n\/wp-json\/wp\/v2\/posts\/86489\/revisions"}],"wp:featuredmedia":[{"embeddable":true,"href":"https:\/\/www.infokuryr.cz\/n\/wp-json\/wp\/v2\/media\/86490"}],"wp:attachment":[{"href":"https:\/\/www.infokuryr.cz\/n\/wp-json\/wp\/v2\/media?parent=86489"}],"wp:term":[{"taxonomy":"category","embeddable":true,"href":"https:\/\/www.infokuryr.cz\/n\/wp-json\/wp\/v2\/categories?post=86489"},{"taxonomy":"post_tag","embeddable":true,"href":"https:\/\/www.infokuryr.cz\/n\/wp-json\/wp\/v2\/tags?post=86489"}],"curies":[{"name":"wp","href":"https:\/\/api.w.org\/{rel}","templated":true}]}}