{"id":86464,"date":"2025-08-27T00:22:23","date_gmt":"2025-08-26T22:22:23","guid":{"rendered":"https:\/\/www.infokuryr.cz\/n\/?p=86464"},"modified":"2025-08-26T13:39:15","modified_gmt":"2025-08-26T11:39:15","slug":"cizinci-mohou-ziskat-polske-obcanstvi-az-po-10-letech-namisto-3-podle-noveho-zakona-navrzeneho-prezidentem-nawrockim","status":"publish","type":"post","link":"https:\/\/www.infokuryr.cz\/n\/2025\/08\/27\/cizinci-mohou-ziskat-polske-obcanstvi-az-po-10-letech-namisto-3-podle-noveho-zakona-navrzeneho-prezidentem-nawrockim\/","title":{"rendered":"Cizinci mohou z\u00edskat polsk\u00e9 ob\u010danstv\u00ed a\u017e po 10 letech nam\u00edsto 3, podle nov\u00e9ho z\u00e1kona navr\u017een\u00e9ho prezidentem Nawrockim"},"content":{"rendered":"<div id=\"fb-root\"><\/div>\n<h3 class=\"s-tagline fw-tagline\"><span dir=\"auto\">Nov\u00fd z\u00e1kon by dramaticky prodlou\u017eil dobu pot\u0159ebnou k z\u00edsk\u00e1n\u00ed polsk\u00e9ho ob\u010danstv\u00ed a pro cizince ze zem\u00ed mimo EU by to mohlo trvat a\u017e 15 let<\/span><\/h3>\n<p><span dir=\"auto\">Polsk\u00fd prezident Karol Nawrocki se sna\u017e\u00ed dramaticky prodlou\u017eit dobu, po kterou mohou cizinci po\u017e\u00e1dat o polsk\u00e9 ob\u010danstv\u00ed, a to pomoc\u00ed nov\u00e9ho z\u00e1kona. Z\u00e1kon by cizinc\u016fm umo\u017enil z\u00edskat polsk\u00e9 ob\u010danstv\u00ed a\u017e 10 let po obdr\u017een\u00ed v\u00edza k trval\u00e9mu pobytu.<\/span><\/p>\n<p><span dir=\"auto\">To by v\u0161ak mohlo v\u00e9st k tomu, \u017ee cizinci ze zem\u00ed mimo EU budou muset na z\u00edsk\u00e1n\u00ed ob\u010danstv\u00ed \u010dekat a\u017e 15 let, jeliko\u017e z\u00edsk\u00e1n\u00ed v\u00edza k trval\u00e9mu pobytu obvykle trv\u00e1 t\u0159i a\u017e p\u011bt let.<\/span><\/p>\n<p><span dir=\"auto\">V projevu, v n\u011bm\u017e se zab\u00fdval sv\u00fdm ned\u00e1vn\u00fdm vetem nam\u00ed\u0159en\u00fdm proti \u0159ad\u011b nov\u00fdch z\u00e1kon\u016f, Nawrocki uvedl, \u017ee se chyst\u00e1 p\u0159edlo\u017eit n\u00e1vrh z\u00e1kona o ud\u011blov\u00e1n\u00ed ob\u010danstv\u00ed nejen \u201ehost\u016fm z Ukrajiny, ale i z jin\u00fdch region\u016f sv\u011bta, kte\u0159\u00ed p\u0159ij\u00ed\u017ed\u011bj\u00ed do Polska\u201c.<\/span><\/p>\n<p><span dir=\"auto\">Podle\u00a0<\/span><a href=\"https:\/\/tvn24.pl\/polska\/prezydent-karol-nawrocki-proponuje-projekt-ustawy-w-sprawie-wydluzenia-procesu-przyznawania-obywatelstwa-polskiego-st8614588\"><span dir=\"auto\">TVN 24<\/span><\/a><span dir=\"auto\">\u00a0poznamenal, \u017ee ud\u011blov\u00e1n\u00ed ob\u010danstv\u00ed je v\u00fdsadou prezidenta, \u201eproto uzn\u00e1v\u00e1m, \u017ee proces ud\u011blov\u00e1n\u00ed ob\u010danstv\u00ed by m\u011bl b\u00fdt prodlou\u017een ze t\u0159\u00ed na deset let a takov\u00fd n\u00e1vrh bude zahrnut do n\u00e1vrhu z\u00e1kona.\u201c<\/span><\/p>\n<p><span dir=\"auto\">\u201ePolsk\u00e9 ob\u010danstv\u00ed nen\u00ed jen velk\u00e1 \u010dest. N\u011bkdo, kdo polsk\u00e9 ob\u010danstv\u00ed z\u00edsk\u00e1, m\u00e1 tak\u00e9 vliv na budoucnost na\u0161\u00ed n\u00e1rodn\u00ed komunity, a to nejen na roky, ale na desetilet\u00ed, a mo\u017en\u00e1 i na generace,\u201c dodal.<\/span><\/p>\n<p><span dir=\"auto\">Tato zpr\u00e1va p\u0159ich\u00e1z\u00ed pot\u00e9, co Nawrocki vetoval novelu z\u00e1kona o pomoci ukrajinsk\u00fdm ob\u010dan\u016fm. Polsk\u00e1 vl\u00e1da se sna\u017eila prodlou\u017eit platnost z\u00e1kona, kter\u00fd poskytoval zdravotn\u00ed p\u00e9\u010di nezam\u011bstnan\u00fdm ukrajinsk\u00fdm uprchl\u00edk\u016fm a jejich d\u011btem. Uvedl, \u017ee nem\u016f\u017ee prodlou\u017eit soci\u00e1ln\u00ed d\u00e1vku, kter\u00e1 m\u00e1 vypr\u0161et v z\u00e1\u0159\u00ed, s argumentem, \u017ee by se m\u011bla vztahovat pouze na pracuj\u00edc\u00ed Ukrajince.<\/span><\/p>\n<p><span dir=\"auto\">Polsk\u00e9 noviny Rzeczpospolita na za\u010d\u00e1tku leto\u0161n\u00edho kv\u011btna psaly o n\u00e1vrhu strany Pr\u00e1vo a spravedlnost (PiS) na prodlou\u017een\u00ed doby pot\u0159ebn\u00e9 k z\u00edsk\u00e1n\u00ed polsk\u00e9ho ob\u010danstv\u00ed ze t\u0159\u00ed na deset let.<\/span><\/p>\n<p><span dir=\"auto\">\u201eV reakci na rostouc\u00ed imigraci, zejm\u00e9na ukrajinskou, chce strana PiS zv\u00fd\u0161it po\u017eadavky na cizince po vzoru jin\u00fdch evropsk\u00fdch zem\u00ed,\u201c napsal list a dodal, \u017ee \u201emy\u0161lenkou je prodlou\u017eit minim\u00e1ln\u00ed dobu nep\u0159eru\u0161en\u00e9ho pobytu v Polsku ze t\u0159\u00ed na deset let.\u201c<\/span><\/p>\n<p><span dir=\"auto\">Minul\u00fd m\u011bs\u00edc server Remix News\u00a0<\/span><a href=\"https:\/\/rmx.news\/poland\/mass-immigration-for-poland-it-wont-be-as-easy-as-paris-berlin-and-london\/\"><span dir=\"auto\">zve\u0159ejnil anal\u00fdzu<\/span><\/a><span dir=\"auto\">\u00a0, pro\u010d bude pro EU a polskou levici pravd\u011bpodobn\u011b obt\u00ed\u017en\u011bj\u0161\u00ed zav\u00e9st masovou imigraci v\u016f\u010di Pol\u00e1k\u016fm. Nawrockiho nov\u00fd z\u00e1kon je jasn\u00fdm znamen\u00edm, \u017ee boj za zaveden\u00ed otev\u0159en\u00fdch hranic pro Pol\u00e1ky m\u016f\u017ee b\u00fdt v\u00fdrazn\u011b obt\u00ed\u017en\u011bj\u0161\u00ed. Polsk\u00fd premi\u00e9r Donald Tusk by se mohl ocitnout v obt\u00ed\u017en\u00e9 situaci, pokud by se postavil proti Nawrockiho navrhovan\u00e9mu z\u00e1konu, proto\u017ee by pak mohl v t\u00e9to kl\u00ed\u010dov\u00e9 ot\u00e1zce p\u016fsobit m\u00edrn\u011b, zejm\u00e9na s bl\u00ed\u017e\u00edc\u00edmi se celost\u00e1tn\u00edmi volbami.<\/span><\/p>\n<p><img decoding=\"async\" loading=\"lazy\" class=\"alignnone size-full wp-image-1185\" src=\"http:\/\/www.infokuryr.cz\/n\/wp-content\/uploads\/2021\/04\/kuryr-podpis.png\" alt=\"\" width=\"84\" height=\"24\" \/><\/p>\n<p><img decoding=\"async\" loading=\"lazy\" class=\"wp-image-86134 aligncenter\" src=\"http:\/\/www.infokuryr.cz\/n\/wp-content\/uploads\/2025\/08\/volby10-212x300.png\" alt=\"\" width=\"632\" height=\"895\" srcset=\"https:\/\/www.infokuryr.cz\/n\/wp-content\/uploads\/2025\/08\/volby10-212x300.png 212w, https:\/\/www.infokuryr.cz\/n\/wp-content\/uploads\/2025\/08\/volby10-724x1024.png 724w, https:\/\/www.infokuryr.cz\/n\/wp-content\/uploads\/2025\/08\/volby10-768x1086.png 768w\" sizes=\"(max-width: 632px) 100vw, 632px\" \/><\/p>\n<p>&nbsp;<\/p>\n","protected":false},"excerpt":{"rendered":"<p>Nov\u00fd z\u00e1kon by dramaticky prodlou\u017eil dobu pot\u0159ebnou k z\u00edsk\u00e1n\u00ed polsk\u00e9ho ob\u010danstv\u00ed a pro cizince ze&#8230;<\/p>\n","protected":false},"author":2,"featured_media":79208,"comment_status":"closed","ping_status":"closed","sticky":false,"template":"","format":"standard","meta":[],"categories":[7],"tags":[1011,31,165],"_links":{"self":[{"href":"https:\/\/www.infokuryr.cz\/n\/wp-json\/wp\/v2\/posts\/86464"}],"collection":[{"href":"https:\/\/www.infokuryr.cz\/n\/wp-json\/wp\/v2\/posts"}],"about":[{"href":"https:\/\/www.infokuryr.cz\/n\/wp-json\/wp\/v2\/types\/post"}],"author":[{"embeddable":true,"href":"https:\/\/www.infokuryr.cz\/n\/wp-json\/wp\/v2\/users\/2"}],"replies":[{"embeddable":true,"href":"https:\/\/www.infokuryr.cz\/n\/wp-json\/wp\/v2\/comments?post=86464"}],"version-history":[{"count":0,"href":"https:\/\/www.infokuryr.cz\/n\/wp-json\/wp\/v2\/posts\/86464\/revisions"}],"wp:featuredmedia":[{"embeddable":true,"href":"https:\/\/www.infokuryr.cz\/n\/wp-json\/wp\/v2\/media\/79208"}],"wp:attachment":[{"href":"https:\/\/www.infokuryr.cz\/n\/wp-json\/wp\/v2\/media?parent=86464"}],"wp:term":[{"taxonomy":"category","embeddable":true,"href":"https:\/\/www.infokuryr.cz\/n\/wp-json\/wp\/v2\/categories?post=86464"},{"taxonomy":"post_tag","embeddable":true,"href":"https:\/\/www.infokuryr.cz\/n\/wp-json\/wp\/v2\/tags?post=86464"}],"curies":[{"name":"wp","href":"https:\/\/api.w.org\/{rel}","templated":true}]}}