{"id":86427,"date":"2025-08-26T06:11:56","date_gmt":"2025-08-26T04:11:56","guid":{"rendered":"https:\/\/www.infokuryr.cz\/n\/?p=86427"},"modified":"2025-08-26T06:11:56","modified_gmt":"2025-08-26T04:11:56","slug":"ukrajina-zavadi-ve-dvou-regionech-rezim-noseni-rousek-proti-covidu","status":"publish","type":"post","link":"https:\/\/www.infokuryr.cz\/n\/2025\/08\/26\/ukrajina-zavadi-ve-dvou-regionech-rezim-noseni-rousek-proti-covidu\/","title":{"rendered":"Ukrajina zav\u00e1d\u00ed ve dvou regionech re\u017eim no\u0161en\u00ed rou\u0161ek proti covidu"},"content":{"rendered":"<div id=\"fb-root\"><\/div>\n<h3>Zdravotnick\u00e9 org\u00e1ny hl\u00e1sily prudk\u00fd n\u00e1r\u016fst nov\u00fdch p\u0159\u00edpad\u016f viru kmeny \u201eNimbus\u201c a \u201eStratus\u201c<\/h3>\n<p><span dir=\"auto\">V nemocnic\u00edch ve dvou regionech Ukrajiny byla znovu zavedena povinnost no\u0161en\u00ed rou\u0161ek uprost\u0159ed n\u00e1r\u016fstu p\u0159\u00edpad\u016f onemocn\u011bn\u00ed covid-19.<\/span><\/p>\n<p><span dir=\"auto\">V pond\u011bl\u00ed v p\u0159\u00edsp\u011bvku na sv\u00e9m telegramov\u00e9m kan\u00e1lu ozn\u00e1mil p\u0159edseda region\u00e1ln\u00ed rady Rovn\u011b Andrej Karau\u0161 zaveden\u00ed rou\u0161ek ve velk\u00e9 m\u00edstn\u00ed nemocnici. Dodal, \u017ee dal\u0161\u00ed zdravotnick\u00e1 za\u0159\u00edzen\u00ed v z\u00e1padoukrajinsk\u00e9 oblasti budou v nadch\u00e1zej\u00edc\u00edch dnech zva\u017eovat povinn\u00e9 no\u0161en\u00ed rou\u0161ek.<\/span><\/p>\n<p><em><span dir=\"auto\">\u201eOd za\u010d\u00e1tku srpna bylo v regionu ofici\u00e1ln\u011b potvrzeno t\u00e9m\u011b\u0159 p\u016fl tis\u00edce p\u0159\u00edpad\u016f onemocn\u011bn\u00ed,\u201c<\/span><\/em><span dir=\"auto\">\u00a0ozn\u00e1mil Karau\u0161.<\/span><\/p>\n<p><span dir=\"auto\">N\u011bkolik telegramov\u00fdch kan\u00e1l\u016f a m\u00e9di\u00ed tak\u00e9 informovalo o zaveden\u00ed povinn\u00e9ho no\u0161en\u00ed rou\u0161ek v n\u011bkolika nemocnic\u00edch v Od\u011bsk\u00e9 oblasti a \u00fadajn\u00e9m omezen\u00ed n\u00e1v\u0161t\u011bv.<\/span><\/p>\n<p><span dir=\"auto\">Podle \u00fadaj\u016f koluj\u00edc\u00edch v m\u00e9di\u00edch bylo jen v Kyjev\u011b za posledn\u00ed t\u00fdden potvrzeno 1121 p\u0159\u00edpad\u016f covidu-19.<\/span><\/p>\n<p><span dir=\"auto\">Ukrajinsk\u00e9 ministerstvo zdravotnictv\u00ed za\u010d\u00e1tkem tohoto m\u011bs\u00edce uvedlo, \u017ee v zemi byly zji\u0161t\u011bny nov\u00e9 kmeny varianty Omicron \u201eNimbus\u201c a \u201eStratus\u201c.<\/span><\/p>\n<p><span dir=\"auto\">\u00dadajn\u011b jsou tyto kmeny p\u0159\u00ed\u010dinou rostouc\u00edho po\u010dtu p\u0159\u00edpad\u016f Covid-19 v n\u011bkolika zem\u00edch v posledn\u00edch n\u011bkolika t\u00fddnech, v\u010detn\u011b USA a Velk\u00e9 Brit\u00e1nie.<\/span><\/p>\n<p><span dir=\"auto\">Na vrcholu pandemie covidu-19 v letech 2020-2021 byla v mnoha zem\u00edch po cel\u00e9m sv\u011bt\u011b zavedena rozs\u00e1hl\u00e1 povinnost no\u0161en\u00ed rou\u0161ek. Mnoho st\u00e1t\u016f tak\u00e9 zah\u00e1jilo hromadn\u00e9 o\u010dkov\u00e1n\u00ed, n\u011bkter\u00e9 dokonce za\u0161ly a\u017e do povinn\u00e9ho o\u010dkov\u00e1n\u00ed. Ve velk\u00e9 v\u011bt\u0161in\u011b jurisdikc\u00ed byla od t\u00e9 doby drastick\u00e1 opat\u0159en\u00ed zru\u0161ena, proto\u017ee se zd\u00e1, \u017ee virus se v pr\u016fb\u011bhu \u010dasu stal m\u00e9n\u011b smrt\u00edc\u00edm.<\/span><\/p>\n<p><img decoding=\"async\" loading=\"lazy\" class=\"alignnone size-full wp-image-1185\" src=\"http:\/\/www.infokuryr.cz\/n\/wp-content\/uploads\/2021\/04\/kuryr-podpis.png\" alt=\"\" width=\"84\" height=\"24\" \/><\/p>\n<p><img decoding=\"async\" loading=\"lazy\" class=\"wp-image-86134 aligncenter\" src=\"http:\/\/www.infokuryr.cz\/n\/wp-content\/uploads\/2025\/08\/volby10-212x300.png\" alt=\"\" width=\"660\" height=\"934\" srcset=\"https:\/\/www.infokuryr.cz\/n\/wp-content\/uploads\/2025\/08\/volby10-212x300.png 212w, https:\/\/www.infokuryr.cz\/n\/wp-content\/uploads\/2025\/08\/volby10-724x1024.png 724w, https:\/\/www.infokuryr.cz\/n\/wp-content\/uploads\/2025\/08\/volby10-768x1086.png 768w, https:\/\/www.infokuryr.cz\/n\/wp-content\/uploads\/2025\/08\/volby10-1087x1536.png 1087w, https:\/\/www.infokuryr.cz\/n\/wp-content\/uploads\/2025\/08\/volby10-1449x2048.png 1449w, https:\/\/www.infokuryr.cz\/n\/wp-content\/uploads\/2025\/08\/volby10-1024x1447.png 1024w\" sizes=\"(max-width: 660px) 100vw, 660px\" \/><\/p>\n<p>&nbsp;<\/p>\n","protected":false},"excerpt":{"rendered":"<p>Zdravotnick\u00e9 org\u00e1ny hl\u00e1sily prudk\u00fd n\u00e1r\u016fst nov\u00fdch p\u0159\u00edpad\u016f viru kmeny \u201eNimbus\u201c a \u201eStratus\u201c V nemocnic\u00edch ve&#8230;<\/p>\n","protected":false},"author":2,"featured_media":86428,"comment_status":"closed","ping_status":"closed","sticky":false,"template":"","format":"standard","meta":[],"categories":[7],"tags":[98,26,579],"_links":{"self":[{"href":"https:\/\/www.infokuryr.cz\/n\/wp-json\/wp\/v2\/posts\/86427"}],"collection":[{"href":"https:\/\/www.infokuryr.cz\/n\/wp-json\/wp\/v2\/posts"}],"about":[{"href":"https:\/\/www.infokuryr.cz\/n\/wp-json\/wp\/v2\/types\/post"}],"author":[{"embeddable":true,"href":"https:\/\/www.infokuryr.cz\/n\/wp-json\/wp\/v2\/users\/2"}],"replies":[{"embeddable":true,"href":"https:\/\/www.infokuryr.cz\/n\/wp-json\/wp\/v2\/comments?post=86427"}],"version-history":[{"count":0,"href":"https:\/\/www.infokuryr.cz\/n\/wp-json\/wp\/v2\/posts\/86427\/revisions"}],"wp:featuredmedia":[{"embeddable":true,"href":"https:\/\/www.infokuryr.cz\/n\/wp-json\/wp\/v2\/media\/86428"}],"wp:attachment":[{"href":"https:\/\/www.infokuryr.cz\/n\/wp-json\/wp\/v2\/media?parent=86427"}],"wp:term":[{"taxonomy":"category","embeddable":true,"href":"https:\/\/www.infokuryr.cz\/n\/wp-json\/wp\/v2\/categories?post=86427"},{"taxonomy":"post_tag","embeddable":true,"href":"https:\/\/www.infokuryr.cz\/n\/wp-json\/wp\/v2\/tags?post=86427"}],"curies":[{"name":"wp","href":"https:\/\/api.w.org\/{rel}","templated":true}]}}