{"id":8641,"date":"2022-02-27T04:47:51","date_gmt":"2022-02-27T03:47:51","guid":{"rendered":"http:\/\/www.infokuryr.cz\/n\/?p=8641"},"modified":"2022-02-27T04:47:51","modified_gmt":"2022-02-27T03:47:51","slug":"imigranti-africkeho-puvodu-byvaji-casteji-zbaveni-americkeho-obcanstvi","status":"publish","type":"post","link":"https:\/\/www.infokuryr.cz\/n\/2022\/02\/27\/imigranti-africkeho-puvodu-byvaji-casteji-zbaveni-americkeho-obcanstvi\/","title":{"rendered":"Imigranti africk\u00e9ho p\u016fvodu b\u00fdvaj\u00ed \u010dast\u011bji zbaveni americk\u00e9ho ob\u010danstv\u00ed"},"content":{"rendered":"<div id=\"fb-root\"><\/div>\n<p>Americk\u00e1 kabelov\u00e1 televizn\u00ed spole\u010dnost CNN 23. \u00fanora uvedla, \u017ee podle pr\u016fzkumu b\u00fdvaj\u00ed imigranti africk\u00e9ho p\u016fvodu \u010dast\u011bji zbaveni americk\u00e9ho ob\u010danstv\u00ed ne\u017e b\u00edl\u00ed imigranti.<\/p>\n<p>V\u00fdzkumn\u00edci analyzovali v\u00edce ne\u017e 2 miliony \u017e\u00e1dost\u00ed o ob\u010danstv\u00ed podan\u00fdch obyvateli s trval\u00fdm pobytem ve Spojen\u00fdch st\u00e1tech v dob\u011b od \u0159\u00edjna roku 2014 do b\u0159ezna roku 2018 a zjistili rasov\u00e9 rozd\u00edly v tom, \u017ee \u017e\u00e1dosti imigrant\u016f africk\u00e9ho p\u016fvodu byly \u010dast\u011bji odm\u00edtnuty ne\u017e \u017e\u00e1dosti jin\u00fdch etnick\u00fdch skupin. Odborn\u00edci se domn\u00edvaj\u00ed, \u017ee rasismus proti imigrant\u016fm africk\u00e9ho p\u016fvodu je \u201ezako\u0159en\u011bn\u00fd\u201d v americk\u00e9m imigra\u010dn\u00edm syst\u00e9mu, stejn\u011b jako v americk\u00e9 kultu\u0159e a spole\u010dnosti.<\/p>\n<p><img decoding=\"async\" loading=\"lazy\" class=\"alignnone size-full wp-image-1185\" src=\"http:\/\/www.infokuryr.cz\/n\/wp-content\/uploads\/2021\/04\/kuryr-podpis.png\" alt=\"\" width=\"84\" height=\"24\" \/><\/p>\n<p>&nbsp;<\/p>\n","protected":false},"excerpt":{"rendered":"<p>Americk\u00e1 kabelov\u00e1 televizn\u00ed spole\u010dnost CNN 23. \u00fanora uvedla, \u017ee podle pr\u016fzkumu b\u00fdvaj\u00ed imigranti africk\u00e9ho p\u016fvodu&#8230;<\/p>\n","protected":false},"author":2,"featured_media":2097,"comment_status":"closed","ping_status":"closed","sticky":false,"template":"","format":"standard","meta":[],"categories":[7],"tags":[119,1955,37],"_links":{"self":[{"href":"https:\/\/www.infokuryr.cz\/n\/wp-json\/wp\/v2\/posts\/8641"}],"collection":[{"href":"https:\/\/www.infokuryr.cz\/n\/wp-json\/wp\/v2\/posts"}],"about":[{"href":"https:\/\/www.infokuryr.cz\/n\/wp-json\/wp\/v2\/types\/post"}],"author":[{"embeddable":true,"href":"https:\/\/www.infokuryr.cz\/n\/wp-json\/wp\/v2\/users\/2"}],"replies":[{"embeddable":true,"href":"https:\/\/www.infokuryr.cz\/n\/wp-json\/wp\/v2\/comments?post=8641"}],"version-history":[{"count":0,"href":"https:\/\/www.infokuryr.cz\/n\/wp-json\/wp\/v2\/posts\/8641\/revisions"}],"wp:featuredmedia":[{"embeddable":true,"href":"https:\/\/www.infokuryr.cz\/n\/wp-json\/wp\/v2\/media\/2097"}],"wp:attachment":[{"href":"https:\/\/www.infokuryr.cz\/n\/wp-json\/wp\/v2\/media?parent=8641"}],"wp:term":[{"taxonomy":"category","embeddable":true,"href":"https:\/\/www.infokuryr.cz\/n\/wp-json\/wp\/v2\/categories?post=8641"},{"taxonomy":"post_tag","embeddable":true,"href":"https:\/\/www.infokuryr.cz\/n\/wp-json\/wp\/v2\/tags?post=8641"}],"curies":[{"name":"wp","href":"https:\/\/api.w.org\/{rel}","templated":true}]}}