{"id":86390,"date":"2025-08-26T00:30:05","date_gmt":"2025-08-25T22:30:05","guid":{"rendered":"https:\/\/www.infokuryr.cz\/n\/?p=86390"},"modified":"2025-08-25T17:23:03","modified_gmt":"2025-08-25T15:23:03","slug":"neopravnena-demolice-vetrna-turbina-ve-vychodnim-frisku-shozena-traktory","status":"publish","type":"post","link":"https:\/\/www.infokuryr.cz\/n\/2025\/08\/26\/neopravnena-demolice-vetrna-turbina-ve-vychodnim-frisku-shozena-traktory\/","title":{"rendered":"Neopr\u00e1vn\u011bn\u00e1 demolice: V\u011btrn\u00e1 turb\u00edna ve V\u00fdchodn\u00edm Fr\u00edsku shozena traktory"},"content":{"rendered":"<div id=\"fb-root\"><\/div>\n<p><strong><span dir=\"auto\">9. srpna se v Krummh\u00f6rnu (okres Aurich, V\u00fdchodn\u00ed Fr\u00edsko)\u00a0<\/span><a href=\"https:\/\/www.msn.com\/de-de\/finanzen\/top-stories\/k%C3%BChe-schubsen-2-0-windrad-im-norden-mit-treckern-niedergerissen-beh%C3%B6rden-kritisieren-vorgehen-scharf\/ar-AA1KOwo7\"><span dir=\"auto\">spektakul\u00e1rn\u011b z\u0159\u00edtila<\/span><\/a><span dir=\"auto\">\u00a0v\u011btrn\u00e1 turb\u00edna : N\u011bkolik traktor\u016f strhlo ocelov\u00e9 monstrum k zemi. Video neobvykl\u00e9 demolice se okam\u017eit\u011b stalo vir\u00e1ln\u00edm a oslavuje se na soci\u00e1ln\u00edch s\u00edt\u00edch. Koment\u00e1\u0159e jako \u201eZbavte se toho!\u201c a \u201eTakhle to mus\u00ed b\u00fdt!\u201c jasn\u011b ukazuj\u00ed, \u017ee v\u011btrn\u00e1 energie, kterou chv\u00e1l\u00ed zelen\u00ed spekulanti, ztr\u00e1c\u00ed mezi obyvatelstvem st\u00e1le v\u011bt\u0161\u00ed podporu.<\/span><\/strong><\/p>\n<p><span dir=\"auto\">Z\u00e1b\u011bry t\u0159\u00ed traktor\u016f, kter\u00e9 bouraj\u00ed vy\u0159azenou v\u011btrnou turb\u00ednu z provozu, se ned\u00e1vno rychle roz\u0161\u00ed\u0159ily na soci\u00e1ln\u00edch s\u00edt\u00edch. Tato sc\u00e9na se online setkala s velk\u00fdm ohlasem: Nespolehlivost politicky podporovan\u00fdch turb\u00edn a masivn\u00ed pl\u00fdtv\u00e1n\u00ed pen\u011bzi da\u0148ov\u00fdch poplatn\u00edk\u016f na nepopul\u00e1rn\u00ed energetickou transformaci, kter\u00e1 pro obyvatelstvo a pr\u016fmysl nep\u0159in\u00e1\u0161\u00ed nic jin\u00e9ho ne\u017e exploduj\u00edc\u00ed n\u00e1klady, maj\u00ed dopad. V\u011btrn\u00e9 turb\u00edny ji\u017e nejsou popul\u00e1rn\u00ed. Zat\u00edmco ti, kdo na syst\u00e9mu spekuluj\u00ed, tuto technologii nad\u00e1le obhajuj\u00ed, rostouc\u00ed \u010d\u00e1st populace se na ni d\u00edv\u00e1 s velk\u00fdm skepticismem.<\/span><\/p>\n<figure class=\"wp-block-embed is-type-rich is-provider-twitter wp-block-embed-twitter\">\n<div class=\"wp-block-embed__wrapper\">\n<div class=\"twitter-tweet twitter-tweet-rendered\"><iframe id=\"twitter-widget-0\" class=\"\" title=\"X P\u0159\u00edsp\u011bvek\" src=\"https:\/\/platform.twitter.com\/embed\/Tweet.html?dnt=true&amp;embedId=twitter-widget-0&amp;features=eyJ0ZndfdGltZWxpbmVfbGlzdCI6eyJidWNrZXQiOltdLCJ2ZXJzaW9uIjpudWxsfSwidGZ3X2ZvbGxvd2VyX2NvdW50X3N1bnNldCI6eyJidWNrZXQiOnRydWUsInZlcnNpb24iOm51bGx9LCJ0ZndfdHdlZXRfZWRpdF9iYWNrZW5kIjp7ImJ1Y2tldCI6Im9uIiwidmVyc2lvbiI6bnVsbH0sInRmd19yZWZzcmNfc2Vzc2lvbiI6eyJidWNrZXQiOiJvbiIsInZlcnNpb24iOm51bGx9LCJ0ZndfZm9zbnJfc29mdF9pbnRlcnZlbnRpb25zX2VuYWJsZWQiOnsiYnVja2V0Ijoib24iLCJ2ZXJzaW9uIjpudWxsfSwidGZ3X21peGVkX21lZGlhXzE1ODk3Ijp7ImJ1Y2tldCI6InRyZWF0bWVudCIsInZlcnNpb24iOm51bGx9LCJ0ZndfZXhwZXJpbWVudHNfY29va2llX2V4cGlyYXRpb24iOnsiYnVja2V0IjoxMjA5NjAwLCJ2ZXJzaW9uIjpudWxsfSwidGZ3X3Nob3dfYmlyZHdhdGNoX3Bpdm90c19lbmFibGVkIjp7ImJ1Y2tldCI6Im9uIiwidmVyc2lvbiI6bnVsbH0sInRmd19kdXBsaWNhdGVfc2NyaWJlc190b19zZXR0aW5ncyI6eyJidWNrZXQiOiJvbiIsInZlcnNpb24iOm51bGx9LCJ0ZndfdXNlX3Byb2ZpbGVfaW1hZ2Vfc2hhcGVfZW5hYmxlZCI6eyJidWNrZXQiOiJvbiIsInZlcnNpb24iOm51bGx9LCJ0ZndfdmlkZW9faGxzX2R5bmFtaWNfbWFuaWZlc3RzXzE1MDgyIjp7ImJ1Y2tldCI6InRydWVfYml0cmF0ZSIsInZlcnNpb24iOm51bGx9LCJ0ZndfbGVnYWN5X3RpbWVsaW5lX3N1bnNldCI6eyJidWNrZXQiOnRydWUsInZlcnNpb24iOm51bGx9LCJ0ZndfdHdlZXRfZWRpdF9mcm9udGVuZCI6eyJidWNrZXQiOiJvbiIsInZlcnNpb24iOm51bGx9fQ%3D%3D&amp;frame=false&amp;hideCard=false&amp;hideThread=false&amp;id=1959146012737511483&amp;lang=cs&amp;origin=https%3A%2F%2Freport24.news%2Feigenmaechtiger-abriss-windrad-in-ostfriesland-von-traktoren-zu-fall-gebracht%2F&amp;sessionId=b8923e82b9e2d4546c7d92a1b72f634640703d2f&amp;theme=light&amp;widgetsVersion=2615f7e52b7e0%3A1702314776716&amp;width=550px\" frameborder=\"0\" scrolling=\"no\" allowfullscreen=\"allowfullscreen\" data-tweet-id=\"1959146012737511483\" data-mce-fragment=\"1\"><\/iframe><\/div>\n<\/div>\n<\/figure>\n<h3 id=\"h-konflikt-zwischen-landwirt-und-landkreis\" class=\"wp-block-heading\"><span dir=\"auto\">Konflikt mezi farm\u00e1\u0159em a okresem<\/span><\/h3>\n<p><span dir=\"auto\">Anonymn\u00ed farm\u00e1\u0159, na jeho\u017e pozemku se za\u0159\u00edzen\u00ed nach\u00e1zelo, m\u00e9di\u00edm zd\u016fraznil, \u017ee bylo z\u00edsk\u00e1no povolen\u00ed k demolici. Zda si neobvyklou demolici s\u00e1m objednal, ponechal otev\u0159enou ot\u00e1zku. Povolen\u00ed ka\u017edop\u00e1dn\u011b stanovovalo pouze demolici, nikoli zp\u016fsob. Uvedl zna\u010dn\u00fd tlak ze strany okresu Aurich: V minulosti se mezi provozovateli a okresem n\u011bkolikr\u00e1t pokazilo a tlak na jeho rodinu se neust\u00e1le zvy\u0161oval.<\/span><\/p>\n<p><span dir=\"auto\">Obvod je zase demolic\u00ed pobou\u0159en: Povolen\u00ed vypr\u0161elo, proto\u017ee za\u0159\u00edzen\u00ed prokazateln\u011b t\u0159i roky ne\u010dinn\u011b st\u00e1lo. Iniciativa lid\u00ed, kte\u0159\u00ed ho cht\u011bli kone\u010dn\u011b odstranit, se nesetkala s kladn\u00fdm ohlasem: demolice nebyla provedena ani profesion\u00e1ln\u011b, ani bezpe\u010dn\u011b.<\/span><\/p>\n<p><span dir=\"auto\">Farm\u00e1\u0159 s t\u00edm z\u00e1sadn\u011b nesouhlas\u00ed: V\u011btrn\u00e1 turb\u00edna byla \u201evypu\u0161t\u011bna\u201c a v\u0161echny provozn\u00ed kapaliny byly vypu\u0161t\u011bny. Nevznikla tedy \u017e\u00e1dn\u00e1 \u0161koda na \u017eivotn\u00edm prost\u0159ed\u00ed. Podporuj\u00ed ho i dal\u0161\u00ed farm\u00e1\u0159i: Podle \u201e\u00a0<\/span><a href=\"https:\/\/www.topagrar.com\/betriebsleitung\/news\/windenergieanlage-mit-schlepper-abgerissen-kreis-kundigt-verfahren-an-20017271.html\" target=\"_blank\" rel=\"noreferrer noopener\"><span dir=\"auto\">top agrar<\/span><\/a><span dir=\"auto\">\u00a0\u201c si zem\u011bd\u011blsk\u00fd sektor klade ot\u00e1zku, pro\u010d p\u00e1d v\u011b\u017ee vyvol\u00e1v\u00e1 takov\u00e9 debaty. Pron\u00e1jem je\u0159\u00e1bu stoj\u00ed kolem 10 000 eur denn\u011b. Jeho p\u0159esun traktorem je snadn\u00fd a n\u00e1kladov\u011b efektivn\u00ed \u2013 zejm\u00e9na proto, \u017ee se bouraj\u00ed i v\u011b\u017ee pr\u016fmyslov\u00fdch z\u00e1vod\u016f, kde se potenci\u00e1ln\u011b uvol\u0148uje mnohem v\u00edce zne\u010di\u0161\u0165uj\u00edc\u00edch l\u00e1tek.<\/span><\/p>\n<h3 id=\"h-landkreis-ruft-polizei-auf-den-plan\" class=\"wp-block-heading\"><span dir=\"auto\">Okres vol\u00e1 policii<\/span><\/h3>\n<p><span dir=\"auto\">Okres tak\u00e9 na\u0159\u00eddil odstran\u011bn\u00ed suti a sanaci p\u016fdy. Farm\u00e1\u0159 v\u0161ak\u00a0<\/span><a href=\"https:\/\/www.noz.de\/deutschland-welt\/niedersachsen\/artikel\/krummhoern-illegaler-abbau-der-umgefahrenen-windkraftanlage-49165654\" target=\"_blank\" rel=\"noreferrer noopener\"><span dir=\"auto\">\u00fadajn\u011b<\/span><\/a><span dir=\"auto\">\u00a0trv\u00e1 na tom, \u017ee za\u0159\u00edzen\u00ed, kter\u00e9 se nach\u00e1z\u00ed na poli, kter\u00e9 obd\u011bl\u00e1v\u00e1, pat\u0159\u00ed jemu. 14. srpna uvedl, \u017ee zat\u00edm nev\u00ed, jak rychle jej dok\u00e1\u017ee demontovat. Uvedl, \u017ee suroviny by m\u011bly b\u00fdt v ka\u017ed\u00e9m p\u0159\u00edpad\u011b \u0159\u00e1dn\u011b recyklov\u00e1ny.<\/span><\/p>\n<p><span dir=\"auto\">Zat\u00edmco se \u00fa\u0159ady dohaduj\u00ed o odpov\u011bdnosti, video u\u017e d\u00e1vno zanechalo na internetu sv\u016fj dopad. Koment\u00e1\u0159e odr\u00e1\u017eej\u00ed obrovskou frustraci mnoha ob\u010dan\u016f z p\u0159echodu na zelenou energii. V\u011btrn\u00e1 turb\u00edna, kter\u00e1 l\u00e9ta zbyte\u010dn\u011b blokovala pole a jej\u00ed\u017e demolice nyn\u00ed pobou\u0159ila politiky, stoj\u00ed jako smutn\u00fd symbol technologie, kterou chv\u00e1l\u00ed jen ti, kte\u0159\u00ed na n\u00ed vyd\u011bl\u00e1vaj\u00ed.<\/span><\/p>\n<p><img decoding=\"async\" loading=\"lazy\" class=\"alignnone size-full wp-image-1185\" src=\"http:\/\/www.infokuryr.cz\/n\/wp-content\/uploads\/2021\/04\/kuryr-podpis.png\" alt=\"\" width=\"84\" height=\"24\" \/><\/p>\n<p><img decoding=\"async\" loading=\"lazy\" class=\"wp-image-86134 aligncenter\" src=\"http:\/\/www.infokuryr.cz\/n\/wp-content\/uploads\/2025\/08\/volby10-212x300.png\" alt=\"\" width=\"682\" height=\"965\" srcset=\"https:\/\/www.infokuryr.cz\/n\/wp-content\/uploads\/2025\/08\/volby10-212x300.png 212w, https:\/\/www.infokuryr.cz\/n\/wp-content\/uploads\/2025\/08\/volby10-724x1024.png 724w, https:\/\/www.infokuryr.cz\/n\/wp-content\/uploads\/2025\/08\/volby10-768x1086.png 768w, https:\/\/www.infokuryr.cz\/n\/wp-content\/uploads\/2025\/08\/volby10-1087x1536.png 1087w, https:\/\/www.infokuryr.cz\/n\/wp-content\/uploads\/2025\/08\/volby10-1449x2048.png 1449w, https:\/\/www.infokuryr.cz\/n\/wp-content\/uploads\/2025\/08\/volby10-1024x1447.png 1024w\" sizes=\"(max-width: 682px) 100vw, 682px\" \/><\/p>\n<p>&nbsp;<\/p>\n","protected":false},"excerpt":{"rendered":"<p>9. srpna se v Krummh\u00f6rnu (okres Aurich, V\u00fdchodn\u00ed Fr\u00edsko)\u00a0spektakul\u00e1rn\u011b z\u0159\u00edtila\u00a0v\u011btrn\u00e1 turb\u00edna : N\u011bkolik traktor\u016f strhlo&#8230;<\/p>\n","protected":false},"author":2,"featured_media":86391,"comment_status":"closed","ping_status":"closed","sticky":false,"template":"","format":"standard","meta":[],"categories":[7],"tags":[7075,2739,84,6298],"_links":{"self":[{"href":"https:\/\/www.infokuryr.cz\/n\/wp-json\/wp\/v2\/posts\/86390"}],"collection":[{"href":"https:\/\/www.infokuryr.cz\/n\/wp-json\/wp\/v2\/posts"}],"about":[{"href":"https:\/\/www.infokuryr.cz\/n\/wp-json\/wp\/v2\/types\/post"}],"author":[{"embeddable":true,"href":"https:\/\/www.infokuryr.cz\/n\/wp-json\/wp\/v2\/users\/2"}],"replies":[{"embeddable":true,"href":"https:\/\/www.infokuryr.cz\/n\/wp-json\/wp\/v2\/comments?post=86390"}],"version-history":[{"count":0,"href":"https:\/\/www.infokuryr.cz\/n\/wp-json\/wp\/v2\/posts\/86390\/revisions"}],"wp:featuredmedia":[{"embeddable":true,"href":"https:\/\/www.infokuryr.cz\/n\/wp-json\/wp\/v2\/media\/86391"}],"wp:attachment":[{"href":"https:\/\/www.infokuryr.cz\/n\/wp-json\/wp\/v2\/media?parent=86390"}],"wp:term":[{"taxonomy":"category","embeddable":true,"href":"https:\/\/www.infokuryr.cz\/n\/wp-json\/wp\/v2\/categories?post=86390"},{"taxonomy":"post_tag","embeddable":true,"href":"https:\/\/www.infokuryr.cz\/n\/wp-json\/wp\/v2\/tags?post=86390"}],"curies":[{"name":"wp","href":"https:\/\/api.w.org\/{rel}","templated":true}]}}