{"id":86387,"date":"2025-08-26T00:27:05","date_gmt":"2025-08-25T22:27:05","guid":{"rendered":"https:\/\/www.infokuryr.cz\/n\/?p=86387"},"modified":"2025-08-26T04:55:42","modified_gmt":"2025-08-26T02:55:42","slug":"drazdany-migranti-napadli-americana-za-ochranu-zen-kde-je-zakon","status":"publish","type":"post","link":"https:\/\/www.infokuryr.cz\/n\/2025\/08\/26\/drazdany-migranti-napadli-americana-za-ochranu-zen-kde-je-zakon\/","title":{"rendered":"Dr\u00e1\u017e\u010fany: Migranti napadli Ameri\u010dana za ochranu \u017een \u2013 \u201eKde je z\u00e1kon?\u201c"},"content":{"rendered":"<div id=\"fb-root\"><\/div>\n<div class=\"elementor-element elementor-element-ce0c00d articlestyle elementor-widget elementor-widget-theme-post-content\" data-id=\"ce0c00d\" data-element_type=\"widget\" data-widget_type=\"theme-post-content.default\">\n<div class=\"elementor-widget-container\">\n<p><strong><span dir=\"auto\">Kdy\u017e v ned\u011bli ve\u010der skupina mu\u017e\u016f obt\u011b\u017eovala dv\u011b \u017eeny ve vlaku dr\u00e1\u017e\u010fansk\u00e9 metra S-Bahn, 21let\u00fd Ameri\u010dan odv\u00e1\u017en\u011b zas\u00e1hl \u2013 s v\u00e1\u017en\u00fdmi n\u00e1sledky. Mlad\u00edk utrp\u011bl \u0159ezn\u00e9 r\u00e1ny v obli\u010deji a byl hospitalizov\u00e1n. Policie zatkla podez\u0159el\u00e9ho Sy\u0159ana, ale rychle ho propustila. \u00dato\u010dn\u00edk je st\u00e1le\u00a0<\/span><a href=\"https:\/\/www.mopo.de\/news\/panorama\/messerattacke-in-dresden-sorgt-in-den-usa-fuer-aufsehen-taeter-auf-der-flucht\/\"><span dir=\"auto\">na \u00fat\u011bku<\/span><\/a><span dir=\"auto\">\u00a0. Hrdina, kter\u00fd \u017eeny br\u00e1nil, nyn\u00ed ve videu rozeb\u00edr\u00e1 n\u011bmeckou migra\u010dn\u00ed politiku.<\/span><\/strong><\/p>\n<p><span dir=\"auto\">Tramvaj pr\u00e1v\u011b zastavila na zast\u00e1vce: Dva migranti obt\u011b\u017eovali \u017eeny ze skupiny, co\u017e p\u0159im\u011blo 21let\u00e9ho americk\u00e9ho ob\u010dana k z\u00e1sahu. Okam\u017eit\u011b byl napaden a utrp\u011bl o\u0161kliv\u00e9 \u0159ezn\u00e9 r\u00e1ny v obli\u010deji.<\/span><\/p>\n<p><span dir=\"auto\">Pachatel\u00e9 uprchli. Policie pozd\u011bji zadr\u017eela jednoho Sy\u0159ana, ale brzy ho propustila zp\u011bt do obce, proto\u017ee dr\u00e1\u017e\u010fansk\u00e9 st\u00e1tn\u00ed zastupitelstv\u00ed neshledalo d\u016fvody k zat\u010den\u00ed. Prob\u00edh\u00e1 vy\u0161et\u0159ov\u00e1n\u00ed, v\u010detn\u011b obvin\u011bn\u00ed z t\u011b\u017ek\u00e9ho ubl\u00ed\u017een\u00ed na zdrav\u00ed, proti tomuto migrantovi a dal\u0161\u00edmu podez\u0159el\u00e9mu, kter\u00fd je st\u00e1le na \u00fat\u011bku. P\u0159edpokl\u00e1d\u00e1 se, \u017ee dosud neidentifikovan\u00fd uprchl\u00edk je ten, kdo Ameri\u010dana napadl no\u017eem.<\/span><\/p>\n<p><span dir=\"auto\">Brut\u00e1ln\u00ed \u00fatok se dostal na tituln\u00ed str\u00e1nky novin i v USA \u2013 p\u0159esto\u017ee je vra\u017eedn\u00e1 a nelidsk\u00e1 migra\u010dn\u00ed politika N\u011bmecka ji\u017e po cel\u00e9m sv\u011bt\u011b zn\u00e1m\u00e1 jako negativn\u00ed p\u0159\u00edklad. Mezit\u00edm se z nemocnice ozval i zran\u011bn\u00fd Ameri\u010dan. S krvav\u00fdm obvazem na obli\u010deji ni\u010d\u00ed n\u011bmeckou migra\u010dn\u00ed politiku. Hrdina se jmenuje John Rudat: Podle jeho\u00a0<\/span><a href=\"https:\/\/www.instagram.com\/john.rudat\/\" target=\"_blank\" rel=\"noreferrer noopener\"><span dir=\"auto\">instagramov\u00e9ho profilu<\/span><\/a><span dir=\"auto\"> je z\u00e1chran\u00e1\u0159em a modelem. Zb\u00fdv\u00e1 doufat, \u017ee jizvy po jeho hrdinsk\u00e9m \u010dinu nepo\u0161kod\u00ed jeho kari\u00e9ru. V sou\u010dasn\u00e9 dob\u011b dost\u00e1v\u00e1 \u0159adu p\u0159\u00e1n\u00ed k uzdraven\u00ed, mimo jin\u00e9 i z N\u011bmecka.<\/span><\/p>\n<p><span dir=\"auto\">Sv\u00e9 video za\u010d\u00edn\u00e1 informacemi pro v\u0161echny, kte\u0159\u00ed si mysl\u00ed, \u017ee Evropa, a zejm\u00e9na N\u011bmecko, nem\u00e1 probl\u00e9m s migrac\u00ed. Hovo\u0159\u00ed o tom, \u017ee syrsk\u00fd mu\u017e, kter\u00e9ho mezit\u00edm zatkla policie, je propu\u0161t\u011bn: Mu\u017e nen\u00ed n\u011bmeck\u00fdm ob\u010danem, nen\u00ed ob\u010danem EU, nepat\u0159\u00ed sem, ale je to neleg\u00e1ln\u00ed imigrant, drogov\u00fd dealer zn\u00e1m\u00fd policii. A nen\u00ed to poprv\u00e9, co k takov\u00e9mu zlo\u010dinu do\u0161lo.<\/span><\/p>\n<p><span dir=\"auto\">Pt\u00e1 se: Pokud je migrant\u016fm dovoleno d\u011blat tohle N\u011bmc\u016fm, jen aby byli po 12 hodin\u00e1ch propu\u0161t\u011bni, kde je z\u00e1kon, kde je struktura? Pokud jsou N\u011bmci t\u00edmto z\u00e1konem v\u00e1z\u00e1ni, ale tito lid\u00e9 mohou jen tak p\u0159ij\u00edt, m\u00e1vat no\u017ei, zra\u0148ovat, zneu\u017e\u00edvat, terorizovat a utla\u010dovat n\u011bmeck\u00e9 ob\u010dany&#8230;\u00a0<\/span><em><span dir=\"auto\">Co d\u011bl\u00e1me?<\/span><\/em><\/p>\n<p><span dir=\"auto\">Vykresluje tak obraz st\u00e1tu bez pr\u00e1vn\u00edho st\u00e1tu, jeho\u017e z\u00e1kony plat\u00ed pouze pro obyvatelstvo \u2013 pro ty, kte\u0159\u00ed ji\u017e nejsou st\u00e1tem nijak chr\u00e1n\u011bni a kte\u0159\u00ed jsou bezbrann\u011b vyd\u00e1ni na milost a nemilost \u00fato\u010dn\u00edk\u016f z \u0159ad migrant\u016f. Masivn\u00ed reakce na jeho slova na soci\u00e1ln\u00edch s\u00edt\u00edch ukazuje, \u017ee tento obraz v \u017e\u00e1dn\u00e9m p\u0159\u00edpad\u011b nen\u00ed nere\u00e1ln\u00fd. Novin\u00e1\u0159ka Anabel Schunke\u00a0<\/span><a href=\"https:\/\/x.com\/ainyrockstar\/status\/1959589559420735939\" target=\"_blank\" rel=\"noreferrer noopener\"><span dir=\"auto\">sd\u00edlela video<\/span><\/a><span dir=\"auto\">\u00a0na sv\u00fdch kan\u00e1lech soci\u00e1ln\u00edch m\u00e9di\u00ed a od t\u00e9 doby koluje po cel\u00e9m sv\u011bt\u011b, zejm\u00e9na na americk\u00fdch kan\u00e1lech. \u201eN\u011bmecko je ni\u010deno,\u201c komentovali n\u011bkte\u0159\u00ed. Drastick\u00e1 slova, ale setkala se s uzn\u00e1n\u00edm.<\/span><\/p>\n<p><span dir=\"auto\">Jedin\u00e9, co z\u016fst\u00e1v\u00e1 zcela nedot\u010deno, je n\u011bmeck\u00e1 vl\u00e1da, v\u010detn\u011b kartelu star\u00fdch stran, kter\u00e1 pr\u00e1v\u011b tyto podm\u00ednky propaguje a je p\u0159ekvapena rostouc\u00edm opovr\u017een\u00edm, kter\u00e9 k n\u00ed c\u00edt\u00ed nejen mnoho N\u011bmc\u016f, ale i lid\u00e9 na cel\u00e9m sv\u011bt\u011b.<\/span><\/p>\n<\/div>\n<\/div>\n<div class=\"elementor-element elementor-element-ef8547e elementor-widget elementor-widget-shortcode\" data-id=\"ef8547e\" data-element_type=\"widget\" data-widget_type=\"shortcode.default\">\n<div class=\"elementor-widget-container\">\n<div class=\"elementor-shortcode\">\n<div class=\"cadblock hidemobile\" data-taxes=\"-1\" data-pos=\"main\" data-num=\"1\">\n<div class=\"cxt\">\n<p><span dir=\"auto\">\u201eJ\u00e1\u201c je politicky vy\u0161l\u00e9 z m\u00f3dy. Ka\u017ed\u00fd, kdo vyzn\u00e1v\u00e1 individu\u00e1ln\u00ed svobodu jako ide\u00e1l, je rychle podez\u0159el\u00fd z bezohledn\u00e9ho egoismu.<\/span><\/p>\n<p><img decoding=\"async\" loading=\"lazy\" class=\"alignnone size-full wp-image-1185\" src=\"http:\/\/www.infokuryr.cz\/n\/wp-content\/uploads\/2021\/04\/kuryr-podpis.png\" alt=\"\" width=\"84\" height=\"24\" \/><\/p>\n<p><img decoding=\"async\" loading=\"lazy\" class=\"wp-image-86134 aligncenter\" src=\"http:\/\/www.infokuryr.cz\/n\/wp-content\/uploads\/2025\/08\/volby10-212x300.png\" alt=\"\" width=\"661\" height=\"935\" srcset=\"https:\/\/www.infokuryr.cz\/n\/wp-content\/uploads\/2025\/08\/volby10-212x300.png 212w, https:\/\/www.infokuryr.cz\/n\/wp-content\/uploads\/2025\/08\/volby10-724x1024.png 724w, https:\/\/www.infokuryr.cz\/n\/wp-content\/uploads\/2025\/08\/volby10-768x1086.png 768w, https:\/\/www.infokuryr.cz\/n\/wp-content\/uploads\/2025\/08\/volby10-1087x1536.png 1087w, https:\/\/www.infokuryr.cz\/n\/wp-content\/uploads\/2025\/08\/volby10-1449x2048.png 1449w, https:\/\/www.infokuryr.cz\/n\/wp-content\/uploads\/2025\/08\/volby10-1024x1447.png 1024w\" sizes=\"(max-width: 661px) 100vw, 661px\" \/><\/p>\n<p>&nbsp;<\/p>\n<\/div>\n<\/div>\n<\/div>\n<\/div>\n<\/div>\n","protected":false},"excerpt":{"rendered":"<p>Kdy\u017e v ned\u011bli ve\u010der skupina mu\u017e\u016f obt\u011b\u017eovala dv\u011b \u017eeny ve vlaku dr\u00e1\u017e\u010fansk\u00e9 metra S-Bahn, 21let\u00fd&#8230;<\/p>\n","protected":false},"author":2,"featured_media":86388,"comment_status":"closed","ping_status":"closed","sticky":false,"template":"","format":"standard","meta":[],"categories":[7],"tags":[2753,551,1300,84,1322],"_links":{"self":[{"href":"https:\/\/www.infokuryr.cz\/n\/wp-json\/wp\/v2\/posts\/86387"}],"collection":[{"href":"https:\/\/www.infokuryr.cz\/n\/wp-json\/wp\/v2\/posts"}],"about":[{"href":"https:\/\/www.infokuryr.cz\/n\/wp-json\/wp\/v2\/types\/post"}],"author":[{"embeddable":true,"href":"https:\/\/www.infokuryr.cz\/n\/wp-json\/wp\/v2\/users\/2"}],"replies":[{"embeddable":true,"href":"https:\/\/www.infokuryr.cz\/n\/wp-json\/wp\/v2\/comments?post=86387"}],"version-history":[{"count":0,"href":"https:\/\/www.infokuryr.cz\/n\/wp-json\/wp\/v2\/posts\/86387\/revisions"}],"wp:featuredmedia":[{"embeddable":true,"href":"https:\/\/www.infokuryr.cz\/n\/wp-json\/wp\/v2\/media\/86388"}],"wp:attachment":[{"href":"https:\/\/www.infokuryr.cz\/n\/wp-json\/wp\/v2\/media?parent=86387"}],"wp:term":[{"taxonomy":"category","embeddable":true,"href":"https:\/\/www.infokuryr.cz\/n\/wp-json\/wp\/v2\/categories?post=86387"},{"taxonomy":"post_tag","embeddable":true,"href":"https:\/\/www.infokuryr.cz\/n\/wp-json\/wp\/v2\/tags?post=86387"}],"curies":[{"name":"wp","href":"https:\/\/api.w.org\/{rel}","templated":true}]}}