{"id":86365,"date":"2025-08-26T00:23:34","date_gmt":"2025-08-25T22:23:34","guid":{"rendered":"https:\/\/www.infokuryr.cz\/n\/?p=86365"},"modified":"2025-08-25T13:38:35","modified_gmt":"2025-08-25T11:38:35","slug":"v-africkem-state-zachraneny-desitky-rukojmich","status":"publish","type":"post","link":"https:\/\/www.infokuryr.cz\/n\/2025\/08\/26\/v-africkem-state-zachraneny-desitky-rukojmich\/","title":{"rendered":"V africk\u00e9m st\u00e1t\u011b zachr\u00e1n\u011bny des\u00edtky rukojm\u00edch"},"content":{"rendered":"<div id=\"fb-root\"><\/div>\n<p><strong>Nigerijsk\u00e9 \u00fa\u0159ady uvedly, \u017ee ob\u011bti byly minul\u00fd t\u00fdden uneseny p\u0159i smrt\u00edc\u00edm \u00fatoku na me\u0161itu ve st\u00e1t\u011b Katsina<\/strong><\/p>\n<p><span dir=\"auto\">Nejm\u00e9n\u011b 76 ob\u011bt\u00ed \u00fanos\u016f, v\u010detn\u011b \u017een a d\u011bt\u00ed, bylo zachr\u00e1n\u011bno nigerijsk\u00fdm letectvem (NAF) po p\u0159esn\u00e9m leteck\u00e9m \u00faderu na \u00fakryt nechvaln\u011b zn\u00e1m\u00e9ho bandity v severoz\u00e1padn\u00edm st\u00e1t\u011b Katsina, ozn\u00e1mily \u00fa\u0159ady v nejlidnat\u011bj\u0161\u00ed africk\u00e9 zemi.<\/span><\/p>\n<p><span dir=\"auto\">\u00datoky v sobotu na kopci Pauwa v m\u00edstn\u00ed samospr\u00e1vn\u00e9 oblasti Kankara se zam\u011b\u0159ily na v\u016fdce gangu zn\u00e1m\u00e9ho jako Babaro, kter\u00fd minul\u00fd t\u00fdden provedl smrt\u00edc\u00ed \u00fatok na me\u0161itu ve m\u011bst\u011b Malumfashi, uvedlo ve sv\u00e9m prohl\u00e1\u0161en\u00ed ministerstvo vnit\u0159n\u00ed bezpe\u010dnosti st\u00e1tu Katsina.<\/span><\/p>\n<p><span dir=\"auto\">Podle ministerstva mezi zachr\u00e1n\u011bn\u00fdmi ob\u011b\u0165mi byli v\u0161ichni unesen\u00ed b\u011bhem \u00fatoku na me\u0161itu, p\u0159i kter\u00e9m zahynulo nejm\u00e9n\u011b 50 lid\u00ed.<\/span><\/p>\n<p><em><span dir=\"auto\">\u201eNicm\u00e9n\u011b s politov\u00e1n\u00edm konstatujeme, \u017ee b\u011bhem t\u00e9to t\u011b\u017ek\u00e9 ud\u00e1losti tragicky p\u0159i\u0161lo o \u017eivot jedno d\u00edt\u011b,\u201c<\/span><\/em><span dir=\"auto\">\u00a0ozn\u00e1mila organizace.<\/span><\/p>\n<p><span dir=\"auto\">Tato z\u00e1padoafrick\u00e1 zem\u011b se dlouhodob\u011b pot\u00fdk\u00e1 s \u00fanosy p\u00e1chan\u00fdmi zlo\u010dineck\u00fdmi gangy a teroristick\u00fdmi skupinami, zejm\u00e9na v severoz\u00e1padn\u00edch a severo-centr\u00e1ln\u00edch oblastech. Takov\u00e9 \u00fatoky v posledn\u00edch m\u011bs\u00edc\u00edch prudce vzrostly a navzdory vl\u00e1dn\u00edm bezpe\u010dnostn\u00edm opat\u0159en\u00edm, kter\u00e1 zahrnuj\u00ed rutinn\u00ed arm\u00e1dn\u00ed bombardovac\u00ed n\u00e1lety proti teroristick\u00fdm skupin\u00e1m.<\/span><\/p>\n<p><span dir=\"auto\">Za\u010d\u00e1tkem tohoto m\u011bs\u00edce bylo nejm\u00e9n\u011b 45 \u017een a d\u011bt\u00ed uneseno, kdy\u017e ozbrojen\u00ed mu\u017ei v noci vpadli do p\u011bti vesnic ve st\u00e1t\u011b Zamfara. N\u011bkolik dn\u00ed p\u0159edt\u00edm ozbrojenci na motork\u00e1ch zabili 11 lid\u00ed a 70 dal\u0161\u00edch zajali v Sabongarin Damri, co\u017e m\u00edstn\u00ed m\u00e9dia ozna\u010dila za nejv\u011bt\u0161\u00ed \u00fanos v tomto roce.<\/span><\/p>\n<p><span dir=\"auto\">Koncem \u010dervence bylo 38 lid\u00ed odveden\u00fdch z vesnice Banga, rovn\u011b\u017e v Zamfar\u011b, zabito \u00fanosci, a to i p\u0159es v\u00fdkupn\u00e9 ve v\u00fd\u0161i v\u00edce ne\u017e 50 milion\u016f nair (asi 33 000 dolar\u016f).<\/span><\/p>\n<p><span dir=\"auto\">V sobotu komisa\u0159 pro vnit\u0159n\u00ed bezpe\u010dnost st\u00e1tu Katsina N\u00e1sir Mu&#8217;azu uvedl, \u017ee leteck\u00fd \u00fatok NAF byl\u00a0<\/span><em><span dir=\"auto\">\u201esou\u010d\u00e1st\u00ed \u0161ir\u0161\u00ed strategie k rozbit\u00ed krimin\u00e1ln\u00edch \u00fakryt\u016f, oslaben\u00ed jejich s\u00edt\u00ed a ukon\u010den\u00ed cyklu vra\u017ed, \u00fanos\u016f a vyd\u00edr\u00e1n\u00ed, kter\u00e9 su\u017euj\u00ed nevinn\u00e9 ob\u010dany\u201c.<\/span><\/em><\/p>\n<p><span dir=\"auto\">V samostatn\u00e9m prohl\u00e1\u0161en\u00ed v sobotu nigerijsk\u00e9 ozbrojen\u00e9 s\u00edly uvedly, \u017ee p\u0159i leteck\u00fdch \u00fatoc\u00edch na c\u00edle v Kum\u0161e ve st\u00e1t\u011b Borno pobl\u00ed\u017e hranic s Kamerunem zabily v\u00edce ne\u017e 35 podez\u0159el\u00fdch d\u017eih\u00e1dist\u016f. Povstalci se do oblasti shrom\u00e1\u017edili po pokusech o \u00fatoky na pozemn\u00ed jednotky, uvedl mluv\u010d\u00ed nigerijsk\u00fdch ozbrojen\u00fdch sil Ehimen Ejodame.<\/span><\/p>\n<p><img decoding=\"async\" loading=\"lazy\" class=\"alignnone size-full wp-image-1185\" src=\"http:\/\/www.infokuryr.cz\/n\/wp-content\/uploads\/2021\/04\/kuryr-podpis.png\" alt=\"\" width=\"84\" height=\"24\" \/><\/p>\n<p><img decoding=\"async\" loading=\"lazy\" class=\"wp-image-86134 aligncenter\" src=\"http:\/\/www.infokuryr.cz\/n\/wp-content\/uploads\/2025\/08\/volby10-212x300.png\" alt=\"\" width=\"686\" height=\"970\" srcset=\"https:\/\/www.infokuryr.cz\/n\/wp-content\/uploads\/2025\/08\/volby10-212x300.png 212w, https:\/\/www.infokuryr.cz\/n\/wp-content\/uploads\/2025\/08\/volby10-724x1024.png 724w, https:\/\/www.infokuryr.cz\/n\/wp-content\/uploads\/2025\/08\/volby10-768x1086.png 768w, https:\/\/www.infokuryr.cz\/n\/wp-content\/uploads\/2025\/08\/volby10-1087x1536.png 1087w, https:\/\/www.infokuryr.cz\/n\/wp-content\/uploads\/2025\/08\/volby10-1449x2048.png 1449w, https:\/\/www.infokuryr.cz\/n\/wp-content\/uploads\/2025\/08\/volby10-1024x1447.png 1024w\" sizes=\"(max-width: 686px) 100vw, 686px\" \/><\/p>\n<p>&nbsp;<\/p>\n","protected":false},"excerpt":{"rendered":"<p>Nigerijsk\u00e9 \u00fa\u0159ady uvedly, \u017ee ob\u011bti byly minul\u00fd t\u00fdden uneseny p\u0159i smrt\u00edc\u00edm \u00fatoku na me\u0161itu ve&#8230;<\/p>\n","protected":false},"author":2,"featured_media":86366,"comment_status":"closed","ping_status":"closed","sticky":false,"template":"","format":"standard","meta":[],"categories":[7],"tags":[5557,871,2557],"_links":{"self":[{"href":"https:\/\/www.infokuryr.cz\/n\/wp-json\/wp\/v2\/posts\/86365"}],"collection":[{"href":"https:\/\/www.infokuryr.cz\/n\/wp-json\/wp\/v2\/posts"}],"about":[{"href":"https:\/\/www.infokuryr.cz\/n\/wp-json\/wp\/v2\/types\/post"}],"author":[{"embeddable":true,"href":"https:\/\/www.infokuryr.cz\/n\/wp-json\/wp\/v2\/users\/2"}],"replies":[{"embeddable":true,"href":"https:\/\/www.infokuryr.cz\/n\/wp-json\/wp\/v2\/comments?post=86365"}],"version-history":[{"count":0,"href":"https:\/\/www.infokuryr.cz\/n\/wp-json\/wp\/v2\/posts\/86365\/revisions"}],"wp:featuredmedia":[{"embeddable":true,"href":"https:\/\/www.infokuryr.cz\/n\/wp-json\/wp\/v2\/media\/86366"}],"wp:attachment":[{"href":"https:\/\/www.infokuryr.cz\/n\/wp-json\/wp\/v2\/media?parent=86365"}],"wp:term":[{"taxonomy":"category","embeddable":true,"href":"https:\/\/www.infokuryr.cz\/n\/wp-json\/wp\/v2\/categories?post=86365"},{"taxonomy":"post_tag","embeddable":true,"href":"https:\/\/www.infokuryr.cz\/n\/wp-json\/wp\/v2\/tags?post=86365"}],"curies":[{"name":"wp","href":"https:\/\/api.w.org\/{rel}","templated":true}]}}