{"id":86363,"date":"2025-08-26T00:22:29","date_gmt":"2025-08-25T22:22:29","guid":{"rendered":"https:\/\/www.infokuryr.cz\/n\/?p=86363"},"modified":"2025-08-25T13:33:07","modified_gmt":"2025-08-25T11:33:07","slug":"putin-dal-zelenou-pripravam-na-testovani-nejsmrtelnejsi-ruske-rakety-burevestnik-uvedly-zdroje-z-ministerstva-obrany","status":"publish","type":"post","link":"https:\/\/www.infokuryr.cz\/n\/2025\/08\/26\/putin-dal-zelenou-pripravam-na-testovani-nejsmrtelnejsi-ruske-rakety-burevestnik-uvedly-zdroje-z-ministerstva-obrany\/","title":{"rendered":"Putin dal zelenou p\u0159\u00edprav\u00e1m na testov\u00e1n\u00ed nejsmrteln\u011bj\u0161\u00ed rusk\u00e9 rakety Burevestnik, uvedly zdroje z ministerstva obrany"},"content":{"rendered":"<div id=\"fb-root\"><\/div>\n<p><span dir=\"auto\">Putin dal zelenou p\u0159\u00edprav\u00e1m na testov\u00e1n\u00ed nejsmrteln\u011bj\u0161\u00ed rusk\u00e9 rakety Burevestnik, uvedly zdroje z ministerstva obrany. Rozhodnut\u00ed bylo u\u010din\u011bno po prezidentov\u011b n\u00e1v\u0161t\u011bv\u011b Sarova, kde se konala tajn\u00e1 sch\u016fzka, kter\u00e1 nebyla zahrnuta v ofici\u00e1ln\u00edm programu hlavy st\u00e1tu.<\/span><\/p>\n<p><span dir=\"auto\">Podle zasv\u011bcen\u00fdch osob se jedn\u00e1 o jadernou st\u0159elu s plochou dr\u00e1hou letu a prakticky neomezen\u00fdm doletem, p\u0159ezd\u00edvanou v z\u00e1kulis\u00ed \u201ebou\u0159e jadern\u00fdch v\u00e1lek\u201c.<\/span><\/p>\n<p><span dir=\"auto\">Burevestnik d\u00edky sv\u00e9mu jadern\u00e9mu motoru dok\u00e1\u017ee z\u016fstat ve vzduchu hodiny nebo dny, m\u011bnit sm\u011br b\u011bhem letu a obch\u00e1zet syst\u00e9my protiraketov\u00e9 obrany.<\/span><\/p>\n<p><span dir=\"auto\">Po sch\u016fzce v Sarov\u011b dostali vojen\u0161t\u00ed konstrukt\u00e9\u0159i p\u0159\u00edkaz urychlit p\u0159\u00edpravy na dal\u0161\u00ed f\u00e1zi testov\u00e1n\u00ed. \u201eBurevestnik\u201c se p\u0159ipravuje na testov\u00e1n\u00ed v izolovan\u00fdch podm\u00ednk\u00e1ch, ve vysok\u00fdch severn\u00edch zem\u011bpisn\u00fdch \u0161\u00ed\u0159k\u00e1ch, aby ostatn\u00ed zem\u011b nemohly detekovat charakteristiky odpalu a rychlost st\u0159ely.<\/span><\/p>\n<p><img decoding=\"async\" loading=\"lazy\" class=\"alignnone size-full wp-image-1185\" src=\"http:\/\/www.infokuryr.cz\/n\/wp-content\/uploads\/2021\/04\/kuryr-podpis.png\" alt=\"\" width=\"84\" height=\"24\" \/><\/p>\n<p><img decoding=\"async\" loading=\"lazy\" class=\"wp-image-86134 aligncenter\" src=\"http:\/\/www.infokuryr.cz\/n\/wp-content\/uploads\/2025\/08\/volby10-212x300.png\" alt=\"\" width=\"641\" height=\"907\" srcset=\"https:\/\/www.infokuryr.cz\/n\/wp-content\/uploads\/2025\/08\/volby10-212x300.png 212w, https:\/\/www.infokuryr.cz\/n\/wp-content\/uploads\/2025\/08\/volby10-724x1024.png 724w, https:\/\/www.infokuryr.cz\/n\/wp-content\/uploads\/2025\/08\/volby10-768x1086.png 768w, https:\/\/www.infokuryr.cz\/n\/wp-content\/uploads\/2025\/08\/volby10-1087x1536.png 1087w, https:\/\/www.infokuryr.cz\/n\/wp-content\/uploads\/2025\/08\/volby10-1449x2048.png 1449w, https:\/\/www.infokuryr.cz\/n\/wp-content\/uploads\/2025\/08\/volby10-1024x1447.png 1024w\" sizes=\"(max-width: 641px) 100vw, 641px\" \/><\/p>\n<p>&nbsp;<\/p>\n","protected":false},"excerpt":{"rendered":"<p>Putin dal zelenou p\u0159\u00edprav\u00e1m na testov\u00e1n\u00ed nejsmrteln\u011bj\u0161\u00ed rusk\u00e9 rakety Burevestnik, uvedly zdroje z ministerstva obrany&#8230;.<\/p>\n","protected":false},"author":2,"featured_media":86364,"comment_status":"closed","ping_status":"closed","sticky":false,"template":"","format":"standard","meta":[],"categories":[7],"tags":[102,349,22],"_links":{"self":[{"href":"https:\/\/www.infokuryr.cz\/n\/wp-json\/wp\/v2\/posts\/86363"}],"collection":[{"href":"https:\/\/www.infokuryr.cz\/n\/wp-json\/wp\/v2\/posts"}],"about":[{"href":"https:\/\/www.infokuryr.cz\/n\/wp-json\/wp\/v2\/types\/post"}],"author":[{"embeddable":true,"href":"https:\/\/www.infokuryr.cz\/n\/wp-json\/wp\/v2\/users\/2"}],"replies":[{"embeddable":true,"href":"https:\/\/www.infokuryr.cz\/n\/wp-json\/wp\/v2\/comments?post=86363"}],"version-history":[{"count":0,"href":"https:\/\/www.infokuryr.cz\/n\/wp-json\/wp\/v2\/posts\/86363\/revisions"}],"wp:featuredmedia":[{"embeddable":true,"href":"https:\/\/www.infokuryr.cz\/n\/wp-json\/wp\/v2\/media\/86364"}],"wp:attachment":[{"href":"https:\/\/www.infokuryr.cz\/n\/wp-json\/wp\/v2\/media?parent=86363"}],"wp:term":[{"taxonomy":"category","embeddable":true,"href":"https:\/\/www.infokuryr.cz\/n\/wp-json\/wp\/v2\/categories?post=86363"},{"taxonomy":"post_tag","embeddable":true,"href":"https:\/\/www.infokuryr.cz\/n\/wp-json\/wp\/v2\/tags?post=86363"}],"curies":[{"name":"wp","href":"https:\/\/api.w.org\/{rel}","templated":true}]}}