{"id":86343,"date":"2025-08-26T00:12:04","date_gmt":"2025-08-25T22:12:04","guid":{"rendered":"https:\/\/www.infokuryr.cz\/n\/?p=86343"},"modified":"2025-08-25T12:35:31","modified_gmt":"2025-08-25T10:35:31","slug":"nizozemsko-v-soku-brutalne-zavrazdena-sedmnactileta-divka-zatcen-zadatel-o-azyl","status":"publish","type":"post","link":"https:\/\/www.infokuryr.cz\/n\/2025\/08\/26\/nizozemsko-v-soku-brutalne-zavrazdena-sedmnactileta-divka-zatcen-zadatel-o-azyl\/","title":{"rendered":"Nizozemsko v \u0161oku: Brut\u00e1ln\u011b zavra\u017ed\u011bna sedmn\u00e1ctilet\u00e1 d\u00edvka \u2013 zat\u010den \u017eadatel o azyl"},"content":{"rendered":"<div id=\"fb-root\"><\/div>\n<p><strong><a href=\"https:\/\/www.oe24.at\/welt\/lisa-17-auf-heimweg-von-party-brutal-ermordet\/645784702\"><span dir=\"auto\">Dvaadvacetilet\u00fd \u017eadatel o azyl \u00fadajn\u011b ve st\u0159edu ve\u010der brut\u00e1ln\u011b zavra\u017edil<\/span><\/a><span dir=\"auto\">\u00a0sedmn\u00e1ctiletou Lisu z Abcoude v Duivendrechtu (Nizozemsko)\u00a0. Podez\u0159el\u00fd byl zat\u010den v azylov\u00e9m centru. Kr\u00e1tce p\u0159edt\u00edm \u00fadajn\u011b zn\u00e1silnil mladou d\u00edvku v Amsterdamu; je tak\u00e9 spojov\u00e1n s dal\u0161\u00edm pokusem o napaden\u00ed. Pro\u010d je st\u00e1le na svobod\u011b?<\/span><\/strong><\/p>\n<p><span dir=\"auto\">Nizozemsko je v \u0161oku: Sedmn\u00e1ctilet\u00e1 Lisa se v\u010dera ve\u010der cestou dom\u016f z ve\u010d\u00edrku na n\u00e1m\u011bst\u00ed Leidseplein stala ob\u011bt\u00ed brut\u00e1ln\u00edho zlo\u010dinu. Jak\u00a0 informuje\u00a0<\/span><em><span dir=\"auto\">oe24<\/span><\/em><span dir=\"auto\">\u00a0\u00a0, studentka jela kolem 3:30 r\u00e1no na sv\u00e9m elektrokole do Abcoude, kdy\u017e si v\u0161imla, \u017ee ji n\u011bkdo sleduje. Ve sv\u00e9m strachu sama zavolala policii.<\/span><\/p>\n<p><span dir=\"auto\">Pomoc ale p\u0159i\u0161la p\u0159\u00edli\u0161 pozd\u011b. Kolem 4:15 r\u00e1no na\u0161li policist\u00e9 jej\u00ed t\u011blo v p\u0159\u00edkopu pod\u00e9l Holterbergwegu, nedaleko are\u00e1lu Ajaxu. Vy\u0161et\u0159ov\u00e1n\u00ed odhalilo, \u017ee Lisa utrp\u011bla mnoho\u010detn\u00e1, t\u011b\u017ek\u00e1 zran\u011bn\u00ed, zejm\u00e9na na krku.<\/span><\/p>\n<h3 id=\"h-verdachtiger-in-asylheim-festgenommen\" class=\"wp-block-heading\"><span dir=\"auto\">Podez\u0159el\u00fd zat\u010den v azylov\u00e9m dom\u011b<\/span><\/h3>\n<p><span dir=\"auto\">V p\u00e1tek policie v amsterdamsk\u00e9m uprchlick\u00e9m centru zatkla 22let\u00e9ho podez\u0159el\u00e9ho. Podle\u00a0\u00a0<\/span><em><span dir=\"auto\">serveru oe24<\/span><\/em><span dir=\"auto\"> \u00a0je mu\u017e obvin\u011bn nejen z vra\u017edy Lisy, ale tak\u00e9 ze zn\u00e1siln\u011bn\u00ed a dal\u0161\u00edho sexu\u00e1ln\u00edho napaden\u00ed, k n\u011bmu\u017e do\u0161lo ve stejn\u00e9 oblasti o n\u011bkolik t\u00fddn\u016f d\u0159\u00edve.<\/span><\/p>\n<h3 id=\"h-schandfleck-fur-unsere-gesellschaft\" class=\"wp-block-heading\"><span dir=\"auto\">\u201eSkvrna na na\u0161\u00ed spole\u010dnosti\u201c<\/span><\/h3>\n<p><span dir=\"auto\">Zlo\u010din vyvolal vlnu pobou\u0159en\u00ed po cel\u00e9 zemi. Starostka Femke Halsema ozna\u010dila vra\u017edu za \u201eskvrnu na na\u0161\u00ed spole\u010dnosti\u201c. Zd\u016fraznila, \u017ee \u017eeny maj\u00ed pr\u00e1vo se v noci bezpe\u010dn\u011b pohybovat. \u201eTis\u00edce \u017een pr\u00e1vem po\u017eaduj\u00ed zp\u011bt svou noc. Jezdit na kole do \u0161koly, vyrazit si u\u017e\u00edt m\u011bsto, by m\u011blo b\u00fdt mo\u017en\u00e9 bez obav,\u201c \u0159ekla Halsema.<\/span><\/p>\n<p><img decoding=\"async\" loading=\"lazy\" class=\"alignnone size-full wp-image-1185\" src=\"http:\/\/www.infokuryr.cz\/n\/wp-content\/uploads\/2021\/04\/kuryr-podpis.png\" alt=\"\" width=\"84\" height=\"24\" \/><\/p>\n<p><img decoding=\"async\" loading=\"lazy\" class=\"wp-image-86134 aligncenter\" src=\"http:\/\/www.infokuryr.cz\/n\/wp-content\/uploads\/2025\/08\/volby10-212x300.png\" alt=\"\" width=\"672\" height=\"951\" srcset=\"https:\/\/www.infokuryr.cz\/n\/wp-content\/uploads\/2025\/08\/volby10-212x300.png 212w, https:\/\/www.infokuryr.cz\/n\/wp-content\/uploads\/2025\/08\/volby10-724x1024.png 724w, https:\/\/www.infokuryr.cz\/n\/wp-content\/uploads\/2025\/08\/volby10-768x1086.png 768w, https:\/\/www.infokuryr.cz\/n\/wp-content\/uploads\/2025\/08\/volby10-1087x1536.png 1087w, https:\/\/www.infokuryr.cz\/n\/wp-content\/uploads\/2025\/08\/volby10-1449x2048.png 1449w, https:\/\/www.infokuryr.cz\/n\/wp-content\/uploads\/2025\/08\/volby10-1024x1447.png 1024w\" sizes=\"(max-width: 672px) 100vw, 672px\" \/><\/p>\n<p>&nbsp;<\/p>\n","protected":false},"excerpt":{"rendered":"<p>Dvaadvacetilet\u00fd \u017eadatel o azyl \u00fadajn\u011b ve st\u0159edu ve\u010der brut\u00e1ln\u011b zavra\u017edil\u00a0sedmn\u00e1ctiletou Lisu z Abcoude v Duivendrechtu&#8230;<\/p>\n","protected":false},"author":2,"featured_media":86344,"comment_status":"closed","ping_status":"closed","sticky":false,"template":"","format":"standard","meta":[],"categories":[7],"tags":[3330,777,376,184],"_links":{"self":[{"href":"https:\/\/www.infokuryr.cz\/n\/wp-json\/wp\/v2\/posts\/86343"}],"collection":[{"href":"https:\/\/www.infokuryr.cz\/n\/wp-json\/wp\/v2\/posts"}],"about":[{"href":"https:\/\/www.infokuryr.cz\/n\/wp-json\/wp\/v2\/types\/post"}],"author":[{"embeddable":true,"href":"https:\/\/www.infokuryr.cz\/n\/wp-json\/wp\/v2\/users\/2"}],"replies":[{"embeddable":true,"href":"https:\/\/www.infokuryr.cz\/n\/wp-json\/wp\/v2\/comments?post=86343"}],"version-history":[{"count":0,"href":"https:\/\/www.infokuryr.cz\/n\/wp-json\/wp\/v2\/posts\/86343\/revisions"}],"wp:featuredmedia":[{"embeddable":true,"href":"https:\/\/www.infokuryr.cz\/n\/wp-json\/wp\/v2\/media\/86344"}],"wp:attachment":[{"href":"https:\/\/www.infokuryr.cz\/n\/wp-json\/wp\/v2\/media?parent=86343"}],"wp:term":[{"taxonomy":"category","embeddable":true,"href":"https:\/\/www.infokuryr.cz\/n\/wp-json\/wp\/v2\/categories?post=86343"},{"taxonomy":"post_tag","embeddable":true,"href":"https:\/\/www.infokuryr.cz\/n\/wp-json\/wp\/v2\/tags?post=86343"}],"curies":[{"name":"wp","href":"https:\/\/api.w.org\/{rel}","templated":true}]}}