{"id":86342,"date":"2025-08-26T00:11:11","date_gmt":"2025-08-25T22:11:11","guid":{"rendered":"https:\/\/www.infokuryr.cz\/n\/?p=86342"},"modified":"2025-08-25T12:30:58","modified_gmt":"2025-08-25T10:30:58","slug":"thomas-roper-rozpory-v-zatceni-ukrajince-ktery-udajne-vyhodil-do-povetri-plynovod-nord-stream","status":"publish","type":"post","link":"https:\/\/www.infokuryr.cz\/n\/2025\/08\/26\/thomas-roper-rozpory-v-zatceni-ukrajince-ktery-udajne-vyhodil-do-povetri-plynovod-nord-stream\/","title":{"rendered":"Thomas R\u00f6per: Rozpory v zat\u010den\u00ed Ukrajince, kter\u00fd \u00fadajn\u011b vyhodil do pov\u011bt\u0159\u00ed plynovod Nord Stream"},"content":{"rendered":"<div id=\"fb-root\"><\/div>\n<h3><strong><span dir=\"auto\">Propagandistick\u00e1 fra\u0161ka<\/span><\/strong><\/h3>\n<p><strong><span dir=\"auto\">Koncem minul\u00e9ho t\u00fddne byl v It\u00e1lii zat\u010den Ukrajinec, kter\u00fd byl podle poh\u00e1dky o v\u00fdbuchu Nord Streamu s pomoc\u00ed mal\u00e9 plachetnice sou\u010d\u00e1st\u00ed t\u00fdmu, kter\u00fd \u00fadajn\u011b um\u00edstil bomby na potrub\u00ed.<\/span><\/strong><\/p>\n<p><span dir=\"auto\">Pot\u00e9, co se v p\u00e1tek objevila zpr\u00e1va, \u017ee v It\u00e1lii byl zat\u010den Ukrajinec, \u00fadajn\u011b \u010dlen t\u00fdmu, kter\u00fd z mal\u00e9 plachetnice um\u00edstil bomby na plynovod Nord Stream, jsem schv\u00e1ln\u011b po\u010dkal n\u011bkolik dn\u00ed, ne\u017e jsem o tom za\u010dal ps\u00e1t, abych zjistil, zda se objev\u00ed dal\u0161\u00ed zpr\u00e1vy. Proto\u017ee zat\u00edm \u017e\u00e1dn\u00e9 nebyly, stru\u010dn\u011b pouk\u00e1\u017eu na to, co je na t\u00e9to kauze zvl\u00e1\u0161tn\u00ed.<\/span><\/p>\n<p><span dir=\"auto\">Samoz\u0159ejm\u011b m\u00e1m na mysli \u010dl\u00e1nek, kter\u00fd o zat\u010den\u00ed publikoval n\u011bmeck\u00fd Der Spiegel pod titulkem \u201e <\/span><a href=\"https:\/\/www.spiegel.de\/panorama\/nord-stream-was-ueber-den-mutmasslichem-pipeline-saboteur-serhij-k-bekannt-ist-a-599e64c8-c651-4978-ab6a-0b303d54a928\"><u><span dir=\"auto\">Zat\u010den\u00ed Sergeje K. v It\u00e1lii \u2013 Co je zn\u00e1mo o \u00fadajn\u00e9m sabot\u00e9rovi Nord Streamu<\/span><\/u><\/a><span dir=\"auto\">\u00a0\u201c, jeliko\u017e se Der Spiegel chlub\u00ed t\u00edm, \u017ee se pod\u00edlel na \u00fadajn\u00e9m objasn\u011bn\u00ed p\u0159\u00edpadu.<\/span><\/p>\n<p><span dir=\"auto\">Ne\u017e se k tomu dostaneme, r\u00e1d bych v\u00e1m na n\u011bkolika p\u0159\u00edkladech p\u0159ipomn\u011bl, pro\u010d je p\u0159\u00edb\u011bh o potrub\u00ed, kter\u00e9 vybuchlo z mal\u00e9 plachetnice Andromeda, nesmysl. Pokud jste si to p\u0159e\u010detli dostate\u010dn\u011bkr\u00e1t, sta\u010d\u00ed to p\u0159esko\u010dte d\u00e1l a potom se dostanu k nesrovnalostem kolem zat\u010den\u00ed Ukrajince.<\/span><\/p>\n<h3 class=\"wp-block-heading\"><span dir=\"auto\">Poh\u00e1dka o Andromed\u011b<\/span><\/h3>\n<p><span dir=\"auto\">P\u0159\u00edb\u011bh o mal\u00e9 plachetnici Andromeda, z n\u00ed\u017e pr\u00fd n\u011bkte\u0159\u00ed pot\u00e1p\u011b\u010di p\u0159ipev\u0148ovali bomby k potrub\u00ed, je od za\u010d\u00e1tku do konce nesmysl. Zaprv\u00e9, zku\u0161en\u00ed pot\u00e1p\u011b\u010di by se o takov\u00e9 ponory do hloubky 80 metr\u016f nepokou\u0161eli bez tlakov\u00e9 komory pro nouzov\u00e9 situace, kterou Andromeda nem\u011bla. Zadruh\u00e9, bomby \u00fadajn\u011b v\u00e1\u017eily a\u017e 500 kilogram\u016f ka\u017ed\u00e1, tak\u017ee bylo t\u00e9m\u011b\u0159 nemo\u017en\u00e9 je nepozorovan\u011b spustit na lo\u010f. P\u0159edev\u0161\u00edm by bylo nemo\u017en\u00e9 spustit tak t\u011b\u017ek\u00e9 n\u00e1klady do vody kontrolovan\u011b b\u011bhem ponor\u016f bez je\u0159\u00e1bu na palub\u011b lodi.<\/span><\/p>\n<p><span dir=\"auto\">Mimochodem, pr\u00e1v\u011b jsem n\u011bkde \u010detl, \u017ee bomby najednou v\u00e1\u017eily jen asi 20 kilogram\u016f, co\u017e by samoz\u0159ejm\u011b odpov\u011bd\u011blo na ot\u00e1zku o manipulaci s b\u0159emeny bez je\u0159\u00e1bu. To by ale vytvo\u0159ilo nov\u00fd probl\u00e9m, proto\u017ee potrub\u00ed je velmi robustn\u011b konstruov\u00e1no, z oceli s betonov\u00fdm povlakem, kterou nelze zni\u010dit mal\u00fdmi v\u00fdbu\u0161ninami.<\/span><\/p>\n<p><span dir=\"auto\">K vyhozen\u00ed do pov\u011bt\u0159\u00ed a doslova rozdrcen\u00ed potrub\u00ed, jak ukazuj\u00ed podvodn\u00ed sn\u00edmky potrub\u00ed, jsou zapot\u0159eb\u00ed velmi siln\u00e9 v\u00fdbu\u0161niny. To plat\u00ed zejm\u00e9na v hloubce 80 metr\u016f, kde je tlak 8 bar\u016f, co\u017e by masivn\u011b sn\u00ed\u017eilo \u00fa\u010dinnost v\u00fdbuchu.<\/span><\/p>\n<p><span dir=\"auto\">Jen pro srovn\u00e1n\u00ed: n\u011bmeck\u00e1 ponorkov\u00e1 torp\u00e9da z druh\u00e9 sv\u011btov\u00e9 v\u00e1lky, kter\u00e1 zasahovala lod\u011b na vodorysce, m\u011bla 280kilogramovou hlavici. Modern\u00ed torp\u00e9do americk\u00e9ho n\u00e1mo\u0159nictva Mark 46 m\u00e1 44kilogramovou hlavici napln\u011bnou modern\u00edmi plastick\u00fdmi trhavinami.<\/span><\/p>\n<p><span dir=\"auto\">Je proto dost nepravd\u011bpodobn\u00e9, \u017ee by plynovody Nord Stream byly vyhozeny do pov\u011bt\u0159\u00ed mal\u00fdmi bombami o hmotnosti kolem 20 kilogram\u016f a \u017ee by to zp\u016fsobilo \u0161kody, kter\u00e9 n\u00e1m pozd\u011bji uk\u00e1zaly podvodn\u00ed fotografie.<\/span><\/p>\n<p><span dir=\"auto\">Ale poj\u010fme k zat\u010den\u00ed Ukrajince a zjevn\u00fdm nesrovnalostem.<\/span><\/p>\n<h3 class=\"wp-block-heading\"><span dir=\"auto\">Cestoval pod sv\u00fdm skute\u010dn\u00fdm jm\u00e9nem?<\/span><\/h3>\n<p><span dir=\"auto\">Der Spiegel ve sv\u00e9m \u010dl\u00e1nku p\u00ed\u0161e, \u017ee se Ukrajinec ubytoval v rekrea\u010dn\u00edm ubytov\u00e1n\u00ed v It\u00e1lii pod sv\u00fdm skute\u010dn\u00fdm jm\u00e9nem, \u200b\u200ba proto byl identifikov\u00e1n a zat\u010den.<\/span><\/p>\n<p><span dir=\"auto\">To m\u011b p\u0159iv\u00e1d\u00ed k m\u00e9 prvn\u00ed ot\u00e1zce: Jak m\u016f\u017ee n\u011bkdo, kdo je v Evrop\u011b hled\u00e1n, v\u016fbec vstoupit do EU pod sv\u00fdm skute\u010dn\u00fdm jm\u00e9nem, \u200b\u200bani\u017e by byl na hranic\u00edch zat\u010den?<\/span><\/p>\n<p><span dir=\"auto\">A pokud do EU nevstoupil pod sv\u00fdm skute\u010dn\u00fdm jm\u00e9nem, \u200b\u200bale s fale\u0161n\u00fdm pasem, pro\u010d se ubytoval pod sv\u00fdm skute\u010dn\u00fdm jm\u00e9nem?<\/span><\/p>\n<p><span dir=\"auto\">\u00da\u0159ady pravd\u011bpodobn\u011b v\u011bd\u00ed, jak mu\u017e vypad\u00e1, proto\u017ee kamery jsou v dne\u0161n\u00ed dob\u011b v\u0161ude. Jak se tedy mu\u017e dostal do EU, ani\u017e by byl identifikov\u00e1n a zat\u010den na hranic\u00edch, bez ohledu na cestovn\u00ed pas, kter\u00fd na hranic\u00edch p\u0159edlo\u017eil?<\/span><\/p>\n<p><span dir=\"auto\">Der Spiegel si tyto ot\u00e1zky ve sv\u00e9m \u010dl\u00e1nku samoz\u0159ejm\u011b neklade, proto\u017ee by to mohlo vyprovokovat k zamy\u0161len\u00ed i \u010dten\u00e1\u0159e Spiegelu, kte\u0159\u00ed by pak \u2013 pokud by se nad t\u00edm zamysleli d\u00e1le \u2013 mohli za\u010d\u00edt zpochyb\u0148ovat celou poh\u00e1dku o Andromed\u011b.<\/span><\/p>\n<h3 class=\"wp-block-heading\"><span dir=\"auto\">Doprov\u00e1zel sv\u00e9ho syna?<\/span><\/h3>\n<p><span dir=\"auto\">Der Spiegel d\u00e1le p\u00ed\u0161e, \u017ee podle Wall Street Journal m\u011bl mu\u017e pr\u00fd doprov\u00e1zet sv\u00e9ho syna do It\u00e1lie, proto\u017ee cht\u011bl str\u00e1vit semestr v zahrani\u010d\u00ed na italsk\u00e9 univerzit\u011b.<\/span><\/p>\n<p><span dir=\"auto\">Tak\u017ee syn mu\u017ee hledan\u00e9ho na z\u00e1klad\u011b zatyka\u010de v EU se zapsal na univerzitu v It\u00e1lii a nikdo si nev\u0161iml, \u010d\u00ed je syn? Promi\u0148te, ale \u00fa\u0159ady v EU nejsou tak neschopn\u00e9. V\u0161echno je dnes propojen\u00e9 s\u00edt\u00ed a od Schengensk\u00e9 dohody maj\u00ed schengensk\u00e9 st\u00e1ty jednotnou datab\u00e1zi pro vyd\u00e1v\u00e1n\u00ed v\u00edz.<\/span><\/p>\n<p><span dir=\"auto\">Tak\u017ee EU v\u011bd\u011bla, kdo p\u0159ich\u00e1z\u00ed a \u010d\u00ed je syn. Pro\u010d neprob\u011bhla bli\u017e\u0161\u00ed kontrola na hranic\u00edch, zvl\u00e1\u0161t\u011b kdy\u017e \u00fadajn\u00fd pachatel vstoupil do EU se sv\u00fdm synem, co\u017e znamen\u00e1, \u017ee jeho vstup byl zaznamen\u00e1n v datab\u00e1zi? Mohl b\u00fdt zat\u010den p\u0159\u00edmo na hranic\u00edch.<\/span><\/p>\n<p><span dir=\"auto\">Tvrzen\u00ed, \u017ee se dostal do pov\u011bdom\u00ed jen proto, \u017ee se do rekrea\u010dn\u00edho ubytov\u00e1n\u00ed ubytoval pod sv\u00fdm skute\u010dn\u00fdm jm\u00e9nem, \u200b\u200bje o\u010dividn\u011b dal\u0161\u00ed m\u00fdtus.<\/span><\/p>\n<p><span dir=\"auto\">A vyvst\u00e1v\u00e1 dal\u0161\u00ed ot\u00e1zka: Vycestov\u00e1n\u00ed mu\u017e\u016f ve vojensk\u00e9m v\u011bku z Ukrajiny je od \u00fanora 2022 zak\u00e1z\u00e1no. Mu\u017ei ve vojensk\u00e9m v\u011bku mohou opustit Ukrajinu pouze se zvl\u00e1\u0161tn\u00edm povolen\u00edm. To se t\u00fdk\u00e1 otce i syna.<\/span><\/p>\n<p><span dir=\"auto\">A tato zvl\u00e1\u0161tn\u00ed povolen\u00ed jsou vyd\u00e1v\u00e1na na nejvy\u0161\u0161\u00ed \u00farovni; opakovan\u011b se objevuj\u00ed zpr\u00e1vy, \u017ee i vysoce postaven\u00fdm ukrajinsk\u00fdm poslanc\u016fm je odep\u0159en v\u00fdstup. Pro\u010d tedy otec a syn mohli opustit Ukrajinu?<\/span><\/p>\n<h3 class=\"wp-block-heading\"><span dir=\"auto\">Nen\u00ed to prvn\u00ed cesta do zahrani\u010d\u00ed<\/span><\/h3>\n<p><span dir=\"auto\">Der Spiegel d\u00e1le p\u00ed\u0161e, \u017ee se nejednalo o mu\u017eovu prvn\u00ed cestu do zahrani\u010d\u00ed od \u00fatok\u016f na plynovod Nord Stream. Der Spiegel tvrd\u00ed, \u017ee se od bezpe\u010dnostn\u00edch org\u00e1n\u016f dozv\u011bd\u011bl, \u017ee mu\u017e od podzimu 2023 \u201emnohokr\u00e1t p\u0159ekro\u010dil ukrajinsk\u00e9 hranice pod sv\u00fdm skute\u010dn\u00fdm jm\u00e9nem\u201c.<\/span><\/p>\n<p><span dir=\"auto\">To znovu vyvol\u00e1v\u00e1 stejnou ot\u00e1zku, proto\u017ee poh\u00e1dka o Andromed\u011b, v\u010detn\u011b jmen \u00fadajn\u00fdch pachatel\u016f, koluje od b\u0159ezna 2023. Jak ale mohl mu\u017e voln\u011b cestovat, zejm\u00e9na pod sv\u00fdm skute\u010dn\u00fdm jm\u00e9nem, \u200b\u200bani\u017e by byl zat\u010den v zahrani\u010d\u00ed?<\/span><\/p>\n<p><span dir=\"auto\">Mo\u017en\u00e1 ho v\u016fbec necht\u011bli zatknout?<\/span><\/p>\n<h3 class=\"wp-block-heading\"><span dir=\"auto\">Je tu hodn\u011b \u0161patn\u011b&#8230;<\/span><\/h3>\n<p><span dir=\"auto\">Kdy\u017e to v\u0161echno vezmeme v \u00favahu, znamen\u00e1 to, \u017ee mu\u017ee nikdo nikdy necht\u011bl zatknout. Navzdory evropsk\u00e9mu zatyka\u010di mohl cestovat do zahrani\u010d\u00ed pod sv\u00fdm skute\u010dn\u00fdm jm\u00e9nem, \u200b\u200bani\u017e by se ho n\u011bkdo pokusil zatknout.<\/span><\/p>\n<p><span dir=\"auto\">N\u011bmeck\u00e9 \u00fa\u0159ady se tak\u00e9 zdaj\u00ed b\u00fdt nezaujat\u00e9 o objasn\u011bn\u00ed t\u00e9to z\u00e1le\u017eitosti. Tento poznatek nen\u00ed nov\u00fd, ale tato ud\u00e1lost ho op\u011bt potvrdila. Po\u017eadovaly n\u011bkdy n\u011bmeck\u00e9 \u00fa\u0159ady jeho vyd\u00e1n\u00ed z Ukrajiny? Koneckonc\u016f, jako\u017eto nejv\u011bt\u0161\u00ed evropsk\u00fd podporovatel Ukrajiny by n\u011bmeck\u00e1 vl\u00e1da jist\u011b mohla vyvinout ur\u010dit\u00fd tlak, kdyby cht\u011bla. Ale zjevn\u011b to neud\u011blala.<\/span><\/p>\n<p><span dir=\"auto\">To vyvol\u00e1v\u00e1 ot\u00e1zku, pro\u010d byl mu\u017e n\u00e1hle zat\u010den.<\/span><\/p>\n<p><span dir=\"auto\">Na to se mo\u017en\u00e1 nikdy nedozv\u00edme odpov\u011b\u010f, proto\u017ee n\u011bmeck\u00e1 i evropsk\u00e1 strana v p\u0159\u00edpad\u011b v\u00fdbuchu plynovodu Nord Stream evidentn\u011b hodn\u011b taj\u00ed. Co se d\u011bje v z\u00e1kulis\u00ed, se pravd\u011bpodobn\u011b v dohledn\u00e9 dob\u011b nedozv\u00edme.<\/span><\/p>\n<p><span dir=\"auto\">Ale m\u016f\u017eeme se nad t\u00edm trochu zamyslet.<\/span><\/p>\n<p><span dir=\"auto\">Tak\u017ee tohle byl mo\u017en\u00e1 s\u00f3lov\u00fd pokus It\u00e1lie? Pokud ano, pro\u010d to It\u00e1lie ud\u011blala? Byl to sign\u00e1l pro n\u011bkoho jin\u00e9ho, \u200b\u200bnap\u0159\u00edklad pro ukrajinskou vl\u00e1du? Koneckonc\u016f by pro Kyjev nebylo dobr\u00e9, kdyby evropsk\u00e1 m\u00e9dia kauzu Nord Stream zveli\u010dovala a vinila Kyjev \u2013 nebo ur\u010dit\u00e9 lidi v Kyjev\u011b \u2013 z nejv\u011bt\u0161\u00edho teroristick\u00e9ho \u00fatoku v evropsk\u00fdch d\u011bjin\u00e1ch. Zelensk\u00e9ho klika si to t\u011b\u017eko m\u016f\u017ee dovolit, zvl\u00e1\u0161t\u011b v sou\u010dasn\u00e9 situaci.<\/span><\/p>\n<p><span dir=\"auto\">Zat\u00edm jsem se zpr\u00e1vy dotkl jen povrchn\u011b, ale u\u017e te\u010f je jasn\u00e9, \u017ee mnoho ot\u00e1zek z\u016fst\u00e1v\u00e1 nezodpov\u011bzeno.<\/span><\/p>\n<p><span dir=\"auto\">A jako obvykle, n\u011bmeck\u00e1 m\u00e9dia si na \u017e\u00e1dnou z t\u011bchto ot\u00e1zek nekladou \u017e\u00e1dn\u00e9 ot\u00e1zky&#8230;<\/span><\/p>\n<p><a href=\"https:\/\/anti-spiegel.ru\/2025\/die-widersprueche-bei-der-verhaftung-des-ukrainers-der-angeblich-die-nord-streams-gesprengt-haben-soll\/\">Thomas R\u00f6per<\/a><\/p>\n<p><img decoding=\"async\" loading=\"lazy\" class=\"alignnone  wp-image-22016\" src=\"http:\/\/www.infokuryr.cz\/n\/wp-content\/uploads\/2023\/01\/Thomas-Roper-298x300.jpg\" alt=\"\" width=\"131\" height=\"132\" srcset=\"https:\/\/www.infokuryr.cz\/n\/wp-content\/uploads\/2023\/01\/Thomas-Roper-298x300.jpg 298w, https:\/\/www.infokuryr.cz\/n\/wp-content\/uploads\/2023\/01\/Thomas-Roper-150x150.jpg 150w, https:\/\/www.infokuryr.cz\/n\/wp-content\/uploads\/2023\/01\/Thomas-Roper.jpg 596w\" sizes=\"(max-width: 131px) 100vw, 131px\" \/><\/p>\n<p><img decoding=\"async\" loading=\"lazy\" class=\"wp-image-86134 aligncenter\" src=\"http:\/\/www.infokuryr.cz\/n\/wp-content\/uploads\/2025\/08\/volby10-212x300.png\" alt=\"\" width=\"688\" height=\"974\" srcset=\"https:\/\/www.infokuryr.cz\/n\/wp-content\/uploads\/2025\/08\/volby10-212x300.png 212w, https:\/\/www.infokuryr.cz\/n\/wp-content\/uploads\/2025\/08\/volby10-724x1024.png 724w, https:\/\/www.infokuryr.cz\/n\/wp-content\/uploads\/2025\/08\/volby10-768x1086.png 768w\" sizes=\"(max-width: 688px) 100vw, 688px\" \/><\/p>\n<p>&nbsp;<\/p>\n","protected":false},"excerpt":{"rendered":"<p>Propagandistick\u00e1 fra\u0161ka Koncem minul\u00e9ho t\u00fddne byl v It\u00e1lii zat\u010den Ukrajinec, kter\u00fd byl podle poh\u00e1dky o&#8230;<\/p>\n","protected":false},"author":2,"featured_media":18125,"comment_status":"closed","ping_status":"closed","sticky":false,"template":"","format":"standard","meta":[],"categories":[7],"tags":[1042,415,2574,300,2407],"_links":{"self":[{"href":"https:\/\/www.infokuryr.cz\/n\/wp-json\/wp\/v2\/posts\/86342"}],"collection":[{"href":"https:\/\/www.infokuryr.cz\/n\/wp-json\/wp\/v2\/posts"}],"about":[{"href":"https:\/\/www.infokuryr.cz\/n\/wp-json\/wp\/v2\/types\/post"}],"author":[{"embeddable":true,"href":"https:\/\/www.infokuryr.cz\/n\/wp-json\/wp\/v2\/users\/2"}],"replies":[{"embeddable":true,"href":"https:\/\/www.infokuryr.cz\/n\/wp-json\/wp\/v2\/comments?post=86342"}],"version-history":[{"count":0,"href":"https:\/\/www.infokuryr.cz\/n\/wp-json\/wp\/v2\/posts\/86342\/revisions"}],"wp:featuredmedia":[{"embeddable":true,"href":"https:\/\/www.infokuryr.cz\/n\/wp-json\/wp\/v2\/media\/18125"}],"wp:attachment":[{"href":"https:\/\/www.infokuryr.cz\/n\/wp-json\/wp\/v2\/media?parent=86342"}],"wp:term":[{"taxonomy":"category","embeddable":true,"href":"https:\/\/www.infokuryr.cz\/n\/wp-json\/wp\/v2\/categories?post=86342"},{"taxonomy":"post_tag","embeddable":true,"href":"https:\/\/www.infokuryr.cz\/n\/wp-json\/wp\/v2\/tags?post=86342"}],"curies":[{"name":"wp","href":"https:\/\/api.w.org\/{rel}","templated":true}]}}