{"id":86316,"date":"2025-08-25T00:16:46","date_gmt":"2025-08-24T22:16:46","guid":{"rendered":"https:\/\/www.infokuryr.cz\/n\/?p=86316"},"modified":"2025-08-24T14:41:06","modified_gmt":"2025-08-24T12:41:06","slug":"vlezte-si-do-rusky-riti-kricel-jeden-ukrajinsky-svne-zase-druhy","status":"publish","type":"post","link":"https:\/\/www.infokuryr.cz\/n\/2025\/08\/25\/vlezte-si-do-rusky-riti-kricel-jeden-ukrajinsky-svne-zase-druhy\/","title":{"rendered":"\u201eVlezte si do rusk\u00fd \u0159iti,\u201c k\u0159i\u010del jeden. \u201eUkrajinsk\u00fd sv*n\u011b,\u201c zase druh\u00fd"},"content":{"rendered":"<div id=\"fb-root\"><\/div>\n<h3 class=\"entry-title\">Fialajugend\u201c versus \u201erusk\u00fd kolaboranti \u2013 v\u00e1lka nerv\u016f v\u00a0P\u0159\u00ed\u010dovech. Co Oganesjanovi nevy\u0161lo<\/h3>\n<p><strong>Vlasteneck\u00e9 setk\u00e1n\u00ed v P\u0159\u00ed\u010dovech naru\u0161ila skupina demonstrant\u016f v \u010dele s Vojt\u011bchem P\u0161en\u00e1kem a dal\u0161\u00edm\u00ed aktivisty od kontroverzn\u00edho influencera Mikea Oganesjana. Jak v\u0161ak podotkl jeden z \u00fa\u010dastn\u00edk\u016f setk\u00e1n\u00ed Martin Valou\u0161ek, policii se poda\u0159ilo situaci uklidnit a bylo mo\u017en\u00e9 v setk\u00e1n\u00ed pokra\u010dovat.<\/strong><\/p>\n<p><img decoding=\"async\" loading=\"lazy\" class=\"size-full wp-image-386181 aligncenter entered litespeed-loaded\" src=\"https:\/\/i0.wp.com\/cz24.news\/wp-content\/uploads\/2025\/08\/image-6-1.jpeg?resize=632%2C307&amp;ssl=1\" sizes=\"(max-width: 632px) 100vw, 632px\" srcset=\"https:\/\/i0.wp.com\/cz24.news\/wp-content\/uploads\/2025\/08\/image-6-1.jpeg?resize=632%2C307&amp;ssl=1 632w, https:\/\/cz24.news\/wp-content\/uploads\/2025\/08\/image-6-1-300x146.jpeg 300w, https:\/\/cz24.news\/wp-content\/uploads\/2025\/08\/image-6-1-210x102.jpeg 210w\" alt=\"\" width=\"632\" height=\"307\" data-lazyloaded=\"1\" data-src=\"https:\/\/i0.wp.com\/cz24.news\/wp-content\/uploads\/2025\/08\/image-6-1.jpeg?resize=632%2C307&amp;ssl=1\" data-srcset=\"https:\/\/i0.wp.com\/cz24.news\/wp-content\/uploads\/2025\/08\/image-6-1.jpeg?resize=632%2C307&amp;ssl=1 632w, https:\/\/cz24.news\/wp-content\/uploads\/2025\/08\/image-6-1-300x146.jpeg 300w, https:\/\/cz24.news\/wp-content\/uploads\/2025\/08\/image-6-1-210x102.jpeg 210w\" data-sizes=\"(max-width: 632px) 100vw, 632px\" data-pin-no-hover=\"true\" data-ll-status=\"loaded\" \/><\/p>\n<p>\u201eP\u0159ijel jsem sem, proto\u017ee je tady v\u017edycky spoustu n\u00e1dhern\u00e9 energie, stra\u0161n\u011b r\u00e1d tady vid\u00edm ty lidi,\u201c uvedl jeden z\u00a0\u00fa\u010dastn\u00edk\u016f akce Martin Valou\u0161ek. \u201eA dneska bohu\u017eel sem p\u0159ijeli provl\u00e1dn\u00ed extremist\u00e9 a\u00a0d\u011blali tady velkou neplechu. A\u00a0proto jsme se rozhodli chodit hl\u00eddat i\u00a0parkovi\u0161t\u011b, proto\u017ee m\u00e1me strach, \u017ee by mohli n\u011bjak\u00fdm zp\u016fsobem demolovat auta,\u201c podotkl.<\/p>\n<p>\u201eUd\u011blali si tady n\u011bjakou akci, kterou jim starosta povolil. \u0160li \u00fapln\u011b k\u00a0plotu, na mikrofon tam pou\u0161t\u011bli n\u011bjak\u00e9 ukrajinsk\u00e9 p\u00edsni\u010dky, n\u011bjak\u00e9 sprost\u00e9 p\u00edsni\u010dky, a\u00a0pou\u0161t\u011bli to tady n\u00e1m, aby n\u00e1m to tady naru\u0161ovali. Aparatura d\u011blala celkem velkej krav\u00e1l,\u201c dodal Valou\u0161ek.<\/p>\n<p><img decoding=\"async\" loading=\"lazy\" class=\"size-full wp-image-386176 aligncenter entered litespeed-loaded\" src=\"https:\/\/i0.wp.com\/cz24.news\/wp-content\/uploads\/2025\/08\/image-1-1.jpeg?resize=632%2C307&amp;ssl=1\" sizes=\"(max-width: 632px) 100vw, 632px\" srcset=\"https:\/\/i0.wp.com\/cz24.news\/wp-content\/uploads\/2025\/08\/image-1-1.jpeg?resize=632%2C307&amp;ssl=1 632w, https:\/\/cz24.news\/wp-content\/uploads\/2025\/08\/image-1-1-300x146.jpeg 300w, https:\/\/cz24.news\/wp-content\/uploads\/2025\/08\/image-1-1-210x102.jpeg 210w\" alt=\"\" width=\"632\" height=\"307\" data-lazyloaded=\"1\" data-src=\"https:\/\/i0.wp.com\/cz24.news\/wp-content\/uploads\/2025\/08\/image-1-1.jpeg?resize=632%2C307&amp;ssl=1\" data-srcset=\"https:\/\/i0.wp.com\/cz24.news\/wp-content\/uploads\/2025\/08\/image-1-1.jpeg?resize=632%2C307&amp;ssl=1 632w, https:\/\/cz24.news\/wp-content\/uploads\/2025\/08\/image-1-1-300x146.jpeg 300w, https:\/\/cz24.news\/wp-content\/uploads\/2025\/08\/image-1-1-210x102.jpeg 210w\" data-sizes=\"(max-width: 632px) 100vw, 632px\" data-pin-no-hover=\"true\" data-ll-status=\"loaded\" \/><\/p>\n<p style=\"text-align: center;\"><em>Ze setk\u00e1n\u00ed v P\u0159\u00ed\u010dovech. Foto: Jane Frank<\/em><\/p>\n<p>\u201ePolicie reagovala jak\u017etak\u017e dob\u0159e, ale bylo jich stra\u0161n\u011b m\u00e1lo a\u00a0nebyli schopni zamezit, aby oni naru\u0161ovali tuto akci. Otev\u0159ela se branka, kdy vyb\u011bhlo spoustu vlastenc\u016f, nenastal \u017e\u00e1dn\u00fd konflikt, sp\u00ed\u0161 slovn\u00ed takov\u00e1 protr\u017eka. Policist\u00e9 potom sami usoudili, \u017ee v\u00a0jejich dobr\u00e9m z\u00e1jmu bude to, aby vlastn\u011b to cel\u00e9 uklidnili, aby to neeskalovalo n\u011bkam, kam by nikdo necht\u011bl,\u201c popsal d\u00e1le situaci Valou\u0161ek.<\/p>\n<p>\u201eJsem stra\u0161n\u011b r\u00e1d a\u00a0cht\u011bl bych policii pod\u011bkovat, \u017ee to tady t\u00edmto uklidnila, proto\u017ee m\u00e1me zase mo\u017enost pokra\u010dovat v\u00a0poklidn\u00e9 atmosf\u00e9\u0159e a\u00a0je to super,\u201c dodal Valou\u0161ek.<\/p>\n<p><img decoding=\"async\" loading=\"lazy\" class=\"size-full wp-image-386177 aligncenter entered litespeed-loaded\" src=\"https:\/\/i0.wp.com\/cz24.news\/wp-content\/uploads\/2025\/08\/image-2-1.jpeg?resize=632%2C307&amp;ssl=1\" sizes=\"(max-width: 632px) 100vw, 632px\" srcset=\"https:\/\/i0.wp.com\/cz24.news\/wp-content\/uploads\/2025\/08\/image-2-1.jpeg?resize=632%2C307&amp;ssl=1 632w, https:\/\/cz24.news\/wp-content\/uploads\/2025\/08\/image-2-1-300x146.jpeg 300w, https:\/\/cz24.news\/wp-content\/uploads\/2025\/08\/image-2-1-210x102.jpeg 210w\" alt=\"\" width=\"632\" height=\"307\" data-lazyloaded=\"1\" data-src=\"https:\/\/i0.wp.com\/cz24.news\/wp-content\/uploads\/2025\/08\/image-2-1.jpeg?resize=632%2C307&amp;ssl=1\" data-srcset=\"https:\/\/i0.wp.com\/cz24.news\/wp-content\/uploads\/2025\/08\/image-2-1.jpeg?resize=632%2C307&amp;ssl=1 632w, https:\/\/cz24.news\/wp-content\/uploads\/2025\/08\/image-2-1-300x146.jpeg 300w, https:\/\/cz24.news\/wp-content\/uploads\/2025\/08\/image-2-1-210x102.jpeg 210w\" data-sizes=\"(max-width: 632px) 100vw, 632px\" data-pin-no-hover=\"true\" data-ll-status=\"loaded\" data-recalc-dims=\"1\" \/><\/p>\n<p style=\"text-align: center;\"><em>Ze setk\u00e1n\u00ed v\u00a0P\u0159\u00ed\u010dovech. Foto: Jane Frank<\/em><\/p>\n<p>Str\u00e1\u017eci z\u00e1kona nakonec uklidnili rozjit\u0159en\u00e9 n\u00e1lady a\u00a0ti, kdo m\u011bli z\u00e1jem, si mohli poslechnout vystoupen\u00ed panelist\u016f. Na t\u00e9ma hled\u00e1n\u00ed pravdy.<\/p>\n<p>Spisovatel Magnusek poznamenal, \u017ee pravda je proces. Proces, v\u00a0n\u011bm\u017e se hled\u00e1. \u201eJen si mus\u00edme uv\u011bdomit, jestli stoj\u00ed pravda za to, abyste se o\u00a0to h\u00e1dali v\u00a0rodin\u011b.\u201c Kr\u00e1tce pot\u00e9, co pronesl tato slova, se ozvala dal\u0161\u00ed salva hlasit\u00e9 hudby, jej\u00edm\u017e c\u00edlem bylo vystoupen\u00ed \u0159e\u010dn\u00edk\u016f naru\u0161it. Jen\u017ee Magnusek se nedal a\u00a0p\u0159es hlasitou hudbu ze sousedstv\u00ed pokra\u010doval v\u00a0proslovu. \u201eMyslete ka\u017ed\u00fd s\u00e1m za sebe,\u201c po\u017e\u00e1dal v\u0161echny hosty a\u00a0div\u00e1ky.<\/p>\n<p>Dostalo se mu potlesku. Navzdory chladn\u011bj\u0161\u00edmu po\u010das\u00ed st\u00e1lo des\u00edtk\u00e1m lid\u00ed za to, aby pat\u0159i\u010dn\u011b vybaveni bundami s kapucemi dorazili na toto setk\u00e1n\u00ed a vyslechli si nejen slova Tom\u00e1\u0161e Magnuska.<\/p>\n<p>Petr \u017dantovsk\u00fd, p\u0159edseda Unie \u010desk\u00fdch spisovatel\u016f, konstatoval, \u017ee pravdu je v\u017edy t\u0159eba hledat. A\u00a0jen lid\u00e9, kte\u0159\u00ed tvrd\u00ed, \u017ee na pravdu maj\u00ed patent a\u00a0ov\u011b\u0159uj\u00ed fakta, jako je nap\u0159.\u00a0Roman M\u00e1ca, tak u\u00a0takov\u00fdch lid\u00ed je podle \u017dantovsk\u00e9ho t\u0159eba pt\u00e1t se, kde vzali patent na pravdu.<\/p>\n<p><img decoding=\"async\" loading=\"lazy\" class=\"wp-image-85920 aligncenter\" src=\"http:\/\/www.infokuryr.cz\/n\/wp-content\/uploads\/2025\/08\/pozvaniV-300x140.jpg\" alt=\"\" width=\"671\" height=\"313\" srcset=\"https:\/\/www.infokuryr.cz\/n\/wp-content\/uploads\/2025\/08\/pozvaniV-300x140.jpg 300w, https:\/\/www.infokuryr.cz\/n\/wp-content\/uploads\/2025\/08\/pozvaniV.jpg 925w\" sizes=\"(max-width: 671px) 100vw, 671px\" \/><\/p>\n<p>Policist\u00e9 ozn\u00e1mili, \u017ee situace na m\u00edst\u011b je vcelku klidn\u00e1. \u201eOd r\u00e1na t\u00e9m\u011b\u0159 t\u0159i des\u00edtky policist\u016f dohl\u00ed\u017e\u00ed na ve\u0159ejn\u00fd po\u0159\u00e1dek a\u00a0hladk\u00fd pr\u016fb\u011bh Vlasteneck\u00e9ho setk\u00e1n\u00ed na z\u00e1mku P\u0159\u00ed\u010dovy u\u00a0Sedl\u010dan na P\u0159\u00edbramsku. Na m\u00edst\u011b je cca 1000 p\u0159\u00edznivc\u016f akce a\u00a0asi 20 odp\u016frc\u016f. N\u011bkolikr\u00e1t jsme museli zas\u00e1hnout, ale na\u0161t\u011bst\u00ed bez vyhrocen\u00ed situace,\u201c ozn\u00e1mili str\u00e1\u017eci z\u00e1kona<\/p>\n<h3><strong>\u201eFialajugend\u201c versus \u201erusk\u00fd kolaboranti\u201c. Strka\u010dky, flusa\u010dky a\u00a0policejn\u00ed bludi\u010dky. Byli jsme u\u00a0v\u00e1lky nerv\u016f v\u00a0P\u0159\u00ed\u010dovech<\/strong><\/h3>\n<p>\u201eVlezte si do rusk\u00fd \u0159iti,\u201c k\u0159i\u010del jeden. \u201eUkrajinsk\u00fd sv*n\u011b,\u201c zase druh\u00fd. Na Vlasteneck\u00e9 setk\u00e1n\u00ed v\u00a0P\u0159\u00ed\u010dovech toti\u017e dorazili i\u00a0jeho odp\u016frci a\u00a0za\u010dala mela. Studen\u00e9 obst\u0159iky, pozi\u010dn\u00ed strk\u00e1n\u00ed a\u00a0p\u0159etahov\u00e1n\u00ed, brun\u00e1tn\u00e9 tv\u00e1\u0159e d\u0161t\u00edc\u00ed ohe\u0148 a\u00a0s\u00edru. A\u00a0co policie? Uniformovan\u00e9 bludi\u010dky se ztr\u00e1cely v\u00a0davu, \u0161\u00e9f\u00edci ze sebe ud\u011blali ka\u0161pary a\u00a0t\u011b\u017ekood\u011bnci si opod\u00e1l pov\u00eddali o\u00a0\u017eivot\u011b. Ve st\u0159edo\u010desk\u00e9 policii by za tuhle p\u0159ehl\u00eddku neschopnosti m\u011bl n\u011bkdo kle\u010det p\u00e1r hodin na hrachu.<\/p>\n<p>\u201eM\u00edt tady vzduchovku, tak jim ten bazmek sest\u0159el\u00edm,\u201c zad\u00edval se na dron l\u00e9taj\u00edc\u00ed velmi n\u00edzko nad are\u00e1lem z\u00e1me\u010dku v\u00a0P\u0159\u00ed\u010dovech bezpe\u010dnostn\u00ed analytik Jaroslav \u0160tefec a\u00a0nazna\u010dil v\u00fdst\u0159el. Byli jsme tam na sedm\u00e9m ro\u010dn\u00edku setk\u00e1n\u00ed vlastenc\u016f a\u00a0za plotem m\u011bli miniprotest odp\u016frci, co\u017e se b\u011bhem \u010dasu zm\u011bnilo ve v\u00e1lku nerv\u016f.<\/p>\n<h3><strong>P\u0159es plot l\u00e9taj\u00edc\u00ed \u201eposelstv\u00ed\u201c<\/strong><\/h3>\n<p>Aby bylo jasno, na mal\u00e9m pl\u00e1cku u\u00a0rybn\u00edka, kter\u00fd od z\u00e1meck\u00e9ho are\u00e1lu odd\u011bluje zm\u00edn\u011bn\u00fd plot s\u00a0brankou, si rozlo\u017eili sv\u00e9 n\u00e1dob\u00ed\u010dko aktivist\u00e9, kte\u0159\u00ed organizovan\u011b naru\u0161uj\u00ed akce odp\u016frc\u016f vl\u00e1dy Petra Fialy a\u00a0v\u00e1lky na Ukrajin\u011b. Sv\u016fj protest nahl\u00e1sili, tak\u017ee v\u0161e podle litery z\u00e1kona. P\u0159ivezli si t\u0159i stojany s\u00a0megafony nam\u00ed\u0159en\u00fdmi na setk\u00e1n\u00ed vlastenc\u016f, stolek s\u00a0mix\u00e1\u017en\u00edm pultem, gener\u00e1tor, ale i\u00a0zm\u00edn\u011bn\u00fd dron. U\u017e od r\u00e1na na tomhle za\u0159\u00edzen\u00ed pos\u00edlali p\u0159es plot p\u00edsn\u011b oslavuj\u00edc\u00ed Ukrajinu, ale t\u0159eba i\u00a0Karla Kryla na pln\u00e9 pecky. Bylo jich asi dvacet. Jejich heslo dne zn\u011blo: \u201eTohle nejsou vlastenci, to jsou rusk\u00fd kolaboranti\u201c.<\/p>\n<p><img decoding=\"async\" loading=\"lazy\" class=\"size-full wp-image-386178 aligncenter entered litespeed-loaded\" src=\"https:\/\/i0.wp.com\/cz24.news\/wp-content\/uploads\/2025\/08\/image-3-1.jpeg?resize=632%2C307&amp;ssl=1\" sizes=\"(max-width: 632px) 100vw, 632px\" srcset=\"https:\/\/i0.wp.com\/cz24.news\/wp-content\/uploads\/2025\/08\/image-3-1.jpeg?resize=632%2C307&amp;ssl=1 632w, https:\/\/cz24.news\/wp-content\/uploads\/2025\/08\/image-3-1-300x146.jpeg 300w, https:\/\/cz24.news\/wp-content\/uploads\/2025\/08\/image-3-1-210x102.jpeg 210w\" alt=\"\" width=\"632\" height=\"307\" data-lazyloaded=\"1\" data-src=\"https:\/\/i0.wp.com\/cz24.news\/wp-content\/uploads\/2025\/08\/image-3-1.jpeg?resize=632%2C307&amp;ssl=1\" data-srcset=\"https:\/\/i0.wp.com\/cz24.news\/wp-content\/uploads\/2025\/08\/image-3-1.jpeg?resize=632%2C307&amp;ssl=1 632w, https:\/\/cz24.news\/wp-content\/uploads\/2025\/08\/image-3-1-300x146.jpeg 300w, https:\/\/cz24.news\/wp-content\/uploads\/2025\/08\/image-3-1-210x102.jpeg 210w\" data-sizes=\"(max-width: 632px) 100vw, 632px\" data-pin-no-hover=\"true\" data-ll-status=\"loaded\" data-recalc-dims=\"1\" \/><\/p>\n<p>\u201ePolicii u\u017e jsme na dron l\u00e9taj\u00edc\u00ed nad ciz\u00edm pozemkem, co\u017e je nez\u00e1konn\u00e9, upozor\u0148ovali, ale st\u00e1le s n\u00edm provokuj\u00ed,\u201c dodal \u0160tefec v z\u00e1meck\u00e9m are\u00e1lu, kde se b\u011bhem \u010dasu mohlo vyst\u0159\u00eddat v\u00edc ne\u017e tis\u00edc \u00fa\u010dastn\u00edk\u016f Vlasteneck\u00e9ho setk\u00e1n\u00ed. Jde o s\u00e9rii debat o dne\u0161n\u00edm sv\u011bt\u011b a koncert\u016f. Na st\u00e1nc\u00edch le\u017eely r\u016fzn\u00e9 \u201enemainstreamov\u00e9\u201c kn\u00ed\u017eky, vlasteneck\u00e1 tri\u010dka, ale t\u0159eba i Kalend\u00e1\u0159 dezol\u00e1ta. Prostorem korzovali t\u0159eba exsen\u00e1tor Jaroslav Doubrava, kontroverzn\u00ed politik Tom\u00e1\u0161 Vandas, \u0161\u00e9fredaktor Protiproudu Petr H\u00e1jek a mnoho dal\u0161\u00edch.<\/p>\n<p>P\u0159es plot jsme za\u017eili t\u0159eba tuto \u010d\u00e1st debaty. \u201eKdo za\u010dal v\u00e1lku na Ukrajin\u011b,\u201c zeptal se odp\u016frce vlasteneck\u00e9ho setk\u00e1n\u00ed. \u201eV roce 2014 se Amerika pochlubila, \u017ee p\u011bt miliard zainvestovala do st\u00e1tn\u00edho p\u0159evratu. Oliver Stone o\u00a0tom nato\u010dil kr\u00e1sn\u00fd dokument\u2026,\u201c nesta\u010dil odpov\u011bd\u011bt jeho \u00fa\u010dastn\u00edk a\u00a0p\u0159il\u00e9tly dal\u0161\u00ed dotazy, n\u00e1sledovan\u00e9 jasn\u00fdmi \u010di\u00a0zmaten\u011bj\u0161\u00edmi odpov\u011b\u010fmi. Tazatel zakon\u010dil: \u201eVlezte si do rusk\u00fd \u0159iti!\u201c Prvn\u00ed byl za \u201eFialajugend\u201c \u010di\u00a0Oganesjanovce, podle kontroverzn\u00edho youtubera Mika Oganesjana alias MikeJePana, jen\u017e v\u0161e zpovzd\u00e1l\u00ed sledoval z\u00a0auta, druh\u00fd za dezol\u00e1ty \u010di\u00a0\u201erusk\u00e9 kolaboranty\u201c, jak se t\u00e1bory navz\u00e1jem \u010dastuj\u00ed.<\/p>\n<h3><strong>Otev\u0159en\u00e1 branka do probl\u00e9m\u016f<\/strong><\/h3>\n<p>Dvaceti\u010dlenn\u00e1 skupinka m\u011bla i\u00a0dva sekuri\u0165\u00e1ky. \u201eChceme vyj\u00e1d\u0159it nesouhlas s\u00a0rusk\u00fdmi kolaboranty. Cel\u00fd objekt je obehn\u00e1n rusk\u00fdmi trikolorami. Proto jsme tady. Oni si asi ani nejsou v\u011bdomi, \u017ee je to rusk\u00e1 trikolora. Jsem tady sama za sebe a\u00a0zadarmo. Ned\u011bl\u00e1m to pro pen\u00edze. Mike, Vojta a\u00a0dal\u0161\u00ed jsou m\u00ed kamar\u00e1di. Dezol\u00e1ti n\u00e1m to nev\u011b\u0159\u00ed, ale jejich probl\u00e9m. Stejn\u011b jsem to ned\u00e1vno \u0159ekla i\u00a0u\u00a0soudu, a\u00a0kdybych lhala, tak je to trestn\u00fd \u010din,\u201c \u0159ekla Old\u0159i\u0161ka Blujov\u00e1 s\u00a0t\u00edm, \u017ee je jej\u00ed parta \u201eantidezol\u00e1t\u016f\u201c v\u00a0P\u0159\u00ed\u010dovech poprv\u00e9.<\/p>\n<p><img decoding=\"async\" loading=\"lazy\" class=\"size-full wp-image-386179 aligncenter entered litespeed-loaded\" src=\"https:\/\/i0.wp.com\/cz24.news\/wp-content\/uploads\/2025\/08\/image-4-1.jpeg?resize=632%2C307&amp;ssl=1\" sizes=\"(max-width: 632px) 100vw, 632px\" srcset=\"https:\/\/i0.wp.com\/cz24.news\/wp-content\/uploads\/2025\/08\/image-4-1.jpeg?resize=632%2C307&amp;ssl=1 632w, https:\/\/cz24.news\/wp-content\/uploads\/2025\/08\/image-4-1-300x146.jpeg 300w, https:\/\/cz24.news\/wp-content\/uploads\/2025\/08\/image-4-1-210x102.jpeg 210w\" alt=\"\" width=\"632\" height=\"307\" data-lazyloaded=\"1\" data-src=\"https:\/\/i0.wp.com\/cz24.news\/wp-content\/uploads\/2025\/08\/image-4-1.jpeg?resize=632%2C307&amp;ssl=1\" data-srcset=\"https:\/\/i0.wp.com\/cz24.news\/wp-content\/uploads\/2025\/08\/image-4-1.jpeg?resize=632%2C307&amp;ssl=1 632w, https:\/\/cz24.news\/wp-content\/uploads\/2025\/08\/image-4-1-300x146.jpeg 300w, https:\/\/cz24.news\/wp-content\/uploads\/2025\/08\/image-4-1-210x102.jpeg 210w\" data-sizes=\"(max-width: 632px) 100vw, 632px\" data-pin-no-hover=\"true\" data-ll-status=\"loaded\" data-recalc-dims=\"1\" \/><\/p>\n<p>Mezit\u00edm to jejich d\u00fdd\u017eej Vojt\u011bch P\u0161en\u00e1k alias Pra\u017esk\u00fd p\u00e9r\u00e1k schytal u mix\u00e1ku vodou z hadice, nicm\u00e9n\u011b neohro\u017een\u011b pou\u0161t\u011bl dal\u0161\u00ed kousky ze sv\u00e9 \u201eantidezol\u00e1tsk\u00e9 diskot\u00e9ky\u201c. A n\u00e1sledn\u011b se otev\u0159ela branka a v\u0161ichni na\u0161tvan\u00ed se vyvalili ven, na ty \u201eukrajinsk\u00fd sv*n\u011b\u201c, jak jeden pok\u0159ikoval. T\u011bch p\u00e1r policist\u016f, nejsp\u00ed\u0161 z bl\u00edzk\u00fdch Sedl\u010dan, se mezi t\u00edm davem motalo jako nudle v bandasce. Ne\u017e p\u0159ib\u011bhli na m\u00edsto, kde se dva strkali okolo gener\u00e1toru, za\u010dali se po\u0161\u0165uchovat jinde. P\u0161en\u00e1k pak koupil i p\u00e1r flusanc\u016f do tv\u00e1\u0159e a za\u010dal k\u0159i\u010det: \u201eJako organiz\u00e1tor akce v\u00e1s \u017e\u00e1d\u00e1m, abyste opustili tento prostor\u201c. Nikdo ho v\u0161ak neposlouchal.<\/p>\n<p>T\u011bch policejn\u00edch bludi\u010dek v\u00a0davu za\u010dalo b\u00fdt \u010dlov\u011bku l\u00edto. Pr\u00fd je sem odveleli na posledn\u00ed chv\u00edli, starosta obce P\u0159\u00ed\u010dovy s\u00a0polici\u00ed pr\u00fd nekomunikoval. Nav\u00edc, jak u\u017e to u\u00a0podobn\u00fdch \u201eta\u0161ka\u0159ic\u201c b\u00fdv\u00e1, ob\u011b strany jim nad\u00e1valy, \u017ee nadr\u017euj\u00ed t\u00e9 opa\u010dn\u00e9. \u201ePros\u00edm, jd\u011bte ka\u017ed\u00fd na sv\u00e9 shrom\u00e1\u017ed\u011bn\u00ed,\u201c zak\u0159i\u010del Ren\u00e9 Pet\u00e1k, n\u00e1m\u011bstek \u0159editele Krajsk\u00e9ho \u0159editelstv\u00ed policie St\u0159edo\u010desk\u00e9ho kraje pro vn\u011bj\u0161\u00ed slu\u017ebu. Ten sem dorazil v\u00a0ohozu, jako by zrovna m\u00ed\u0159il na diskot\u00e9ku a\u00a0taky ho nikdo neposlouchal. Dlouho po\u00a0n\u011bm p\u0159ijeli t\u011b\u017ekood\u011bnci ze z\u00e1sahovky, vylezli z\u00a0auta a\u00a0vy\u010dk\u00e1vali, ne\u017e to \u201eantidezol\u00e1ty\u201c p\u0159estalo bavit a\u00a0odjeli. Zhruba kolem p\u016fl t\u0159et\u00ed \u201evyfi\u010deli\u201c i\u00a0oni.<\/p>\n<p><img decoding=\"async\" loading=\"lazy\" class=\"size-full wp-image-386180 aligncenter entered litespeed-loaded\" src=\"https:\/\/i0.wp.com\/cz24.news\/wp-content\/uploads\/2025\/08\/image-5-1.jpeg?resize=632%2C307&amp;ssl=1\" sizes=\"(max-width: 632px) 100vw, 632px\" srcset=\"https:\/\/i0.wp.com\/cz24.news\/wp-content\/uploads\/2025\/08\/image-5-1.jpeg?resize=632%2C307&amp;ssl=1 632w, https:\/\/cz24.news\/wp-content\/uploads\/2025\/08\/image-5-1-300x146.jpeg 300w, https:\/\/cz24.news\/wp-content\/uploads\/2025\/08\/image-5-1-210x102.jpeg 210w\" alt=\"\" width=\"632\" height=\"307\" data-lazyloaded=\"1\" data-src=\"https:\/\/i0.wp.com\/cz24.news\/wp-content\/uploads\/2025\/08\/image-5-1.jpeg?resize=632%2C307&amp;ssl=1\" data-srcset=\"https:\/\/i0.wp.com\/cz24.news\/wp-content\/uploads\/2025\/08\/image-5-1.jpeg?resize=632%2C307&amp;ssl=1 632w, https:\/\/cz24.news\/wp-content\/uploads\/2025\/08\/image-5-1-300x146.jpeg 300w, https:\/\/cz24.news\/wp-content\/uploads\/2025\/08\/image-5-1-210x102.jpeg 210w\" data-sizes=\"(max-width: 632px) 100vw, 632px\" data-pin-no-hover=\"true\" data-ll-status=\"loaded\" data-recalc-dims=\"1\" \/><\/p>\n<p>Kdyby ji\u017e od r\u00e1na \u0161est t\u011b\u017ekood\u011bnc\u016f odd\u011blilo ob\u011b skupiny od sebe, p\u0159i\u010dem\u017e v\u00a0ter\u00e9nu u\u00a0rybn\u00edka to byla hra\u010dka, nedo\u0161lo by ani na strka\u010dky, ale takto jsme pro\u017eili loutkov\u00e9 divadlo s\u00a0ka\u0161p\u00e1rky s\u00a0heslem: \u201eNepom\u00e1hat a\u00a0nechr\u00e1nit!\u201c A\u017e se p\u0159i\u00a0podobn\u00e9 situaci stane n\u011bco opravdu hodn\u011b zl\u00e9ho, fra\u0161ka se zm\u011bn\u00ed v\u00a0horor. Mo\u017en\u00e1 se \u010dek\u00e1 pr\u00e1v\u011b na to!<\/p>\n<p><span style=\"font-size: 8pt;\"><a href=\"http:\/\/www.parlamentnilisty.cz\/\" target=\"_blank\" rel=\"nofollow noopener\">ZDROJ<\/a><\/span><\/p>\n<p><img decoding=\"async\" loading=\"lazy\" class=\"wp-image-86134 aligncenter\" src=\"http:\/\/www.infokuryr.cz\/n\/wp-content\/uploads\/2025\/08\/volby10-212x300.png\" alt=\"\" width=\"666\" height=\"942\" srcset=\"https:\/\/www.infokuryr.cz\/n\/wp-content\/uploads\/2025\/08\/volby10-212x300.png 212w, https:\/\/www.infokuryr.cz\/n\/wp-content\/uploads\/2025\/08\/volby10-724x1024.png 724w, https:\/\/www.infokuryr.cz\/n\/wp-content\/uploads\/2025\/08\/volby10-768x1086.png 768w, https:\/\/www.infokuryr.cz\/n\/wp-content\/uploads\/2025\/08\/volby10-1087x1536.png 1087w, https:\/\/www.infokuryr.cz\/n\/wp-content\/uploads\/2025\/08\/volby10-1449x2048.png 1449w, https:\/\/www.infokuryr.cz\/n\/wp-content\/uploads\/2025\/08\/volby10-1024x1447.png 1024w\" sizes=\"(max-width: 666px) 100vw, 666px\" \/><\/p>\n<p>&nbsp;<\/p>\n","protected":false},"excerpt":{"rendered":"<p>Fialajugend\u201c versus \u201erusk\u00fd kolaboranti \u2013 v\u00e1lka nerv\u016f v\u00a0P\u0159\u00ed\u010dovech. Co Oganesjanovi nevy\u0161lo Vlasteneck\u00e9 setk\u00e1n\u00ed v P\u0159\u00ed\u010dovech&#8230;<\/p>\n","protected":false},"author":2,"featured_media":86317,"comment_status":"closed","ping_status":"closed","sticky":false,"template":"","format":"standard","meta":[],"categories":[6],"tags":[716,9686,1629,707],"_links":{"self":[{"href":"https:\/\/www.infokuryr.cz\/n\/wp-json\/wp\/v2\/posts\/86316"}],"collection":[{"href":"https:\/\/www.infokuryr.cz\/n\/wp-json\/wp\/v2\/posts"}],"about":[{"href":"https:\/\/www.infokuryr.cz\/n\/wp-json\/wp\/v2\/types\/post"}],"author":[{"embeddable":true,"href":"https:\/\/www.infokuryr.cz\/n\/wp-json\/wp\/v2\/users\/2"}],"replies":[{"embeddable":true,"href":"https:\/\/www.infokuryr.cz\/n\/wp-json\/wp\/v2\/comments?post=86316"}],"version-history":[{"count":0,"href":"https:\/\/www.infokuryr.cz\/n\/wp-json\/wp\/v2\/posts\/86316\/revisions"}],"wp:featuredmedia":[{"embeddable":true,"href":"https:\/\/www.infokuryr.cz\/n\/wp-json\/wp\/v2\/media\/86317"}],"wp:attachment":[{"href":"https:\/\/www.infokuryr.cz\/n\/wp-json\/wp\/v2\/media?parent=86316"}],"wp:term":[{"taxonomy":"category","embeddable":true,"href":"https:\/\/www.infokuryr.cz\/n\/wp-json\/wp\/v2\/categories?post=86316"},{"taxonomy":"post_tag","embeddable":true,"href":"https:\/\/www.infokuryr.cz\/n\/wp-json\/wp\/v2\/tags?post=86316"}],"curies":[{"name":"wp","href":"https:\/\/api.w.org\/{rel}","templated":true}]}}