{"id":86253,"date":"2025-08-24T00:24:08","date_gmt":"2025-08-23T22:24:08","guid":{"rendered":"https:\/\/www.infokuryr.cz\/n\/?p=86253"},"modified":"2025-08-23T10:37:52","modified_gmt":"2025-08-23T08:37:52","slug":"niger-nathalie-yambova-jmenovana-zvlastni-poradkyni-generala-tchianiho","status":"publish","type":"post","link":"https:\/\/www.infokuryr.cz\/n\/2025\/08\/24\/niger-nathalie-yambova-jmenovana-zvlastni-poradkyni-generala-tchianiho\/","title":{"rendered":"Niger: Nathalie Yambov\u00e1 jmenov\u00e1na zvl\u00e1\u0161tn\u00ed poradkyn\u00ed gener\u00e1la Tchianiho"},"content":{"rendered":"<div id=\"fb-root\"><\/div>\n<p><strong><span dir=\"auto\">Nigersk\u00fd p\u0159echodn\u00fd prezident, gener\u00e1l Abdourahamane Tchiani, ofici\u00e1ln\u011b jmenoval panafrickou aktivistku Nathalie Yambovou svou zvl\u00e1\u0161tn\u00ed poradkyn\u00ed. Toto velmi symbolick\u00e9 rozhodnut\u00ed p\u0159ich\u00e1z\u00ed s vyd\u00e1n\u00edm nigersk\u00e9ho diplomatick\u00e9ho pasu aktivistce, na kterou ned\u00e1vno uvalila sankce Evropsk\u00e1 unie.<\/span><\/strong><\/p>\n<p><a title=\"\" href=\"https:\/\/actucameroun.com\/2025\/08\/11\/niger-nathalie-yamb-recue-par-le-president-abdourahamane-tiani\/\" target=\"_blank\" rel=\"noopener\"><span dir=\"auto\">Nathalie Yamb<\/span><\/a><span dir=\"auto\">\u00a0, v\u00fdznamn\u00e1 medi\u00e1ln\u00ed osobnost panafrikanismu,\u00a0se ofici\u00e1ln\u011b p\u0159ipojila k prezidentsk\u00e9mu doprovodu Nigeru. Gener\u00e1l Abdourahamane Tchiani, p\u0159edseda N\u00e1rodn\u00ed rady pro ochranu vlasti (CNSP), ji jmenoval zvl\u00e1\u0161tn\u00ed poradkyn\u00ed, kterou ji\u017e zast\u00e1v\u00e1 dal\u0161\u00ed vlivn\u00fd panafrikistick\u00fd aktivista Kemi Seba.<\/span><\/p>\n<p><span dir=\"auto\">\u0160v\u00fdcarsko-kamerunsk\u00e1 ob\u010danka, zn\u00e1m\u00e1 sv\u00fdm siln\u00fdm postojem proti francouzsk\u00e9 p\u0159\u00edtomnosti v Africe a z\u00e1padn\u00edm instituc\u00edm, se tak stala ofici\u00e1ln\u00ed tv\u00e1\u0159\u00ed nigerijsk\u00e9ho re\u017eimu. Obdr\u017eela diplomatick\u00fd pas, co\u017e jej\u00ed stoupenci prezentuj\u00ed jako siln\u00fd symbol suverenity a rozchodu s mezin\u00e1rodn\u00edm \u0159\u00e1dem, v n\u011bm\u017e dominovaly b\u00fdval\u00e9 koloni\u00e1ln\u00ed mocnosti.<\/span><\/p>\n<p><span dir=\"auto\">\u201e\u00a0<\/span><em><span dir=\"auto\">Niamey je nyn\u00ed centrem panafrikanismu!<\/span><\/em><span dir=\"auto\">\u00a0\u201c zvolal Abdourahamane Ouamrou, prezident nevl\u00e1dn\u00ed organizace Urgences Panafricanistes Niger. Toto jmenov\u00e1n\u00ed je sou\u010d\u00e1st\u00ed \u0161ir\u0161\u00ed dynamiky strategick\u00e9ho p\u0159eorientov\u00e1n\u00ed Nigeru na africk\u00e9 sc\u00e9n\u011b.<\/span><\/p>\n<p><span dir=\"auto\">Zat\u00edmco Evropsk\u00e1 unie ned\u00e1vno uvalila sankce na Nathalie Yambovou za koment\u00e1\u0159e, kter\u00e9 pova\u017euje za nep\u0159\u00e1telsk\u00e9 v\u016f\u010di jej\u00edm z\u00e1jm\u016fm, jej\u00ed nov\u00e1 role v Nigeru znovu potvrzuje panafrickou a antiimperialistickou orientaci Tchianiho vojensk\u00e9ho re\u017eimu.<\/span><\/p>\n<p><span dir=\"auto\">zdroj:\u00a0<\/span><a title=\"\" href=\"https:\/\/actucameroun.com\/2025\/08\/22\/niger-nathalie-yamb-nommee-conseillere-speciale-du-general-tiani\/\" target=\"_blank\" rel=\"noopener\"><span dir=\"auto\">Kamerunsk\u00e9 zpr\u00e1vy<\/span><\/a><\/p>\n<p><img decoding=\"async\" loading=\"lazy\" class=\"wp-image-86134 aligncenter\" src=\"http:\/\/www.infokuryr.cz\/n\/wp-content\/uploads\/2025\/08\/volby10-212x300.png\" alt=\"\" width=\"703\" height=\"995\" srcset=\"https:\/\/www.infokuryr.cz\/n\/wp-content\/uploads\/2025\/08\/volby10-212x300.png 212w, https:\/\/www.infokuryr.cz\/n\/wp-content\/uploads\/2025\/08\/volby10-724x1024.png 724w, https:\/\/www.infokuryr.cz\/n\/wp-content\/uploads\/2025\/08\/volby10-768x1086.png 768w, https:\/\/www.infokuryr.cz\/n\/wp-content\/uploads\/2025\/08\/volby10-1449x2048.png 1449w\" sizes=\"(max-width: 703px) 100vw, 703px\" \/><\/p>\n<p>&nbsp;<\/p>\n","protected":false},"excerpt":{"rendered":"<p>Nigersk\u00fd p\u0159echodn\u00fd prezident, gener\u00e1l Abdourahamane Tchiani, ofici\u00e1ln\u011b jmenoval panafrickou aktivistku Nathalie Yambovou svou zvl\u00e1\u0161tn\u00ed poradkyn\u00ed&#8230;.<\/p>\n","protected":false},"author":2,"featured_media":86254,"comment_status":"closed","ping_status":"closed","sticky":false,"template":"","format":"standard","meta":[],"categories":[7],"tags":[5557,5099,165],"_links":{"self":[{"href":"https:\/\/www.infokuryr.cz\/n\/wp-json\/wp\/v2\/posts\/86253"}],"collection":[{"href":"https:\/\/www.infokuryr.cz\/n\/wp-json\/wp\/v2\/posts"}],"about":[{"href":"https:\/\/www.infokuryr.cz\/n\/wp-json\/wp\/v2\/types\/post"}],"author":[{"embeddable":true,"href":"https:\/\/www.infokuryr.cz\/n\/wp-json\/wp\/v2\/users\/2"}],"replies":[{"embeddable":true,"href":"https:\/\/www.infokuryr.cz\/n\/wp-json\/wp\/v2\/comments?post=86253"}],"version-history":[{"count":0,"href":"https:\/\/www.infokuryr.cz\/n\/wp-json\/wp\/v2\/posts\/86253\/revisions"}],"wp:featuredmedia":[{"embeddable":true,"href":"https:\/\/www.infokuryr.cz\/n\/wp-json\/wp\/v2\/media\/86254"}],"wp:attachment":[{"href":"https:\/\/www.infokuryr.cz\/n\/wp-json\/wp\/v2\/media?parent=86253"}],"wp:term":[{"taxonomy":"category","embeddable":true,"href":"https:\/\/www.infokuryr.cz\/n\/wp-json\/wp\/v2\/categories?post=86253"},{"taxonomy":"post_tag","embeddable":true,"href":"https:\/\/www.infokuryr.cz\/n\/wp-json\/wp\/v2\/tags?post=86253"}],"curies":[{"name":"wp","href":"https:\/\/api.w.org\/{rel}","templated":true}]}}