{"id":86248,"date":"2025-08-24T00:21:07","date_gmt":"2025-08-23T22:21:07","guid":{"rendered":"https:\/\/www.infokuryr.cz\/n\/?p=86248"},"modified":"2025-08-23T11:08:50","modified_gmt":"2025-08-23T09:08:50","slug":"sef-pentagonu-zahajil-novou-cistku","status":"publish","type":"post","link":"https:\/\/www.infokuryr.cz\/n\/2025\/08\/24\/sef-pentagonu-zahajil-novou-cistku\/","title":{"rendered":"\u0160\u00e9f Pentagonu zah\u00e1jil novou \u010distku"},"content":{"rendered":"<div id=\"fb-root\"><\/div>\n<h3>Pete Hegseth \u00fadajn\u011b odvolal \u0161\u00e9fa ministerstva obrany po \u00faniku informac\u00ed, kter\u00e9 tvrdily, \u017ee USA nezni\u010dily \u00edr\u00e1nsk\u00fd jadern\u00fd program<\/h3>\n<p><span dir=\"auto\">Americk\u00fd ministr obrany Pete Hegseth odvolal t\u0159i vysok\u00e9 \u00fa\u0159edn\u00edky Pentagonu, v\u010detn\u011b \u0161\u00e9fa jeho zpravodajsk\u00e9 slu\u017eby, informovalo v p\u00e1tek n\u011bkolik m\u00e9di\u00ed.<\/span><\/p>\n<p><span dir=\"auto\">P\u0159esn\u00fd d\u016fvod propu\u0161t\u011bn\u00ed nebyl objasn\u011bn, ale n\u00e1sledovaly \u00faniky informac\u00ed nazna\u010duj\u00edc\u00ed, \u017ee americk\u00e9 \u00fadery na \u00edr\u00e1nsk\u00fd jadern\u00fd program jej zcela nezni\u010dily, na rozd\u00edl od tvrzen\u00ed americk\u00e9ho prezidenta Donalda Trumpa.<\/span><\/p>\n<p><span dir=\"auto\">Podle t\u0159\u00ed americk\u00fdch \u00fa\u0159edn\u00edk\u016f citovan\u00fdch agenturou Reuters Hegseth odvolal gener\u00e1lporu\u010d\u00edka Jeffreyho Kruseho, kter\u00fd vedl Obrannou zpravodajskou slu\u017ebu (DIA), a tak\u00e9 dva vysok\u00e9 velitele n\u00e1mo\u0159nictva. Zdroje CNN je identifikovaly jako viceadmir\u00e1lku Nancy Lacoreovou, n\u00e1\u010delnici n\u00e1mo\u0159n\u00edch z\u00e1loh, a kontradmir\u00e1la Miltona Sandse, d\u016fstojn\u00edka jednotky Navy SEAL, kter\u00fd dohl\u00ed\u017e\u00ed na Velitelstv\u00ed speci\u00e1ln\u00edch operac\u00ed n\u00e1mo\u0159nictva.<\/span><\/p>\n<p><span dir=\"auto\">Zdroj den\u00edku Washington Post nazna\u010dil, \u017ee Kruseho odvol\u00e1n\u00ed pramenilo ze\u00a0<\/span><em><span dir=\"auto\">\u201eztr\u00e1ty d\u016fv\u011bry\u201c<\/span><\/em><span dir=\"auto\">\u00a0po zpr\u00e1v\u00e1ch, kter\u00e9 tvrdily, \u017ee intern\u00ed hodnocen\u00ed americk\u00fdch vojensk\u00fdch \u00fader\u016f na \u00edr\u00e1nsk\u00e1 jadern\u00e1 za\u0159\u00edzen\u00ed v \u010dervnu proveden\u00e9 DIA zpozdilo teher\u00e1nsk\u00fd program pouze o n\u011bkolik m\u011bs\u00edc\u016f.<\/span><\/p>\n<p><span dir=\"auto\">Trump ozna\u010dil \u00faniky informac\u00ed za\u00a0<\/span><em><span dir=\"auto\">\u201efale\u0161n\u00e9 zpr\u00e1vy\u201c,<\/span><\/em><span dir=\"auto\">\u00a0zat\u00edmco on i Hegseth trvali na tom, \u017ee \u00edr\u00e1nsk\u00fd jadern\u00fd program byl\u00a0<\/span><em><span dir=\"auto\">\u201ezni\u010den\u201c.<\/span><\/em><\/p>\n<p><span dir=\"auto\">V posledn\u00edch m\u011bs\u00edc\u00edch zah\u00e1jila Trumpova administrativa kampa\u0148 za restrukturalizaci veden\u00ed Pentagonu, p\u0159i\u010dem\u017e gener\u00e1la C. Q. Browna Jr. odvolala z funkce p\u0159edsedy Sboru n\u00e1\u010deln\u00edk\u016f \u0161t\u00e1b\u016f, zat\u00edmco gener\u00e1l David Allvin tento m\u011bs\u00edc ozn\u00e1mil p\u0159ed\u010dasn\u00fd odchod z funkce n\u00e1\u010deln\u00edka \u0161t\u00e1bu letectva. Oba kroky byly vn\u00edm\u00e1ny jako d\u016fsledek neshod s administrativou ohledn\u011b strategie. Trump d\u0159\u00edve tak\u00e9 sl\u00edbil, \u017ee\u00a0z arm\u00e1dy vym\u00fdt\u00ed\u00a0<\/span><em><span dir=\"auto\">\u201eprobuzen\u00e9\u201c ideologie.<\/span><\/em><\/p>\n<p><span dir=\"auto\">Za\u010d\u00e1tkem tohoto t\u00fddne administrativa tak\u00e9 zru\u0161ila bezpe\u010dnostn\u00ed prov\u011brky des\u00edtk\u00e1m sou\u010dasn\u00fdch i b\u00fdval\u00fdch \u00fa\u0159edn\u00edk\u016f, p\u0159i\u010dem\u017e Tulsi Gabbard, \u0159editel N\u00e1rodn\u00ed zpravodajsk\u00e9 slu\u017eby USA, je obvinil z\u00a0<\/span><em><span dir=\"auto\">\u201epolitizace a manipulace s tajn\u00fdmi slu\u017ebami, \u00faniku utajovan\u00fdch informac\u00ed bez povolen\u00ed a\/nebo \u00famysln\u00e9ho z\u00e1va\u017en\u00e9ho poru\u0161ov\u00e1n\u00ed standard\u016f obchodn\u00edho pr\u00e1va\u201c<\/span><\/em><span dir=\"auto\">\u00a0.<\/span><\/p>\n<p><img decoding=\"async\" loading=\"lazy\" class=\"alignnone size-full wp-image-1185\" src=\"http:\/\/www.infokuryr.cz\/n\/wp-content\/uploads\/2021\/04\/kuryr-podpis.png\" alt=\"\" width=\"84\" height=\"24\" \/><\/p>\n<p><img decoding=\"async\" loading=\"lazy\" class=\"wp-image-86134 aligncenter\" src=\"http:\/\/www.infokuryr.cz\/n\/wp-content\/uploads\/2025\/08\/volby10-212x300.png\" alt=\"\" width=\"757\" height=\"1071\" srcset=\"https:\/\/www.infokuryr.cz\/n\/wp-content\/uploads\/2025\/08\/volby10-212x300.png 212w, https:\/\/www.infokuryr.cz\/n\/wp-content\/uploads\/2025\/08\/volby10-724x1024.png 724w, https:\/\/www.infokuryr.cz\/n\/wp-content\/uploads\/2025\/08\/volby10-768x1086.png 768w, https:\/\/www.infokuryr.cz\/n\/wp-content\/uploads\/2025\/08\/volby10-1087x1536.png 1087w, https:\/\/www.infokuryr.cz\/n\/wp-content\/uploads\/2025\/08\/volby10-1449x2048.png 1449w, https:\/\/www.infokuryr.cz\/n\/wp-content\/uploads\/2025\/08\/volby10-1024x1447.png 1024w\" sizes=\"(max-width: 757px) 100vw, 757px\" \/><\/p>\n<p>&nbsp;<\/p>\n","protected":false},"excerpt":{"rendered":"<p>Pete Hegseth \u00fadajn\u011b odvolal \u0161\u00e9fa ministerstva obrany po \u00faniku informac\u00ed, kter\u00e9 tvrdily, \u017ee USA nezni\u010dily&#8230;<\/p>\n","protected":false},"author":2,"featured_media":86249,"comment_status":"closed","ping_status":"closed","sticky":false,"template":"","format":"standard","meta":[],"categories":[7],"tags":[2221,380,2945],"_links":{"self":[{"href":"https:\/\/www.infokuryr.cz\/n\/wp-json\/wp\/v2\/posts\/86248"}],"collection":[{"href":"https:\/\/www.infokuryr.cz\/n\/wp-json\/wp\/v2\/posts"}],"about":[{"href":"https:\/\/www.infokuryr.cz\/n\/wp-json\/wp\/v2\/types\/post"}],"author":[{"embeddable":true,"href":"https:\/\/www.infokuryr.cz\/n\/wp-json\/wp\/v2\/users\/2"}],"replies":[{"embeddable":true,"href":"https:\/\/www.infokuryr.cz\/n\/wp-json\/wp\/v2\/comments?post=86248"}],"version-history":[{"count":0,"href":"https:\/\/www.infokuryr.cz\/n\/wp-json\/wp\/v2\/posts\/86248\/revisions"}],"wp:featuredmedia":[{"embeddable":true,"href":"https:\/\/www.infokuryr.cz\/n\/wp-json\/wp\/v2\/media\/86249"}],"wp:attachment":[{"href":"https:\/\/www.infokuryr.cz\/n\/wp-json\/wp\/v2\/media?parent=86248"}],"wp:term":[{"taxonomy":"category","embeddable":true,"href":"https:\/\/www.infokuryr.cz\/n\/wp-json\/wp\/v2\/categories?post=86248"},{"taxonomy":"post_tag","embeddable":true,"href":"https:\/\/www.infokuryr.cz\/n\/wp-json\/wp\/v2\/tags?post=86248"}],"curies":[{"name":"wp","href":"https:\/\/api.w.org\/{rel}","templated":true}]}}