{"id":86245,"date":"2025-08-24T00:21:28","date_gmt":"2025-08-23T22:21:28","guid":{"rendered":"https:\/\/www.infokuryr.cz\/n\/?p=86245"},"modified":"2025-08-23T10:25:30","modified_gmt":"2025-08-23T08:25:30","slug":"pepe-escobar-i-po-ponizeni-reditelem-evropa-trva-na-tom-ze-mir-je-valka","status":"publish","type":"post","link":"https:\/\/www.infokuryr.cz\/n\/2025\/08\/24\/pepe-escobar-i-po-ponizeni-reditelem-evropa-trva-na-tom-ze-mir-je-valka\/","title":{"rendered":"Pepe Escobar: I po pon\u00ed\u017een\u00ed \u0159editelem Evropa trv\u00e1 na tom, \u017ee m\u00edr je v\u00e1lka"},"content":{"rendered":"<div id=\"fb-root\"><\/div>\n<h4><strong><span dir=\"auto\">Imp\u00e9rium chaosu je ve v\u00e1lce, hybridn\u00ed i jin\u00e9, nejen proti BRICS, ale i proti euroasijsk\u00e9 integraci.<\/span><\/strong><\/h4>\n<p><span dir=\"auto\">Sta\u010dil jen jeden sn\u00edmek, aby se potomk\u016fm vtisklo naprost\u00e9 pon\u00ed\u017een\u00ed eurotrashov\u00fdch politick\u00fdch elit v roce 2025: Koalice blbc\u016f se v Ov\u00e1ln\u00e9 pracovn\u011b se\u0159azovala jako banda vyd\u011b\u0161en\u00fdch \u0161kol\u00e1k\u016f, p\u0159\u00edsn\u011b pok\u00e1r\u00e1na Hlasem sv\u00e9ho P\u00e1na \u2013 \u0159editele a z\u00e1rove\u0148 cirkusov\u00e9ho mistra.<\/span><\/p>\n<p><span dir=\"auto\">To bylo tak\u00e9 v\u00fdsti\u017en\u011b pops\u00e1no jako\u00a0<\/span><a href=\"https:\/\/simplicius76.substack.com\/p\/trump-breaks-europe-over-his-knee\" target=\"_blank\" rel=\"noopener\"><span dir=\"auto\">Trump\u016fv l\u00e1m\u00e1n\u00ed Evropy p\u0159es koleno<\/span><\/a><span dir=\"auto\">\u00a0.<\/span><\/p>\n<p><span dir=\"auto\">Prezident Putin to samoz\u0159ejm\u011b\u00a0<\/span><a href=\"https:\/\/www.rt.com\/russia\/612053-european-leaders-wag-tails-trump\/\" target=\"_blank\" rel=\"noopener\"><span dir=\"auto\">p\u0159edpov\u011bd\u011bl u\u017e<\/span><\/a><span dir=\"auto\">\u00a0v\u00edce ne\u017e \u0161est m\u011bs\u00edc\u016f p\u0159edem:<\/span><\/p>\n<p><em><span dir=\"auto\">\u201eUji\u0161\u0165uji v\u00e1s, \u017ee Trump se sv\u00fdm charakterem a vytrvalost\u00ed pom\u011brn\u011b rychle obnov\u00ed po\u0159\u00e1dek. A v\u0161ichni, uvid\u00edte, brzy budou v\u0161ichni st\u00e1t p\u00e1novi u nohou a jemn\u011b vrt\u011bt ocasem.\u201c<\/span><\/em><\/p>\n<p><span dir=\"auto\">Pon\u00ed\u017een\u00ed B\u00edl\u00e9ho domu zpe\u010detilo dohodu a znovu potvrdilo posedlost: pro evropsk\u00e9 \u201eveden\u00ed\u201c na v\u0161ech \u00farovn\u00edch, pokud jde o vztahy s Ruskem, je m\u00edr v\u00e1lka.<\/span><\/p>\n<p><span dir=\"auto\">M\u00e1vaj\u00edc svou pok\u0159ivenou logikou, nemohou pochopit, \u017ee pokud bude Ukrajina zneu\u017eita \u2013 vlastn\u011b u\u017e od doby p\u0159ed Majdanem v roce 2014 \u2013 k obt\u011b\u017eov\u00e1n\u00ed a destabilizaci Ruska na jeho z\u00e1padn\u00edch hranic\u00edch, Rusko podnikne razantn\u00ed proti\u00fatok.<\/span><\/p>\n<p><span dir=\"auto\">To je j\u00e1dro rusk\u00e9ho konceptu \u201ez\u00e1kladn\u00edch p\u0159\u00ed\u010din\u201c ukrajinsk\u00e9 trag\u00e9die, kter\u00fdm je t\u0159eba se d\u016fkladn\u011b zab\u00fdvat, pokud existuje n\u011bjak\u00e1 skute\u010dn\u00e1 \u0161ance na Trump\u016fv \u010di nikoliv Trump\u016fv \u201em\u00edr\u201c.<\/span><\/p>\n<p><span dir=\"auto\">V \u0161ir\u0161\u00edm kontextu se to prom\u00edt\u00e1 jako jedn\u00e1n\u00ed Imp\u00e9ria chaosu a Ruska, kter\u00e9 se sna\u017e\u00ed vytvo\u0159it nov\u00e9 uspo\u0159\u00e1d\u00e1n\u00ed \u201ened\u011blitelnosti bezpe\u010dnosti\u201c \u2013 p\u0159esn\u011b tak, jak to Moskva navrhla v prosinci 2021: tehdy se v\u0161ak setkalo s nereagov\u00e1n\u00edm.<\/span><\/p>\n<p><span dir=\"auto\">Nov\u00fdm deliriem spole\u010dnosti EURotrash Inc. je p\u0159ipisovat si n\u00e1vrh budouc\u00edch hranic mezi znovuozbrojenou Evropou a Ruskem, kter\u00e9 j\u00ed nevyhnuteln\u011b zp\u016fsob\u00ed masivn\u00ed strategickou por\u00e1\u017eku.<\/span><\/p>\n<p><span dir=\"auto\">Je velmi nepravd\u011bpodobn\u00e9 si p\u0159edstavit, \u017ee Trump je s\u00e1m o sob\u011b schopen vnutit novou strategickou realitu v\u00e1le\u010dn\u00e9, ale chud\u00e9 koalici blbc\u016f. A\u0165 se stane s odno\u017e\u00ed Ukrajiny cokoli, Trump, na z\u00e1klad\u011b sv\u00fdch vlastn\u00edch zvrat\u016f a v\u00fdlev\u016f, ve skute\u010dnosti chce, aby Evropa odte\u010f Rusko \u201ezadr\u017eovala\u201c a pou\u017e\u00edvala k tomu arzen\u00e1l sm\u011b\u0161n\u011b drah\u00fdch americk\u00fdch zbran\u00ed.<\/span><\/p>\n<p><span dir=\"auto\">Co se tedy m\u011bn\u00ed, je charakter t\u00e9to konkr\u00e9tn\u00ed kapitoly V\u011b\u010dn\u00fdch v\u00e1lek: bude v n\u00ed bojovat Koalice blbc\u016f, a ne Ameri\u010dan\u00e9.<\/span><\/p>\n<p><span dir=\"auto\">Z kr\u00e1tkodob\u00e9ho hlediska to tak\u00e9 odhaluje jedinou strategii, kter\u00e1 je pro kombinaci EUrotrash\/Kyjev k dispozici: p\u0159e\u017e\u00edt Trumpa a\u017e do poloviny volebn\u00edho obdob\u00ed v roce 2026, zni\u010dit zbytek jeho prezidentsk\u00e9ho obdob\u00ed a b\u00fdt v bezpe\u010d\u00ed s n\u00e1vratem mega-rusofobn\u00ed bandy v roce 2028.<\/span><\/p>\n<h3><strong><span dir=\"auto\">Kter\u00e1 Mrtv\u00e1 ruka zv\u00edt\u011bz\u00ed?<\/span><\/strong><\/h3>\n<p><span dir=\"auto\">A star\u00fd p\u0159\u00edslu\u0161n\u00edk Deep State, kter\u00fd m\u011bl privilegovan\u00fd p\u0159\u00edstup ke v\u0161em \u0161\u00e9f\u016fm z doby studen\u00e9 v\u00e1lky, shrnuje n\u00e1strahy, kter\u00e9 Rusko \u010dek\u00e1:<\/span><\/p>\n<p><em><span dir=\"auto\">\u201eRusko p\u0159\u00edli\u0161 dlouho neutralizuje Ukrajinu a d\u00e1v\u00e1 NATO \u010das na obnoven\u00ed diverz\u00ed. I kdy\u017e \u0161ne\u010d\u00ed ofenz\u00edva na Ukrajin\u011b zachra\u0148uje \u017eivoty, NATO se sna\u017e\u00ed oslabit strategickou pozici Ruska na Balk\u00e1n\u011b a jinde, co\u017e m\u016f\u017ee v budoucnu st\u00e1t mnohem v\u00edce \u017eivot\u016f. Pokud budou Slovan\u00e9 na Balk\u00e1n\u011b rozdrceni, m\u016f\u017ee to strategicky oslabit celkovou pozici Ruska, a to je mnohem n\u00e1kladn\u011bj\u0161\u00ed ne\u017e velk\u00e1 bleskov\u00e1 ofenz\u00edva ve stylu Stalina na rusk\u00e9 Ukrajin\u011b. Rusko mus\u00ed tuto v\u00e1lku nyn\u00ed ukon\u010dit a obr\u00e1tit se ke sv\u00fdm ji\u017en\u00edm probl\u00e9m\u016fm na Balk\u00e1n\u011b a intrik\u00e1m v Baku.\u201c<\/span><\/em><\/p>\n<p><span dir=\"auto\">Trump si t\u011bchto detail\u016f z velk\u00e9ho obrazu samoz\u0159ejm\u011b nev\u0161\u00edm\u00e1. V nejlep\u0161\u00edm p\u0159\u00edpad\u011b p\u0159izn\u00e1v\u00e1 televizi Fox News, \u017ee \u201eUkrajina nez\u00edsk\u00e1 zp\u011bt Krym\u201c a \u201eUkrajina se nep\u0159ipoj\u00ed k NATO\u201c. Zd\u00e1 se v\u0161ak, \u017ee mu nevad\u00ed, \u017ee \u201eFrancie, N\u011bmecko a Spojen\u00e9 kr\u00e1lovstv\u00ed cht\u011bj\u00ed nasadit voj\u00e1ky na Ukrajinu\u201c jako sou\u010d\u00e1st nov\u00e9ho kabuki: \u201ebezpe\u010dnostn\u00edch z\u00e1ruk\u201c. To je pro Moskvu mezigalaktick\u00e1 \u010derven\u00e1 linie.<\/span><\/p>\n<p><span dir=\"auto\">Z\u00e1rove\u0148 je zbo\u017en\u00fdm p\u0159\u00e1n\u00edm v\u011b\u0159it, \u017ee Putin je kone\u010dn\u011b p\u0159ipraven vyjedn\u00e1vat o \u201em\u00edru\u201c. Nejde o m\u00edr; v\u017edy jde o to, p\u0159ij\u00edt s nezpochybniteln\u00fdmi fakty na boji\u0161ti, proto\u017ee Moskva v\u00ed, \u017ee tuto v\u00e1lku vyhraje pouze na boji\u0161ti.<\/span><\/p>\n<p><span dir=\"auto\">Rusk\u00e9 s\u00edly dos\u00e1hly posledn\u00ed ukrajinsk\u00e9 obrann\u00e9 linie na Donbasu: Slavjansku-Kramatorsku. A rychle obkli\u010duj\u00ed kl\u00ed\u010dov\u00e9 pevnosti pobl\u00ed\u017e Pokrovska a Konstantinovky. Mluv\u00edme o strategick\u00e9m\/psychologick\u00e9m zlomu. Odtud u\u017e je \u2013 step \u2013 nebem hranice.<\/span><\/p>\n<p><span dir=\"auto\">P\u0159idejte k tomu\u00a0<\/span><a href=\"https:\/\/t.co\/cMAdK9EgHi\" target=\"_blank\" rel=\"noopener\"><span dir=\"auto\">kombinovan\u00fd hackersk\u00fd \u00fatok<\/span><\/a><span dir=\"auto\">\u00a0na Gener\u00e1ln\u00ed \u0161t\u00e1b ozbrojen\u00fdch sil Ukrajiny, kter\u00fd odhalil, \u017ee ztr\u00e1ty Kyjeva v po\u010dtu mrtv\u00fdch a poh\u0159e\u0161ovan\u00fdch dosahuj\u00ed ohromuj\u00edc\u00edch 1,7 milionu.<\/span><\/p>\n<p><span dir=\"auto\">V\u0161echny v\u00fd\u0161e uveden\u00e9 faktory znamenaj\u00ed, \u017ee se rychle bl\u00ed\u017e\u00edme k osudn\u00e9mu okam\u017eiku, kdy v\u00edt\u011bz nadiktuje \u00fapln\u00e9 podm\u00ednky kapitulace nep\u0159\u00edtele. Nen\u00ed t\u0159eba pochodovat na Bankovu v Kyjev\u011b a vzty\u010dovat ruskou vlajku.<\/span><\/p>\n<p><span dir=\"auto\">Dopou\u0161t\u011bt se lacin\u00e9 Trumpem vymy\u0161len\u00e9 \u201em\u00edrov\u00e9\u201c dohody s sebou pro Rusko nese \u0159adu p\u0159ekr\u00fdvaj\u00edc\u00edch se v\u00e1\u017en\u00fdch strategick\u00fdch por\u00e1\u017eek. Nap\u0159\u00edklad: ponech\u00e1n\u00ed Od\u011bsy a Charkova napospas MI6 a britsk\u00fdm machinac\u00edm. Z\u00e1rove\u0148 by Moskva m\u011bla za\u010d\u00edt v\u011bnovat mnohem v\u011bt\u0161\u00ed pozornost sv\u00e9mu podb\u0159i\u0161ku na ji\u017en\u00edm Kavkaze, kde se Turecko sna\u017e\u00ed vytvo\u0159it panturansk\u00fd p\u00e1s\/koridor.<\/span><\/p>\n<p><span dir=\"auto\">Imp\u00e9rium chaosu je ve v\u00e1lce, hybridn\u00ed i jin\u00e9, nejen proti BRICS, ale i proti euroasijsk\u00e9 integraci. N\u011bkter\u00e9 z jej\u00edch d\u016fsledk\u016f budou jist\u011b projedn\u00e1ny na nadch\u00e1zej\u00edc\u00edm summitu \u0160OS v Tchien-\u0165inu, kter\u00fd se bude konat 31. srpna\/1. z\u00e1\u0159\u00ed. U jednac\u00edho stolu budou Putin, Si \u0164in-pching, M\u00f3d\u00ed a Peze\u0161kijan.<\/span><\/p>\n<p><span dir=\"auto\">A to by m\u011blo v\u0161em akt\u00e9r\u016fm v\u0161t\u00edpit nezbytnost, aby BRICS a SCO, co nejd\u0159\u00edve ne\u017e pozd\u011bji, reprezentovaly Eurasii, st\u00e1le v\u00edce se sjednotily a pos\u00edlily nejen svou ekonomickou, ale i geostrategickou spolupr\u00e1ci. Existuje jen jedna cesta: vyjedn\u00e1vat jako skupina se st\u00e1le nekontrolovateln\u011bj\u0161\u00edm Imp\u00e9riem chaosu. Putin a Si \u0164in-pching to u\u017e v\u011bd\u00ed. Lula a M\u00f3d\u00ed si za\u010d\u00ednaj\u00ed uv\u011bdomovat situaci.<\/span><\/p>\n<p><span dir=\"auto\">Mezit\u00edm je poku\u0161en\u00ed vykreslit Putina jako n\u011bkoho, kdo Trumpovi velkoryse poskytuje odchod: vymanit se z imperi\u00e1ln\u00ed strategick\u00e9 por\u00e1\u017eky na Ukrajin\u011b a z\u00e1rove\u0148 si zachr\u00e1nit tv\u00e1\u0159.<\/span><\/p>\n<p><span dir=\"auto\">Probl\u00e9m je v tom, \u017ee masivn\u00ed fronta M\u00edr je v\u00e1lka to nikdy nep\u0159ijme. A to jde daleko za hranice EURotrash Inc., v\u010detn\u011b star\u00fdch atlantick\u00fdch pen\u011bz, kl\u00ed\u010dov\u00fdch hr\u00e1\u010d\u016f v mezin\u00e1rodn\u00edch financ\u00edch a chod\u00edc\u00edch mrtvol, ale ne doopravdy mrtv\u00fdch neokonzervativc\u016f.<\/span><\/p>\n<p><span dir=\"auto\">Rusko, \u010c\u00edna, BRICS\/SCO mus\u00ed b\u00fdt v nep\u0159etr\u017eit\u00e9 pohotovosti 24 hodin denn\u011b, 7 dn\u00ed v t\u00fddnu. Fronta \u201eM\u00edr je v\u00e1lka\u201c se ji\u017e m\u011bn\u00ed na frontu NBT: jadern\u00e9 hrozby, biologick\u00e9 zbran\u011b a teroristick\u00e9 \u00fatoky. Rusko m\u016f\u017ee m\u00edt \u201eMrtvou ruku\u201c \u2013 kter\u00e1 zni\u010d\u00ed ka\u017ed\u00e9ho \u00fato\u010dn\u00edka. Fronta NBT m\u00e1 v nejlep\u0161\u00edm p\u0159\u00edpad\u011b vychrtlou mrtvou ruku chod\u00edc\u00edho mrtv\u00e9ho mu\u017ee.<\/span><\/p>\n<p><a href=\"https:\/\/strategic-culture.su\/news\/2025\/08\/21\/even-after-headmaster-humiliation-europe-insists-that-peace-war\/\">Pepe Escobar<\/a><\/p>\n<p><img decoding=\"async\" loading=\"lazy\" class=\"alignnone size-medium wp-image-48181\" src=\"http:\/\/www.infokuryr.cz\/n\/wp-content\/uploads\/2024\/02\/pepe-escobar-300x166.jpg\" alt=\"\" width=\"300\" height=\"166\" srcset=\"https:\/\/www.infokuryr.cz\/n\/wp-content\/uploads\/2024\/02\/pepe-escobar-300x166.jpg 300w, https:\/\/www.infokuryr.cz\/n\/wp-content\/uploads\/2024\/02\/pepe-escobar.jpg 527w\" sizes=\"(max-width: 300px) 100vw, 300px\" \/><\/p>\n<p><img decoding=\"async\" loading=\"lazy\" class=\"wp-image-86134 aligncenter\" src=\"http:\/\/www.infokuryr.cz\/n\/wp-content\/uploads\/2025\/08\/volby10-212x300.png\" alt=\"\" width=\"757\" height=\"1071\" srcset=\"https:\/\/www.infokuryr.cz\/n\/wp-content\/uploads\/2025\/08\/volby10-212x300.png 212w, https:\/\/www.infokuryr.cz\/n\/wp-content\/uploads\/2025\/08\/volby10-724x1024.png 724w, https:\/\/www.infokuryr.cz\/n\/wp-content\/uploads\/2025\/08\/volby10-768x1086.png 768w, https:\/\/www.infokuryr.cz\/n\/wp-content\/uploads\/2025\/08\/volby10-1087x1536.png 1087w, https:\/\/www.infokuryr.cz\/n\/wp-content\/uploads\/2025\/08\/volby10-1449x2048.png 1449w, https:\/\/www.infokuryr.cz\/n\/wp-content\/uploads\/2025\/08\/volby10-1024x1447.png 1024w\" sizes=\"(max-width: 757px) 100vw, 757px\" \/><\/p>\n<p>&nbsp;<\/p>\n","protected":false},"excerpt":{"rendered":"<p>Imp\u00e9rium chaosu je ve v\u00e1lce, hybridn\u00ed i jin\u00e9, nejen proti BRICS, ale i proti euroasijsk\u00e9&#8230;<\/p>\n","protected":false},"author":2,"featured_media":86246,"comment_status":"closed","ping_status":"closed","sticky":false,"template":"","format":"standard","meta":[],"categories":[7],"tags":[1042,283,22,37],"_links":{"self":[{"href":"https:\/\/www.infokuryr.cz\/n\/wp-json\/wp\/v2\/posts\/86245"}],"collection":[{"href":"https:\/\/www.infokuryr.cz\/n\/wp-json\/wp\/v2\/posts"}],"about":[{"href":"https:\/\/www.infokuryr.cz\/n\/wp-json\/wp\/v2\/types\/post"}],"author":[{"embeddable":true,"href":"https:\/\/www.infokuryr.cz\/n\/wp-json\/wp\/v2\/users\/2"}],"replies":[{"embeddable":true,"href":"https:\/\/www.infokuryr.cz\/n\/wp-json\/wp\/v2\/comments?post=86245"}],"version-history":[{"count":1,"href":"https:\/\/www.infokuryr.cz\/n\/wp-json\/wp\/v2\/posts\/86245\/revisions"}],"predecessor-version":[{"id":86247,"href":"https:\/\/www.infokuryr.cz\/n\/wp-json\/wp\/v2\/posts\/86245\/revisions\/86247"}],"wp:featuredmedia":[{"embeddable":true,"href":"https:\/\/www.infokuryr.cz\/n\/wp-json\/wp\/v2\/media\/86246"}],"wp:attachment":[{"href":"https:\/\/www.infokuryr.cz\/n\/wp-json\/wp\/v2\/media?parent=86245"}],"wp:term":[{"taxonomy":"category","embeddable":true,"href":"https:\/\/www.infokuryr.cz\/n\/wp-json\/wp\/v2\/categories?post=86245"},{"taxonomy":"post_tag","embeddable":true,"href":"https:\/\/www.infokuryr.cz\/n\/wp-json\/wp\/v2\/tags?post=86245"}],"curies":[{"name":"wp","href":"https:\/\/api.w.org\/{rel}","templated":true}]}}