{"id":86117,"date":"2025-08-22T05:31:03","date_gmt":"2025-08-22T03:31:03","guid":{"rendered":"https:\/\/www.infokuryr.cz\/n\/?p=86117"},"modified":"2025-08-22T05:31:03","modified_gmt":"2025-08-22T03:31:03","slug":"netanjahu-izrael-dobyje-gazu-i-kdyz-hamas-prijme-dohodu-o-primeri","status":"publish","type":"post","link":"https:\/\/www.infokuryr.cz\/n\/2025\/08\/22\/netanjahu-izrael-dobyje-gazu-i-kdyz-hamas-prijme-dohodu-o-primeri\/","title":{"rendered":"Netanjahu: Izrael dobyje Gazu, i kdy\u017e Ham\u00e1s p\u0159ijme dohodu o p\u0159\u00edm\u011b\u0159\u00ed"},"content":{"rendered":"<div id=\"fb-root\"><\/div>\n<h3>Izraelsk\u00e9 obrann\u00e9 s\u00edly (IDF) obnovily ofenz\u00edvu na m\u011bsto Gaza navzdory mezin\u00e1rodn\u00ed kritice<\/h3>\n<p data-start=\"122\" data-end=\"388\"><span dir=\"auto\">Izrael dobyje cel\u00e9 p\u00e1smo Gazy, i kdy\u017e Ham\u00e1s souhlas\u00ed s dohodou o rukojm\u00edch, prohl\u00e1sil premi\u00e9r Benjamin Netanjahu.<\/span><\/p>\n<p data-start=\"515\" data-end=\"769\"><span dir=\"auto\">Izraelsk\u00fd v\u016fdce se k tomu vyj\u00e1d\u0159il pot\u00e9, co Izraelsk\u00e9 obrann\u00e9 s\u00edly (IDF) tento t\u00fdden ozn\u00e1mily prvn\u00ed f\u00e1zi operace s c\u00edlem obsadit m\u011bsto Gaza v severn\u00ed \u010d\u00e1sti hust\u011b os\u00eddlen\u00e9 palestinsk\u00e9 enkl\u00e1vy, kterou ozna\u010dily za ba\u0161tu Ham\u00e1su.<\/span><\/p>\n<p data-start=\"771\" data-end=\"1006\"><span dir=\"auto\">Ve \u010dtvrtek v rozhovoru pro Sky News Australia Netanjahu zd\u016fraznil, \u017ee c\u00edl vyhnat Ham\u00e1s z\u016fst\u00e1v\u00e1 nezm\u011bn\u011bn.\u00a0<\/span><em><span dir=\"auto\">\u201eUd\u011bl\u00e1me to stejn\u011b. Nikdy nebylo pochyb o tom, \u017ee Ham\u00e1s tam nenech\u00e1me,\u201c<\/span><\/em><span dir=\"auto\">\u00a0\u0159ekl.<\/span><\/p>\n<p data-start=\"1008\" data-end=\"1358\"><span dir=\"auto\">Odk\u00e1zal na podporu americk\u00e9ho prezidenta Donalda Trumpa, kter\u00fd za\u010d\u00e1tkem tohoto m\u011bs\u00edce prohl\u00e1sil, \u017ee Ham\u00e1s\u00a0<\/span><em><span dir=\"auto\">\u201enem\u016f\u017ee z\u016fstat\u201c<\/span><\/em><span dir=\"auto\">\u00a0v Gaze.\u00a0<\/span><em><span dir=\"auto\">\u201eMysl\u00edm, \u017ee prezident Trump to vyj\u00e1d\u0159il nejl\u00e9pe, kdy\u017e \u0159ekl, \u017ee Ham\u00e1s mus\u00ed z Gazy zmizet. Je to jako nechat SS v N\u011bmecku. V\u00edte, vy\u010dist\u00edte v\u011bt\u0161inu N\u011bmecka, ale vynech\u00e1te Berl\u00edn s SS a nacistick\u00fdm j\u00e1drem,\u201c<\/span><\/em><span dir=\"auto\">\u00a0\u0159ekl Netanjahu.<\/span><\/p>\n<p data-start=\"1360\" data-end=\"1563\"><span dir=\"auto\">Netanjahu argumentoval, \u017ee v\u00e1lka\u00a0<\/span><em><span dir=\"auto\">\u201eby mohla skon\u010dit dnes\u201c,<\/span><\/em><span dir=\"auto\">\u00a0pokud by Ham\u00e1s souhlasil s propu\u0161t\u011bn\u00edm zb\u00fdvaj\u00edc\u00edch rukojm\u00edch, odzbrojen\u00edm a\u00a0<\/span><em><span dir=\"auto\">\u201edemilitarizac\u00ed Gazy\u201c.<\/span><\/em><span dir=\"auto\">\u00a0Mezin\u00e1rodn\u00ed kritiku ozna\u010dil za\u00a0<\/span><em><span dir=\"auto\">\u201etsunami antisemitismu\u201c.<\/span><\/em><\/p>\n<p data-start=\"1565\" data-end=\"1920\"><span dir=\"auto\">Gener\u00e1ln\u00ed tajemn\u00edk OSN Ant\u00f3nio Guterres znovu vyzval k okam\u017eit\u00e9mu p\u0159\u00edm\u011b\u0159\u00ed a varoval, \u017ee izraelsk\u00e1 ofenziva povede k\u00a0<\/span><em><span dir=\"auto\">\u201emasivn\u00edm \u00famrt\u00edm a ni\u010den\u00ed\u201c.<\/span><\/em><span dir=\"auto\">\u00a0\u010cerven\u00fd k\u0159\u00ed\u017e a dal\u0161\u00ed humanit\u00e1rn\u00ed organizace nal\u00e9haj\u00ed na Izrael k zastaven\u00ed operace, jeliko\u017e ofici\u00e1ln\u00ed po\u010det ob\u011bt\u00ed Palestinc\u016f v Gaze od \u0159\u00edjna 2023 tento t\u00fdden p\u0159ekro\u010dil 62 000.<\/span><\/p>\n<p data-start=\"1922\" data-end=\"2103\"><span dir=\"auto\">Zhor\u0161uj\u00edc\u00ed se humanit\u00e1rn\u00ed krize p\u0159im\u011bla n\u011bkolik zem\u00ed, v\u010detn\u011b Francie, aby zv\u00e1\u017eily form\u00e1ln\u00ed uzn\u00e1n\u00ed St\u00e1tu Palestina, a ta sl\u00edbila, \u017ee tak u\u010din\u00ed p\u0159\u00ed\u0161t\u00ed m\u011bs\u00edc.<\/span><\/p>\n<p data-start=\"1922\" data-end=\"2103\"><img decoding=\"async\" loading=\"lazy\" class=\"alignnone size-full wp-image-1185\" src=\"http:\/\/www.infokuryr.cz\/n\/wp-content\/uploads\/2021\/04\/kuryr-podpis.png\" alt=\"\" width=\"84\" height=\"24\" \/><\/p>\n<p data-start=\"1922\" data-end=\"2103\"><img decoding=\"async\" loading=\"lazy\" class=\"wp-image-85002 aligncenter\" src=\"http:\/\/www.infokuryr.cz\/n\/wp-content\/uploads\/2025\/08\/Plakat1-212x300.jpg\" alt=\"\" width=\"607\" height=\"859\" srcset=\"https:\/\/www.infokuryr.cz\/n\/wp-content\/uploads\/2025\/08\/Plakat1-212x300.jpg 212w, https:\/\/www.infokuryr.cz\/n\/wp-content\/uploads\/2025\/08\/Plakat1-724x1024.jpg 724w, https:\/\/www.infokuryr.cz\/n\/wp-content\/uploads\/2025\/08\/Plakat1-768x1086.jpg 768w, https:\/\/www.infokuryr.cz\/n\/wp-content\/uploads\/2025\/08\/Plakat1-1086x1536.jpg 1086w, https:\/\/www.infokuryr.cz\/n\/wp-content\/uploads\/2025\/08\/Plakat1-1024x1449.jpg 1024w, https:\/\/www.infokuryr.cz\/n\/wp-content\/uploads\/2025\/08\/Plakat1.jpg 1131w\" sizes=\"(max-width: 607px) 100vw, 607px\" \/><\/p>\n<p data-start=\"1922\" data-end=\"2103\">\n","protected":false},"excerpt":{"rendered":"<p>Izraelsk\u00e9 obrann\u00e9 s\u00edly (IDF) obnovily ofenz\u00edvu na m\u011bsto Gaza navzdory mezin\u00e1rodn\u00ed kritice Izrael dobyje cel\u00e9&#8230;<\/p>\n","protected":false},"author":2,"featured_media":86118,"comment_status":"closed","ping_status":"closed","sticky":false,"template":"","format":"standard","meta":[],"categories":[7],"tags":[4537,348,178,111],"_links":{"self":[{"href":"https:\/\/www.infokuryr.cz\/n\/wp-json\/wp\/v2\/posts\/86117"}],"collection":[{"href":"https:\/\/www.infokuryr.cz\/n\/wp-json\/wp\/v2\/posts"}],"about":[{"href":"https:\/\/www.infokuryr.cz\/n\/wp-json\/wp\/v2\/types\/post"}],"author":[{"embeddable":true,"href":"https:\/\/www.infokuryr.cz\/n\/wp-json\/wp\/v2\/users\/2"}],"replies":[{"embeddable":true,"href":"https:\/\/www.infokuryr.cz\/n\/wp-json\/wp\/v2\/comments?post=86117"}],"version-history":[{"count":0,"href":"https:\/\/www.infokuryr.cz\/n\/wp-json\/wp\/v2\/posts\/86117\/revisions"}],"wp:featuredmedia":[{"embeddable":true,"href":"https:\/\/www.infokuryr.cz\/n\/wp-json\/wp\/v2\/media\/86118"}],"wp:attachment":[{"href":"https:\/\/www.infokuryr.cz\/n\/wp-json\/wp\/v2\/media?parent=86117"}],"wp:term":[{"taxonomy":"category","embeddable":true,"href":"https:\/\/www.infokuryr.cz\/n\/wp-json\/wp\/v2\/categories?post=86117"},{"taxonomy":"post_tag","embeddable":true,"href":"https:\/\/www.infokuryr.cz\/n\/wp-json\/wp\/v2\/tags?post=86117"}],"curies":[{"name":"wp","href":"https:\/\/api.w.org\/{rel}","templated":true}]}}