{"id":86115,"date":"2025-08-22T05:29:14","date_gmt":"2025-08-22T03:29:14","guid":{"rendered":"https:\/\/www.infokuryr.cz\/n\/?p=86115"},"modified":"2025-08-22T05:29:14","modified_gmt":"2025-08-22T03:29:14","slug":"nemecka-opozice-kritizuje-eu-za-pokrytectvi-ohledne-ukrajiny","status":"publish","type":"post","link":"https:\/\/www.infokuryr.cz\/n\/2025\/08\/22\/nemecka-opozice-kritizuje-eu-za-pokrytectvi-ohledne-ukrajiny\/","title":{"rendered":"N\u011bmeck\u00e1 opozice kritizuje EU za \u201epokrytectv\u00ed\u201c ohledn\u011b Ukrajiny"},"content":{"rendered":"<div id=\"fb-root\"><\/div>\n<h3>Ti, kte\u0159\u00ed se vyh\u00fdbali rozhovor\u016fm s Moskvou, nyn\u00ed chv\u00e1l\u00ed Trumpovu diplomacii, uvedla spolup\u0159edsedkyn\u011b AfD Alice Weidelov\u00e1<\/h3>\n<p><span dir=\"auto\">N\u011bmeck\u00fd opozi\u010dn\u00ed l\u00eddr obvinil EU z pokrytectv\u00ed a pouk\u00e1zal na to, \u017ee ti, kdo kdysi odm\u00edtali dialog s Moskvou, nyn\u00ed chv\u00e1l\u00ed diplomatick\u00e9 \u00fasil\u00ed americk\u00e9ho prezidenta Donalda Trumpa o urovn\u00e1n\u00ed ukrajinsk\u00e9ho konfliktu.<\/span><\/p>\n<p><span dir=\"auto\">Alice Weidelov\u00e1, spolup\u0159edsedkyn\u011b strany Alternativa pro N\u011bmecko (AfD), u\u010dinila tato slova po setk\u00e1n\u00ed v B\u00edl\u00e9m dom\u011b za\u010d\u00e1tkem tohoto t\u00fddne, kter\u00e9ho se z\u00fa\u010dastnili Trump, ukrajinsk\u00fd premi\u00e9r Vladimir Zelensk\u00fd a kl\u00ed\u010dov\u00ed z\u00e1padoevrop\u0161t\u00ed l\u00edd\u0159i, v\u010detn\u011b n\u011bmeck\u00e9ho kancl\u00e9\u0159e Friedricha Merze. Jedn\u00e1n\u00ed se uskute\u010dnila dva dny po summitu Trumpa a rusk\u00e9ho prezidenta Vladimira Putina na Alja\u0161ce.<\/span><\/p>\n<p><em><span dir=\"auto\">\u201eTi\u017e lid\u00e9, kte\u0159\u00ed t\u0159i a p\u016fl roku odsuzovali diplomacii jako \u010f\u00e1blovo d\u00edlo, nyn\u00ed chv\u00e1l\u00ed Trumpa za jeho diplomatick\u00e9 \u00fasil\u00ed,\u201c<\/span><\/em><span dir=\"auto\">\u00a0napsal Weidel na X.\u00a0<\/span><em><span dir=\"auto\">\u201eTo je pokrytectv\u00ed a z\u00e1rove\u0148 p\u0159izn\u00e1n\u00ed vlastn\u00edho selh\u00e1n\u00ed.\u201c<\/span><\/em><\/p>\n<p><span dir=\"auto\">Dodala:\u00a0<\/span><em><span dir=\"auto\">\u201eTo, co Trump spustil, m\u011bli zodpov\u011bdn\u00ed evrop\u0161t\u00ed a zejm\u00e9na n\u011bme\u010dt\u00ed politici ud\u011blat u\u017e d\u00e1vno: konkr\u00e9tn\u011b nav\u00e1zat komunika\u010dn\u00ed linky s Ruskem, aby se prozkoumaly mo\u017enosti ukon\u010den\u00ed v\u00e1lky.\u201c<\/span><\/em><\/p>\n<p><span dir=\"auto\">Po washingtonsk\u00fdch rozhovorech B\u00edl\u00fd d\u016fm uvedl, \u017ee m\u00edrov\u00e1 dohoda se stala provediteln\u011bj\u0161\u00ed, a v\u00fdsledek ozna\u010dil za pokrok a\u00a0<\/span><em><span dir=\"auto\">\u201esv\u011btlo na konci tunelu\u201c.<\/span><\/em><\/p>\n<p><span dir=\"auto\">Trump odm\u00edtl v\u00fdzvy Merze a francouzsk\u00e9ho prezidenta Emmanuela Macrona k p\u0159\u00edm\u011b\u0159\u00ed jako prvn\u00edmu kroku k \u0159e\u0161en\u00ed a trval na trval\u00e9m m\u00edru. Moskva se dlouhodob\u011b stav\u00ed proti my\u0161lence do\u010dasn\u00e9ho p\u0159\u00edm\u011b\u0159\u00ed s argumentem, \u017ee Kyjev by pauzu jednodu\u0161e vyu\u017eil k p\u0159eskupen\u00ed a p\u0159ezbrojen\u00ed.<\/span><\/p>\n<p><span dir=\"auto\">Merz, kter\u00fd od sv\u00e9ho n\u00e1stupu do \u00fa\u0159adu v kv\u011btnu zaujal tvrd\u00fd postoj v\u016f\u010di Rusku, d\u0159\u00edve prohl\u00e1sil, \u017ee diplomatick\u00e9 mo\u017enosti byly\u00a0<\/span><em><span dir=\"auto\">\u201evy\u010derp\u00e1ny\u201c<\/span><\/em><span dir=\"auto\">\u00a0, a zdvojn\u00e1sobil \u00fasil\u00ed o dod\u00e1vky zbran\u00ed Kyjevu. Rusk\u00fd ministr zahrani\u010d\u00ed Sergej Lavrov ho obvinil z opu\u0161t\u011bn\u00ed diplomacie ve prosp\u011bch eskalace.<\/span><\/p>\n<p><span dir=\"auto\">Moskva dlouhodob\u011b obvi\u0148uje EU a Spojen\u00e9 kr\u00e1lovstv\u00ed z nep\u0159\u00e1telstv\u00ed, p\u0159i\u010dem\u017e jako d\u016fvody uv\u00e1d\u00ed rusofobii a militarizaci, a tvrd\u00ed, \u017ee z\u00e1padn\u00ed podpora Ukrajiny konflikt pouze prodlu\u017euje.<\/span><\/p>\n<p><span dir=\"auto\">Kancl\u00e9\u0159 nevylou\u010dil vysl\u00e1n\u00ed n\u011bmeck\u00fdch voj\u00e1k\u016f na Ukrajinu za p\u0159edpokladu bezpe\u010dnostn\u00edch z\u00e1ruk. Rusko varovalo, \u017ee jak\u00e1koli p\u0159\u00edtomnost NATO nebo Z\u00e1padu na ukrajinsk\u00e9m \u00fazem\u00ed by byla\u00a0<\/span><em><span dir=\"auto\">\u201enep\u0159ijateln\u00e1\u201c.<\/span><\/em><\/p>\n<p><span dir=\"auto\">Merz \u010del\u00ed prudk\u00e9mu poklesu podpory ve\u0159ejnosti a jeho koalice je v pr\u016fzkumech na nejni\u017e\u0161\u00edch \u00farovn\u00edch od n\u00e1stupu do \u00fa\u0159adu. Pr\u016fzkum z tohoto m\u011bs\u00edce uk\u00e1zal, \u017ee pravicov\u00e1 AfD p\u0159edstihla konzervativce a stala se nejpopul\u00e1rn\u011bj\u0161\u00ed stranou v N\u011bmecku.<\/span><\/p>\n<p><img decoding=\"async\" loading=\"lazy\" class=\"alignnone size-full wp-image-1185\" src=\"http:\/\/www.infokuryr.cz\/n\/wp-content\/uploads\/2021\/04\/kuryr-podpis.png\" alt=\"\" width=\"84\" height=\"24\" \/><\/p>\n<p><img decoding=\"async\" loading=\"lazy\" class=\"wp-image-85002 aligncenter\" src=\"http:\/\/www.infokuryr.cz\/n\/wp-content\/uploads\/2025\/08\/Plakat1-212x300.jpg\" alt=\"\" width=\"714\" height=\"1010\" srcset=\"https:\/\/www.infokuryr.cz\/n\/wp-content\/uploads\/2025\/08\/Plakat1-212x300.jpg 212w, https:\/\/www.infokuryr.cz\/n\/wp-content\/uploads\/2025\/08\/Plakat1-724x1024.jpg 724w, https:\/\/www.infokuryr.cz\/n\/wp-content\/uploads\/2025\/08\/Plakat1-768x1086.jpg 768w, https:\/\/www.infokuryr.cz\/n\/wp-content\/uploads\/2025\/08\/Plakat1-1086x1536.jpg 1086w, https:\/\/www.infokuryr.cz\/n\/wp-content\/uploads\/2025\/08\/Plakat1-1024x1449.jpg 1024w, https:\/\/www.infokuryr.cz\/n\/wp-content\/uploads\/2025\/08\/Plakat1.jpg 1131w\" sizes=\"(max-width: 714px) 100vw, 714px\" \/><\/p>\n<p>&nbsp;<\/p>\n","protected":false},"excerpt":{"rendered":"<p>Ti, kte\u0159\u00ed se vyh\u00fdbali rozhovor\u016fm s Moskvou, nyn\u00ed chv\u00e1l\u00ed Trumpovu diplomacii, uvedla spolup\u0159edsedkyn\u011b AfD Alice&#8230;<\/p>\n","protected":false},"author":2,"featured_media":86116,"comment_status":"closed","ping_status":"closed","sticky":false,"template":"","format":"standard","meta":[],"categories":[7],"tags":[83,1884,84,441,26],"_links":{"self":[{"href":"https:\/\/www.infokuryr.cz\/n\/wp-json\/wp\/v2\/posts\/86115"}],"collection":[{"href":"https:\/\/www.infokuryr.cz\/n\/wp-json\/wp\/v2\/posts"}],"about":[{"href":"https:\/\/www.infokuryr.cz\/n\/wp-json\/wp\/v2\/types\/post"}],"author":[{"embeddable":true,"href":"https:\/\/www.infokuryr.cz\/n\/wp-json\/wp\/v2\/users\/2"}],"replies":[{"embeddable":true,"href":"https:\/\/www.infokuryr.cz\/n\/wp-json\/wp\/v2\/comments?post=86115"}],"version-history":[{"count":0,"href":"https:\/\/www.infokuryr.cz\/n\/wp-json\/wp\/v2\/posts\/86115\/revisions"}],"wp:featuredmedia":[{"embeddable":true,"href":"https:\/\/www.infokuryr.cz\/n\/wp-json\/wp\/v2\/media\/86116"}],"wp:attachment":[{"href":"https:\/\/www.infokuryr.cz\/n\/wp-json\/wp\/v2\/media?parent=86115"}],"wp:term":[{"taxonomy":"category","embeddable":true,"href":"https:\/\/www.infokuryr.cz\/n\/wp-json\/wp\/v2\/categories?post=86115"},{"taxonomy":"post_tag","embeddable":true,"href":"https:\/\/www.infokuryr.cz\/n\/wp-json\/wp\/v2\/tags?post=86115"}],"curies":[{"name":"wp","href":"https:\/\/api.w.org\/{rel}","templated":true}]}}