{"id":86074,"date":"2025-08-22T00:24:17","date_gmt":"2025-08-21T22:24:17","guid":{"rendered":"https:\/\/www.infokuryr.cz\/n\/?p=86074"},"modified":"2025-08-21T13:18:23","modified_gmt":"2025-08-21T11:18:23","slug":"integrace-iranu-do-euroasijske-osy-ukoncuje-zapadni-dominanci","status":"publish","type":"post","link":"https:\/\/www.infokuryr.cz\/n\/2025\/08\/22\/integrace-iranu-do-euroasijske-osy-ukoncuje-zapadni-dominanci\/","title":{"rendered":"Integrace \u00cdr\u00e1nu do euroasijsk\u00e9 osy ukon\u010duje z\u00e1padn\u00ed dominanci"},"content":{"rendered":"<div id=\"fb-root\"><\/div>\n<div class=\"ce_text block\">\n<p lang=\"de-CH\"><span lang=\"de-CH\"><span dir=\"auto\">P\u0159ed spole\u010dn\u00fdm americko-izraelsk\u00fdm \u00fatokem na \u00cdr\u00e1n byl sv\u011bt bl\u00edzko vy\u0159e\u0161en\u00ed krize kolem jadern\u00e9ho programu Isl\u00e1msk\u00e9 republiky. Dne\u00a0<\/span><\/span><span lang=\"de-CH\"><span dir=\"auto\">9. \u010dervna\u00a0<\/span><\/span><span lang=\"de-CH\"><span dir=\"auto\">Rusko a \u00cdr\u00e1n podepsaly\u00a0<\/span><\/span><span lang=\"zxx\"><span lang=\"de-CH\"><span dir=\"auto\">novou komplexn\u00ed\u00a0<\/span><a href=\"https:\/\/www.powermag.com\/russia-has-deal-to-build-eight-nuclear-power-plants-in-iran\/\"><span dir=\"auto\">dohodu<\/span><\/a><span dir=\"auto\">\u00a0,\u00a0<\/span><\/span><\/span><sup><span lang=\"de-CH\"><span dir=\"auto\">1<\/span><\/span><\/sup><span lang=\"de-CH\"><span dir=\"auto\">\u00a0kter\u00e1 si klade za c\u00edl nejen restrukturalizovat energetickou architekturu z\u00e1padn\u00ed Asie, ale tak\u00e9 nab\u00edz\u00ed rozhodnou cestu z v\u00e1lky.<\/span><\/span><\/p>\n<h3 lang=\"de-CH\"><span lang=\"de-CH\"><span dir=\"auto\">Posledn\u00ed varov\u00e1n\u00ed Ruska imp\u00e9riu<\/span><\/span><\/h3>\n<p lang=\"de-CH\"><span lang=\"de-CH\"><span dir=\"auto\">Tato dohoda stanov\u00ed, \u017ee rusk\u00fd Rosatom postav\u00ed v \u00cdr\u00e1nu nejm\u00e9n\u011b osm nov\u00fdch jadern\u00fdch reaktor\u016f.\u00a0<\/span><\/span><span lang=\"de-CH\"><span dir=\"auto\">Mohammad Eslami,\u00a0<\/span><\/span><span lang=\"de-CH\"><span dir=\"auto\">\u0161\u00e9f \u00edr\u00e1nsk\u00e9 jadern\u00e9 energie, prohl\u00e1sil: \u201eM\u00e1me s Ruskem smlouvu na v\u00fdstavbu osmi jadern\u00fdch elektr\u00e1ren v \u00cdr\u00e1nu, z nich\u017e \u010dty\u0159i budou um\u00edst\u011bny v B\u00fa\u0161ehru.\u201c<\/span><\/span><\/p>\n<p lang=\"de-CH\"><span lang=\"de-CH\"><span dir=\"auto\">Tento projekt je z velk\u00e9 \u010d\u00e1sti v\u00fdsledkem 25let\u00e9\u00a0<\/span><\/span><span lang=\"de-CH\"><span dir=\"auto\">komplexn\u00ed\u00a0<\/span><\/span><span lang=\"zxx\"><span lang=\"de-CH\"><span dir=\"auto\">strategick\u00e9 dohody mezi Ruskem a\u00a0<\/span><a href=\"https:\/\/thecradle.co\/articles\/iranian-parliament-ratifies-strategic-partnership-pact-with-russia\/\"><span dir=\"auto\">\u00cdr\u00e1nem<\/span><\/a><span dir=\"auto\">\u00a0,\u00a0<\/span><\/span><\/span><sup><span lang=\"de-CH\"><span dir=\"auto\">2<\/span><\/span><\/sup><span lang=\"de-CH\"><span dir=\"auto\">\u00a0kterou \u00edr\u00e1nsk\u00fd parlament ratifikoval 21. kv\u011btna a kterou financuje Rusko. Tato dohoda \u00cdr\u00e1nu poskytne v\u00edce ne\u017e 10 gigawatt\u016f (GW) energie.\u00a0<\/span><\/span><span lang=\"de-CH\"><span dir=\"auto\">Podle sou\u010dasn\u00fdch pl\u00e1n\u016f m\u00e1 \u00cdr\u00e1n v \u00famyslu \u201ezv\u00fd\u0161it jadernou kapacitu na 20 000 megawatt\u016f (20 GW) do roku 2041\u201c.<\/span><\/span><\/p>\n<p lang=\"de-CH\"><span lang=\"de-CH\"><span dir=\"auto\">Tato dohoda p\u0159i\u0161la jen n\u011bkolik dn\u00ed\u00a0<\/span><\/span><span lang=\"zxx\"><span lang=\"de-CH\"><span dir=\"auto\">pot\u00e9, co Moskva u\u010dinila\u00a0<\/span><a href=\"https:\/\/www.reuters.com\/world\/europe\/russia-is-ready-mediate-iran-accept-tehrans-uranium-kremlin-says-2025-06-16\/\"><span dir=\"auto\">nab\u00eddku<\/span><\/a><\/span><\/span><sup><span lang=\"de-CH\"><span dir=\"auto\">\u00a0na z\u00e1chranu zastaven\u00fdch<\/span><\/span><\/sup><span lang=\"de-CH\"><span dir=\"auto\">\u00a0jadern\u00fdch rozhovor\u016f mezi USA a \u00cdr\u00e1nem, kter\u00e1 zahrnovala odstran\u011bn\u00ed obohacen\u00e9ho uranu z \u00cdr\u00e1nu a jeho p\u0159em\u011bnu na palivo pro civiln\u00ed reaktory.<\/span><\/span><\/p>\n<p lang=\"de-CH\"><span lang=\"de-CH\"><span dir=\"auto\">Rusk\u00fd n\u00e1m\u011bstek ministra zahrani\u010d\u00ed\u00a0<\/span><\/span><span lang=\"zxx\"><span lang=\"de-CH\"><span dir=\"auto\">Sergej Rjabkov\u00a0<\/span><a href=\"https:\/\/www.reuters.com\/world\/europe\/russia-says-it-is-ready-remove-excess-nuclear-materials-iran-2025-06-11\/\"><span dir=\"auto\">11. \u010dervna<\/span><\/a><\/span><\/span><sup><span lang=\"de-CH\"><span dir=\"auto\">\u00a0prohl\u00e1sil\u00a0<\/span><\/span><\/sup><span dir=\"auto\"><span lang=\"zxx\"><span lang=\"de-CH\">:<\/span><\/span><\/span><span lang=\"de-CH\"><span dir=\"auto\">\u00a0\u201eJsme p\u0159ipraveni podpo\u0159it Washington i Teher\u00e1n, a to nejen politicky, nejen formou n\u00e1pad\u016f, kter\u00e9 by mohly b\u00fdt u\u017eite\u010dn\u00e9 v procesu vyjedn\u00e1v\u00e1n\u00ed, ale i prakticky: nap\u0159\u00edklad v\u00fdvozem p\u0159ebyte\u010dn\u00e9ho jadern\u00e9ho materi\u00e1lu z \u00cdr\u00e1nu a jeho n\u00e1slednou p\u0159em\u011bnou na palivo pro reaktory.\u201c<\/span><\/span><\/p>\n<p lang=\"de-CH\"><span lang=\"de-CH\"><span dir=\"auto\">Tato iniciativa se v\u0161ak uk\u00e1zala jako posledn\u00ed akt dobr\u00e9 v\u016fle Moskvy. Jak\u00a0<\/span><\/span><span lang=\"zxx\"><span lang=\"de-CH\"><a href=\"https:\/\/thecradle.co\/articles\/russia-confronts-US-betrayal-in-israel-iran-war\"><span dir=\"auto\">informoval den\u00edk The Cradle<\/span><\/a><span dir=\"auto\">\u00a0,\u00a0<\/span><\/span><\/span><sup><span lang=\"de-CH\"><span dir=\"auto\">5<\/span><\/span><\/sup><span lang=\"de-CH\"><span dir=\"auto\">\u00a0Moskva pova\u017eovala n\u00e1sledn\u00e9 \u00fatoky USA a Izraele na \u00cdr\u00e1n za t\u011b\u017ekou zradu, kter\u00e1 zni\u010dila ve\u0161ker\u00e9 iluze, \u017ee Washington usiluje o m\u00edrov\u00e9 \u0159e\u0161en\u00ed. Ru\u0161t\u00ed p\u0159edstavitel\u00e9, zasko\u010deni agres\u00ed, se od t\u00e9 doby rozhodli opustit svou roli medi\u00e1tor\u016f a rozhodn\u011b se postavit na stranu Teher\u00e1nu, aby \u010delili dal\u0161\u00ed eskalaci ze strany Z\u00e1padu.<\/span><\/span><\/p>\n<p lang=\"de-CH\"><span lang=\"de-CH\"><span dir=\"auto\">Pro\u010d by se tedy Izrael a USA rozhodly pro eskalaci pr\u00e1v\u011b te\u010f? Odpov\u011b\u010f je jasn\u00e1:\u00a0<\/span><\/span><span lang=\"zxx\"><span lang=\"de-CH\"><span dir=\"auto\">\u00edr\u00e1nsk\u00fd jadern\u00fd program nikdy nebyl\u00a0<\/span><a href=\"https:\/\/thecradle.co\/articles\/israels-war-on-iran-was-never-just-about-nukes\"><span dir=\"auto\">probl\u00e9mem<\/span><\/a><span dir=\"auto\">\u00a0.\u00a0<\/span><\/span><\/span><sup><span lang=\"de-CH\"><span dir=\"auto\">6<\/span><\/span><\/sup><\/p>\n<p lang=\"de-CH\"><span lang=\"de-CH\"><span dir=\"auto\">J\u00e1drem \u00favah Tel Avivu je vzdorovit\u00fd odpor Isl\u00e1msk\u00e9 republiky sionistick\u00e9mu a imperi\u00e1ln\u00edmu \u0159\u00e1du. Krom\u011b podpory hnut\u00ed odporu sehr\u00e1l \u00cdr\u00e1n dominantn\u00ed roli v erozi z\u00e1padn\u00ed moci t\u00edm, \u017ee\u00a0<\/span><\/span><span dir=\"auto\"><span lang=\"zxx\"><span lang=\"de-CH\"><a href=\"https:\/\/thecradle.co\/articles-id\/29915\">budoval<\/a><\/span><\/span><\/span><span lang=\"zxx\"><span lang=\"de-CH\"><span dir=\"auto\">\u00a0euroasijsk\u00e9 ekonomick\u00e9 a strategick\u00e9 aliance\u00a0<\/span><\/span><\/span><sup><span lang=\"de-CH\"><span dir=\"auto\">, kter\u00e9\u00a0<\/span><\/span><\/sup><span dir=\"auto\"><span lang=\"zxx\"><span lang=\"de-CH\">obch\u00e1zej\u00ed<\/span><\/span><\/span><span lang=\"de-CH\"><span dir=\"auto\">\u00a0hegemonii dolaru a oslabuj\u00ed vliv USA.<\/span><\/span><\/p>\n<\/div>\n<div class=\"ce_text block\" style=\"text-align: left;\">\n<figure class=\"image_container float_right\"><a class=\"cboxElement\" href=\"https:\/\/schweizer-standpunkt.ch\/files\/schweizer_standpunkt\/images\/2025\/2025_29_5f967aa6-5e66-11f0-b793-00163e02c055.png\" data-lightbox=\"\"><img decoding=\"async\" loading=\"lazy\" class=\"aligncenter\" src=\"https:\/\/schweizer-standpunkt.ch\/assets\/images\/0\/2025_29_5f967aa6-5e66-11f0-b793-00163e02c055-2781c077.png\" alt=\"\" width=\"689\" height=\"452\" \/><\/a><figcaption class=\"caption\"><em><span dir=\"auto\">Mapa trasy INSTC, \u017eeleznic a vodn\u00edch cest <\/span><span dir=\"auto\">spojuj\u00edc\u00edch V\u00fdchod s Evropou.<\/span><\/em><\/figcaption><\/figure>\n<p lang=\"de-CH\"><span lang=\"de-CH\"><span dir=\"auto\">Tyto syst\u00e9mov\u00e9 hrozby v kombinaci s teher\u00e1nsk\u00fdm odm\u00edtnut\u00edm pod\u0159\u00eddit se projektu Velk\u00e9ho Izraele \u2013 eschatologick\u00e9 misi k obnov\u011b \u0160alomounova chr\u00e1mu a nastolen\u00ed nov\u00e9ho sv\u011btov\u00e9ho \u0159\u00e1du \u2013 u\u010dinily z \u00cdr\u00e1nu ne\u00faprosnou p\u0159ek\u00e1\u017eku z\u00e1padn\u00edch pl\u00e1n\u016f v z\u00e1padn\u00ed Asii.<\/span><\/span><\/p>\n<p lang=\"de-CH\"><span lang=\"de-CH\"><span dir=\"auto\">\u00cdr\u00e1n\u00a0<\/span><\/span><span lang=\"de-CH\"><span dir=\"auto\">nen\u00ed jen pil\u00ed\u0159em region\u00e1ln\u00ed stability, proto\u017ee neza\u010dal v\u00e1lku od roku 1736 a prokazuje mimo\u0159\u00e1dnou trp\u011blivost tv\u00e1\u0159\u00ed v tv\u00e1\u0159 desetilet\u00edm z\u00e1padn\u00edch provokac\u00ed. Stal se tak\u00e9\u00a0<\/span><\/span><span lang=\"zxx\"><span lang=\"de-CH\"><span dir=\"auto\">\u00fast\u0159edn\u00edm bodem euroasijsk\u00e9\u00a0<\/span><a href=\"https:\/\/thecradle.co\/articles\/a-eurasian-jigsaw-bri-and-instc-interconnectivity-will-complete-the-puzzle\"><span dir=\"auto\">integrace<\/span><\/a><\/span><\/span><sup><span lang=\"de-CH\"><span dir=\"auto\">\u00a0, 8<\/span><\/span><\/sup><span lang=\"de-CH\"><span dir=\"auto\">\u00a0kter\u00fd je oporou jak iniciativy V\u00fdchod-Z\u00e1pad \u2013\u00a0<\/span><\/span><span lang=\"de-CH\"><span dir=\"auto\">P\u00e1s a stezka\u00a0<\/span><\/span><span lang=\"de-CH\"><span dir=\"auto\">(BRI), tak i\u00a0<\/span><\/span><span lang=\"de-CH\"><span dir=\"auto\">Severoji\u017en\u00edho dopravn\u00edho koridoru\u00a0<\/span><\/span><span lang=\"de-CH\"><span dir=\"auto\">(INSTC)\u00a0<\/span><\/span><span lang=\"de-CH\"><span dir=\"auto\">.<\/span><\/span><\/p>\n<h3 lang=\"de-CH\"><span lang=\"de-CH\"><span dir=\"auto\">\u017deleznice jako z\u00e1chrann\u00e1 lano multipol\u00e1rn\u00ed budoucnosti<\/span><\/span><\/h3>\n<p lang=\"de-CH\"><span lang=\"de-CH\"><span dir=\"auto\">Dne\u00a0<\/span><\/span><span lang=\"de-CH\"><span dir=\"auto\">24.\u00a0<\/span><\/span><span dir=\"auto\"><span lang=\"de-CH\">kv\u011btna\u00a0<\/span><span lang=\"de-CH\">byla\u00a0<\/span><span lang=\"de-CH\">slavnostn\u011b\u00a0<\/span><span lang=\"de-CH\">otev\u0159ena\u00a0<\/span><span lang=\"de-CH\">nov\u00e1\u00a0<\/span><span lang=\"de-CH\">,\u00a0<\/span><span lang=\"zxx\"><span lang=\"de-CH\">8 400 kilometr\u016f dlouh\u00e1\u00a0<\/span><\/span><span lang=\"zxx\"><span lang=\"de-CH\"><a href=\"https:\/\/www.specialeurasia.com\/2025\/06\/09\/iran-china-railway-eurasia\/\">\u017eelezni\u010dn\u00ed tra\u0165<\/a><\/span><\/span><sup><span lang=\"de-CH\">\u00a0Koridoru 9<\/span><\/sup><span lang=\"de-CH\">\u00a0spojuj\u00edc\u00ed\u00a0<\/span><span lang=\"de-CH\">\u010d\u00ednsk\u00fd\u00a0<\/span><span lang=\"de-CH\">Si -an\u00a0<\/span><span lang=\"de-CH\">a\u00a0<\/span><span lang=\"de-CH\">such\u00fd\u00a0<\/span><span lang=\"de-CH\">p\u0159\u00edstav\u00a0<\/span><span lang=\"de-CH\">Aprin\u00a0<\/span><span lang=\"de-CH\">v\u00a0<\/span><span lang=\"de-CH\">\u00edr\u00e1nsk\u00e9m regionu\u00a0<\/span><span lang=\"de-CH\">.\u00a0<\/span><span lang=\"de-CH\">Tato\u00a0<\/span><span lang=\"de-CH\">\u017eelezni\u010dn\u00ed tra\u0165,\u00a0<\/span><span lang=\"de-CH\">kter\u00e1\u00a0<\/span><span lang=\"de-CH\">byla pops\u00e1na\u00a0<\/span><span lang=\"de-CH\">jako\u00a0<\/span><span lang=\"de-CH\">\u201e\u00a0<\/span><span lang=\"de-CH\">tich\u00e1\u00a0<\/span><span lang=\"de-CH\">revoluce\u201c\u00a0<\/span><span lang=\"de-CH\">v\u00a0<\/span><span lang=\"de-CH\">oblasti propojen\u00ed\u00a0<\/span><span lang=\"de-CH\">,\u00a0<\/span><span lang=\"de-CH\">zkracuje\u00a0<\/span><span lang=\"de-CH\">tradi\u010dn\u00ed\u00a0<\/span><span lang=\"de-CH\">n\u00e1mo\u0159n\u00ed trasy\u00a0<\/span><span lang=\"de-CH\">o\u00a0<\/span><span lang=\"de-CH\">16\u00a0<\/span><span lang=\"de-CH\">dn\u00ed\u00a0<\/span><span lang=\"de-CH\">a\u00a0<\/span><span lang=\"de-CH\">konsoliduje\u00a0<\/span><span lang=\"de-CH\">kl\u00ed\u010dovou\u00a0<\/span><span lang=\"de-CH\">dopravn\u00ed\u00a0<\/span><span lang=\"de-CH\">tepnu\u00a0<\/span><span lang=\"de-CH\">BRI\u00a0<\/span><span lang=\"de-CH\">, \u010d\u00edm\u017e\u00a0<\/span><span lang=\"de-CH\">se\u00a0<\/span><span lang=\"de-CH\">bezprobl\u00e9mov\u011b\u00a0<\/span><span lang=\"de-CH\">napojuje\u00a0<\/span><span lang=\"de-CH\">na\u00a0<\/span><span lang=\"de-CH\">INSTC\u00a0<\/span><span lang=\"de-CH\">.<\/span><\/span><span lang=\"de-CH\">\u00a0<\/span>\u00a0<span lang=\"de-CH\">\u00a0<\/span><\/p>\n<p lang=\"de-CH\"><span lang=\"de-CH\"><span dir=\"auto\">\u010c\u00ednsk\u00fd diplomat\u00a0<\/span><\/span><span lang=\"de-CH\"><span dir=\"auto\">Wang Wenbin\u00a0<\/span><\/span><span lang=\"de-CH\"><span dir=\"auto\">to v\u00fdsti\u017en\u011b popsal jako \u201eoboustrann\u011b v\u00fdhodnou situaci pro m\u00edr, rozvoj a spolupr\u00e1ci. Vlak do \u00cdr\u00e1nu je vlakem do budoucnosti.\u201c<\/span><\/span><\/p>\n<\/div>\n<div class=\"ce_text block\">\n<figure class=\"image_container float_right\"><a class=\"cboxElement\" href=\"https:\/\/schweizer-standpunkt.ch\/files\/schweizer_standpunkt\/images\/2025\/2025_29_0c432b4c-5e66-11f0-ba78-00163e02c055.png\" data-lightbox=\"\"><img decoding=\"async\" loading=\"lazy\" class=\"aligncenter\" src=\"https:\/\/schweizer-standpunkt.ch\/assets\/images\/6\/2025_29_0c432b4c-5e66-11f0-ba78-00163e02c055-2bf3cea2.png\" alt=\"\" width=\"752\" height=\"423\" \/><\/a><figcaption class=\"caption\"><em><span dir=\"auto\">Mapa \u017eelezni\u010dn\u00ed trati mezi \u010c\u00ednou a \u00cdr\u00e1nem.<\/span><\/em><\/figcaption><\/figure>\n<p lang=\"de-CH\"><span lang=\"de-CH\"><span dir=\"auto\">Jak\u00a0<\/span><\/span><span dir=\"auto\"><span lang=\"zxx\"><span lang=\"de-CH\"><a href=\"https:\/\/www.eurasiantimes.com\/first-freight-train-from-china-wheels-into-iran\/\">poznamenal<\/a><\/span><\/span><\/span><span lang=\"zxx\"><span lang=\"de-CH\"><span dir=\"auto\">\u00a0Ritu Sharma v den\u00edku Eurasian Times\u00a0,\u00a0<\/span><\/span><\/span><sup><span lang=\"de-CH\"><span dir=\"auto\">10<\/span><\/span><\/sup><span lang=\"de-CH\"><span dir=\"auto\">\u00a0\u201ebez vojensk\u00e9 p\u0159\u00edtomnosti USA pod\u00e9l \u017eelezni\u010dn\u00ed trati m\u016f\u017ee Teher\u00e1n vyv\u00e1\u017eet ropu a dov\u00e1\u017eet zbo\u017e\u00ed z Pekingu, ani\u017e by ho Washington dohl\u00ed\u017eel.\u201c<\/span><\/span><\/p>\n<p lang=\"de-CH\"><span lang=\"de-CH\"><span dir=\"auto\">Krom\u011b \u010c\u00edny\u00a0<\/span><\/span><span dir=\"auto\"><span lang=\"zxx\"><span lang=\"de-CH\">tvo\u0159\u00ed obnoven\u00e9 \u017eelezni\u010dn\u00ed spojen\u00ed \u00cdr\u00e1nu s P\u00e1kist\u00e1nem a\u00a0<\/span><\/span><sup><span lang=\"de-CH\">Tureckem<\/span><\/sup><\/span><span lang=\"de-CH\"><span dir=\"auto\">\u00a0\u2013\u00a0<\/span><\/span><span dir=\"auto\"><span lang=\"zxx\"><span lang=\"de-CH\"><a href=\"https:\/\/en.topcor.ru\/18012-novyj-shelkovyj-put-kitaj-gotovit-konkurenta-transsibirskoj-magistrali.html\">Turecko<\/a><\/span><\/span><span lang=\"de-CH\">\u00a0bylo po desetilet\u00e9 p\u0159est\u00e1vce obnoveno v roce 2022 \u2013 koridor o d\u00e9lce 5 981 kilometr\u016f, kter\u00fd umo\u017en\u00ed p\u0159epravu zbo\u017e\u00ed z Istanbulu do Isl\u00e1m\u00e1b\u00e1du za pouh\u00fdch 13 dn\u00ed, oproti sou\u010dasn\u00fdm 35 dn\u016fm po mo\u0159i. Roz\u0161\u00ed\u0159en\u00ed do \u010d\u00ednsk\u00e9ho regionu Sin-\u0165iang ji\u017e prob\u00edh\u00e1\u00a0<\/span><span lang=\"de-CH\">.<\/span><\/span><\/p>\n<p lang=\"de-CH\"><span lang=\"de-CH\"><span dir=\"auto\">Modernizace standardn\u00ed rozchod kolej\u00ed v P\u00e1kist\u00e1nu a prob\u00edhaj\u00edc\u00ed stavebn\u00ed pr\u00e1ce na trati mezi \u00cdr\u00e1nem a P\u00e1kist\u00e1nem p\u0159isp\u00edvaj\u00ed k dal\u0161\u00ed integraci region\u00e1ln\u00ed \u017eelezni\u010dn\u00ed infrastruktury.\u00a0<\/span><\/span><span dir=\"auto\"><span lang=\"zxx\"><span lang=\"de-CH\"><a href=\"https:\/\/matthewehret.substack.com\/p\/india-russia-iran-eurasias-new-transportation\">Projekt<\/a><\/span><\/span><\/span><span lang=\"zxx\"><span lang=\"de-CH\"><span dir=\"auto\">\u00a0INSTC\u00a0<\/span><\/span><\/span><sup><span lang=\"de-CH\"><span dir=\"auto\">12,<\/span><\/span><\/sup><span lang=\"de-CH\"><span dir=\"auto\">\u00a0koncipovan\u00fd v roce 2001 Ruskem, \u00cdr\u00e1nem a Indi\u00ed, mezit\u00edm kone\u010dn\u011b nab\u00fdv\u00e1 podoby s v\u00edce ne\u017e tuctem aktivn\u00edch \u00fa\u010dastn\u00edk\u016f na obou stran\u00e1ch Kaspick\u00e9ho mo\u0159e, v\u010detn\u011b multimod\u00e1ln\u00edch n\u00e1mo\u0159n\u00edch spojen\u00ed na samotn\u00e9m Kaspick\u00e9m mo\u0159i.<\/span><\/span><\/p>\n<p lang=\"de-CH\"><span lang=\"zxx\"><span lang=\"de-CH\"><span dir=\"auto\">Nov\u011b uveden\u00e1 do provozu<\/span><\/span><\/span><span dir=\"auto\"><span lang=\"de-CH\">\u00a0trasa \u010d\u00a0<\/span><span lang=\"zxx\"><span lang=\"de-CH\"><a href=\"https:\/\/russiaspivottoasia.com\/direct-rail-freight-service-launched-from-ulyanovsk-to-turkmenistan-onto-iran-pakistan\/\">.<\/a><\/span><\/span><\/span><sup><span lang=\"de-CH\"><span dir=\"auto\">\u00a013<\/span><\/span><\/sup><span dir=\"auto\"><span lang=\"de-CH\">\u00a0spojuj\u00edc\u00ed P\u00e1kist\u00e1n, \u00cdr\u00e1n, Turkmenist\u00e1n, Kazachst\u00e1n a Uljanovsk v Rusku nyn\u00ed umo\u017e\u0148uje p\u0159\u00edm\u00fd obchod s energi\u00ed a pr\u016fmyslov\u00fdm zbo\u017e\u00edm a z\u00e1rove\u0148 roz\u0161i\u0159uje p\u0159\u00edstup na st\u0159edoasijsk\u00e9 trhy\u00a0<\/span><span lang=\"zxx\"><span lang=\"de-CH\">.<\/span><\/span><\/span><\/p>\n<\/div>\n<div class=\"ce_text block\">\n<figure class=\"image_container float_right\"><a class=\"cboxElement\" href=\"https:\/\/schweizer-standpunkt.ch\/files\/schweizer_standpunkt\/images\/2025\/2025_29_49c4df74-5e66-11f0-86cd-00163e02c055.png\" data-lightbox=\"\"><img decoding=\"async\" loading=\"lazy\" class=\"aligncenter\" src=\"https:\/\/schweizer-standpunkt.ch\/assets\/images\/6\/2025_29_49c4df74-5e66-11f0-86cd-00163e02c055-2c7239d2.png\" alt=\"\" width=\"801\" height=\"476\" \/><\/a><figcaption class=\"caption\"><em><span dir=\"auto\">Mapa \u017eelezni\u010dn\u00ed trati P\u00e1kist\u00e1n-\u00cdr\u00e1n-Turkecko.<\/span><\/em><\/figcaption><\/figure>\n<p lang=\"de-CH\"><span lang=\"de-CH\"><span dir=\"auto\">Na jihu se pl\u00e1ny na roz\u0161\u00ed\u0159en\u00ed \u00edr\u00e1nsk\u00e9ho p\u0159\u00edstavu \u010cabah\u00e1r\u00a0<\/span><\/span><span lang=\"zxx\"><span lang=\"de-CH\"><span dir=\"auto\">vybudov\u00e1n\u00edm 700kilometrov\u00e9ho \u017eelezni\u010dn\u00edho spojen\u00ed se\u00a0<\/span><a href=\"https:\/\/indiaseatradenews.com\/india-iran-may-restart-rail-connectivity-project-between-chabahar-and-zahedan\/\"><span dir=\"auto\">Z\u00e1hed\u00e1nem<\/span><\/a><span dir=\"auto\">\u00a0,\u00a0<\/span><\/span><\/span><sup><span lang=\"de-CH\"><span dir=\"auto\">14<\/span><\/span><\/sup><span lang=\"de-CH\"><span dir=\"auto\">\u00a0kter\u00e9 by vnitrozemsk\u00e9mu Afgh\u00e1nist\u00e1nu poskytlo \u017eivotn\u011b d\u016fle\u017eit\u00fd obchodn\u00ed p\u0159\u00edstup, pl\u00e1nuj\u00ed do roku 2026.\u00a0<\/span><\/span><span lang=\"de-CH\"><span dir=\"auto\">\u00daslu\u017en\u00e9\u00a0<\/span><\/span><span lang=\"de-CH\"><span dir=\"auto\">odm\u00edtnut\u00ed\u00a0<\/span><\/span><span lang=\"de-CH\"><span dir=\"auto\">Nov\u00e9ho Dill\u00ed\u00a0<\/span><\/span><span dir=\"auto\"><span lang=\"zxx\"><span lang=\"de-CH\"><a href=\"https:\/\/asiatimes.com\/2025\/06\/india-breaks-with-china-russia-on-israel-iran-war\/\">odsoudit<\/a><\/span><\/span><\/span><span lang=\"zxx\"><span lang=\"de-CH\"><span dir=\"auto\">\u00a0agresi USA a\u00a0Izraele15\u00a0<\/span><\/span><\/span><sup><span lang=\"de-CH\"><span dir=\"auto\">v\u0161ak<\/span><\/span><\/sup><span lang=\"de-CH\"><span dir=\"auto\">\u00a0vrhlo st\u00edn na budoucnost projektu.<\/span><\/span><\/p>\n<h3 lang=\"de-CH\"><span lang=\"de-CH\"><span dir=\"auto\">IMEC a iluze imp\u00e9ria<\/span><\/span><\/h3>\n<p lang=\"de-CH\"><span lang=\"zxx\"><span lang=\"de-CH\"><a href=\"https:\/\/thecradle.co\/articles\/imec-interrupted-the-resistance-thats-buying-beijing-time\"><span dir=\"auto\">Ve srovn\u00e1n\u00ed s t\u011bmito pr\u016flomov\u00fdmi euroasijsk\u00fdmi koridory je koridor Indie-Bl\u00edzk\u00fd v\u00fdchod-Evropa (IMEC)<\/span><\/a><\/span><\/span><span dir=\"auto\"><span lang=\"de-CH\">\u00a0podporovan\u00fd USA\u00a0<\/span><\/span><sup><span lang=\"de-CH\"><span dir=\"auto\">,\u00a0<\/span><\/span><\/sup><span dir=\"auto\"><span lang=\"zxx\"><span lang=\"de-CH\">zah\u00e1jen\u00fd<\/span><\/span><\/span><span lang=\"de-CH\"><span dir=\"auto\">\u00a0v roce 2023, geopolitickou fra\u0161kou.<\/span><\/span><\/p>\n<p lang=\"de-CH\"><span lang=\"de-CH\"><span dir=\"auto\">Zat\u00edmco\u00a0<\/span><\/span><span lang=\"de-CH\"><span dir=\"auto\">\u010c\u00edna svou vizi podkl\u00e1d\u00e1 robustn\u00edm n\u00e1rodn\u00edm bankovn\u00edm prost\u0159ed\u00edm a skute\u010dnou infrastrukturou, konsorcium IMEC, veden\u00e9 Indi\u00ed, Izraelem a EU, za dva roky nevytvo\u0159ilo nic hmatateln\u00e9ho. Bez \u00fav\u011brov\u00fdch mechanism\u016f, energetick\u00e9ho pl\u00e1nov\u00e1n\u00ed nebo rozs\u00e1hl\u00e9 logistiky existuje p\u0159edev\u0161\u00edm jako marketingov\u00fd trik maskovan\u00fd jako\u00a0<\/span><\/span><span lang=\"zxx\"><span lang=\"de-CH\"><a href=\"https:\/\/www.youtube.com\/watch?v=4q8AI5oBEHc\"><span dir=\"auto\">\u201emodern\u00ed trasa ko\u0159en\u00ed<\/span><\/a><span dir=\"auto\">\u00a0\u201c .\u00a0<\/span><\/span><\/span><sup><span lang=\"de-CH\"><span dir=\"auto\">17<\/span><\/span><\/sup><\/p>\n<\/div>\n<div class=\"ce_text block\">\n<figure class=\"image_container float_right\"><a class=\"cboxElement\" href=\"https:\/\/schweizer-standpunkt.ch\/files\/schweizer_standpunkt\/images\/2025\/2025_29_e45aa34e-5e65-11f0-8d37-00163e02c055.png\" data-lightbox=\"\"><img decoding=\"async\" loading=\"lazy\" class=\"aligncenter\" src=\"https:\/\/schweizer-standpunkt.ch\/assets\/images\/b\/2025_29_e45aa34e-5e65-11f0-8d37-00163e02c055-63385830.png\" alt=\"\" width=\"787\" height=\"515\" \/><\/a><figcaption class=\"caption\"><em><span dir=\"auto\">Mapa koridoru Indie\u2013Bl\u00edzk\u00fd v\u00fdchod\u2013Evropa (IMEC).<\/span><\/em><\/figcaption><\/figure>\n<p lang=\"de-CH\"><span lang=\"de-CH\"><span dir=\"auto\">Tento ne\u00fasp\u011b\u0161n\u00fd projekt se p\u0159ipojuje k dlouh\u00e9mu seznamu z\u00e1padn\u00edch klon\u016f iniciativy P\u00e1s a stezka, od\u00a0<\/span><\/span><a href=\"https:\/\/www.breitbart.com\/europe\/2021\/03\/28\/build-back-better-boris-and-biden-plot-green-alternative-to-chinas-belt-and-road-initiative\/\"><span lang=\"zxx\"><span lang=\"de-CH\"><span dir=\"auto\">\u201eIniciativy zelen\u00e9ho p\u00e1su\u201c<\/span><\/span><\/span><\/a><sup><span lang=\"de-CH\"><span dir=\"auto\">\u00a018<\/span><\/span><\/sup><span lang=\"de-CH\"><span dir=\"auto\">\u00a0p\u0159es\u00a0<\/span><\/span><a href=\"https:\/\/thecradle.co\/articles\/dead-on-arrival-the-wests-b3w-initiative-to-rival-chinas-bri\"><span lang=\"zxx\"><span lang=\"de-CH\"><span dir=\"auto\">\u201eObnoven\u00ed lep\u0161\u00edho sv\u011bta\u201c<\/span><\/span><\/span><\/a><sup><span lang=\"de-CH\"><span dir=\"auto\">\u00a019 a\u017e po\u00a0<\/span><\/span><\/sup><span dir=\"auto\"><a href=\"https:\/\/bidenwhitehouse.archives.gov\/briefing-room\/statements-releases\/2024\/06\/13\/fact-sheet-partnership-for-global-infrastructure-and-investment-at-the-g7-summit-2\/\"><span lang=\"zxx\"><span lang=\"de-CH\">\u201ePartnerstv\u00ed pro glob\u00e1ln\u00ed infrastrukturu a investice\u201c<\/span><\/span><\/a><sup><span lang=\"de-CH\">\u00a020<\/span><\/sup><\/span><span lang=\"de-CH\"><span dir=\"auto\">\u00a0v hodnot\u011b 600 miliard dolar\u016f a\u00a0<\/span><\/span><span dir=\"auto\"><span lang=\"zxx\"><span lang=\"de-CH\"><a href=\"https:\/\/commission.europa.eu\/strategy-and-policy\/priorities-2019-2024\/stronger-europe-world\/global-gateway_en\">\u201eGlob\u00e1ln\u00ed br\u00e1nu<\/a><\/span><\/span><sup><span lang=\"de-CH\">\u00a0\u201c 21<\/span><\/sup><span lang=\"de-CH\">\u00a0v hodnot\u011b 300 miliard eur (327 miliard dolar\u016f)\u00a0<\/span><span lang=\"zxx\"><span lang=\"de-CH\">.<\/span><\/span><span lang=\"de-CH\">\u00a0V\u0161echny selhaly ze stejn\u00e9ho d\u016fvodu: struktur\u00e1ln\u00ed neschopnost Z\u00e1padu stav\u011bt.<\/span><\/span><\/p>\n<p lang=\"de-CH\"><span lang=\"de-CH\"><span dir=\"auto\">Po\u00a0<\/span><\/span><span lang=\"de-CH\"><span dir=\"auto\">desetilet\u00edch deindustrializace, z\u00e1vislosti na levn\u00e9 pracovn\u00ed s\u00edle a kasinov\u00e9ho kapitalismu ji\u017e transatlantick\u00e9 ekonomiky nemohou vyr\u00e1b\u011bt, stav\u011bt ani strategicky pl\u00e1novat, ani\u017e by se p\u0159i udr\u017een\u00ed sv\u00e9 unipol\u00e1rn\u00ed dominance spol\u00e9haly na ni\u010den\u00ed slab\u0161\u00edch n\u00e1rod\u016f\u00a0<\/span><\/span><span lang=\"de-CH\"><span dir=\"auto\">.<\/span><\/span><\/p>\n<h3 lang=\"de-CH\"><span lang=\"de-CH\"><span dir=\"auto\">BRICS+ a nov\u00fd ekonomick\u00fd \u0159\u00e1d<\/span><\/span><\/h3>\n<p lang=\"de-CH\"><span lang=\"de-CH\"><span dir=\"auto\">V ostr\u00e9m kontrastu s t\u00edm zem\u011b BRICS+ p\u0159in\u00e1\u0161ej\u00ed jin\u00e9 d\u011bdictv\u00ed. Jen \u010c\u00edna\u00a0<\/span><\/span><span dir=\"auto\"><span lang=\"zxx\"><span lang=\"de-CH\"><a href=\"https:\/\/travelchinawith.me\/china-travel-blog\/high-speed-train-travel-in-china-your-ultimate-guide\/\">postavila<\/a><\/span><\/span><\/span><span lang=\"de-CH\"><span dir=\"auto\">\u00a0b\u011bhem dvou desetilet\u00ed p\u0159es 42 000 kilometr\u016f\u00a0<\/span><\/span><span lang=\"zxx\"><span lang=\"de-CH\"><span dir=\"auto\">vysokorychlostn\u00edch \u017eelezni\u010dn\u00edch trat\u00ed\u00a0,\u00a0<\/span><\/span><\/span><sup><span lang=\"de-CH\"><span dir=\"auto\">22 v\u010detn\u011b jedin\u00fdch\u00a0<\/span><\/span><\/sup><span dir=\"auto\"><span lang=\"zxx\"><span lang=\"de-CH\">funk\u010dn\u00edch\u00a0<\/span><\/span><span lang=\"zxx\"><span lang=\"de-CH\"><a href=\"https:\/\/www.chinatravel.com\/china-trains\/maglev-train\">maglevsk\u00fdch vlak\u016f<\/a><\/span><\/span><\/span><span lang=\"de-CH\"><span dir=\"auto\">\u00a0na sv\u011bt\u011b\u00a0<\/span><\/span><span dir=\"auto\"><span lang=\"zxx\"><span lang=\"de-CH\">,\u00a0<\/span><\/span><sup><span lang=\"de-CH\">23<\/span><\/sup><span lang=\"de-CH\">\u00a0a tak\u00e9 des\u00edtky ultramodern\u00edch m\u011bst.<\/span><\/span><\/p>\n<\/div>\n<div class=\"ce_text block\">\n<figure class=\"image_container float_right\"><a class=\"cboxElement\" href=\"https:\/\/schweizer-standpunkt.ch\/files\/schweizer_standpunkt\/images\/2025\/2025_29_df324c90-5e70-11f0-a8d5-00163e02c055.jpeg\" data-lightbox=\"\"><img decoding=\"async\" loading=\"lazy\" class=\"aligncenter\" src=\"https:\/\/schweizer-standpunkt.ch\/assets\/images\/d\/2025_29_df324c90-5e70-11f0-a8d5-00163e02c055-b9c38c68.jpeg\" alt=\"\" width=\"685\" height=\"632\" \/><\/a><figcaption class=\"caption\"><em><span dir=\"auto\">Mapa zn\u00e1zor\u0148uj\u00edc\u00ed rychl\u00fd rozvoj \u010d\u00ednsk\u00e9 \u017eelezni\u010dn\u00ed <\/span><span dir=\"auto\">s\u00edt\u011b mezi lety 2008 a 2024, v\u010detn\u011b <\/span><span dir=\"auto\">v\u00fdstavby vysokorychlostn\u00edch trat\u00ed po cel\u00e9 zemi.<\/span><\/em><\/figcaption><\/figure>\n<p lang=\"de-CH\"><span lang=\"de-CH\"><span dir=\"auto\">Je l\u00eddrem v oblasti\u00a0<\/span><\/span><span lang=\"zxx\"><span lang=\"de-CH\"><a href=\"https:\/\/english.news.cn\/20250304\/52ac90edf72845d29717afc0d29adadb\/c.html\"><span dir=\"auto\">kvantov\u00fdch v\u00fdpo\u010dt\u016f<\/span><\/a><span dir=\"auto\">\u00a0,\u00a0<\/span><\/span><\/span><sup><span lang=\"de-CH\"><span dir=\"auto\">24\u00a0<\/span><\/span><\/sup><a href=\"https:\/\/www.youtube.com\/watch?v=OMAmTpflL-E&amp;utm_source=substack&amp;utm_medium=email\"><span lang=\"zxx\"><span lang=\"de-CH\"><span dir=\"auto\">v\u00fdzkumu vesm\u00edru25<\/span><\/span><\/span><\/a><sup><span lang=\"de-CH\"><span dir=\"auto\">\u00a0a jadern\u00e9 energie \u2013\u00a0<\/span><\/span><\/sup><span dir=\"auto\"><span lang=\"zxx\"><span lang=\"de-CH\">do\u00a0<\/span><\/span><span lang=\"zxx\"><span lang=\"de-CH\"><a href=\"https:\/\/itif.org\/publications\/2024\/06\/17\/how-innovative-is-china-in-nuclear-power\/\">roku 2035<\/a><\/span><\/span><span lang=\"zxx\"><span lang=\"de-CH\">\u00a0m\u00e1 b\u00fdt postaveno 150 nov\u00fdch reaktor\u016f.26<\/span><\/span><\/span><span lang=\"de-CH\"><span dir=\"auto\">\u00a0Na\u00a0<\/span><\/span><span dir=\"auto\"><sup><span lang=\"de-CH\">rozd\u00edl<\/span><\/sup><span lang=\"de-CH\">\u00a0od deregulovan\u00e9ho Z\u00e1padu si st\u00e1tn\u00ed instituce zachov\u00e1vaj\u00ed kontrolu nad soukrom\u00fdm sektorem.<\/span><\/span><\/p>\n<p lang=\"de-CH\"><span lang=\"de-CH\"><span dir=\"auto\">Spolu s Ruskem nab\u00edz\u00ed \u010c\u00edna chud\u0161\u00edm zem\u00edm skute\u010dn\u00e9 transfery technologi\u00ed a modely kooperativn\u00edho rozvoje, kter\u00e9 jim umo\u017e\u0148uj\u00ed budovat suver\u00e9nn\u00ed ekonomiku ve v\u0161ech oblastech.<\/span><\/span><\/p>\n<p lang=\"de-CH\"><span lang=\"de-CH\"><span dir=\"auto\">Mezit\u00edm je syst\u00e9m americk\u00e9ho dolaru, podp\u00edran\u00fd bublinou deriv\u00e1t\u016f v hodnot\u011b 1,2 bilionu dolar\u016f, na pokraji imploze. Vznik\u00e1 nov\u00fd syst\u00e9m. Ot\u00e1zkou je: Kdo ho utv\u00e1\u0159\u00ed a v \u010d\u00ed prosp\u011bch?<\/span><\/span><\/p>\n<p lang=\"de-CH\"><span lang=\"de-CH\"><span dir=\"auto\">Rusko a \u010c\u00edna jasn\u011b vyj\u00e1d\u0159ily svou podporu \u00cdr\u00e1nu t\u00edm, \u017ee odsoudily izraelskou agresi\u00a0<\/span><\/span><span lang=\"zxx\"><span lang=\"de-CH\"><span dir=\"auto\">a\u00a0<\/span><a href=\"https:\/\/www.reuters.com\/world\/china\/russias-putin-chinas-xi-condemn-israel-over-its-iran-strikes-phone-call-kremlin-2025-06-19\/\"><span dir=\"auto\">vyzvaly<\/span><\/a><span dir=\"auto\">\u00a0k deeskalaci.27<\/span><\/span><\/span><span dir=\"auto\"><span lang=\"de-CH\">\u00a0Dokonce i americk\u00fd prezident\u00a0<\/span><span lang=\"de-CH\">Donald Trump\u00a0<\/span><span lang=\"de-CH\">nazna\u010dil alespo\u0148 zdr\u017eenlivost,\u00a0<\/span><span lang=\"zxx\"><span lang=\"de-CH\">kdy\u017e prohl\u00e1sil\u00a0<\/span><\/span><span lang=\"zxx\"><span lang=\"de-CH\">,28\u00a0<\/span><\/span><\/span><sup><span lang=\"de-CH\"><span dir=\"auto\">\u017ee<\/span><\/span><\/sup><span dir=\"auto\"><span lang=\"de-CH\">\u00a0\u201epo\u010dk\u00e1 alespo\u0148 dva t\u00fddny\u201c, ne\u017e bude jednat a\u00a0<\/span><sup><span lang=\"de-CH\">u\u010din\u00ed\u00a0<\/span><\/sup><sup><span lang=\"de-CH\">gesta\u00a0<\/span><\/sup><span lang=\"zxx\"><span lang=\"de-CH\"><a href=\"https:\/\/nypost.com\/2025\/06\/19\/us-news\/president-trump-holding-off-for-two-weeks-on-attacks-against-last-iran-nuke-sites-over-concerns-of-creating-another-libya-sources\/\">sm\u011b\u0159uj\u00edc\u00ed\u00a0<\/a><\/span><\/span><span lang=\"zxx\"><span lang=\"de-CH\"><a href=\"https:\/\/tass.com\/world\/1975383\">k<\/a><\/span><\/span><span lang=\"zxx\"><span lang=\"de-CH\">\u00a0obnoven\u00ed\u00a0<\/span><\/span><span lang=\"zxx\"><span lang=\"de-CH\">diplomacie.29<\/span><\/span><\/span><\/p>\n<h3 lang=\"de-CH\"><span lang=\"de-CH\"><span dir=\"auto\">Dilema arabsk\u00e9ho sv\u011bta: multipolarita, nebo pod\u0159\u00edzenost<\/span><\/span><\/h3>\n<p lang=\"de-CH\"><span lang=\"de-CH\"><span dir=\"auto\">\u00dasp\u011bch \u010d\u00e1ste\u010dn\u011b z\u00e1vis\u00ed na odhodl\u00e1n\u00ed st\u00e1t\u016f z\u00e1padn\u00ed Asie, asijsko-pacifick\u00e9ho regionu a Afriky, kter\u00e9 nad\u00e1le osciluj\u00ed mezi unipol\u00e1rn\u00edm a multipol\u00e1rn\u00edm t\u00e1borem. V posledn\u00edch letech \u00cdr\u00e1n prosazuje\u00a0<\/span><\/span><span dir=\"auto\"><span lang=\"zxx\"><span lang=\"de-CH\"><a href=\"https:\/\/www.arabnews.com\/node\/2603498\">sbl\u00ed\u017een\u00ed<\/a><\/span><\/span><\/span><span lang=\"zxx\"><span lang=\"de-CH\"><span dir=\"auto\">\u00a0s p\u0159ev\u00e1\u017en\u011b sunnitsk\u00fdmi st\u00e1ty, jako je\u00a0<\/span><a href=\"https:\/\/thecradle.co\/articles\/exclusive-the-hidden-security-clauses-of-the-iran-saudi-deal\"><span dir=\"auto\">Sa\u00fadsk\u00e1 Ar\u00e1bie<\/span><\/a><span dir=\"auto\">\u00a0,\u00a0<\/span><\/span><\/span><sup><span lang=\"de-CH\"><span dir=\"auto\">30<\/span><\/span><\/sup><span lang=\"de-CH\"><span dir=\"auto\">\u00a0Spojen\u00e9 arabsk\u00e9 emir\u00e1ty, Turecko, Kuvajt\u00a0<\/span><\/span><span lang=\"zxx\"><span lang=\"de-CH\"><span dir=\"auto\">a Egypt\u00a0<\/span><\/span><\/span><sup><span lang=\"de-CH\"><span dir=\"auto\">,31<\/span><\/span><\/sup><span lang=\"de-CH\"><span dir=\"auto\">\u00a0\u010d\u00edm\u017e vzbudil nad\u011bji na dlouho chyb\u011bj\u00edc\u00ed muslimskou koalici zalo\u017eenou na spole\u010dn\u00fdch civiliza\u010dn\u00edch c\u00edlech.<\/span><\/span><\/p>\n<p lang=\"de-CH\"><span lang=\"de-CH\"><span dir=\"auto\">Ale lze jim v\u011b\u0159it? Zeptejte se\u00a0<\/span><\/span><span lang=\"de-CH\"><span dir=\"auto\">Ba\u0161\u00e1ra Asada, Muammara Kadd\u00e1f\u00edho\u00a0<\/span><\/span><span lang=\"de-CH\"><span dir=\"auto\">nebo\u00a0<\/span><\/span><span lang=\"de-CH\"><span dir=\"auto\">Sadd\u00e1ma Husajna.<\/span><\/span><\/p>\n<p lang=\"de-CH\"><span lang=\"de-CH\"><span dir=\"auto\">A\u0165 u\u017e je hodnocen\u00ed situace jak\u00e9koli, je na\u010dase, aby se Z\u00e1pad jako celek od\u010dinil za sv\u00e9 imperi\u00e1ln\u00ed zlo\u010diny. \u00cdr\u00e1n zaplatil vysokou cenu krv\u00ed a suverenitou a v\u016fdci v Tel Avivu mo\u017en\u00e1 zp\u016fsobili budoucnosti judaismu \u2013 a p\u0159e\u017eit\u00ed samotn\u00e9ho okupa\u010dn\u00edho st\u00e1tu \u2013 v\u00edce \u0161kody ne\u017e kter\u00fdkoli jin\u00fd nep\u0159\u00edtel v historii.<\/span><\/span><\/p>\n<p lang=\"de-CH\"><span lang=\"de-CH\"><span dir=\"auto\">Za p\u0159edpokladu,\u00a0<\/span><\/span><span lang=\"de-CH\"><span dir=\"auto\">\u017ee se jadern\u00e9 v\u00e1lce poda\u0159\u00ed odvr\u00e1tit, mus\u00ed multipol\u00e1rn\u00ed aliance nyn\u00ed vsadit v\u0161e na p\u0159e\u017eit\u00ed, upevnit novou integrovanou ekonomiku a zakotvit sv\u00e9 z\u00e1klady v pevn\u00e9m partnerstv\u00ed s \u00cdr\u00e1nem.<\/span><\/span><\/p>\n<p lang=\"de-CH\"><span lang=\"de-CH\"><span dir=\"auto\">Pokud se nerozhodnut\u00ed obyvatel\u00e9 glob\u00e1ln\u00edho Jihu nerozhodnou pro principy, suverenitu a dlouhodobou vizi nam\u00edsto pod\u0159\u00edzenosti imp\u00e9riu, cesta ke spravedliv\u00e9, postimperi\u00e1ln\u00ed budoucnosti by mohla z\u016fstat nebezpe\u010dn\u011b vzd\u00e1len\u00e1.<\/span><\/span><\/p>\n<h4 lang=\"de-CH\"><strong>*************<\/strong><\/h4>\n<table>\n<tbody>\n<tr>\n<td><span dir=\"auto\"><strong>Autor: Matthew Ehret:<\/strong> novin\u00e1\u0159, p\u0159edn\u00e1\u0161ej\u00edc\u00ed a zakladatel Canadian Patriot Review (www.canadianpatriot.org), expert BRI na taktickou diskusi a vedouc\u00ed pracovn\u00edk Americk\u00e9 univerzity v Moskv\u011b.<\/span><br \/>\n<span dir=\"auto\"><strong>Pr\u00e1ce byly publikov\u00e1ny<\/strong> v Global Times, RT, Strategic Culture Foundation, Asia Times, 21st Century Science and Technology, Los Angeles Review of Books, The Duran, Zero Hedge, Off-Guardian, Ron Paul Institute, EIR, Fort-Russ a Sott. V roce 2019 jsem autorem t\u0159\u00edd\u00edln\u00e9 s\u00e9rie \u201eUntold History of Canada\u201c. Ned\u00e1vno jsem spoluzalo\u017eil neziskovou organizaci Rising Tide Foundation (www.risingtidefoundation.net) se s\u00eddlem v Montrealu, kter\u00e1 se v\u011bnuje podpo\u0159e humanistick\u00e9ho vzd\u011bl\u00e1v\u00e1n\u00ed a mezikulturn\u00edho dialogu a porozum\u011bn\u00ed.<\/span><\/td>\n<\/tr>\n<\/tbody>\n<\/table>\n<p lang=\"de-CH\"><span lang=\"de-CH\"><span dir=\"auto\">Zdroj:\u00a0<\/span><\/span><a href=\"https:\/\/thecradle.co\/articles\/irans-eurasian-pivot-is-the-key-to-averting-wwIII\"><span lang=\"zxx\"><span lang=\"de-CH\"><span dir=\"auto\">https:\/\/thecradle.co\/articles\/irans-eurasian-pivot-is-the-key-to-averting-wwIII<\/span><\/span><\/span><\/a><span lang=\"de-CH\"><span dir=\"auto\">\u00a0, 11. \u010dervence 2025<\/span><\/span><\/p>\n<p lang=\"de-CH\"><span lang=\"de-CH\"><span dir=\"auto\">1\u00a0<\/span><\/span><a href=\"https:\/\/www.powermag.com\/russia-has-deal-to-build-eight-nuclear-power-plants-in-iran\/\"><span lang=\"zxx\"><span lang=\"de-CH\"><span dir=\"auto\">https:\/\/www.powermag.com\/russia-has-deal-to-build-eight-nuclear-power-plants-in-iran\/<\/span><\/span><\/span><\/a><\/p>\n<p lang=\"de-CH\"><span lang=\"zxx\"><span lang=\"de-CH\"><span dir=\"auto\">2\u00a0<\/span><\/span><\/span><a href=\"https:\/\/thecradle.co\/articles\/iranian-parliament-ratifies-strategic-partnership-pact-with-russia\/\"><span lang=\"zxx\"><span lang=\"de-CH\"><span dir=\"auto\">https:\/\/thecradle.co\/articles\/iranian-parliament-ratifies-strategic-partnership-pact-with-russia\/<\/span><\/span><\/span><\/a><\/p>\n<p lang=\"de-CH\"><span lang=\"zxx\"><span lang=\"de-CH\"><span dir=\"auto\">3\u00a0<\/span><\/span><\/span><a href=\"https:\/\/www.reuters.com\/world\/europe\/russia-is-ready-mediate-iran-accept-tehrans-uranium-kremlin-says-2025-06-16\/\"><span lang=\"zxx\"><span lang=\"de-CH\"><span dir=\"auto\">https:\/\/www.reuters.com\/world\/europe\/russia-is-ready-mediate-iran-accept-tehrans-uranium-kremlin-says-2025-06-16\/<\/span><\/span><\/span><\/a><\/p>\n<p lang=\"de-CH\"><span lang=\"zxx\"><span lang=\"de-CH\"><span dir=\"auto\">4\u00a0<\/span><\/span><\/span><a href=\"https:\/\/www.reuters.com\/world\/europe\/russia-says-it-is-ready-remove-excess-nuclear-materials-iran-2025-06-11\/\"><span lang=\"zxx\"><span lang=\"de-CH\"><span dir=\"auto\">https:\/\/www.reuters.com\/world\/europe\/russia-says-it-is-ready-remove-excess-nuclear-materials-iran-2025-06-11\/<\/span><\/span><\/span><\/a><\/p>\n<p lang=\"de-CH\"><span lang=\"zxx\"><span lang=\"de-CH\"><span dir=\"auto\">5\u00a0<\/span><\/span><\/span><a href=\"https:\/\/thecradle.co\/articles\/russia-confronts-US-betrayal-in-israel-iran-war\"><span lang=\"zxx\"><span lang=\"de-CH\"><span dir=\"auto\">https:\/\/thecradle.co\/articles\/russia-confronts-US-betrayal-in-israel-iran-war<\/span><\/span><\/span><\/a><\/p>\n<p lang=\"de-CH\"><span lang=\"zxx\"><span lang=\"de-CH\"><span dir=\"auto\">6\u00a0<\/span><\/span><\/span><a href=\"https:\/\/thecradle.co\/articles\/israels-war-on-iran-was-never-just-about-nukes\"><span lang=\"zxx\"><span lang=\"de-CH\"><span dir=\"auto\">https:\/\/thecradle.co\/articles\/israels-war-on-iran-was-never-just-about-nukes<\/span><\/span><\/span><\/a><\/p>\n<p lang=\"de-CH\"><span lang=\"zxx\"><span lang=\"de-CH\"><span dir=\"auto\">7\u00a0<\/span><\/span><\/span><a href=\"https:\/\/thecradle.co\/articles-id\/29915\"><span lang=\"zxx\"><span lang=\"de-CH\"><span dir=\"auto\">https:\/\/thecradle.co\/articles-id\/29915<\/span><\/span><\/span><\/a><\/p>\n<p lang=\"de-CH\"><span lang=\"zxx\"><span lang=\"de-CH\"><span dir=\"auto\">8\u00a0<\/span><\/span><\/span><a href=\"https:\/\/thecradle.co\/articles\/a-eurasian-jigsaw-bri-and-instc-interconnectivity-will-complete-the-puzzle\"><span lang=\"zxx\"><span lang=\"de-CH\"><span dir=\"auto\">https:\/\/thecradle.co\/articles\/a-eurasian-jigsaw-bri-and-instc-interconnectivity-will-complete-the-puzzle<\/span><\/span><\/span><\/a><\/p>\n<p lang=\"de-CH\"><span lang=\"zxx\"><span lang=\"de-CH\"><span dir=\"auto\">9\u00a0<\/span><\/span><\/span><a href=\"https:\/\/www.specialeurasia.com\/2025\/06\/09\/iran-china-railway-eurasia\/\"><span lang=\"zxx\"><span lang=\"de-CH\"><span dir=\"auto\">https:\/\/www.specialeurasia.com\/2025\/06\/09\/iran-china-railway-eurasia\/<\/span><\/span><\/span><\/a><\/p>\n<p lang=\"de-CH\"><span lang=\"zxx\"><span lang=\"de-CH\"><span dir=\"auto\">10\u00a0<\/span><\/span><\/span><a href=\"https:\/\/www.eurasiantimes.com\/first-freight-train-from-china-wheels-into-iran\/\"><span lang=\"zxx\"><span lang=\"de-CH\"><span dir=\"auto\">https:\/\/www.eurasiantimes.com\/first-freight-train-from-china-wheels-into-iran\/<\/span><\/span><\/span><\/a><\/p>\n<p lang=\"de-CH\"><span lang=\"zxx\"><span lang=\"de-CH\"><span dir=\"auto\">11\u00a0<\/span><\/span><\/span><a href=\"https:\/\/en.topcor.ru\/18012-novyj-shelkovyj-put-kitaj-gotovit-konkurenta-transsibirskoj-magistrali.html\"><span lang=\"zxx\"><span lang=\"de-CH\"><span dir=\"auto\">https:\/\/cs.topcor.ru\/18012-novyj-shelkovyj-put-kitaj-gotovit-konkurenta-transsibirskoj-magistrali.html<\/span><\/span><\/span><\/a><\/p>\n<p lang=\"de-CH\"><span lang=\"zxx\"><span lang=\"de-CH\"><span dir=\"auto\">12\u00a0<\/span><\/span><\/span><a href=\"https:\/\/matthewehret.substack.com\/p\/india-russia-iran-eurasias-new-transportation\"><span lang=\"zxx\"><span lang=\"de-CH\"><span dir=\"auto\">https:\/\/matthewehret.substack.com\/p\/india-russia-iran-eurasias-new-transportation<\/span><\/span><\/span><\/a><\/p>\n<p lang=\"de-CH\"><span lang=\"zxx\"><span lang=\"de-CH\"><span dir=\"auto\">13\u00a0<\/span><\/span><\/span><a href=\"https:\/\/russiaspivottoasia.com\/direct-rail-freight-service-launched-from-ulyanovsk-to-turkmenistan-onto-iran-pakistan\/\"><span lang=\"zxx\"><span lang=\"de-CH\"><span dir=\"auto\">https:\/\/russiaspivottoasia.com\/direct-rail-freight-service-launched-from-ulyanovsk-to-turkmenistan-onto-iran-pakistan\/<\/span><\/span><\/span><\/a><\/p>\n<p lang=\"de-CH\"><span lang=\"zxx\"><span lang=\"de-CH\"><span dir=\"auto\">14\u00a0<\/span><\/span><\/span><a href=\"https:\/\/indiaseatradenews.com\/india-iran-may-restart-rail-connectivity-project-between-chabahar-and-zahedan\/\"><span lang=\"zxx\"><span lang=\"de-CH\"><span dir=\"auto\">https:\/\/indiaseatradenews.com\/india-iran-may-restart-rail-connectivity-project-between-chabahar-and-zahedan\/<\/span><\/span><\/span><\/a><\/p>\n<p lang=\"de-CH\"><span lang=\"zxx\"><span lang=\"de-CH\"><span dir=\"auto\">15\u00a0<\/span><\/span><\/span><a href=\"https:\/\/asiatimes.com\/2025\/06\/india-breaks-with-china-russia-on-israel-iran-war\/\"><span lang=\"zxx\"><span lang=\"de-CH\"><span dir=\"auto\">https:\/\/asiatimes.com\/2025\/06\/india-breaks-with-china-russia-on-israel-iran-war\/<\/span><\/span><\/span><\/a><\/p>\n<p lang=\"de-CH\"><span lang=\"zxx\"><span lang=\"de-CH\"><span dir=\"auto\">16\u00a0<\/span><\/span><\/span><a href=\"https:\/\/thecradle.co\/articles\/imec-interrupted-the-resistance-thats-buying-beijing-time\"><span lang=\"zxx\"><span lang=\"de-CH\"><span dir=\"auto\">https:\/\/thecradle.co\/articles\/imec-interrupted-the-resistance-thats-buying-beijing-time<\/span><\/span><\/span><\/a><\/p>\n<p lang=\"de-CH\"><span lang=\"zxx\"><span lang=\"de-CH\"><span dir=\"auto\">17\u00a0<\/span><\/span><\/span><a href=\"https:\/\/www.youtube.com\/watch?v=4q8AI5oBEHc\"><span lang=\"zxx\"><span lang=\"de-CH\"><span dir=\"auto\">https:\/\/www.youtube.com\/watch?v=4q8AI5oBEHc<\/span><\/span><\/span><\/a><\/p>\n<p lang=\"de-CH\"><span lang=\"zxx\"><span lang=\"de-CH\"><span dir=\"auto\">18:00\u00a0<\/span><\/span><\/span><span dir=\"auto\"><a href=\"https:\/\/www.breitbart.com\/europe\/2021\/03\/28\/build-back-better-boris-and-biden-plot-green-alternative-to-chinas-belt-and-road-initiative\/\"><span lang=\"zxx\"><span lang=\"de-CH\">https:\/\/www.breitbart.com\/europe\/2021\/03\/28\/build-back-better-boris-and-biden-plot-green-alternative-to-chinas-belt-and-road-initiative\/<\/span><\/span><\/a><span lang=\"zxx\"><span lang=\"de-CH\"><a href=\"https:\/\/www.breitbart.com\/europe\/2021\/03\/28\/build-back-better-boris-and-biden-plot-green-alternative-to-chinas-belt-and-road-initiative\/\">\u200b<\/a><\/span><\/span><\/span><\/p>\n<p lang=\"de-CH\"><span lang=\"zxx\"><span lang=\"de-CH\"><span dir=\"auto\">19\u00a0<\/span><\/span><\/span><a href=\"https:\/\/thecradle.co\/articles\/dead-on-arrival-the-wests-b3w-initiative-to-rival-chinas-bri\"><span lang=\"zxx\"><span lang=\"de-CH\"><span dir=\"auto\">https:\/\/thecradle.co\/articles\/dead-on-arrival-the-wests-b3w-initiative-to-rival-chinas-bri<\/span><\/span><\/span><\/a><\/p>\n<p lang=\"de-CH\"><span lang=\"zxx\"><span lang=\"de-CH\"><span dir=\"auto\">20\u00a0<\/span><\/span><\/span><a href=\"https:\/\/bidenwhitehouse.archives.gov\/briefing-room\/statements-releases\/2024\/06\/13\/fact-sheet-partnership-for-global-infrastructure-and-investment-at-the-g7-summit-2\/\"><span lang=\"zxx\"><span lang=\"de-CH\"><span dir=\"auto\">https:\/\/bidenwhitehouse.archives.gov\/briefing-room\/statements-releases\/2024\/06\/13\/fact-sheet-partnership-for-global-infrastructure-and-investment-at-the-g7-summit-2\/<\/span><\/span><\/span><\/a><\/p>\n<p lang=\"de-CH\"><span lang=\"zxx\"><span lang=\"de-CH\"><span dir=\"auto\">21\u00a0<\/span><\/span><\/span><a href=\"https:\/\/commission.europa.eu\/strategy-and-policy\/priorities-2019-2024\/stronger-europe-world\/global-gateway_en\"><span lang=\"zxx\"><span lang=\"de-CH\"><span dir=\"auto\">https:\/\/commission.europa.eu\/strategy-and-policy\/priorities-2019-2024\/stronger-europe-world\/global-gateway_en<\/span><\/span><\/span><\/a><\/p>\n<p lang=\"de-CH\"><span lang=\"zxx\"><span lang=\"de-CH\"><span dir=\"auto\">22\u00a0<\/span><\/span><\/span><a href=\"https:\/\/travelchinawith.me\/china-travel-blog\/high-speed-train-travel-in-china-your-ultimate-guide\/\"><span lang=\"zxx\"><span lang=\"de-CH\"><span dir=\"auto\">https:\/\/travelchinawith.me\/china-travel-blog\/high-speed-train-travel-in-china-your-ultimate-guide\/<\/span><\/span><\/span><\/a><\/p>\n<p lang=\"de-CH\"><span lang=\"zxx\"><span lang=\"de-CH\"><span dir=\"auto\">23\u00a0<\/span><\/span><\/span><a href=\"https:\/\/www.chinatravel.com\/china-trains\/maglev-train\"><span lang=\"zxx\"><span lang=\"de-CH\"><span dir=\"auto\">https:\/\/www.chinatravel.com\/china-trains\/maglev-train<\/span><\/span><\/span><\/a><\/p>\n<p lang=\"de-CH\"><span lang=\"zxx\"><span lang=\"de-CH\"><span dir=\"auto\">24\u00a0<\/span><\/span><\/span><a href=\"https:\/\/english.news.cn\/20250304\/52ac90edf72845d29717afc0d29adadb\/c.html\"><span lang=\"zxx\"><span lang=\"de-CH\"><span dir=\"auto\">https:\/\/english.news.cn\/20250304\/52ac90edf72845d29717afc0d29adab\/c.html<\/span><\/span><\/span><\/a><\/p>\n<p lang=\"de-CH\"><span lang=\"zxx\"><span lang=\"de-CH\"><span dir=\"auto\">25\u00a0<\/span><\/span><\/span><a href=\"https:\/\/www.youtube.com\/watch?v=OMAmTpflL-E&amp;utm_source=substack&amp;utm_medium=email\"><span lang=\"zxx\"><span lang=\"de-CH\"><span dir=\"auto\">https:\/\/www.youtube.com\/watch?v=OMAmTpflL-E&amp;utm_source=substack&amp;utm_medium=email<\/span><\/span><\/span><\/a><\/p>\n<p lang=\"de-CH\"><span lang=\"zxx\"><span lang=\"de-CH\"><span dir=\"auto\">26\u00a0<\/span><\/span><\/span><a href=\"https:\/\/itif.org\/publications\/2024\/06\/17\/how-innovative-is-china-in-nuclear-power\/\"><span lang=\"zxx\"><span lang=\"de-CH\"><span dir=\"auto\">https:\/\/itif.org\/publications\/2024\/06\/17\/how-innovative-is-china-in-nuclear-power\/<\/span><\/span><\/span><\/a><\/p>\n<p lang=\"de-CH\"><span lang=\"zxx\"><span lang=\"de-CH\"><span dir=\"auto\">27\u00a0<\/span><\/span><\/span><a href=\"https:\/\/www.reuters.com\/world\/china\/russias-putin-chinas-xi-condemn-israel-over-its-iran-strikes-phone-call-kremlin-2025-06-19\/\"><span lang=\"zxx\"><span lang=\"de-CH\"><span dir=\"auto\">https:\/\/www.reuters.com\/world\/china\/russias-putin-chinas-xi-condemn-israel-over-its-iran-strikes-phone-call-kremlin-2025-06-19\/<\/span><\/span><\/span><\/a><\/p>\n<p lang=\"de-CH\"><span lang=\"zxx\"><span lang=\"de-CH\"><span dir=\"auto\">28\u00a0<\/span><\/span><\/span><a href=\"https:\/\/nypost.com\/2025\/06\/19\/us-news\/president-trump-holding-off-for-two-weeks-on-attacks-against-last-iran-nuke-sites-over-concerns-of-creating-another-libya-sources\/\"><span lang=\"zxx\"><span lang=\"de-CH\"><span dir=\"auto\">https:\/\/nypost.com\/2025\/06\/19\/us-news\/president-trump-holding-off-for-two-weeks-on-attacks-against-last-iran-nuke-sites-over-concerns-of-creating-another-libya-sources\/<\/span><\/span><\/span><\/a><\/p>\n<p lang=\"de-CH\"><span lang=\"zxx\"><span lang=\"de-CH\"><span dir=\"auto\">29\u00a0<\/span><\/span><\/span><a href=\"https:\/\/tass.com\/world\/1975383\"><span lang=\"zxx\"><span lang=\"de-CH\"><span dir=\"auto\">https:\/\/tass.com\/world\/1975383<\/span><\/span><\/span><\/a><\/p>\n<p lang=\"de-CH\"><span lang=\"zxx\"><span lang=\"de-CH\"><span dir=\"auto\">30\u00a0<\/span><\/span><\/span><a href=\"https:\/\/thecradle.co\/articles\/exclusive-the-hidden-security-clauses-of-the-iran-saudi-deal\"><span lang=\"zxx\"><span lang=\"de-CH\"><span dir=\"auto\">https:\/\/thecradle.co\/articles\/exclusive-the-hidden-security-clauses-of-the-iran-saudi-deal<\/span><\/span><\/span><\/a><\/p>\n<p lang=\"de-CH\"><span lang=\"zxx\"><span lang=\"de-CH\"><span dir=\"auto\">31\u00a0<\/span><\/span><\/span><a href=\"https:\/\/www.arabnews.com\/node\/2603498\"><span lang=\"zxx\"><span lang=\"de-CH\"><span dir=\"auto\">https:\/\/www.arabnews.com\/node\/2603498<\/span><\/span><\/span><\/a><\/p>\n<p lang=\"de-CH\"><img decoding=\"async\" loading=\"lazy\" class=\"wp-image-85002 aligncenter\" src=\"http:\/\/www.infokuryr.cz\/n\/wp-content\/uploads\/2025\/08\/Plakat1-212x300.jpg\" alt=\"\" width=\"715\" height=\"1012\" srcset=\"https:\/\/www.infokuryr.cz\/n\/wp-content\/uploads\/2025\/08\/Plakat1-212x300.jpg 212w, https:\/\/www.infokuryr.cz\/n\/wp-content\/uploads\/2025\/08\/Plakat1-724x1024.jpg 724w, https:\/\/www.infokuryr.cz\/n\/wp-content\/uploads\/2025\/08\/Plakat1-768x1086.jpg 768w, https:\/\/www.infokuryr.cz\/n\/wp-content\/uploads\/2025\/08\/Plakat1-1086x1536.jpg 1086w, https:\/\/www.infokuryr.cz\/n\/wp-content\/uploads\/2025\/08\/Plakat1-1024x1449.jpg 1024w, https:\/\/www.infokuryr.cz\/n\/wp-content\/uploads\/2025\/08\/Plakat1.jpg 1131w\" sizes=\"(max-width: 715px) 100vw, 715px\" \/><\/p>\n<p lang=\"de-CH\">\n<\/div>\n","protected":false},"excerpt":{"rendered":"<p>P\u0159ed spole\u010dn\u00fdm americko-izraelsk\u00fdm \u00fatokem na \u00cdr\u00e1n byl sv\u011bt bl\u00edzko vy\u0159e\u0161en\u00ed krize kolem jadern\u00e9ho programu Isl\u00e1msk\u00e9&#8230;<\/p>\n","protected":false},"author":2,"featured_media":86075,"comment_status":"closed","ping_status":"closed","sticky":false,"template":"","format":"standard","meta":[],"categories":[7],"tags":[1042,760,38,350,22],"_links":{"self":[{"href":"https:\/\/www.infokuryr.cz\/n\/wp-json\/wp\/v2\/posts\/86074"}],"collection":[{"href":"https:\/\/www.infokuryr.cz\/n\/wp-json\/wp\/v2\/posts"}],"about":[{"href":"https:\/\/www.infokuryr.cz\/n\/wp-json\/wp\/v2\/types\/post"}],"author":[{"embeddable":true,"href":"https:\/\/www.infokuryr.cz\/n\/wp-json\/wp\/v2\/users\/2"}],"replies":[{"embeddable":true,"href":"https:\/\/www.infokuryr.cz\/n\/wp-json\/wp\/v2\/comments?post=86074"}],"version-history":[{"count":1,"href":"https:\/\/www.infokuryr.cz\/n\/wp-json\/wp\/v2\/posts\/86074\/revisions"}],"predecessor-version":[{"id":86076,"href":"https:\/\/www.infokuryr.cz\/n\/wp-json\/wp\/v2\/posts\/86074\/revisions\/86076"}],"wp:featuredmedia":[{"embeddable":true,"href":"https:\/\/www.infokuryr.cz\/n\/wp-json\/wp\/v2\/media\/86075"}],"wp:attachment":[{"href":"https:\/\/www.infokuryr.cz\/n\/wp-json\/wp\/v2\/media?parent=86074"}],"wp:term":[{"taxonomy":"category","embeddable":true,"href":"https:\/\/www.infokuryr.cz\/n\/wp-json\/wp\/v2\/categories?post=86074"},{"taxonomy":"post_tag","embeddable":true,"href":"https:\/\/www.infokuryr.cz\/n\/wp-json\/wp\/v2\/tags?post=86074"}],"curies":[{"name":"wp","href":"https:\/\/api.w.org\/{rel}","templated":true}]}}