{"id":86071,"date":"2025-08-22T00:23:07","date_gmt":"2025-08-21T22:23:07","guid":{"rendered":"https:\/\/www.infokuryr.cz\/n\/?p=86071"},"modified":"2025-08-21T13:06:21","modified_gmt":"2025-08-21T11:06:21","slug":"francouzska-policie-nasla-24letou-holandanku-znasilnenou-a-drzenou-v-zajeti-marockymi-dealery-v-drogovem-doupeti","status":"publish","type":"post","link":"https:\/\/www.infokuryr.cz\/n\/2025\/08\/22\/francouzska-policie-nasla-24letou-holandanku-znasilnenou-a-drzenou-v-zajeti-marockymi-dealery-v-drogovem-doupeti\/","title":{"rendered":"Francouzsk\u00e1 policie na\u0161la 24letou Holan\u010fanku zn\u00e1siln\u011bnou a dr\u017eenou v zajet\u00ed  marock\u00fdmi dealery v drogov\u00e9m doup\u011bti"},"content":{"rendered":"<div id=\"fb-root\"><\/div>\n<h3 class=\"s-tagline fw-tagline\"><span dir=\"auto\">Policie p\u0159i razii v byt\u011b na\u0161la obrovsk\u00e9 mno\u017estv\u00ed neleg\u00e1ln\u00edch drog<\/span><\/h3>\n<p><span dir=\"auto\">\u010cty\u0159iadvacetilet\u00e1 Nizozemka byla \u00fadajn\u011b zn\u00e1siln\u011bna Maro\u010dany uprost\u0159ed drogov\u00e9ho doup\u011bte v multikulturn\u00ed \u010dtvrti Seine-Saint-Denis v Pa\u0159\u00ed\u017ei. Mu\u017ei jsou obvin\u011bni z toho, \u017ee jsou velk\u00fdmi dealery drog, p\u0159i\u010dem\u017e \u017eenu zachr\u00e1nila policie pot\u00e9, co geolokovala jej\u00ed kr\u00e1tk\u00fd telefon\u00e1t s kamar\u00e1dkou.<\/span><\/p>\n<p><span dir=\"auto\">\u017dena byla \u00fadajn\u011b zn\u00e1siln\u011bna uprost\u0159ed velk\u00fdch z\u00e1sob narkotik a l\u00e9k\u016f na p\u0159edpis a zachr\u00e1n\u011bna byla a\u017e pot\u00e9, co upozornila svou p\u0159\u00edtelkyni na WhatsAppu, \u017ee ji mu\u017ei dr\u017e\u00ed v zajet\u00ed. B\u011bhem policejn\u00ed razie bylo zabaveno velk\u00e9 mno\u017estv\u00ed anxiolytik.<\/span><\/p>\n<p><span dir=\"auto\">V ned\u011bli r\u00e1no policist\u00e9 provedli razii v byt\u011b a na\u0161li \u017eenu v lo\u017enici budovy velmi bl\u00edzko ble\u0161\u00edho trhu v Clignancourtu. Policist\u00e9 zatkli dva podez\u0159el\u00e9 Maro\u010dany, uvedla st\u00e1tn\u00ed zastupitelstv\u00ed v Bobigny.<\/span><\/p>\n<p><span dir=\"auto\">V ned\u011bli v 9:00 r\u00e1no zavolala mlad\u00e1 \u017eena policii a \u0159ekla jim, \u017ee ji jej\u00ed kamar\u00e1dka kontaktovala p\u0159es WhatsApp a uvedla, \u017ee ji v zajet\u00ed dr\u017e\u00ed n\u011bkolik mu\u017e\u016f. Telefon\u00e1t trval jen n\u011bkolik sekund, ale Maro\u010dan\u00e9 si z\u0159ejm\u011b uv\u011bdomili, \u017ee se vol\u00e1, a \u017een\u011b rychle zabavili telefon.<\/span><\/p>\n<p><span dir=\"auto\">Policejn\u00edm specialist\u016fm se i tak poda\u0159ilo lokalizovat telefonn\u00ed hovor do p\u0159esn\u00e9 budovy na Rue Mathieu, ale nepoda\u0159ilo se jim ur\u010dit, ze kter\u00e9ho bytu byl hovor uskute\u010dn\u011bn. M\u00edstn\u00ed obyvatel v\u0161ak policisty nasm\u011broval k jednomu bytu uvnit\u0159 budovy.<\/span><\/p>\n<p><span dir=\"auto\">Kdy\u017e policie zaklepala, uk\u00e1zalo se, \u017ee to byl \u0161patn\u00fd byt, ale jeden mu\u017e vykoukl z nedalek\u00e9ho bytu, aby policii pozoroval. Pak rychle zav\u0159el dve\u0159e a ve\u0161el dovnit\u0159. To vzbudilo podez\u0159en\u00ed policist\u016f. Pot\u00e9 za\u010dali klepat na jeho dve\u0159e, ale obyvatel jim \u0159ekl, aby ode\u0161li, a odm\u00edtl jim otev\u0159\u00edt.<\/span><\/p>\n<p><span dir=\"auto\">Policie se pot\u00e9 rozhodla vniknout zadn\u00edm oknem a vtrhla do m\u00edstnosti, jen aby uvnit\u0159 na\u0161la ob\u011b\u0165 s kra\u0165asy st\u00e1le sta\u017een\u00fdmi a\u017e k zemi. Policie okam\u017eit\u011b zatkla jednoho podez\u0159el\u00e9ho a pot\u00e9 na\u0161la druh\u00e9ho za dve\u0159mi, ne\u017e ho tak\u00e9 zatkla.<\/span><\/p>\n<p><span dir=\"auto\">Uvnit\u0159 policie na\u0161la obrovsk\u00e9 mno\u017estv\u00ed neleg\u00e1ln\u00edch drog. Podle\u00a0<\/span><a href=\"https:\/\/www.leparisien.fr\/faits-divers\/saint-ouen-violee-au-milieu-dun-stock-de-medicaments-de-contrebande-elle-donne-lalerte-sur-whatsapp-18-08-2025-QCKRWK6ROJFTFL37AOJ3HWGLP4.php\"><span dir=\"auto\">den\u00edku Le Parisien<\/span><\/a><span dir=\"auto\">\u00a0se v lahvi nach\u00e1zelo \u201e1746 blistr\u016f, ka\u017ed\u00fd se 14 tabletami Lyricy, 584 blistr\u016f, ka\u017ed\u00fd se sedmi tabletami Brieky, a 279 blistr\u016f, ka\u017ed\u00fd se 14 tabletami Pregabalinu.\u201c<\/span><\/p>\n<p><span dir=\"auto\">Tyto l\u00e9ky, zn\u00e1m\u00e9 jako anxiolytika, se b\u011b\u017en\u011b pou\u017e\u00edvaj\u00ed k l\u00e9\u010db\u011b epilepsie, ale je tak\u00e9 zn\u00e1mo, \u017ee u u\u017eivatel\u016f vyvol\u00e1vaj\u00ed euforii a v sou\u010dasnosti jsou ve Francii nej\u010dast\u011bji z\u00edsk\u00e1v\u00e1ny prost\u0159ednictv\u00edm pad\u011blk\u016f na p\u0159edpis. Pouli\u010dn\u00ed hodnota v\u0161ech l\u00e9k\u016f se odhaduje na 80 000 eur.<\/span><\/p>\n<p><span dir=\"auto\">\u201ePolicie narazila na skute\u010dnou z\u00e1sobu, kter\u00e1 m\u011bla z\u00e1sobovat oblast Puces a pravd\u011bpodobn\u011b i \u010d\u00e1st severn\u00ed Pa\u0159\u00ed\u017ee,\u201c \u0159ekl jeden policejn\u00ed zdroj listu Le Parisien.<\/span><\/p>\n<p><span dir=\"auto\">Ob\u011b\u0165 pot\u00e9 policii prost\u0159ednictv\u00edm tlumo\u010dn\u00edka do angli\u010dtiny \u0159ekla, \u017ee se s \u00fato\u010dn\u00edky setkala pobl\u00ed\u017e obchodu, na\u010de\u017e ji odvedli do jej\u00edho bytu a zabavili j\u00ed pas a kl\u00ed\u010de. Mu\u017ei ji pot\u00e9 zn\u00e1silnili.<\/span><\/p>\n<p><span dir=\"auto\">Jeden z Maro\u010danek je v zemi neleg\u00e1ln\u011b. Oba jsou st\u00e1le ve vazb\u011b.<\/span><\/p>\n<p><img decoding=\"async\" loading=\"lazy\" class=\"alignnone size-full wp-image-1185\" src=\"http:\/\/www.infokuryr.cz\/n\/wp-content\/uploads\/2021\/04\/kuryr-podpis.png\" alt=\"\" width=\"84\" height=\"24\" \/><\/p>\n<p><img decoding=\"async\" loading=\"lazy\" class=\"wp-image-85002 aligncenter\" src=\"http:\/\/www.infokuryr.cz\/n\/wp-content\/uploads\/2025\/08\/Plakat1-212x300.jpg\" alt=\"\" width=\"679\" height=\"961\" srcset=\"https:\/\/www.infokuryr.cz\/n\/wp-content\/uploads\/2025\/08\/Plakat1-212x300.jpg 212w, https:\/\/www.infokuryr.cz\/n\/wp-content\/uploads\/2025\/08\/Plakat1-724x1024.jpg 724w, https:\/\/www.infokuryr.cz\/n\/wp-content\/uploads\/2025\/08\/Plakat1-768x1086.jpg 768w, https:\/\/www.infokuryr.cz\/n\/wp-content\/uploads\/2025\/08\/Plakat1-1086x1536.jpg 1086w, https:\/\/www.infokuryr.cz\/n\/wp-content\/uploads\/2025\/08\/Plakat1-1024x1449.jpg 1024w, https:\/\/www.infokuryr.cz\/n\/wp-content\/uploads\/2025\/08\/Plakat1.jpg 1131w\" sizes=\"(max-width: 679px) 100vw, 679px\" \/><\/p>\n<p>&nbsp;<\/p>\n","protected":false},"excerpt":{"rendered":"<p>Policie p\u0159i razii v byt\u011b na\u0161la obrovsk\u00e9 mno\u017estv\u00ed neleg\u00e1ln\u00edch drog \u010cty\u0159iadvacetilet\u00e1 Nizozemka byla \u00fadajn\u011b zn\u00e1siln\u011bna&#8230;<\/p>\n","protected":false},"author":2,"featured_media":86072,"comment_status":"closed","ping_status":"closed","sticky":false,"template":"","format":"standard","meta":[],"categories":[7],"tags":[289,130,366],"_links":{"self":[{"href":"https:\/\/www.infokuryr.cz\/n\/wp-json\/wp\/v2\/posts\/86071"}],"collection":[{"href":"https:\/\/www.infokuryr.cz\/n\/wp-json\/wp\/v2\/posts"}],"about":[{"href":"https:\/\/www.infokuryr.cz\/n\/wp-json\/wp\/v2\/types\/post"}],"author":[{"embeddable":true,"href":"https:\/\/www.infokuryr.cz\/n\/wp-json\/wp\/v2\/users\/2"}],"replies":[{"embeddable":true,"href":"https:\/\/www.infokuryr.cz\/n\/wp-json\/wp\/v2\/comments?post=86071"}],"version-history":[{"count":0,"href":"https:\/\/www.infokuryr.cz\/n\/wp-json\/wp\/v2\/posts\/86071\/revisions"}],"wp:featuredmedia":[{"embeddable":true,"href":"https:\/\/www.infokuryr.cz\/n\/wp-json\/wp\/v2\/media\/86072"}],"wp:attachment":[{"href":"https:\/\/www.infokuryr.cz\/n\/wp-json\/wp\/v2\/media?parent=86071"}],"wp:term":[{"taxonomy":"category","embeddable":true,"href":"https:\/\/www.infokuryr.cz\/n\/wp-json\/wp\/v2\/categories?post=86071"},{"taxonomy":"post_tag","embeddable":true,"href":"https:\/\/www.infokuryr.cz\/n\/wp-json\/wp\/v2\/tags?post=86071"}],"curies":[{"name":"wp","href":"https:\/\/api.w.org\/{rel}","templated":true}]}}