{"id":8605,"date":"2022-02-25T11:35:31","date_gmt":"2022-02-25T10:35:31","guid":{"rendered":"http:\/\/www.infokuryr.cz\/n\/?p=8605"},"modified":"2022-02-25T11:41:30","modified_gmt":"2022-02-25T10:41:30","slug":"lavrov-nevidime-zadnou-moznost-uznat-ukrajinskou-vladu-jako-demokratickou","status":"publish","type":"post","link":"https:\/\/www.infokuryr.cz\/n\/2022\/02\/25\/lavrov-nevidime-zadnou-moznost-uznat-ukrajinskou-vladu-jako-demokratickou\/","title":{"rendered":"Lavrov: &#8222;Nevid\u00edme \u017e\u00e1dnou mo\u017enost uznat ukrajinskou vl\u00e1du jako demokratickou&#8220;"},"content":{"rendered":"<div id=\"fb-root\"><\/div>\n<p>Rusko nem\u016f\u017ee uznat ukrajinskou vl\u00e1du jako demokratickou, \u0159ekl v p\u00e1tek ministr zahrani\u010d\u00ed Rusk\u00e9 federace Sergej Lavrov.<\/p>\n<p>Sou\u010dasn\u00fd re\u017eim pou\u017e\u00edv\u00e1 genocidn\u00ed metody proti vlastn\u00edm lidem.<\/p>\n<h3 class=\"article__heading article__heading_article-page\"><span style=\"font-size: 14pt;\">Zelenskyj l\u017ee o sv\u00e9 p\u0159ipravenosti diskutovat o \u201eneutr\u00e1ln\u00edm statusu\u201c Ukrajiny<\/span><\/h3>\n<p>Ukrajinsk\u00fd prezident Volodymyr Zelenskyj l\u017ee, kdy\u017e deklaruje svou p\u0159ipravenost jednat o neutr\u00e1ln\u00edm statusu Kyjeva, \u0159ekl rusk\u00fd ministr zahrani\u010d\u00ed Sergej Lavrov.<\/p>\n<p><span>&#8222;Prezident Zelenskyj v\u00e1m lhal a sprost\u011b v\u00e1s oklamal,&#8220; odpov\u011bd\u011bl Lavrov na ot\u00e1zku zpravodaje RT, zda je Rusko p\u0159ipraveno na jedn\u00e1n\u00ed, o kter\u00fdch Zelensky mluv\u00ed.<\/span><\/p>\n<p><span>Jak rusk\u00fd ministr p\u0159ipomn\u011bl, Zelenskyj zm\u00ednil jedn\u00e1n\u00ed p\u0159inejmen\u0161\u00edm \u201eve dvou rozm\u011brech\u201c: zaprv\u00e9, kdy\u017e kategoricky odm\u00edtl dodr\u017eovat Minsk\u00e9 dohody a neust\u00e1le apeloval na z\u00e1padn\u00ed mecen\u00e1\u0161e s v\u00fdzvou, aby shrom\u00e1\u017edili \u201enormansk\u00fd form\u00e1t\u201c a nebo\u00a0 nezaru\u010duje, \u017ee setk\u00e1n\u00ed budou doprov\u00e1zena skute\u010dn\u00fdmi v\u00fdsledky.<\/span><\/p>\n<p><span>\u201eTe\u010f v\u00e1m jen l\u017ee a l\u017ee, zjednodu\u0161en\u011b \u0159e\u010deno, kdy\u017e prohla\u0161uje, \u017ee je p\u0159ipraven diskutovat o neutr\u00e1ln\u00edm statusu,\u201c \u0159ekl rusk\u00fd ministr zahrani\u010d\u00ed.<\/span><\/p>\n<p><span>Lavrov p\u0159ipomn\u011bl, \u017ee Rusko ji\u017e d\u0159\u00edve nab\u00eddlo \u201ejak\u00e9koli mo\u017enosti zaji\u0161t\u011bn\u00ed bezpe\u010dnosti\u201c.<\/span><\/p>\n<p><span>&#8222;Prezident Zelenskyj si proto dob\u0159e uv\u011bdomuje promarn\u011bn\u00e9 p\u0159\u00edle\u017eitosti, nen\u00ed t\u0159eba to nyn\u00ed sv\u00e1d\u011bt na zdravou hlavu,&#8220; zd\u016fraznil.<\/span><\/p>\n<p><span>U\u017e d\u0159\u00edve ukrajinsk\u00fd prezident \u0159ekl, \u017ee\u00a0<\/span><span>se neboj\u00ed diskutovat s Ruskem<\/span><span>\u00a0o ot\u00e1zce neutr\u00e1ln\u00edho statutu Ukrajiny.<\/span><\/p>\n<p><span>P\u0159edt\u00edm skupina sedmi ukrajinsk\u00fdch poslanc\u016f v \u010dele s Vadimem Novinsk\u00fdm\u00a0\u00a0<\/span><span>zaznamenala v\u00fdzvu<\/span><span>\u00a0\u00a0Zelensk\u00e9mu a vyzvala ho, aby okam\u017eit\u011b zah\u00e1jil jedn\u00e1n\u00ed s Ruskem.<\/span><\/p>\n<p><img decoding=\"async\" loading=\"lazy\" class=\"alignnone size-full wp-image-1185\" src=\"http:\/\/www.infokuryr.cz\/n\/wp-content\/uploads\/2021\/04\/kuryr-podpis.png\" alt=\"\" width=\"84\" height=\"24\" \/><\/p>\n<p>&nbsp;<\/p>\n","protected":false},"excerpt":{"rendered":"<p>Rusko nem\u016f\u017ee uznat ukrajinskou vl\u00e1du jako demokratickou, \u0159ekl v p\u00e1tek ministr zahrani\u010d\u00ed Rusk\u00e9 federace Sergej&#8230;<\/p>\n","protected":false},"author":2,"featured_media":739,"comment_status":"closed","ping_status":"closed","sticky":false,"template":"","format":"standard","meta":[],"categories":[7],"tags":[178,1943,26,99],"_links":{"self":[{"href":"https:\/\/www.infokuryr.cz\/n\/wp-json\/wp\/v2\/posts\/8605"}],"collection":[{"href":"https:\/\/www.infokuryr.cz\/n\/wp-json\/wp\/v2\/posts"}],"about":[{"href":"https:\/\/www.infokuryr.cz\/n\/wp-json\/wp\/v2\/types\/post"}],"author":[{"embeddable":true,"href":"https:\/\/www.infokuryr.cz\/n\/wp-json\/wp\/v2\/users\/2"}],"replies":[{"embeddable":true,"href":"https:\/\/www.infokuryr.cz\/n\/wp-json\/wp\/v2\/comments?post=8605"}],"version-history":[{"count":1,"href":"https:\/\/www.infokuryr.cz\/n\/wp-json\/wp\/v2\/posts\/8605\/revisions"}],"predecessor-version":[{"id":8606,"href":"https:\/\/www.infokuryr.cz\/n\/wp-json\/wp\/v2\/posts\/8605\/revisions\/8606"}],"wp:featuredmedia":[{"embeddable":true,"href":"https:\/\/www.infokuryr.cz\/n\/wp-json\/wp\/v2\/media\/739"}],"wp:attachment":[{"href":"https:\/\/www.infokuryr.cz\/n\/wp-json\/wp\/v2\/media?parent=8605"}],"wp:term":[{"taxonomy":"category","embeddable":true,"href":"https:\/\/www.infokuryr.cz\/n\/wp-json\/wp\/v2\/categories?post=8605"},{"taxonomy":"post_tag","embeddable":true,"href":"https:\/\/www.infokuryr.cz\/n\/wp-json\/wp\/v2\/tags?post=8605"}],"curies":[{"name":"wp","href":"https:\/\/api.w.org\/{rel}","templated":true}]}}