{"id":8603,"date":"2022-02-25T09:08:08","date_gmt":"2022-02-25T08:08:08","guid":{"rendered":"http:\/\/www.infokuryr.cz\/n\/?p=8603"},"modified":"2022-02-25T09:08:08","modified_gmt":"2022-02-25T08:08:08","slug":"zelenskyj-jsme-pripraveni-mluvit-o-bezpecnostnich-zarukach-a-neutralite","status":"publish","type":"post","link":"https:\/\/www.infokuryr.cz\/n\/2022\/02\/25\/zelenskyj-jsme-pripraveni-mluvit-o-bezpecnostnich-zarukach-a-neutralite\/","title":{"rendered":"Zelenskyj: Jsme p\u0159ipraveni mluvit o bezpe\u010dnostn\u00edch z\u00e1ruk\u00e1ch a neutralit\u011b"},"content":{"rendered":"<div id=\"fb-root\"><\/div>\n<p><strong>Ukrajinsk\u00fd prezident sd\u011blil, \u017ee Kyjev je ponech\u00e1n sv\u00e9mu osudu, proto\u017ee NATO se \u201eboj\u00ed\u201c poskytnout zemi jak\u00e9koli z\u00e1ruky. &#8222;Nyn\u00ed mus\u00edme br\u00e1nit na\u0161i zemi sami,&#8220; \u0159ekl Zelenskyj.\u00a0Je p\u0159ipraven mluvit o mo\u017enosti neutr\u00e1ln\u00edho statusu.<\/strong><\/p>\n<p>Vladimir Zelenskyj obvi\u0148uje Z\u00e1pad, \u017ee nechal Ukrajinu na pospas Moskv\u011b. Z\u00e1rove\u0148 dnes v p\u00e1tek rann\u00edch hodin\u00e1ch prohl\u00e1sil, \u017ee se neboj\u00ed jednat o ukon\u010den\u00ed rusk\u00e9 \u201einvaze\u201c, ale pot\u0159ebuje k tomu bezpe\u010dnostn\u00ed z\u00e1ruky.<\/p>\n<p>V p\u00e1tek to Zelenskyj \u0159ekl\u00a0ve videoproslovu k n\u00e1rodu zve\u0159ejn\u011bn\u00e9mu na Telegramu:<\/p>\n<p><strong><em>&#8222;Nyn\u00ed mus\u00edme br\u00e1nit na\u0161i zemi sami. Kdo je p\u0159ipraven bojovat na na\u0161\u00ed stran\u011b? Nikoho nevid\u00edm.&#8220;<\/em><\/strong><\/p>\n<p>V \u010dasn\u00fdch rann\u00edch hodin\u00e1ch m\u00edstn\u00edho \u010dasu Zelenskyj \u0159ekl, \u017ee oslovil partnery na Z\u00e1pad\u011b, aby jim \u0159ekl, \u017ee je v s\u00e1zce osud Ukrajiny.<\/p>\n<p>\u201eZeptal jsem se jich: Jste na na\u0161\u00ed stran\u011b?\u201c pokra\u010doval ukrajinsk\u00fd prezident.\u00a0&#8222;Odpov\u011bd\u011bli, \u017ee jsou s n\u00e1mi, ale necht\u011bj\u00ed n\u00e1s za\u010dlenit do aliance. Ptal jsem se 27 evropsk\u00fdch v\u016fdc\u016f, zda bude Ukrajina zahrnuta do NATO, zeptal jsem se jich p\u0159\u00edmo \u2013 v\u0161ichni se boj\u00ed a neposkytli odpov\u011b\u010f.&#8220;<\/p>\n<p>Zelensky dodal:<\/p>\n<p><strong><em>&#8222;Jsme na to sami. Kdo je p\u0159ipraven j\u00edt za n\u00e1s do v\u00e1lky? Up\u0159\u00edmn\u011b, nikoho nevid\u00edm. Kdo je p\u0159ipraven poskytnout Ukrajin\u011b z\u00e1ruky \u010dlenstv\u00ed v NATO? Up\u0159\u00edmn\u011b, ka\u017ed\u00fd se boj\u00ed.&#8220;<\/em><\/strong><\/p>\n<p>Rusko vyslalo voj\u00e1ky na Ukrajinu ve \u010dtvrtek.\u00a0Rusk\u00fd prezident Vladimir Putin ozn\u00e1mil speci\u00e1ln\u00ed vojenskou operaci s c\u00edlem <strong>\u201edemilitarizovat a denacifikovat\u201c<\/strong> zemi.\u00a0Moskva mezit\u00edm informovala Kyjev, \u017ee zv\u00e1\u017e\u00ed jedn\u00e1n\u00ed se Zelensk\u00e9ho vl\u00e1dou, pokud bude souhlasit s diskus\u00ed mimo jin\u00e9 o neutr\u00e1ln\u00edm statutu zem\u011b.<\/p>\n<p>Ukrajinsk\u00fd prezident \u0159ekl, \u017ee je otev\u0159en\u00fd jedn\u00e1n\u00edm o mo\u017enosti neutr\u00e1ln\u00edho statusu Ukrajiny, ale trval na tom, \u017ee jeho zem\u011b pot\u0159ebuje z\u00e1ruky t\u0159et\u00edch stran.<\/p>\n<p><strong><em>&#8222;My se Ruska neboj\u00edme, neboj\u00edme se s Ruskem, mluvit o v\u0161em: o bezpe\u010dnostn\u00edch z\u00e1ruk\u00e1ch pro na\u0161i zemi a neutr\u00e1ln\u00edm statusu. Ale te\u010f nejsme v NATO. Jak\u00e9 budeme m\u00edt bezpe\u010dnostn\u00ed z\u00e1ruky? Kter\u00e9 zem\u011b budou d\u00e1vaj\u00ed?&#8220;<\/em><\/strong><\/p>\n<p>Zelenskyj dodal, \u017ee se mus\u00ed jednat o ukon\u010den\u00ed rusk\u00e9 vojensk\u00e9 ofenz\u00edvy.<\/p>\n<p>Mluv\u010d\u00ed Kremlu Dmitrij Peskov ve \u010dtvrtek \u0159ekl, \u017ee neutr\u00e1ln\u00ed status a odm\u00edtnut\u00ed nasazen\u00ed ur\u010dit\u00fdch zbra\u0148ov\u00fdch syst\u00e9m\u016f jsou Putinov\u00fdmi \u010derven\u00fdmi \u010darami s Ukrajinou a m\u00ed\u010d je nyn\u00ed na stran\u011b\u00a0 Kyjeva.<\/p>\n<p><img decoding=\"async\" loading=\"lazy\" class=\"alignnone size-full wp-image-1185\" src=\"http:\/\/www.infokuryr.cz\/n\/wp-content\/uploads\/2021\/04\/kuryr-podpis.png\" alt=\"\" width=\"84\" height=\"24\" \/><\/p>\n<p>&nbsp;<\/p>\n<p>&nbsp;<\/p>\n","protected":false},"excerpt":{"rendered":"<p>Ukrajinsk\u00fd prezident sd\u011blil, \u017ee Kyjev je ponech\u00e1n sv\u00e9mu osudu, proto\u017ee NATO se \u201eboj\u00ed\u201c poskytnout zemi&#8230;<\/p>\n","protected":false},"author":2,"featured_media":527,"comment_status":"closed","ping_status":"closed","sticky":false,"template":"","format":"standard","meta":[],"categories":[7],"tags":[565,1942,22,26,1000],"_links":{"self":[{"href":"https:\/\/www.infokuryr.cz\/n\/wp-json\/wp\/v2\/posts\/8603"}],"collection":[{"href":"https:\/\/www.infokuryr.cz\/n\/wp-json\/wp\/v2\/posts"}],"about":[{"href":"https:\/\/www.infokuryr.cz\/n\/wp-json\/wp\/v2\/types\/post"}],"author":[{"embeddable":true,"href":"https:\/\/www.infokuryr.cz\/n\/wp-json\/wp\/v2\/users\/2"}],"replies":[{"embeddable":true,"href":"https:\/\/www.infokuryr.cz\/n\/wp-json\/wp\/v2\/comments?post=8603"}],"version-history":[{"count":0,"href":"https:\/\/www.infokuryr.cz\/n\/wp-json\/wp\/v2\/posts\/8603\/revisions"}],"wp:featuredmedia":[{"embeddable":true,"href":"https:\/\/www.infokuryr.cz\/n\/wp-json\/wp\/v2\/media\/527"}],"wp:attachment":[{"href":"https:\/\/www.infokuryr.cz\/n\/wp-json\/wp\/v2\/media?parent=8603"}],"wp:term":[{"taxonomy":"category","embeddable":true,"href":"https:\/\/www.infokuryr.cz\/n\/wp-json\/wp\/v2\/categories?post=8603"},{"taxonomy":"post_tag","embeddable":true,"href":"https:\/\/www.infokuryr.cz\/n\/wp-json\/wp\/v2\/tags?post=8603"}],"curies":[{"name":"wp","href":"https:\/\/api.w.org\/{rel}","templated":true}]}}