{"id":85971,"date":"2025-08-21T00:21:53","date_gmt":"2025-08-20T22:21:53","guid":{"rendered":"https:\/\/www.infokuryr.cz\/n\/?p=85971"},"modified":"2025-08-20T14:21:49","modified_gmt":"2025-08-20T12:21:49","slug":"trest-smrti-pro-iranskou-aktivistku-za-prava-zen-a-pracujicich-zrada-wokoharamu","status":"publish","type":"post","link":"https:\/\/www.infokuryr.cz\/n\/2025\/08\/21\/trest-smrti-pro-iranskou-aktivistku-za-prava-zen-a-pracujicich-zrada-wokoharamu\/","title":{"rendered":"Trest smrti pro \u00edr\u00e1nskou aktivistku za pr\u00e1va \u017een a pracuj\u00edc\u00edch: Zrada Wokoharamu"},"content":{"rendered":"<div id=\"fb-root\"><\/div>\n<p><strong><span dir=\"auto\">\u00cdr\u00e1nsk\u00fd re\u017eim potvrdil trest smrti pro \u0160ar\u00edfe Mohammad\u00edovou, 45letou matku a aktivistku, kter\u00e1 se nev\u011bnovala ni\u010demu jin\u00e9mu, ne\u017e \u017ee se zasazovala o pr\u00e1va \u017een a pracuj\u00edc\u00edch. Obvin\u011bn\u00ed: ozbrojen\u00e9 povst\u00e1n\u00ed \u2013 absurdn\u00ed, vzhledem k tomu, \u017ee jej\u00ed \u201ezbra\u0148\u201c byla pouh\u00e1 slova. Kdy\u017e Nejvy\u0161\u0161\u00ed soud 16. srpna 2025 vynesl rozsudek, Z\u00e1padem se rozhostilo ohlu\u0161uj\u00edc\u00ed ticho. Levicov\u00ed demonstranti by rad\u011bji pochodovali za \u00cdr\u00e1nem sponzorovan\u00fd Ham\u00e1s, ne\u017e aby zachr\u00e1nili \u017eenu p\u0159ed \u0161ibenic\u00ed.<\/span><\/strong><\/p>\n<p><span dir=\"auto\">\u0160arifeh Mohammad\u00ed sed\u00ed ve vazebn\u00edm st\u0159edisku Lakan v Ra\u0161tu v provincii Gilan a \u010dek\u00e1 na popravu. Byla zat\u010dena v prosinci 2023 po m\u011bs\u00edc\u00edch mu\u010den\u00ed a v\u00fdslech\u016f. Revolu\u010dn\u00ed soud ji p\u016fvodn\u011b odsoudil k trestu smrti v \u010dervenci 2024, rozsudek zru\u0161il, aby jej v \u00fanoru 2025 znovu ulo\u017eil \u2013 tentokr\u00e1t jej\u00a0<\/span><a href=\"https:\/\/www.rferl.org\/a\/iran-court-death-penalty-activist-sharifeh-mohammadi\/33506360.html\" target=\"_blank\" rel=\"noreferrer noopener\"><span dir=\"auto\">Nejvy\u0161\u0161\u00ed soud nakonec potvrdil<\/span><\/a><span dir=\"auto\">\u00a0.<\/span><\/p>\n<p><span dir=\"auto\">Jej\u00ed \u201ezlo\u010din\u201c? Ozbrojen\u00e1 vzpoura proti st\u00e1tu. D\u016fkazy? \u017d\u00e1dn\u00e9. Ob\u017ealoba ji obvinila z \u010dlenstv\u00ed v nez\u00e1visl\u00e9m odborov\u00e9m svazu a z boje za pr\u00e1va \u017een \u2013 aktivit, kter\u00e9 jsou v ka\u017ed\u00e9 svobodn\u00e9 zemi pova\u017eov\u00e1ny za samoz\u0159ejmost. Absurdita tohoto obvin\u011bn\u00ed je dechberouc\u00ed. Mohammadi, prost\u00e1 \u0161vadlena a matka mal\u00e9ho d\u00edt\u011bte, nikdy nevyz\u00fdvala k n\u00e1sil\u00ed. Organizovala st\u00e1vky, protestovala proti vyko\u0159is\u0165ov\u00e1n\u00ed a po\u017eadovala rovn\u00e1 pr\u00e1va \u2013 v\u011bci, kter\u00e9 v o\u010d\u00edch Teher\u00e1nu zjevn\u011b\u00a0<\/span><a href=\"https:\/\/www.amnesty.org\/en\/documents\/mde13\/9072\/2025\/en\/\" target=\"_blank\" rel=\"noreferrer noopener\"><span dir=\"auto\">p\u0159edstavuj\u00ed vzpouru<\/span><\/a><span dir=\"auto\"> .<\/span><\/p>\n<p><span dir=\"auto\">Re\u017eim, kter\u00fd nut\u00ed \u017eeny nosit hid\u017e\u00e1b a mu\u010d\u00ed disidenty, vn\u00edm\u00e1 takovou odvahu jako hrozbu. Je to stejn\u00e1 logika, kter\u00e1 v roce 2022 st\u00e1la \u017eivot Mahsu Amini: Mlad\u00e1 \u017eena zem\u0159ela ve vazb\u011b, proto\u017ee j\u00ed spadl z\u00e1voj, a st\u00e1t to nazval \u201esrde\u010dn\u00edm selh\u00e1n\u00edm\u201c.\u00a0<\/span><strong><span dir=\"auto\">Nyn\u00ed cht\u011bj\u00ed Mohammadi ob\u011bsit, aby j\u00ed dali p\u0159\u00edklad. Jej\u00ed pr\u00e1vn\u00edk hovo\u0159\u00ed o \u201esv\u00e9voln\u00e9m syst\u00e9mu justice\u201c, kde jsou dozn\u00e1n\u00ed vynucov\u00e1na pod n\u00e1tlakem a soudy\u00a0<\/span><a href=\"https:\/\/iranwire.com\/en\/women\/144102-irans-supreme-court-upholds-death-sentence-for-sharifeh-mohammadi\/\" target=\"_blank\" rel=\"noreferrer noopener\"><span dir=\"auto\">jsou pouh\u00fdmi loutkami mull\u00e1h\u016f<\/span><\/a><span dir=\"auto\">\u00a0.<\/span><\/strong><span dir=\"auto\">\u00a0Zl\u00ed jazykov\u00e9 by \u0159ekli, \u017ee je to skoro jako v Evrop\u011b, kde i nejvy\u0161\u0161\u00ed soudy okupuj\u00ed vl\u00e1dnouc\u00ed strany.<\/span><\/p>\n<h3 id=\"h-linke-schweigen-und-kuscheln-mit-der-hamas\" class=\"wp-block-heading\"><span dir=\"auto\">Levi\u010d\u00e1ci ml\u010d\u00ed a mazl\u00ed se s Ham\u00e1sem<\/span><\/h3>\n<p><span dir=\"auto\">V hnut\u00ed Our Values-Based West\u2122 (Na\u0161e hodnoty zalo\u017een\u00e9 Z\u00e1pad) ohlu\u0161uje ml\u010den\u00ed levice ohledn\u011b \u0160ar\u00edfy. Kulturn\u00ed osobnosti\u2122, kter\u00e9 se obvykle stav\u00ed na barik\u00e1dy kv\u016fli ka\u017ed\u00e9 mali\u010dkosti, ml\u010d\u00ed.\u00a0<\/span><strong><span dir=\"auto\">M\u00edsto toho ulicemi pochoduj\u00ed levi\u010d\u00e1\u010dt\u00ed, probuzen\u00ed Zelen\u00ed, skanduj\u00ed slogany pro \u201ePalestinu\u201c (vynalezenou Muslimsk\u00fdm bratrstvem) a podporuj\u00ed Ham\u00e1s \u2013 teroristickou skupinu, kterou \u00edr\u00e1nsk\u00fd re\u017eim \u017eiv\u00ed miliony lid\u00ed.<\/span><\/strong><span dir=\"auto\"> Kde jsou demonstrace za Mohammad\u00edho? Kde jsou hashtagy, petice? Masih Alinejad, \u00edr\u00e1nsk\u00e1 exilov\u00e1 aktivistka, se zoufale pt\u00e1: \u201eKde jsou titulky? Tuto matku v \u00cdr\u00e1nu brzy ob\u011bs\u00ed a j\u00e1 se opravdu c\u00edt\u00edm bezmocn\u00e1, kdy\u017e vid\u00edm ml\u010den\u00ed od velk\u00fdch jmen, protiv\u00e1le\u010dn\u00fdch aktivist\u016f na Z\u00e1pad\u011b, feministick\u00fdch v\u016fdky\u0148.\u201c M\u00edsto toho pochoduj\u00ed \u201eprotiv\u00e1le\u010dn\u00ed\u201c aktivist\u00e9 s transparenty oslavuj\u00edc\u00edmi islamofa\u0161ismus.<\/span><\/p>\n<figure class=\"wp-block-embed is-type-rich is-provider-twitter wp-block-embed-twitter\">\n<div class=\"wp-block-embed__wrapper\">\n<div class=\"twitter-tweet twitter-tweet-rendered\"><iframe id=\"twitter-widget-0\" class=\"\" title=\"X P\u0159\u00edsp\u011bvek\" src=\"https:\/\/platform.twitter.com\/embed\/Tweet.html?dnt=true&amp;embedId=twitter-widget-0&amp;features=eyJ0ZndfdGltZWxpbmVfbGlzdCI6eyJidWNrZXQiOltdLCJ2ZXJzaW9uIjpudWxsfSwidGZ3X2ZvbGxvd2VyX2NvdW50X3N1bnNldCI6eyJidWNrZXQiOnRydWUsInZlcnNpb24iOm51bGx9LCJ0ZndfdHdlZXRfZWRpdF9iYWNrZW5kIjp7ImJ1Y2tldCI6Im9uIiwidmVyc2lvbiI6bnVsbH0sInRmd19yZWZzcmNfc2Vzc2lvbiI6eyJidWNrZXQiOiJvbiIsInZlcnNpb24iOm51bGx9LCJ0ZndfZm9zbnJfc29mdF9pbnRlcnZlbnRpb25zX2VuYWJsZWQiOnsiYnVja2V0Ijoib24iLCJ2ZXJzaW9uIjpudWxsfSwidGZ3X21peGVkX21lZGlhXzE1ODk3Ijp7ImJ1Y2tldCI6InRyZWF0bWVudCIsInZlcnNpb24iOm51bGx9LCJ0ZndfZXhwZXJpbWVudHNfY29va2llX2V4cGlyYXRpb24iOnsiYnVja2V0IjoxMjA5NjAwLCJ2ZXJzaW9uIjpudWxsfSwidGZ3X3Nob3dfYmlyZHdhdGNoX3Bpdm90c19lbmFibGVkIjp7ImJ1Y2tldCI6Im9uIiwidmVyc2lvbiI6bnVsbH0sInRmd19kdXBsaWNhdGVfc2NyaWJlc190b19zZXR0aW5ncyI6eyJidWNrZXQiOiJvbiIsInZlcnNpb24iOm51bGx9LCJ0ZndfdXNlX3Byb2ZpbGVfaW1hZ2Vfc2hhcGVfZW5hYmxlZCI6eyJidWNrZXQiOiJvbiIsInZlcnNpb24iOm51bGx9LCJ0ZndfdmlkZW9faGxzX2R5bmFtaWNfbWFuaWZlc3RzXzE1MDgyIjp7ImJ1Y2tldCI6InRydWVfYml0cmF0ZSIsInZlcnNpb24iOm51bGx9LCJ0ZndfbGVnYWN5X3RpbWVsaW5lX3N1bnNldCI6eyJidWNrZXQiOnRydWUsInZlcnNpb24iOm51bGx9LCJ0ZndfdHdlZXRfZWRpdF9mcm9udGVuZCI6eyJidWNrZXQiOiJvbiIsInZlcnNpb24iOm51bGx9fQ%3D%3D&amp;frame=false&amp;hideCard=false&amp;hideThread=false&amp;id=1957091584878813191&amp;lang=cs&amp;origin=https%3A%2F%2Freport24.news%2Ftodesstrafe-fuer-iranische-arbeits-und-frauenrechtlerin-der-verrat-der-wokoharam%2F&amp;sessionId=11b56d16c22a2497e995708fe594dd7f3c92884b&amp;theme=light&amp;widgetsVersion=2615f7e52b7e0%3A1702314776716&amp;width=550px\" frameborder=\"0\" scrolling=\"no\" allowfullscreen=\"allowfullscreen\" data-tweet-id=\"1957091584878813191\" data-mce-fragment=\"1\"><\/iframe><\/div>\n<\/div>\n<\/figure>\n<p><span dir=\"auto\">To je nechutn\u00e9. Tito levi\u010d\u00e1\u010dt\u00ed, probuzen\u00ed p\u0159\u00e1tel\u00e9 re\u017eimu, kte\u0159\u00ed se vyd\u00e1vaj\u00ed za obr\u00e1nce utla\u010dovan\u00fdch, ignoruj\u00ed \u017eenu, kter\u00e1 se stav\u00ed proti skute\u010dn\u00e9mu fa\u0161ismu. Protestuj\u00ed s islamisty, aby zajistili, \u017ee jejich ideologie bude vnucov\u00e1na po cel\u00e9m sv\u011bt\u011b \u2013 stejn\u00e1 ideologie, kter\u00e1 kamenuje \u017eeny a v\u011b\u0161\u00ed homosexu\u00e1ly. Takov\u00e9 aliance jsou nejen zlomysln\u00e9 a otupuj\u00edc\u00ed, ale p\u0159edstavuj\u00ed skute\u010dn\u00e9 nebezpe\u010d\u00ed. Podkop\u00e1vaj\u00ed svobodu a posiluj\u00ed islamistick\u00e9 tyrany, jako jsou ti v Teher\u00e1nu.<\/span><\/p>\n<p><span dir=\"auto\">Bli\u017e\u0161\u00ed pohled odhaluje pokrytectv\u00ed. Zat\u00edmco\u00a0<\/span><a href=\"https:\/\/www.frontlinedefenders.org\/en\/case\/death-sentence-arbitrarily-reissued-against-sharifeh-mohammadi\" target=\"_blank\" rel=\"noreferrer noopener\"><span dir=\"auto\">Amnesty International a Human Rights Watch bij\u00ed na poplach<\/span><\/a><span dir=\"auto\"> \u2013 \u017ee Mohammadi byl mu\u010den, aby se donutil k fale\u0161n\u00e9mu dozn\u00e1n\u00ed \u2013 z\u00e1padn\u00ed levi\u010d\u00e1ci oslavuj\u00ed teroristick\u00e9 \u0159ezn\u00edky Ham\u00e1su v Gaze, kter\u00e9 vyzbrojuj\u00ed ti sam\u00ed mull\u00e1hov\u00e9. Ham\u00e1s, kter\u00fd utla\u010duje \u017eeny, pou\u017e\u00edv\u00e1 civilisty jako \u0161t\u00edty a zn\u00e1sil\u0148uje a vra\u017ed\u00ed \u017didy, je oslavov\u00e1n jako osvoboditel. Mohammadi, kter\u00fd bojuje za skute\u010dn\u00e1 pr\u00e1va, je ignorov\u00e1n. Je to, jako by nen\u00e1vist k Z\u00e1padu pohltila ve\u0161kerou logiku.<\/span><\/p>\n<p><span dir=\"auto\">\u00cdr\u00e1nsk\u00fd re\u017eim vyu\u017e\u00edv\u00e1 takov\u00e9 rozsudky k potla\u010den\u00ed disentu.\u00a0<\/span><strong><span dir=\"auto\">Od protest\u016f po Aminiho smrti v roce 2022 re\u017eim popravil stovky lid\u00ed a uv\u011bznil tis\u00edce.<\/span><\/strong><span dir=\"auto\">\u00a0Mohammadi je jen jedno jm\u00e9no na dlouh\u00e9m seznamu \u2013 ale takov\u00e9, kter\u00e9 odhaluje absurditu syst\u00e9mu. \u017d\u00e1dn\u00e9 zbran\u011b, \u017e\u00e1dn\u00e9 n\u00e1sil\u00ed, jen odvaha postavit se za d\u016fstojnost. Za to nyn\u00ed \u010dek\u00e1 \u0161ibenice.<\/span><\/p>\n<p><span dir=\"auto\">Z\u00e1pad by mohl vyv\u00edjet tlak, zp\u0159\u00eds\u0148ovat sankce, ale panuje jen ticho. Wokoharamov\u00e9 se stav\u00ed na stranu utla\u010dovatel\u016f, proto\u017ee to odpov\u00edd\u00e1 jejich sv\u011bton\u00e1zoru: cokoli proti \u201eimperialismu\u201c, i kdyby to \u017eeny st\u00e1lo \u017eivot. Mohammadi po sob\u011b zanech\u00e1v\u00e1 d\u00edt\u011b, kter\u00e9 vyroste bez matky \u2013 dal\u0161\u00ed ob\u011b\u0165 tohoto \u0161\u00edlenstv\u00ed. Dokud budou levi\u010d\u00e1ci spol\u010dovat s\u00edly s islamofa\u0161isty, \u017eeny jako Mohammadi budou um\u00edrat. V\u0161ichni prohrajeme.<\/span><\/p>\n<h3 id=\"h-appell-an-meinl-reisinger\" class=\"wp-block-heading\"><span dir=\"auto\">Odvol\u00e1n\u00ed k Meinl-Reisinger<\/span><\/h3>\n<p><span dir=\"auto\">R\u00e1d bych zakon\u010dil apelem na na\u0161i ministryni zahrani\u010d\u00ed Beate Meinl-Reisingerovou. Pan\u00ed minist\u0159e, p\u0159ev\u00e1d\u011bla jste pen\u00edze syrsk\u00fdm islamofa\u0161ist\u016fm. Chr\u00e1nila jste islamofa\u0161isty z Gazy p\u0159ed Izraelem. Pro\u00a0<\/span><strong><span dir=\"auto\">jednou v \u017eivot\u011b ud\u011blejte spr\u00e1vnou v\u011bc a zasta\u0148te se \u0160ar\u00edfy. Upozorn\u011bte re\u017eim na to, \u017ee \u0160ar\u00edfyna poprava by vedla k okam\u017eit\u00e9mu p\u0159eru\u0161en\u00ed v\u0161ech vztah\u016f a plateb.<\/span><\/strong><span dir=\"auto\">\u00a0Po\u017eadujte propu\u0161t\u011bn\u00ed pan\u00ed Mohammadiov\u00e9 pod hrozbou zmrazen\u00ed bankovn\u00edch \u00fa\u010dt\u016f v\u0161ech \u010dlen\u016f Revolu\u010dn\u00ed gardy v cel\u00e9 EU. Doka\u017ete, \u017ee jste hodni sv\u00e9ho \u00fa\u0159adu. Alespo\u0148 tentokr\u00e1t zatracen\u011b.<\/span><\/p>\n<p><em><span dir=\"auto\">Koment\u00e1\u0159 <a href=\"https:\/\/report24.news\/todesstrafe-fuer-iranische-arbeits-und-frauenrechtlerin-der-verrat-der-wokoharam\/\">Chrise Vebera<\/a><\/span><\/em><\/p>\n<p><img decoding=\"async\" loading=\"lazy\" class=\"wp-image-85002 aligncenter\" src=\"http:\/\/www.infokuryr.cz\/n\/wp-content\/uploads\/2025\/08\/Plakat1-212x300.jpg\" alt=\"\" width=\"695\" height=\"983\" srcset=\"https:\/\/www.infokuryr.cz\/n\/wp-content\/uploads\/2025\/08\/Plakat1-212x300.jpg 212w, https:\/\/www.infokuryr.cz\/n\/wp-content\/uploads\/2025\/08\/Plakat1-724x1024.jpg 724w, https:\/\/www.infokuryr.cz\/n\/wp-content\/uploads\/2025\/08\/Plakat1-768x1086.jpg 768w, https:\/\/www.infokuryr.cz\/n\/wp-content\/uploads\/2025\/08\/Plakat1-1086x1536.jpg 1086w, https:\/\/www.infokuryr.cz\/n\/wp-content\/uploads\/2025\/08\/Plakat1-1024x1449.jpg 1024w, https:\/\/www.infokuryr.cz\/n\/wp-content\/uploads\/2025\/08\/Plakat1.jpg 1131w\" sizes=\"(max-width: 695px) 100vw, 695px\" \/><\/p>\n<p>&nbsp;<\/p>\n","protected":false},"excerpt":{"rendered":"<p>\u00cdr\u00e1nsk\u00fd re\u017eim potvrdil trest smrti pro \u0160ar\u00edfe Mohammad\u00edovou, 45letou matku a aktivistku, kter\u00e1 se nev\u011bnovala&#8230;<\/p>\n","protected":false},"author":2,"featured_media":85972,"comment_status":"closed","ping_status":"closed","sticky":false,"template":"","format":"standard","meta":[],"categories":[7],"tags":[38,993,2061,1214],"_links":{"self":[{"href":"https:\/\/www.infokuryr.cz\/n\/wp-json\/wp\/v2\/posts\/85971"}],"collection":[{"href":"https:\/\/www.infokuryr.cz\/n\/wp-json\/wp\/v2\/posts"}],"about":[{"href":"https:\/\/www.infokuryr.cz\/n\/wp-json\/wp\/v2\/types\/post"}],"author":[{"embeddable":true,"href":"https:\/\/www.infokuryr.cz\/n\/wp-json\/wp\/v2\/users\/2"}],"replies":[{"embeddable":true,"href":"https:\/\/www.infokuryr.cz\/n\/wp-json\/wp\/v2\/comments?post=85971"}],"version-history":[{"count":0,"href":"https:\/\/www.infokuryr.cz\/n\/wp-json\/wp\/v2\/posts\/85971\/revisions"}],"wp:featuredmedia":[{"embeddable":true,"href":"https:\/\/www.infokuryr.cz\/n\/wp-json\/wp\/v2\/media\/85972"}],"wp:attachment":[{"href":"https:\/\/www.infokuryr.cz\/n\/wp-json\/wp\/v2\/media?parent=85971"}],"wp:term":[{"taxonomy":"category","embeddable":true,"href":"https:\/\/www.infokuryr.cz\/n\/wp-json\/wp\/v2\/categories?post=85971"},{"taxonomy":"post_tag","embeddable":true,"href":"https:\/\/www.infokuryr.cz\/n\/wp-json\/wp\/v2\/tags?post=85971"}],"curies":[{"name":"wp","href":"https:\/\/api.w.org\/{rel}","templated":true}]}}