{"id":85949,"date":"2025-08-21T00:12:00","date_gmt":"2025-08-20T22:12:00","guid":{"rendered":"https:\/\/www.infokuryr.cz\/n\/?p=85949"},"modified":"2025-08-20T13:14:45","modified_gmt":"2025-08-20T11:14:45","slug":"odtajneno-tajny-plan-cia-na-invazi-na-ukrajinu","status":"publish","type":"post","link":"https:\/\/www.infokuryr.cz\/n\/2025\/08\/21\/odtajneno-tajny-plan-cia-na-invazi-na-ukrajinu\/","title":{"rendered":"Odtajn\u011bno: Tajn\u00fd pl\u00e1n CIA na invazi na Ukrajinu"},"content":{"rendered":"<div id=\"fb-root\"><\/div>\n<div class=\"elementor-element elementor-element-1fb4c2c elementor-widget elementor-widget-theme-post-content\" data-id=\"1fb4c2c\" data-element_type=\"widget\" data-widget_type=\"theme-post-content.default\">\n<div class=\"elementor-widget-container\" style=\"text-align: left;\">\n<p><span dir=\"auto\">Americk\u00fd pr\u016fzkumn\u00fd gigant Gallup zve\u0159ejnil 7. srpna pozoruhodn\u00e9 v\u00fdsledky pr\u016fzkumu mezi Ukrajinci. Ve\u0159ejn\u00e1 podpora \u201eboje o v\u00edt\u011bzstv\u00ed\u201c Kyjeva klesla na rekordn\u011b n\u00edzkou \u00farove\u0148 \u201enap\u0159\u00ed\u010d v\u0161emi segmenty populace\u201c \u201ebez ohledu na region nebo demografickou skupinu\u201c. V \u201et\u00e9m\u011b\u0159 \u00fapln\u00e9m obratu ve\u0159ejn\u00e9ho m\u00edn\u011bn\u00ed od roku 2022\u201c 69 % ob\u010dan\u016f podporuje \u201eco nejrychlej\u0161\u00ed ukon\u010den\u00ed v\u00e1lky prost\u0159ednictv\u00edm jedn\u00e1n\u00ed\u201c. Pouze 24 % chce v boj\u00edch pokra\u010dovat. Jen velmi m\u00e1lo lid\u00ed v\u0161ak v\u011b\u0159\u00ed, \u017ee z\u00e1stupn\u00e1 v\u00e1lka brzy skon\u010d\u00ed.<\/span><\/p>\n<p><span dir=\"auto\">D\u016fvody ukrajinsk\u00e9ho pesimismu v tomto bod\u011b nejsou uvedeny, ale jedn\u00edm z\u0159ejm\u00fdm vysv\u011btlen\u00edm je ne\u00fastupnost prezidenta Volodymyra Zelensk\u00e9ho, kter\u00e9ho podporuj\u00ed jeho zahrani\u010dn\u00ed podporovatel\u00e9 \u2013 zejm\u00e9na Velk\u00e1 Brit\u00e1nie. Lond\u00fdnsk\u00fd sen o rozd\u011blen\u00ed Ruska na snadno zneu\u017eiteln\u00e9 \u010d\u00e1sti sah\u00e1 stalet\u00ed do minulosti a byl d\u00e1le podn\u00edcen po p\u0159evratu na Majdanu v \u00fanoru 2014. V \u010dervenci t\u00e9ho\u017e roku zve\u0159ejnil Institut pro st\u00e1tn\u00ed um\u011bn\u00ed, dce\u0159in\u00e1 spole\u010dnost NATO\/MI6, kterou zalo\u017eil veter\u00e1n britsk\u00e9 vojensk\u00e9 rozv\u011bdky Chris Donnelly, podrobn\u00fd pl\u00e1n sou\u010dasn\u00e9 z\u00e1stupn\u00e9 v\u00e1lky.<\/span><\/p>\n<figure class=\"wp-block-image aligncenter size-large\"><img decoding=\"async\" loading=\"lazy\" class=\"aligncenter\" src=\"https:\/\/substackcdn.com\/image\/fetch\/$s_!NAFd!,w_1456,c_limit,f_webp,q_auto:good,fl_progressive:steep\/https%3A%2F%2Fsubstack-post-media.s3.amazonaws.com%2Fpublic%2Fimages%2Fa6c563db-22c3-4e99-85fb-47528747558e_1220x1338.png\" alt=\"\" width=\"811\" height=\"889\" \/><\/figure>\n<p><span dir=\"auto\">V reakci na ob\u010danskou v\u00e1lku na Donbasu se Statecraft zasazoval o boj s Moskvou pomoc\u00ed r\u016fzn\u00fdch \u201eanti-podvratn\u00fdch opat\u0159en\u00ed\u201c. Mezi n\u011b pat\u0159ily \u201eekonomick\u00e9 bojkoty, p\u0159eru\u0161en\u00ed diplomatick\u00fdch vztah\u016f\u201c, ale i \u201epropaganda a kontrapropaganda, tlak na neutr\u00e1ln\u00ed st\u00e1ty\u201c. C\u00edlem bylo vyvolat \u201eozbrojen\u00fd konflikt star\u00e9ho stylu\u201c s Ruskem, kter\u00fd by \u201eBrit\u00e1nie a Z\u00e1pad mohly vyhr\u00e1t\u201c. Zat\u00edmco nyn\u00ed jsme v re\u00e1ln\u00e9m \u010dase sv\u011bdky brut\u00e1ln\u00edho rozpadu Donnellyho monstr\u00f3zn\u00edho pl\u00e1nu, angloamerick\u00e9 pl\u00e1ny vyu\u017e\u00edt Ukrajinu jako p\u0159edmost\u00ed pro tot\u00e1ln\u00ed v\u00e1lku s Moskvou sahaj\u00ed daleko do minulosti.<\/span><\/p>\n<p><span dir=\"auto\">V srpnu 1957 CIA tajn\u011b vypracovala podrobn\u00e9 pl\u00e1ny invaze americk\u00fdch speci\u00e1ln\u00edch jednotek na Ukrajinu. Doufalo se, \u017ee sousedn\u00ed protikomunistick\u00e9 agit\u00e1tory by bylo mo\u017en\u00e9 mobilizovat jako p\u011b\u0161\u00e1ky na podporu tohoto \u00fasil\u00ed. Podrobn\u00e1 200str\u00e1nkov\u00e1 zpr\u00e1va s n\u00e1zvem \u201eFaktory odporu a oblasti p\u016fsoben\u00ed speci\u00e1ln\u00edch jednotek\u201c popsala demografick\u00e9, ekonomick\u00e9, geografick\u00e9, historick\u00e9 a politick\u00e9 faktory v tehdej\u0161\u00ed Sov\u011btsk\u00e9 socialistick\u00e9 republice, kter\u00e9 by mohly usnadnit nebo zt\u00ed\u017eit snahy Washingtonu o podn\u00edcen\u00ed m\u00edstn\u00edho povst\u00e1n\u00ed a t\u00edm v\u00e9st ke kone\u010dn\u00e9mu rozpadu SSSR.<\/span><\/p>\n<p><span dir=\"auto\">P\u0159edpokl\u00e1dalo se, \u017ee mise bude delik\u00e1tn\u00edm a obt\u00ed\u017en\u00fdm vyva\u017eovac\u00edm aktem, jeliko\u017e velk\u00e1 \u010d\u00e1st ukrajinsk\u00e9ho obyvatelstva chovala \u201em\u00e1lo v\u00fdhrad\u201c v\u016f\u010di Rus\u016fm nebo komunistick\u00e9 vl\u00e1d\u011b, co\u017e mohlo b\u00fdt zneu\u017eito k podn\u011bcov\u00e1n\u00ed ozbrojen\u00e9ho povst\u00e1n\u00ed. Stejn\u011b problematick\u00e1 byla skute\u010dnost, \u017ee \u201edlouh\u00e1 historie unie mezi Ruskem a Ukrajinou, kter\u00e1 se t\u00e9m\u011b\u0159 nep\u0159etr\u017eit\u011b t\u00e1hne od roku 1654 a\u017e do sou\u010dasnosti\u201c, vedla k tomu, \u017ee \u201emnoho Ukrajinc\u016f\u201c p\u0159ijalo \u201erusk\u00fd zp\u016fsob \u017eivota\u201c. To zt\u011b\u017eovalo existenci mal\u00e9ho \u201eodporu v\u016f\u010di sov\u011btsk\u00e9 vl\u00e1d\u011b\u201c mezi obyvatelstvem.<\/span><\/p>\n<p><span dir=\"auto\">\u201eVelk\u00fd vliv\u201c rusk\u00e9 kultury na Ukrajince, \u201emnoho vlivn\u00fdch pozic\u201c v m\u00edstn\u00ed spr\u00e1v\u011b obsazen\u00fdch \u201eRusy nebo Ukrajinci sympatizuj\u00edc\u00edmi s [komunistickou] vl\u00e1dou\u201c a \u201erelativn\u00ed podobnost\u201c jejich \u201ejazyk\u016f, zvyk\u016f a p\u016fvodu\u201c znamenaly, \u017ee mezi Ukrajinci a Rusy bylo \u201em\u00e9n\u011b st\u0159et\u016f\u201c ne\u017e v zem\u00edch Var\u0161avsk\u00e9 smlouvy. Ve v\u0161ech t\u011bchto satelitn\u00edch st\u00e1tech ji\u017e CIA s r\u016fznou m\u00edrou \u00fasp\u011bchu naverbovala tajn\u00e9 s\u00edt\u011b \u201ebojovn\u00edk\u016f za svobodu\u201c jako protikomunistick\u00e9 p\u00e1t\u00e9 kolony. CIA se v\u0161ak i nad\u00e1le zaj\u00edmala o identifikaci potenci\u00e1ln\u00edch \u201eakt\u00e9r\u016f odboje\u201c na Ukrajin\u011b:<\/span><\/p>\n<p class=\"has-text-align-center\"><strong><em><span dir=\"auto\">\u201eN\u011bkte\u0159\u00ed Ukrajinci si z\u0159ejm\u011b jen m\u00e1lo uv\u011bdomuj\u00ed rozd\u00edly, kter\u00e9 je odli\u0161uj\u00ed od Rus\u016f, a nec\u00edt\u00ed k nim \u017e\u00e1dn\u00fd n\u00e1rodn\u00ed antagonismus. Nicm\u00e9n\u011b existuj\u00ed z\u00e1va\u017en\u00e9 st\u00ed\u017enosti a mezi ostatn\u00edmi Ukrajinci existuje odpor v\u016f\u010di sov\u011btsk\u00e9 autorit\u011b, kter\u00fd \u010dasto nab\u00fdv\u00e1 nacionalistick\u00fdch podtext\u016f. Za p\u0159\u00edzniv\u00fdch podm\u00ednek se d\u00e1 o\u010dek\u00e1vat, \u017ee tito lid\u00e9 budou podporovat americk\u00e9 speci\u00e1ln\u00ed jednotky v boji proti re\u017eimu.\u201c<\/span><\/em><\/strong><\/p>\n<p class=\"has-medium-font-size\"><strong><span dir=\"auto\">\u201eNacionalistick\u00e9 aktivity\u201c<\/span><\/strong><\/p>\n<p><span dir=\"auto\">Mapa CIA rozd\u011blila Ukrajinu do dvan\u00e1cti samostatn\u00fdch z\u00f3n, se\u0159azen\u00fdch podle jejich \u201epotenci\u00e1lu odporu\u201c a \u201epozitivn\u00edho postoje obyvatelstva k sov\u011btsk\u00e9mu re\u017eimu\u201c. Ji\u017en\u00ed a v\u00fdchodn\u00ed regiony, zejm\u00e9na Krym a Donbas, z\u00edskaly n\u00edzk\u00e9 hodnocen\u00ed. Jejich obyvatelstvo bylo pova\u017eov\u00e1no za \u201esiln\u011b loaj\u00e1ln\u00ed\u201c Moskv\u011b, proto\u017ee \u201enikdy neprojevovalo nacionalistick\u00e9 n\u00e1lady ani nep\u0159\u00e1telstv\u00ed v\u016f\u010di re\u017eimu\u201c a pova\u017eovalo se za \u201erusk\u00fd ostrov v ukrajinsk\u00e9m mo\u0159i\u201c. Studie dokonce poznamenala, \u017ee b\u011bhem a po prvn\u00ed sv\u011btov\u00e9 v\u00e1lce, kdy N\u011bmecko na Ukrajin\u011b zalo\u017eilo fa\u0161istick\u00fd loutkov\u00fd st\u00e1t,<\/span><\/p>\n<p class=\"has-text-align-center\"><strong><em><span dir=\"auto\">\u201eObyvatel\u00e9 Donbasu se zu\u0159iv\u011b br\u00e1nili ukrajinsk\u00fdm nacionalist\u016fm a do\u010dasn\u011b si zalo\u017eili vlastn\u00ed republiku, nez\u00e1vislou na zbytku Ukrajiny. V n\u00e1sleduj\u00edc\u00edch letech br\u00e1nili sov\u011btskou vl\u00e1du a rusk\u00e9 z\u00e1jmy a \u010dasto \u00fato\u010dili na ukrajinsk\u00e9 nacionalisty s v\u011bt\u0161\u00ed vervou ne\u017e samotn\u00ed ru\u0161t\u00ed v\u016fdci. B\u011bhem n\u011bmeck\u00e9 okupace za druh\u00e9 sv\u011btov\u00e9 v\u00e1lky nebyl zaznamen\u00e1n jedin\u00fd p\u0159\u00edpad podpory ukrajinsk\u00fdch nacionalist\u016f nebo N\u011bmc\u016f.\u201c<\/span><\/em><\/strong><\/p>\n<p><span dir=\"auto\">Invaze a okupace Krymu byla nicm\u00e9n\u011b pova\u017eov\u00e1na za mimo\u0159\u00e1dn\u011b d\u016fle\u017eitou. Krom\u011b strategick\u00e9ho v\u00fdznamu byla krajina poloostrova pova\u017eov\u00e1na za ide\u00e1ln\u00ed pro partyz\u00e1nskou v\u00e1lku. Ter\u00e9n nab\u00edzel \u201evynikaj\u00edc\u00ed mo\u017enosti maskov\u00e1n\u00ed a \u00faniku,\u201c uv\u00e1d\u00ed se ve zpr\u00e1v\u011b CIA. Zat\u00edmco \u201evoj\u00e1ci operuj\u00edc\u00ed v t\u011bchto oblastech by museli b\u00fdt speci\u00e1ln\u011b vycvi\u010deni a vybaveni\u201c, p\u0159edpokl\u00e1dalo se, \u017ee m\u00edstn\u00ed tatarsk\u00e9 obyvatelstvo, kter\u00e9 b\u011bhem druh\u00e9 sv\u011btov\u00e9 v\u00e1lky \u201etak zu\u0159iv\u011b\u201c bojovalo proti Sov\u011bt\u016fm, \u201eby pravd\u011bpodobn\u011b bylo ochotno\u201c pom\u00e1hat invazn\u00edm americk\u00fdm jednotk\u00e1m.<\/span><\/p>\n<p><span dir=\"auto\">Oblasti z\u00e1padn\u00ed Ukrajiny, v\u010detn\u011b b\u00fdval\u00fdch polsk\u00fdch region\u016f, jako je Lvov, Rivno, Zakarpat\u00ed a Voly\u0148, kter\u00e9 byly b\u011bhem druh\u00e9 sv\u011btov\u00e9 v\u00e1lky siln\u011b kontrolov\u00e1ny \u201eukrajinsk\u00fdmi povstalci\u201c \u2013 stoupenci Stepana Bandery podporovan\u00e9ho MI6 \u2013 byly pova\u017eov\u00e1ny za nej\u00farodn\u011bj\u0161\u00ed z\u00e1kladny pro \u201eodboj\u201c. Tam byla \u201eb\u011bhem druh\u00e9 sv\u011btov\u00e9 v\u00e1lky roz\u0161\u00ed\u0159en\u00e1 nacionalistick\u00e1 aktivita\u201c, p\u0159i\u010dem\u017e ozbrojen\u00e9 milice \u201es ur\u010dit\u00fdm \u00fasp\u011bchem odol\u00e1valy prosov\u011btsk\u00fdm partyz\u00e1n\u016fm\u201c. Masov\u00e9 vyhlazov\u00e1n\u00ed \u017did\u016f, Pol\u00e1k\u016f a Rus\u016f banderovci zanechalo tyto regiony prakticky bez neukrajinsk\u00e9ho obyvatelstva.<\/span><\/p>\n<p><span dir=\"auto\">Nav\u00edc se v pov\u00e1le\u010dn\u00e9m obdob\u00ed \u201eodpor v\u016f\u010di sov\u011btsk\u00e9 vl\u00e1d\u011b\u201c na z\u00e1padn\u00ed Ukrajin\u011b \u201eprojevil ve velk\u00e9m m\u011b\u0159\u00edtku\u201c. Navzdory \u201erozs\u00e1hl\u00fdm deportac\u00edm\u201c \u017eilo ve Lvov\u011b a okol\u00ed \u201emnoho nacionalist\u016f\u201c a po cel\u00e9 republice byly rozpt\u00fdleny \u201enacionalistick\u00e9 bu\u0148ky\u201c zalo\u017een\u00e9 Banderov\u00fdmi \u201especi\u00e1ln\u00edmi jednotkami\u201c. Nap\u0159\u00edklad v Karpatech se usadily protikomunistick\u00e9 \u201epartyz\u00e1nsk\u00e9 skupiny\u201c. Zpr\u00e1va dosp\u011bla k z\u00e1v\u011bru, \u017ee \u201eamerick\u00e9 speci\u00e1ln\u00ed jednotky v tomto regionu se mohly spolehnout na zna\u010dnou podporu m\u00edstn\u00edho ukrajinsk\u00e9ho obyvatelstva, v\u010detn\u011b aktivn\u00ed \u00fa\u010dasti na opat\u0159en\u00edch proti sov\u011btsk\u00e9mu re\u017eimu\u201c.<\/span><\/p>\n<p><span dir=\"auto\">D\u00e1le se v n\u011bm uv\u00e1d\u00ed, \u017ee \u201eukrajinsk\u00e9 nacionalistick\u00e9 a protisov\u011btsk\u00e9 n\u00e1lady\u201c v Kyjev\u011b byly \u201ezjevn\u011b st\u0159edn\u011b siln\u00e9\u201c a \u017ee \u201elze o\u010dek\u00e1vat aktivn\u00ed podporu speci\u00e1ln\u00edch jednotek ze strany n\u011bkter\u00fdch \u010d\u00e1st\u00ed obyvatelstva\u201c. \u201eVelk\u00e1 ukrajinsk\u00e1 populace\u201c hlavn\u00edho m\u011bsta byla \u201erusk\u00fdm vlivem sotva ovlivn\u011bna\u201c a b\u011bhem rusk\u00e9 revoluce \u201epodporovala ukrajinsk\u00e9 nacionalistick\u00e9 a protisov\u011btsk\u00e9 s\u00edly siln\u011bji ne\u017e kter\u00fdkoli jin\u00fd region\u201c. V d\u016fsledku toho \u201enejistota ohledn\u011b postoje m\u00edstn\u00edho obyvatelstva\u201c vedla Moskvu k tomu, \u017ee Charkov byl hlavn\u00edm m\u011bstem Ukrajinsk\u00e9 SSR, kter\u00fdm z\u016fstal a\u017e do roku 1934.<\/span><\/p>\n<p><span dir=\"auto\">Dokument CIA tak\u00e9 obsahoval extr\u00e9mn\u011b podrobn\u00e1 hodnocen\u00ed ukrajinsk\u00e9ho \u00fazem\u00ed ohledn\u011b jeho vhodnosti pro veden\u00ed v\u00e1lky. Nap\u0159\u00edklad Poles\u00ed \u2013 pobl\u00ed\u017e B\u011bloruska \u2013 bylo popisov\u00e1no jako \u201eobecn\u011b nep\u0159\u00edstupn\u00e9\u201c, proto\u017ee na ja\u0159e bylo \u201et\u00e9m\u011b\u0159 nemo\u017en\u00e9\u201c ho p\u0159ekonat. V zim\u011b v\u0161ak byla oblast \u201enejp\u0159\u00edzniv\u011bj\u0161\u00ed pro pohyb, v z\u00e1vislosti na hloubce mrazu\u201c. Celkov\u011b se region \u201ev minulosti osv\u011bd\u010dil jako vynikaj\u00edc\u00ed \u00fato\u010di\u0161t\u011b a \u00fanikov\u00e1 oblast podporou rozs\u00e1hl\u00fdch guerillov\u00fdch aktivit\u201c. Obzvl\u00e1\u0161t\u011b zaj\u00edmav\u00e1 byla tak\u00e9 \u201eba\u017einat\u00e1 \u00fadol\u00ed Dn\u011bpru a Desny\u201c.<\/span><\/p>\n<p class=\"has-text-align-center\"><strong><em><span dir=\"auto\">\u201eSeveroz\u00e1padn\u00ed \u010d\u00e1st oblasti je hust\u011b zalesn\u011bn\u00e1 a nab\u00edz\u00ed vynikaj\u00edc\u00ed mo\u017enosti pro maskov\u00e1n\u00ed a man\u00e9vrov\u00e1n\u00ed&#8230; Nach\u00e1zej\u00ed se zde rozs\u00e1hl\u00e9 ba\u017einy prokl\u00e1dan\u00e9 zalesn\u011bn\u00fdmi oblastmi, kter\u00e9 tak\u00e9 poskytuj\u00ed dobr\u00e1 \u00fakryty pro speci\u00e1ln\u00ed jednotky. Podm\u00ednky ve Voly\u0148sko-podolsk\u00e9 pahorkatin\u011b jsou m\u00e9n\u011b p\u0159\u00edzniv\u00e9, i kdy\u017e mal\u00e9 skupiny mohou naj\u00edt do\u010dasn\u00fd \u00fakryt v \u0159\u00eddk\u00fdch les\u00edch.\u201c<\/span><\/em><\/strong><\/p>\n<h3 class=\"has-medium-font-size\"><strong><span dir=\"auto\">\u201eSiln\u011b protinacionalistick\u00fd\u201c<\/span><\/strong><\/h3>\n<p><span dir=\"auto\">Pl\u00e1n CIA na invazi nebyl nikdy ofici\u00e1ln\u011b realizov\u00e1n. P\u0159esto pr\u00e1v\u011b ty oblasti Ukrajiny, o kter\u00fdch CIA tvrdila, \u017ee jsou nejv\u00edce ochotn\u00e9 hostit americk\u00e9 speci\u00e1ln\u00ed jednotky, byly t\u011bmi, kde byla podpora pro majdansk\u00fd pu\u010d nejsiln\u011bj\u0161\u00ed. Nav\u00edc v do zna\u010dn\u00e9 m\u00edry nezn\u00e1m\u00e9 kapitole majdansk\u00e9 s\u00e1gy byli fa\u0161isti\u010dt\u00ed militanti Prav\u00e9ho sektoru hromadn\u011b dovezeni na Krym p\u0159ed dobyt\u00edm poloostrova Moskvou. Pokud by se jim poda\u0159ilo oblast obsadit, Prav\u00fd sektor by splnil c\u00edl CIA, jak je uvedeno v publikaci \u201eFaktory odporu a oblasti p\u016fsoben\u00ed speci\u00e1ln\u00edch jednotek\u201c.<\/span><\/p>\n<figure class=\"wp-block-image aligncenter size-large\"><img decoding=\"async\" loading=\"lazy\" class=\"aligncenter\" src=\"https:\/\/substackcdn.com\/image\/fetch\/$s_!1wkB!,w_1456,c_limit,f_webp,q_auto:good,fl_progressive:steep\/https%3A%2F%2Fsubstack-post-media.s3.amazonaws.com%2Fpublic%2Fimages%2F307eaf8b-b7bb-4e84-a060-944f855c724b_1000x676.jpeg\" alt=\"\" width=\"746\" height=\"504\" \/><figcaption class=\"wp-element-caption\"><em><span dir=\"auto\">Barik\u00e1da civiln\u00ed obrany postaven\u00e1 s c\u00edlem zabr\u00e1nit Prav\u00e9mu sektoru ve vstupu na Krym, \u00fanor 2014.<\/span><\/em><\/figcaption><\/figure>\n<p><span dir=\"auto\">Vzhledem k ud\u00e1lostem, kter\u00e9 se odehr\u00e1ly v jin\u00fdch \u010d\u00e1stech Ukrajiny po \u00fanoru 2014, nab\u00fdvaj\u00ed dal\u0161\u00ed \u010d\u00e1sti zpr\u00e1vy CIA z\u0159eteln\u011b zlov\u011bstn\u00e9ho n\u00e1dechu. CIA nap\u0159\u00edklad varovala p\u0159ed podn\u011bcov\u00e1n\u00edm protisov\u011btsk\u00e9ho povst\u00e1n\u00ed v Od\u011bse, a to navzdory jej\u00ed strategick\u00e9 poloze u \u010cern\u00e9ho mo\u0159e. Agentura poznamenala, \u017ee m\u011bsto je \u201enejkosmopolitn\u011bj\u0161\u00edm regionem na Ukrajin\u011b s rozmanitou populac\u00ed, kter\u00e1 krom\u011b Rus\u016f a \u017did\u016f zahrnuje i \u010detn\u00e9 \u0158eky, Moldavany a Bulhary.\u201c Proto:<\/span><\/p>\n<p class=\"has-text-align-center\"><strong><em><span dir=\"auto\">\u201eOd\u011bsa&#8230; si vyvinula m\u00e9n\u011b nacionalistick\u00fd charakter. Historicky byla pova\u017eov\u00e1na sp\u00ed\u0161e za rusk\u00e9 ne\u017e ukrajinsk\u00e9 \u00fazem\u00ed. B\u011bhem druh\u00e9 sv\u011btov\u00e9 v\u00e1lky zde existovalo jen m\u00e1lo d\u016fkaz\u016f o nacionalistick\u00fdch nebo protirusk\u00fdch n\u00e1lad\u00e1ch a m\u011bsto&#8230; bylo ve skute\u010dnosti [b\u011bhem konfliktu] ovl\u00e1d\u00e1no siln\u011b protinacionalistickou m\u00edstn\u00ed spr\u00e1vou.\u201c<\/span><\/em><\/strong><\/p>\n<p><span dir=\"auto\">Od vypuknut\u00ed protest\u016f v listopadu 2013 se Od\u011bsa stala kl\u00ed\u010dov\u00fdm d\u011bji\u0161t\u011bm st\u0159et\u016f mezi p\u0159\u00edznivci a odp\u016frci Majdanu. V b\u0159eznu n\u00e1sleduj\u00edc\u00edho roku rusky mluv\u00edc\u00ed Ukrajinci obsadili historick\u00e9 n\u00e1m\u011bst\u00ed Kulykovo pole a po\u017eadovali referendum o vzniku \u201eAutonomn\u00ed republiky Od\u011bsa\u201c. Nap\u011bt\u00ed vyvrcholilo 2. kv\u011btna, kdy fa\u0161isti\u010dt\u00ed fotbalov\u00ed ultras \u2013 kte\u0159\u00ed pozd\u011bji zalo\u017eili prapor Azov \u2013 vtrhli do Od\u011bsy, natla\u010dili des\u00edtky aktivist\u016f proti Majdanu do budovy odbor\u016f a zap\u00e1lili ji.<\/span><\/p>\n<p><span dir=\"auto\">Celkem bylo zabito 42 lid\u00ed a stovky zran\u011bny, zat\u00edmco hnut\u00ed proti Majdanu v Od\u011bse bylo zcela neutralizov\u00e1no. V b\u0159eznu leto\u0161n\u00edho roku Evropsk\u00fd soud pro lidsk\u00e1 pr\u00e1va vynesl proti Kyjevu za masakr zni\u010duj\u00edc\u00ed verdikt. Do\u0161el k z\u00e1v\u011bru, \u017ee m\u00edstn\u00ed policie a hasi\u010di \u201e\u00famysln\u011b\u201c nedok\u00e1zali adekv\u00e1tn\u011b reagovat na po\u017e\u00e1r a \u017ee \u00fa\u0159ady chr\u00e1nily vin\u00edky a pachatele p\u0159ed trestn\u00edm st\u00edh\u00e1n\u00edm navzdory jasn\u00fdm d\u016fkaz\u016fm. Fat\u00e1ln\u00ed \u201enedbalost\u201c policist\u016f onoho dne i pot\u00e9 \u0161la daleko \u201eza hranice chybn\u00e9ho \u00fasudku nebo nedbalosti\u201c.<\/span><\/p>\n<p><span dir=\"auto\">ESLP zjevn\u011b nebyl ochoten pova\u017eovat upalov\u00e1n\u00ed aktivist\u016f proti Majdanu za \u00famyslnou a p\u0159edem napl\u00e1novanou masovou vra\u017edu, kterou napl\u00e1novala a na\u0159\u00eddila americk\u00e1 fa\u0161istick\u00e1 vl\u00e1da v Kyjev\u011b. Zji\u0161t\u011bn\u00ed ukrajinsk\u00e9 parlamentn\u00ed komise v\u0161ak tento z\u00e1v\u011br ne\u00faprosn\u011b nazna\u010duj\u00ed. Zda m\u011bl masakr v Od\u011bse vyvolat ruskou intervenci na Ukrajin\u011b a t\u00edm urychlit \u201estarom\u00f3dn\u00ed ozbrojen\u00fd konflikt\u201c s Moskvou, kter\u00fd by \u201eBrit\u00e1nie a Z\u00e1pad mohly vyhr\u00e1t\u201c, je spekulac\u00ed \u2013 a\u010dkoli Institut pro st\u00e1tn\u00ed um\u011bn\u00ed m\u011bl v t\u00e9 dob\u011b v zemi zastoupen\u00ed.<\/span><\/p>\n<p><em><span dir=\"auto\">Od Kita Klarenberga<\/span><\/em><\/p>\n<\/div>\n<\/div>\n<div class=\"elementor-element elementor-element-8c57238 quelle dc-has-condition dc-condition-empty elementor-widget elementor-widget-heading\" data-id=\"8c57238\" data-element_type=\"widget\" data-widget_type=\"heading.default\">\n<div class=\"elementor-widget-container\">\n<h3 class=\"elementor-heading-title elementor-size-default\"><span style=\"font-size: 10pt;\"><a href=\"https:\/\/www.kitklarenberg.com\/p\/declassified-cias-covert-ukraine?utm_source=post-email-title&amp;publication_id=552010&amp;post_id=171152128&amp;utm_campaign=email-post-title&amp;isFreemail=true&amp;r=pf6gr&amp;triedRedirect=true&amp;utm_medium=email\" target=\"_blank\" rel=\"nofollow noopener\"><span dir=\"auto\">Zdroj<\/span><\/a><\/span><\/h3>\n<p><img decoding=\"async\" loading=\"lazy\" class=\"wp-image-85002 aligncenter\" src=\"http:\/\/www.infokuryr.cz\/n\/wp-content\/uploads\/2025\/08\/Plakat1-212x300.jpg\" alt=\"\" width=\"640\" height=\"906\" srcset=\"https:\/\/www.infokuryr.cz\/n\/wp-content\/uploads\/2025\/08\/Plakat1-212x300.jpg 212w, https:\/\/www.infokuryr.cz\/n\/wp-content\/uploads\/2025\/08\/Plakat1-724x1024.jpg 724w, https:\/\/www.infokuryr.cz\/n\/wp-content\/uploads\/2025\/08\/Plakat1-768x1086.jpg 768w, https:\/\/www.infokuryr.cz\/n\/wp-content\/uploads\/2025\/08\/Plakat1-1086x1536.jpg 1086w, https:\/\/www.infokuryr.cz\/n\/wp-content\/uploads\/2025\/08\/Plakat1-1024x1449.jpg 1024w, https:\/\/www.infokuryr.cz\/n\/wp-content\/uploads\/2025\/08\/Plakat1.jpg 1131w\" sizes=\"(max-width: 640px) 100vw, 640px\" \/><\/p>\n<p>&nbsp;<\/p>\n<\/div>\n<\/div>\n","protected":false},"excerpt":{"rendered":"<p>Americk\u00fd pr\u016fzkumn\u00fd gigant Gallup zve\u0159ejnil 7. srpna pozoruhodn\u00e9 v\u00fdsledky pr\u016fzkumu mezi Ukrajinci. Ve\u0159ejn\u00e1 podpora \u201eboje&#8230;<\/p>\n","protected":false},"author":2,"featured_media":85950,"comment_status":"closed","ping_status":"closed","sticky":false,"template":"","format":"standard","meta":[],"categories":[7],"tags":[109,22,26,40],"_links":{"self":[{"href":"https:\/\/www.infokuryr.cz\/n\/wp-json\/wp\/v2\/posts\/85949"}],"collection":[{"href":"https:\/\/www.infokuryr.cz\/n\/wp-json\/wp\/v2\/posts"}],"about":[{"href":"https:\/\/www.infokuryr.cz\/n\/wp-json\/wp\/v2\/types\/post"}],"author":[{"embeddable":true,"href":"https:\/\/www.infokuryr.cz\/n\/wp-json\/wp\/v2\/users\/2"}],"replies":[{"embeddable":true,"href":"https:\/\/www.infokuryr.cz\/n\/wp-json\/wp\/v2\/comments?post=85949"}],"version-history":[{"count":1,"href":"https:\/\/www.infokuryr.cz\/n\/wp-json\/wp\/v2\/posts\/85949\/revisions"}],"predecessor-version":[{"id":85951,"href":"https:\/\/www.infokuryr.cz\/n\/wp-json\/wp\/v2\/posts\/85949\/revisions\/85951"}],"wp:featuredmedia":[{"embeddable":true,"href":"https:\/\/www.infokuryr.cz\/n\/wp-json\/wp\/v2\/media\/85950"}],"wp:attachment":[{"href":"https:\/\/www.infokuryr.cz\/n\/wp-json\/wp\/v2\/media?parent=85949"}],"wp:term":[{"taxonomy":"category","embeddable":true,"href":"https:\/\/www.infokuryr.cz\/n\/wp-json\/wp\/v2\/categories?post=85949"},{"taxonomy":"post_tag","embeddable":true,"href":"https:\/\/www.infokuryr.cz\/n\/wp-json\/wp\/v2\/tags?post=85949"}],"curies":[{"name":"wp","href":"https:\/\/api.w.org\/{rel}","templated":true}]}}