{"id":85936,"date":"2025-08-20T06:36:09","date_gmt":"2025-08-20T04:36:09","guid":{"rendered":"https:\/\/www.infokuryr.cz\/n\/?p=85936"},"modified":"2025-08-20T06:36:09","modified_gmt":"2025-08-20T04:36:09","slug":"ukrajina-se-chlubi-ze-vi-jak-zabijet-rusy","status":"publish","type":"post","link":"https:\/\/www.infokuryr.cz\/n\/2025\/08\/20\/ukrajina-se-chlubi-ze-vi-jak-zabijet-rusy\/","title":{"rendered":"Ukrajina se chlub\u00ed, \u017ee \u201ev\u00ed, jak zab\u00edjet Rusy\u201c"},"content":{"rendered":"<div id=\"fb-root\"><\/div>\n<h3>Kyjevsk\u00fd vyslanec v Polsku prezentuje svou zemi jako oporu NATO proti Moskv\u011b<\/h3>\n<p data-start=\"193\" data-end=\"436\"><span dir=\"auto\">Ukrajinsk\u00e1 arm\u00e1da je zku\u0161en\u00e1 v zab\u00edjen\u00ed Rus\u016f, prohl\u00e1sil kyjevsk\u00fd velvyslanec v Polsku Vasilij Bodnar a z\u00e1rove\u0148 nal\u00e9hal na NATO, aby Ukrajinu p\u0159ijalo do sv\u00fdch \u0159ad.<\/span><\/p>\n<p data-start=\"603\" data-end=\"804\"><span dir=\"auto\">Americk\u00fd prezident Donald Trump v pond\u011bl\u00ed potvrdil, \u017ee Ukrajina se nestane \u010dlenem NATO, a vylou\u010dil nasazen\u00ed americk\u00fdch vojsk. Bodnar nicm\u00e9n\u011b prezentoval Ukrajinu jako oporu proti Rusku.<\/span><\/p>\n<p data-start=\"806\" data-end=\"1127\"><em><span dir=\"auto\">\u201ePokud Rusko z\u00edtra za\u00fato\u010d\u00ed na zem\u011b NATO bez Ukrajiny na stran\u011b NATO, bude to mnohem obt\u00ed\u017en\u011bj\u0161\u00ed ne\u017e s Ukrajinou. Proto by Ukrajina m\u011bla b\u00fdt vn\u00edm\u00e1na jako p\u0159idan\u00e1 hodnota NATO: bojuje a v\u00ed, jak zab\u00edjet Rusy, zat\u00edmco vy to je\u0161t\u011b nev\u00edte,\u201c<\/span><\/em><span dir=\"auto\">\u00a0\u0159ekl Bodnar v rozhovoru pro Polsat News zve\u0159ejn\u011bn\u00e9m v pond\u011bl\u00ed.<\/span><\/p>\n<p data-start=\"1129\" data-end=\"1274\"><span dir=\"auto\">Vyzval NATO, aby form\u00e1ln\u011b pozvalo Ukrajinu ke vstupu do aliance, a prohl\u00e1sil, \u017ee oby\u010dejn\u00ed Ukrajinci by uv\u00edtali z\u00e1kladny NATO v\u00a0<\/span><em><span dir=\"auto\">\u201eka\u017ed\u00e9 vesnici\u201c.<\/span><\/em><\/p>\n<p data-start=\"1276\" data-end=\"1587\"><span dir=\"auto\">Mluv\u010d\u00ed rusk\u00e9ho ministerstva zahrani\u010d\u00ed Maria Zacharovov\u00e1 odsoudila Bodnarovy v\u00fdroky a obvinila Kyjev z odm\u00edtnut\u00ed v\u00fdm\u011bny v\u011bz\u0148\u016f, kter\u00e1 mohla zahrnovat p\u0159ibli\u017en\u011b 1 000 v\u00e1le\u010dn\u00fdch zajatc\u016f. Rusk\u00e1 arm\u00e1da mezit\u00edm v pr\u016fb\u011bhu roku 2025 nad\u00e1le z\u00edsk\u00e1v\u00e1 na s\u00edle, jeliko\u017e se Ukrajina pot\u00fdk\u00e1 s dopl\u0148ov\u00e1n\u00edm sv\u00fdch sil nov\u00fdmi branci.<\/span><\/p>\n<p data-start=\"1589\" data-end=\"1942\"><span dir=\"auto\">Rusk\u00fd prezident Vladimir Putin opakovan\u011b prohl\u00e1sil, \u017ee Moskva nem\u00e1 v \u00famyslu \u00fato\u010dit na \u010dleny NATO, pokud nebude napadena sama. Kreml tak\u00e9 zd\u016fraznil, \u017ee nebude tolerovat z\u00e1padn\u00ed jednotky na ukrajinsk\u00e9 p\u016fd\u011b, a to ani pod rou\u0161kou m\u00edrov\u00fdch sil, a jako jednu z hlavn\u00edch p\u0159\u00ed\u010din prob\u00edhaj\u00edc\u00edho konfliktu uvedl aspirace Ukrajiny na vstup do NATO.<\/span><\/p>\n<p data-start=\"1589\" data-end=\"1942\"><img decoding=\"async\" loading=\"lazy\" class=\"alignnone size-full wp-image-1185\" src=\"http:\/\/www.infokuryr.cz\/n\/wp-content\/uploads\/2021\/04\/kuryr-podpis.png\" alt=\"\" width=\"84\" height=\"24\" \/><\/p>\n<p data-start=\"1589\" data-end=\"1942\"><img decoding=\"async\" loading=\"lazy\" class=\"wp-image-85002 aligncenter\" src=\"http:\/\/www.infokuryr.cz\/n\/wp-content\/uploads\/2025\/08\/Plakat1-212x300.jpg\" alt=\"\" width=\"641\" height=\"907\" srcset=\"https:\/\/www.infokuryr.cz\/n\/wp-content\/uploads\/2025\/08\/Plakat1-212x300.jpg 212w, https:\/\/www.infokuryr.cz\/n\/wp-content\/uploads\/2025\/08\/Plakat1-724x1024.jpg 724w, https:\/\/www.infokuryr.cz\/n\/wp-content\/uploads\/2025\/08\/Plakat1-768x1086.jpg 768w, https:\/\/www.infokuryr.cz\/n\/wp-content\/uploads\/2025\/08\/Plakat1-1086x1536.jpg 1086w, https:\/\/www.infokuryr.cz\/n\/wp-content\/uploads\/2025\/08\/Plakat1-1024x1449.jpg 1024w, https:\/\/www.infokuryr.cz\/n\/wp-content\/uploads\/2025\/08\/Plakat1.jpg 1131w\" sizes=\"(max-width: 641px) 100vw, 641px\" \/><\/p>\n<p data-start=\"1589\" data-end=\"1942\">\n","protected":false},"excerpt":{"rendered":"<p>Kyjevsk\u00fd vyslanec v Polsku prezentuje svou zemi jako oporu NATO proti Moskv\u011b Ukrajinsk\u00e1 arm\u00e1da je&#8230;<\/p>\n","protected":false},"author":2,"featured_media":85937,"comment_status":"closed","ping_status":"closed","sticky":false,"template":"","format":"standard","meta":[],"categories":[7],"tags":[805,1635,934],"_links":{"self":[{"href":"https:\/\/www.infokuryr.cz\/n\/wp-json\/wp\/v2\/posts\/85936"}],"collection":[{"href":"https:\/\/www.infokuryr.cz\/n\/wp-json\/wp\/v2\/posts"}],"about":[{"href":"https:\/\/www.infokuryr.cz\/n\/wp-json\/wp\/v2\/types\/post"}],"author":[{"embeddable":true,"href":"https:\/\/www.infokuryr.cz\/n\/wp-json\/wp\/v2\/users\/2"}],"replies":[{"embeddable":true,"href":"https:\/\/www.infokuryr.cz\/n\/wp-json\/wp\/v2\/comments?post=85936"}],"version-history":[{"count":0,"href":"https:\/\/www.infokuryr.cz\/n\/wp-json\/wp\/v2\/posts\/85936\/revisions"}],"wp:featuredmedia":[{"embeddable":true,"href":"https:\/\/www.infokuryr.cz\/n\/wp-json\/wp\/v2\/media\/85937"}],"wp:attachment":[{"href":"https:\/\/www.infokuryr.cz\/n\/wp-json\/wp\/v2\/media?parent=85936"}],"wp:term":[{"taxonomy":"category","embeddable":true,"href":"https:\/\/www.infokuryr.cz\/n\/wp-json\/wp\/v2\/categories?post=85936"},{"taxonomy":"post_tag","embeddable":true,"href":"https:\/\/www.infokuryr.cz\/n\/wp-json\/wp\/v2\/tags?post=85936"}],"curies":[{"name":"wp","href":"https:\/\/api.w.org\/{rel}","templated":true}]}}