{"id":8583,"date":"2022-02-25T04:30:56","date_gmt":"2022-02-25T03:30:56","guid":{"rendered":"http:\/\/www.infokuryr.cz\/n\/?p=8583"},"modified":"2022-02-25T04:30:56","modified_gmt":"2022-02-25T03:30:56","slug":"who-oznamila-2-centra-pro-skoleni-zemi-s-nizkymi-a-strednimi-prijmy","status":"publish","type":"post","link":"https:\/\/www.infokuryr.cz\/n\/2022\/02\/25\/who-oznamila-2-centra-pro-skoleni-zemi-s-nizkymi-a-strednimi-prijmy\/","title":{"rendered":"WHO ozn\u00e1mila 2. centra pro \u0161kolen\u00ed zem\u00ed s n\u00edzk\u00fdmi a st\u0159edn\u00edmi p\u0159\u00edjmy"},"content":{"rendered":"<div id=\"fb-root\"><\/div>\n<p>Gener\u00e1ln\u00ed \u0159editel Sv\u011btov\u00e9 zdravotnick\u00e9 organizace (WHO) Tedros Adhanom Ghebreyesus ve st\u0159edu \u0159ekl, \u017ee tato organizace z\u0159\u00eddila centrum v Ji\u017en\u00ed Koreji, kde bude \u0161kolit zem\u011b s n\u00edzk\u00fdmi a st\u0159edn\u00edmi p\u0159\u00edjmy v produkci vlastn\u00edch vakc\u00edn a terapeutik, a roz\u0161\u00ed\u0159ila sv\u016fj projekt vakc\u00edn proti COVID-19 na dal\u0161\u00edch p\u011bt n\u00e1rod\u016f.<\/p>\n<p>Tedros Adhanom Ghebreyesus \u0159ekl, \u017ee nov\u00e9 centrum bude sd\u00edlet technologii mRNA vyv\u00edjenou WHO a partnery v Ji\u017en\u00ed Africe, kde v\u011bdci pracuj\u00ed na znovuvytvo\u0159en\u00ed vakc\u00edny proti COVID-19 od spole\u010dnosti Moderna Inc. Toto \u00fasil\u00ed prob\u00edh\u00e1 bez pomoci Moderny.<\/p>\n<p>\u201eVakc\u00edny pomohly zm\u011bnit pr\u016fb\u011bh pandemie COVID-19, ale tento v\u011bdeck\u00fd triumf podkopala obrovsk\u00e1 nespravedlnost v p\u0159\u00edstupu k t\u011bmto \u017eivot zachra\u0148uj\u00edc\u00edm n\u00e1stroj\u016fm,\u201c \u0159ekl Tedros Adhanom Ghebreyesus.<\/p>\n<p>WHO uvedla, \u017ee za\u0159\u00edzen\u00ed v Ji\u017en\u00ed Koreji ji\u017e prov\u00e1d\u00ed \u0161kolen\u00ed pro spole\u010dnosti se s\u00eddlem v zemi a nyn\u00ed p\u0159ij\u00edm\u00e1 st\u00e1\u017eisty z jin\u00fdch zem\u00ed, a douf\u00e1, \u017ee sd\u00edlen\u00ed technologi\u00ed vy\u00fast\u00ed nejen ve vakc\u00edny proti koronaviru, ale bude tak\u00e9 u\u017eite\u010dn\u00e9 p\u0159i v\u00fdrob\u011b protil\u00e1tek, inzul\u00ednu a l\u00e9\u010debn\u00fdch prost\u0159edk\u016f na r\u016fzn\u00e9 nemoci, v\u010detn\u011b mal\u00e1rie a rakoviny.<\/p>\n<p>Nov\u00e9 \u0161kolic\u00ed centrum p\u0159ich\u00e1z\u00ed pot\u00e9, co agentura OSN loni z\u0159\u00eddila centrum pro p\u0159enos technologi\u00ed v Kapsk\u00e9m M\u011bst\u011b v Ji\u017en\u00ed Africe, aby spole\u010dnostem ze zem\u00ed s n\u00edzk\u00fdmi a st\u0159edn\u00edmi p\u0159\u00edjmy poskytla know-how na v\u00fdrobu vakc\u00edn proti COVID-19 na z\u00e1klad\u011b technologie mRNA.<\/p>\n<p>Je to poprv\u00e9, co WHO podpo\u0159ila takov\u00e9 neortodoxn\u00ed snahy o reverzn\u00ed in\u017een\u00fdrstv\u00ed komer\u010dn\u011b prod\u00e1van\u00e9 vakc\u00edny, \u010d\u00edm\u017e ukon\u010dila chod farmaceutick\u00e9ho pr\u016fmyslu, kter\u00fd do zna\u010dn\u00e9 m\u00edry up\u0159ednost\u0148oval z\u00e1sobov\u00e1n\u00ed bohat\u00fdch zem\u00ed p\u0159ed chud\u00fdmi, jak v prodeji, tak ve v\u00fdrob\u011b.<\/p>\n<p>Jak Moderna, tak Pfizer-BioNTech, v\u00fdrobci dvou autorizovan\u00fdch mRNA vakc\u00edn proti COVID-19, odm\u00edtli sd\u00edlet sv\u016fj recept na vakc\u00ednu nebo technologick\u00e9 know-how s WHO a jej\u00edmi partnery.<\/p>\n<p>\u201eV sou\u010dasn\u00e9 dob\u011b jsou \u0161kolic\u00ed za\u0159\u00edzen\u00ed bio-v\u00fdroby um\u00edst\u011bna hlavn\u011b v zem\u00edch s vysok\u00fdmi p\u0159\u00edjmy, co\u017e je stav\u00ed mimo dosah mnoha zem\u00ed s ni\u017e\u0161\u00edmi p\u0159\u00edjmy,\u201c \u0159ekl Tedros Adhanom Ghebreyesus.<\/p>\n<p>Glob\u00e1ln\u00ed rozd\u00edl v p\u0159\u00edstupu k vakc\u00edn\u00e1m proti COVID-19 je obrovsk\u00fd. Afrika v sou\u010dasnosti vyr\u00e1b\u00ed pouze 1 procento sv\u011btov\u00fdch vakc\u00edn proti COVID-19 a pouze asi 11 procent jej\u00ed populace je imunizov\u00e1no. Naproti tomu evropsk\u00fd n\u00e1rod, jako je Portugalsko, m\u00e1 84 procent sv\u00e9 populace pln\u011b proo\u010dkovan\u00fdch a v\u00edce ne\u017e 59 procent jeho obyvatel tak\u00e9 podstoupilo p\u0159eo\u010dkov\u00e1n\u00ed.<\/p>\n<p>Minul\u00fd t\u00fdden WHO uvedla, \u017ee \u0161est africk\u00fdch zem\u00ed \u2013 Egypt, Ke\u0148a, Nig\u00e9rie, Senegal, Ji\u017en\u00ed Afrika a Tunisko \u2013 z\u00edsk\u00e1 znalosti a technologick\u00e9 know-how k v\u00fdrob\u011b mRNA vakc\u00edn proti COVID-19.<\/p>\n<p>Tedros Adhanom Ghebreyesus ve st\u0159edu uvedl, \u017ee podporu od jihoafrick\u00e9ho centra nyn\u00ed obdr\u017e\u00ed dal\u0161\u00edch p\u011bt zem\u00ed: Banglad\u00e9\u0161, Indon\u00e9sie, P\u00e1kist\u00e1n, Srbsko a Vietnam. Zem\u011b byly prov\u011b\u0159eny skupinou odborn\u00edk\u016f a uk\u00e1zalo se, \u017ee jsou schopny pom\u011brn\u011b rychle p\u0159ej\u00edt do f\u00e1ze v\u00fdroby.<\/p>\n<p>Zain Rizvi, \u0159editel v\u00fdzkumu v advoka\u010dn\u00ed skupin\u011b Public Citizen, zpr\u00e1vu uv\u00edtal a \u0159ekl, \u017ee \u00fasil\u00ed WHO uspokoj\u00ed obrovskou glob\u00e1ln\u00ed popt\u00e1vku po mRNA vakc\u00edn\u00e1ch, kter\u00e9 se prok\u00e1zaly jako nej\u00fa\u010dinn\u011bj\u0161\u00ed p\u0159i potla\u010dov\u00e1n\u00ed COVID-19.<\/p>\n<p>\u201e(WHO) p\u0159edstavuje velk\u00fd kontrast ke spole\u010dnostem Moderna a Pfizers, kter\u00e9 do zna\u010dn\u00e9 m\u00edry hromad\u00ed technologie,\u201c \u0159ekl Rizvi. \u201e(WHO) p\u0159ijala odli\u0161n\u00fd sm\u011br, kter\u00fd je otev\u0159en\u011bj\u0161\u00ed a transparentn\u011bj\u0161\u00ed. Ale st\u00e1le pot\u0159ebuje pomoc.\u201c<\/p>\n<p>Rizvi vyzval zejm\u00e9na Bidenovu administrativu, aby vyv\u00edjela tlak na mezin\u00e1rodn\u00ed farmaceutick\u00e9 spole\u010dnosti, aby sd\u00edlely sv\u00e9 receptury a know-how na vakc\u00edny proti COVID-19.<\/p>\n<p><img decoding=\"async\" loading=\"lazy\" class=\"alignnone size-full wp-image-1185\" src=\"http:\/\/www.infokuryr.cz\/n\/wp-content\/uploads\/2021\/04\/kuryr-podpis.png\" alt=\"\" width=\"84\" height=\"24\" \/><\/p>\n<p>&nbsp;<\/p>\n","protected":false},"excerpt":{"rendered":"<p>Gener\u00e1ln\u00ed \u0159editel Sv\u011btov\u00e9 zdravotnick\u00e9 organizace (WHO) Tedros Adhanom Ghebreyesus ve st\u0159edu \u0159ekl, \u017ee tato organizace&#8230;<\/p>\n","protected":false},"author":2,"featured_media":1213,"comment_status":"closed","ping_status":"closed","sticky":false,"template":"","format":"standard","meta":[],"categories":[7],"tags":[1935,651,81],"_links":{"self":[{"href":"https:\/\/www.infokuryr.cz\/n\/wp-json\/wp\/v2\/posts\/8583"}],"collection":[{"href":"https:\/\/www.infokuryr.cz\/n\/wp-json\/wp\/v2\/posts"}],"about":[{"href":"https:\/\/www.infokuryr.cz\/n\/wp-json\/wp\/v2\/types\/post"}],"author":[{"embeddable":true,"href":"https:\/\/www.infokuryr.cz\/n\/wp-json\/wp\/v2\/users\/2"}],"replies":[{"embeddable":true,"href":"https:\/\/www.infokuryr.cz\/n\/wp-json\/wp\/v2\/comments?post=8583"}],"version-history":[{"count":0,"href":"https:\/\/www.infokuryr.cz\/n\/wp-json\/wp\/v2\/posts\/8583\/revisions"}],"wp:featuredmedia":[{"embeddable":true,"href":"https:\/\/www.infokuryr.cz\/n\/wp-json\/wp\/v2\/media\/1213"}],"wp:attachment":[{"href":"https:\/\/www.infokuryr.cz\/n\/wp-json\/wp\/v2\/media?parent=8583"}],"wp:term":[{"taxonomy":"category","embeddable":true,"href":"https:\/\/www.infokuryr.cz\/n\/wp-json\/wp\/v2\/categories?post=8583"},{"taxonomy":"post_tag","embeddable":true,"href":"https:\/\/www.infokuryr.cz\/n\/wp-json\/wp\/v2\/tags?post=8583"}],"curies":[{"name":"wp","href":"https:\/\/api.w.org\/{rel}","templated":true}]}}