{"id":85788,"date":"2025-08-18T06:36:07","date_gmt":"2025-08-18T04:36:07","guid":{"rendered":"https:\/\/www.infokuryr.cz\/n\/?p=85788"},"modified":"2025-08-18T06:36:07","modified_gmt":"2025-08-18T04:36:07","slug":"socrates-rika-jsme-ve-valce-at-se-nam-to-libi-nebo-ne","status":"publish","type":"post","link":"https:\/\/www.infokuryr.cz\/n\/2025\/08\/18\/socrates-rika-jsme-ve-valce-at-se-nam-to-libi-nebo-ne\/","title":{"rendered":"Socrates \u0159\u00edk\u00e1: jsme ve v\u00e1lce, a\u0165 se n\u00e1m to l\u00edb\u00ed nebo ne"},"content":{"rendered":"<div id=\"fb-root\"><\/div>\n<p>Socrates \u2013 tak pojmenoval<a href=\"#_edn1\" name=\"_ednref1\">[1]<\/a> v\u00fdznamn\u00fd sou\u010dasn\u00fd ekonom Martin Armstrong sv\u016fj po\u010d\u00edta\u010d, kter\u00fd naprogramoval tak, \u017ee na z\u00e1klad\u011b souhrnu sv\u011btov\u00fdch ud\u00e1lost\u00ed m\u016f\u017ee p\u0159edv\u00eddat budoucnost. Zpo\u010d\u00e1tku s\u00e1m nev\u011b\u0159il, \u017ee to bude fungovat, ale kdy\u017e krom\u011b jin\u00e9ho Socrates naprosto spr\u00e1vn\u011b p\u0159edpov\u011bd\u011bl maidan na Ukrajin\u011b a to rok p\u0159edt\u00edm, ne\u017e k\u00a0n\u011bmu skute\u010dn\u011b do\u0161lo, tak uv\u011b\u0159il jeho vyu\u017eitelnosti.<\/p>\n<p>A tento po\u010d\u00edta\u010d dnes \u0159\u00edk\u00e1, \u017ee to v\u0161echno, co se d\u011bje, je za\u010d\u00e1tek, ne konec. Na kr\u00e1tk\u00fd \u010das se situace zlep\u0161\u00ed, ale pak to p\u016fjde rovnou sm\u011brem dol\u016f. N\u011bkdy v\u00a0srpnu a v\u00a0listopadu to bude nejhor\u0161\u00ed, r\u016fzn\u00e9 v\u00e1lky, nespokojenost a vzpoury obyvatelstva a tak\u00e9 p\u0159\u00edrodn\u00ed jevy. Ekonomie bude na sp\u00e1du dol\u016f a\u017e do r. 2028, co\u017e za\u010dalo ji\u017e vloni. V\u00a0Evrop\u011b m\u016f\u017ee b\u00fdt tento vliv velice v\u00e1\u017en\u00fd. V\u00a0r. 2026 vykazuje po\u010d\u00edta\u010d panick\u00fd cyklus, co\u017e je n\u011bco, co se v\u00a0programu neobjevilo v\u00edce ne\u017e 40 let. V r. 2027, n\u011bkdy v\u00a0srpnu a pozd\u011bji dojde k\u00a0podstatn\u00e9mu zhor\u0161en\u00ed.<\/p>\n<p>Samoz\u0159ejm\u011b, zde jde o v\u00e1lku. Neokonov\u00e9, nebo tak\u00e9 globalist\u00e9 cht\u011bj\u00ed za ka\u017edou cenu tu t\u0159et\u00ed sv\u011btovou. Je\u0161t\u011b sice \u017e\u00e1dnou v\u00e1lku nevyhr\u00e1li, a\u0165 to bylo v Koreji, ve Vietnamu, v Ir\u00e1ku, v Afgh\u00e1nist\u00e1nu, nebo jinde, ale p\u0159esto cht\u011bj\u00ed v\u00e1lku. Tito lid\u00e9 toti\u017e nikdy nehled\u00ed na n\u00e1sledky jejich \u010din\u016f. Zni\u010dili Saddama Husseina a co ud\u011blali potom? Nic! Nem\u011bli \u017e\u00e1dn\u00fd pl\u00e1n. V zemi nechali roz\u0161\u00ed\u0159it chaos a kriminalitu nejhor\u0161\u00edho \u0159\u00e1du, zamo\u0159ili v\u0161e co mohli radioaktivn\u00edmi zbran\u011bmi a vyt\u00e1hli ven, zp\u00e1tky dom\u016f, kde je v\u0161echno p\u011bkn\u00e9 a \u010dist\u00e9.<\/p>\n<p>Tehdej\u0161\u00ed britsk\u00fd premi\u00e9r, Tony Blair se potom jaksi omluvil. P\u0159iznal, \u017ee byli p\u0159esv\u011bd\u010deni, \u017ee kdy\u017e osvobod\u00ed ir\u00e1ck\u00fd lid od tyrana Husseina, \u017ee jim pomohou. V\u016fbec si neuv\u011bdomili, \u017ee i kdy\u017e byl Hussein a s\u00a0n\u00edm i Assad a Gaddafi dikt\u00e1tor, \u017ee to bylo to, co ta zem\u011b pot\u0159ebovala. Tito vl\u00e1dci zabra\u0148ovali r\u016fzn\u00fdm odd\u011blen\u00fdm slo\u017ek\u00e1m, kter\u00fdch je na St\u0159edn\u00edm V\u00fdchod\u011b v\u00edc ne\u017e dost, aby se vyvra\u017e\u010fovali, jedna druhou. Kdy\u017e pak byli odstran\u011bni, sekt\u00e1\u0159sk\u00e9 n\u00e1sil\u00ed p\u0159evl\u00e1dlo a najednou ISIS sekali lidem hlavy na kame\u0159e a p\u00e1chali v\u0161elijak\u00e1 jin\u00e1 zv\u011brstva.<\/p>\n<p>Lid\u00e9 ze St\u0159edn\u00edho v\u00fdchodu jsou odli\u0161n\u00ed od n\u00e1s a proto jim nerozum\u00edme. Nen\u00ed vhodn\u00e9 se mezi n\u011b m\u00edchat. Na p\u0159\u00edklad, v S\u00fdrii v\u00e1m nikdo ne\u0159ekne \u017ee je Sy\u0159an. Ne! Vid\u00ed se jako \u0160\u00ed\u00edtov\u00e9, nebo Kurdov\u00e9, Alawit\u00e9, \u010di Sunni anebo mnoho a mnoho dal\u0161\u00edch odv\u011btv\u00ed toho stejn\u00e9ho. A ka\u017ed\u00fd z nich jedn\u00e1 podle toho, v co v\u011b\u0159\u00ed.<\/p>\n<p>Proto nejsou neokonov\u00e9 v\u016fbec rozd\u00edln\u00ed od terorist\u016f. Oboj\u00ed v\u011b\u0159\u00ed v\u00a0to, v\u00a0cokoliv v\u011b\u0159\u00ed a nev\u00e1haj\u00ed za to bojovat. Jejich c\u00edle a zp\u016fsoby dobyt\u00ed t\u011bchto c\u00edl\u016f mohou b\u00fdt rozd\u00edln\u00e9, ale oboj\u00ed jsou v\u00a0zajet\u00ed toho, v\u00a0co jednou uv\u011b\u0159ili.<\/p>\n<p>Na p\u0159\u00edklad, b\u00fdval\u00fd francouzsk\u00fd president Hollande, st\u00e1l p\u0159ed Parlamentem vedle Merklov\u00e9 a prohl\u00e1sil, \u017ee hlavn\u00ed d\u016fvod pro vytvo\u0159en\u00ed Evropsk\u00e9 unie je zamezit v\u00e1lk\u00e1m. To je samoz\u0159ejm\u011b naprost\u00fd nesmysl. Ti lid\u00e9 prost\u011b neznaj\u00ed historii! Pod\u00edvejte se na \u0158\u00edmsk\u00e9 imp\u00e9rium: jeden obrovsk\u00fd celek, jedna vl\u00e1da a ob\u010dansk\u00fdch v\u00e1lek jako naseto.<\/p>\n<h3><strong>To v\u0161echno jsou rozd\u00edly v n\u00e1bo\u017eenstv\u00ed<\/strong><\/h3>\n<p>Zde je nebezpe\u010d\u00ed skryt\u00fdch teroristick\u00fdch jednotek jak v\u00a0Evrop\u011b, tak i ve Spojen\u00fdch st\u00e1tech. V\u00a0hlavn\u00edch m\u011bstech Evropy hroz\u00ed ob\u010dansk\u00e9 v\u00e1lky. D\u016fvodem pro v\u0161echny tyto nepokoje jsou hlavn\u011b n\u00e1bo\u017eensk\u00e9 n\u00e1m\u011bty. Evropa je dnes pln\u00e1 Muslim\u016f a tito v\u0161ichni jsou proti n\u00e1m, b\u011bloch\u016fm, zaujati. Asi 30-40% z\u00a0nich jsou \u0160\u00ed\u00eda, z\u00a0Egypta, Jord\u00e1nu, Saudsk\u00e9 Ar\u00e1bie. To nejsou Sunni (Emir\u00e1ty), kte\u0159\u00ed jsou v\u00edc prakti\u010dt\u00ed a neopom\u00edjej\u00ed ekonomickou str\u00e1nku v\u011bci. Sunni maj\u00ed kr\u00e1le, kde\u017eto \u0160\u00ed\u00eda v\u011b\u0159\u00ed, \u017ee c\u00edrkev m\u00e1 vl\u00e1dnout ve st\u00e1t\u011b. Proto na p\u0159\u00edklad Saudsk\u00e1 Ar\u00e1bie pova\u017euje ir\u00e1nskou vl\u00e1du za nez\u00e1konnou a nen\u00ed zp\u016fsob, jak tento n\u00e1zor zm\u011bnit.<\/p>\n<p>Na druh\u00e9 stran\u011b, jestli\u017ee prakti\u010dt\u00ed Sunni nebudou dostate\u010dn\u011b podporovat svoji c\u00edrkev, pak jim hroz\u00ed napaden\u00ed od \u0160\u00ed\u00eda a m\u016f\u017ee doj\u00edt k\u00a0dal\u0161\u00ed ob\u010dansk\u00e9 v\u00e1lce.<\/p>\n<p>V posledn\u00ed dob\u011b se hodn\u011b mluv\u00ed o tom, \u017ee by Ir\u00e1n mohl uzav\u0159\u00edt Hormuzsk\u00fd pr\u016fplav. Jen\u017ee to jsou v\u0161echno nesmysly. Bylo by to jakoby se rozhodli u\u0159\u00edznout si vlastn\u00ed nos. Zde nesm\u00edme zapom\u00ednat, \u017ee \u010c\u00edna piln\u011b buduje svoji novou \u2018Hedv\u00e1bnou stezku\u2018, co\u017e je \u017eeleznice z\u00a0\u010c\u00edny do Ir\u00e1nu. Ir\u00e1n prod\u00e1v\u00e1 80% sv\u00e9 ropy \u010c\u00ed\u0148an\u016fm. Tak\u017ee mo\u017en\u00e1 by je uzav\u0159en\u00ed pr\u016fplavu neovlivnilo, ale zato by to ovlivnilo v\u0161echny ostatn\u00ed arabsk\u00e9 st\u00e1ty kolem dokola. A byla by z\u00a0toho v\u00e1lka \u0160\u00ed\u00edt\u016f proti Sunni. Byla by to v\u00e1lka nekone\u010dn\u00fdch rozm\u011br\u016f.<\/p>\n<p>A te\u010f se Trump do tohoto zmatku zam\u00edchal a chov\u00e1 se asi jako slon v\u00a0obchod\u011b s\u00a0porcel\u00e1nem. \u010c\u00edna se na sch\u016fzi Bezpe\u010dnostn\u00ed rady OSN vyj\u00e1d\u0159ila, \u017ee \u00fatok Israele a Spojen\u00fdch st\u00e1t\u016f na Ir\u00e1n byl: <em>\u201enevyprovokov\u00e1n, nez\u00e1konn\u00fd a provin\u011bn\u00ed proti mezin\u00e1rodn\u00edmu pr\u00e1vu.\u201c<\/em> M\u011bli naprostou pravdu.<\/p>\n<p>Pro\u010d na p\u0159\u00edklad p\u0159ev\u00e1\u017en\u00e1 v\u011bt\u0161ina Ind\u016f v\u00a0Brit\u00e1nii volili pro Brexit? Proto\u017ee kdyby z\u016fstali v\u00a0Unii, museli by se u\u010dit novou \u0159e\u010d a prok\u00e1zat, \u017ee maj\u00ed n\u011bjak\u00e9 odborn\u00e9 znalosti. Britov\u00e9 by nebyli schopni vt\u00e1hnout hordy t\u011bchto lid\u00ed, kte\u0159\u00ed se ani po\u0159\u00e1dn\u011b nedomluv\u00ed, do Unie. Jak chcete zam\u011bstnat n\u011bkoho, kdo nedok\u00e1\u017ee vz\u00edt telefon a hovor vy\u0159\u00eddit? V\u00a0Brit\u00e1nii to obch\u00e1zej\u00ed t\u00edm, \u017ee najmou venkovn\u00edho dodavatele, \u010d\u00edm\u017e se sou\u010dasn\u011b vyhnou kontrole jejich dokument\u016f. Jestli ov\u0161em tito dodavatel\u00e9 pak plat\u00ed dan\u011b, to je ot\u00e1zka. Mo\u017en\u00e1 je\u0161t\u011b ke v\u0161emu pob\u00edraj\u00ed soci\u00e1ln\u00ed d\u00e1vky od st\u00e1tu.<\/p>\n<h3><strong>V\u00e1lka, v\u00e1lka a v\u00e1lka<\/strong><\/h3>\n<p>Skoro v\u0161ichni u\u017e dnes v\u00ed, \u017ee v\u00e1lka na Ukrajin\u011b nen\u00ed Ukrajina proti Rusku, ale je to NATO a Spojen\u00e9 st\u00e1ty proti Rusku. \u010c\u00ed\u0148an\u00e9 to dob\u0159e v\u00ed. Dokonce i Boris Johnson, b\u00fdval\u00fd britsk\u00fd premi\u00e9r a stoprocentn\u00ed neokon to p\u0159iznal zcela ve\u0159ejn\u011b, kdy\u017e prohl\u00e1sil: <em>\u201eDnes jsme ve v\u00e1lce v\u00a0zastoupen\u00ed, proti Rusku.\u201c<\/em> Rusov\u00e9 sami to dob\u0159e v\u011bd\u00ed a ur\u010dit\u011b se jim to nel\u00edb\u00ed.<\/p>\n<p>Kv\u016fli Rusku byly ned\u00e1vno probl\u00e9my s\u00a0volbami v\u00a0Rumunsku. Popul\u00e1rn\u00ed kandid\u00e1t volby vyhr\u00e1l, ale st\u00e1vaj\u00edc\u00ed vl\u00e1da mu nedovolila p\u0159evz\u00edt presidentstv\u00ed. Nam\u00edsto toho ho nechali vy\u0161et\u0159ovat a za\u0159\u00eddili to tak \u0161ikovn\u011b, \u017ee se presidentem nikdy nestal. P\u0159i druh\u00fdch volb\u00e1ch se op\u011bt postarali aby kandid\u00e1t, pro n\u011b ne\u017e\u00e1douc\u00ed, nevyhr\u00e1l. Francouzsk\u00fd president Macron tam tehdy jel, aby zajistil spr\u00e1vn\u00e9 v\u00fdsledky. To stejn\u00e9 bylo v\u00a0N\u011bmecku. Jeden z\u00a0ministr\u016f Evropsk\u00e9 unie prohl\u00e1sil zcela ve\u0159ejn\u011b, \u017ee se maj\u00ed postarat, aby AfD strana volby nevyhr\u00e1la, jinak budou m\u00edt N\u011bmci probl\u00e9m.<\/p>\n<p>To je zp\u016fsob, jak hlavn\u00ed p\u0159edstavitel\u00e9 EU jednaj\u00ed: p\u0159edst\u00edraj\u00ed \u017ee jsou zvoleni a cel\u00e1 Evropa jim to v\u011b\u0159\u00ed. A p\u0159itom voleni nejsou; jsou dosazeni. Ursula by jinak nikdy nebyla zvolena, snad ani na hl\u00edda\u010de ps\u016f. Ta u\u017e polo\u017eila na lopatky n\u011bmeck\u00e9 Ministerstvo obrany, postarala se o zni\u010den\u00ed arm\u00e1dy a vnesla zmatek do v\u0161eho ostatn\u00edho. P\u0159esto, dnes n\u00e1m p\u0159edkl\u00e1d\u00e1 nov\u00e9 a nov\u00e9 z\u00e1kony, kter\u00e9 vytv\u00e1\u0159ej\u00ed nik\u00fdm nevolen\u00ed lid\u00e9 ve v\u0161\u00ed tajnosti, za zav\u0159en\u00fdmi dve\u0159mi.<\/p>\n<p>Tak\u017ee jak vid\u00edme, volby jsou ve skute\u010dnosti na nic. Neokonov\u00e9 vyhraj\u00ed za ka\u017edou cenu a nen\u00ed nic co bychom proti tomu mohli d\u011blat. Jak \u0159ekl kdysi d\u00e1vno americk\u00fd spisovatel a satirik, Mark Twain: <em>\u201ePokud by na volb\u00e1ch a na hlasov\u00e1n\u00ed opravdu z\u00e1le\u017eelo, nedovolili by n\u00e1m to podnikat.\u201c<\/em><\/p>\n<h3><strong>Evropsk\u00e1 unie chce v\u00e1lku<\/strong><\/h3>\n<p>To byl p\u016fvodn\u00ed pl\u00e1n globalist\u016f, neboli neokon\u016f, zav\u00e9st nepo\u0159\u00e1dek ve stylu Evropsk\u00e9 unie do cel\u00e9ho sv\u011bta. Bylo by to v\u0161ude, dokonce i v\u00a0Africe. Ale neusp\u011bli s\u00a0t\u00edm, EU je velice nepopul\u00e1rn\u00ed i v\u00a0samotn\u00e9 Evrop\u011b. Jedin\u011b Kanada se toho n\u00e1padu chopila a zavedli n\u011bco podobn\u00e9ho. Zv\u00fd\u0161ili platby pro NATO a touto dobou chystaj\u00ed odvody. V\u0161ichni se p\u0159ipravuj\u00ed na v\u00e1lku. Pro\u010d? Proto\u017ee v\u0161ichni dnes u\u017e dob\u0159e v\u00ed, \u017ee globalist\u00e9 to prohr\u00e1li.<\/p>\n<p>Zkou\u0161eli zni\u010dit AfD v\u00a0N\u011bmecku, cht\u011bli je dokonce zak\u00e1zat a dnes je to ta hlavn\u00ed a nejpopul\u00e1rn\u011bj\u0161\u00ed politick\u00e1 strana. To stejn\u00e9 se d\u011bje v\u00a0Portugalsku a v\u00a0Polsku. Nigel Farage hl\u00e1s\u00e1, \u017ee reforma je naprosto nutn\u00e1, tak\u017ee jak vid\u00edme, je zde zna\u010dn\u00fd odpor proti jejich komunistick\u00fdm pl\u00e1n\u016fm.<\/p>\n<p>Proto cht\u011bj\u00ed v\u00e1lku. Proto ji nutn\u011b pot\u0159ebuj\u00ed. Pot\u0159ebuj\u00ed n\u011bjak\u00e9ho vn\u011bj\u0161\u00edho nep\u0159\u00edtele, abychom se na n\u011bho v\u0161ichni zam\u011b\u0159ili a \u0161li proti n\u011bmu bojovat. Pak nebudeme m\u00edt \u010das ani mo\u017enost sledovat co skute\u010dn\u00fd nep\u0159\u00edtel vyv\u00e1d\u00ed v\u00a0z\u00e1zem\u00ed.<\/p>\n<p>Kdy\u017e se pod\u00edv\u00e1te na Izrael, tam je to to stejn\u00e9. P\u0159i posledn\u00edm pr\u016fzkumu n\u00e1zoru na premi\u00e9ra Netanjahu se uk\u00e1zalo, \u017ee mu n\u00e1rod ned\u016fv\u011b\u0159uje. Jeho popularita klesla na uboh\u00fdch 29%. A tak hned na to vyt\u00e1hl do v\u00e1lky proti Hamas, proto\u017ee jinak by byl odstran\u011bn a neokonov\u00e9 by ztratili sv\u00e9 pozice v zemi. S ned\u016fv\u011brou lidu ho nemohli nechat d\u00e1l vl\u00e1dnout, proto musel kv\u016fli z\u00e1chran\u011b sv\u00e9ho postaven\u00ed okam\u017eit\u011b do v\u00e1lky.<\/p>\n<p><img decoding=\"async\" loading=\"lazy\" class=\"wp-image-85002 aligncenter\" src=\"http:\/\/www.infokuryr.cz\/n\/wp-content\/uploads\/2025\/08\/Plakat1-212x300.jpg\" alt=\"\" width=\"678\" height=\"959\" srcset=\"https:\/\/www.infokuryr.cz\/n\/wp-content\/uploads\/2025\/08\/Plakat1-212x300.jpg 212w, https:\/\/www.infokuryr.cz\/n\/wp-content\/uploads\/2025\/08\/Plakat1-724x1024.jpg 724w, https:\/\/www.infokuryr.cz\/n\/wp-content\/uploads\/2025\/08\/Plakat1-768x1086.jpg 768w, https:\/\/www.infokuryr.cz\/n\/wp-content\/uploads\/2025\/08\/Plakat1-1086x1536.jpg 1086w, https:\/\/www.infokuryr.cz\/n\/wp-content\/uploads\/2025\/08\/Plakat1-1024x1449.jpg 1024w, https:\/\/www.infokuryr.cz\/n\/wp-content\/uploads\/2025\/08\/Plakat1.jpg 1131w\" sizes=\"(max-width: 678px) 100vw, 678px\" \/><\/p>\n<p>Kdy\u017e je vl\u00e1da ohro\u017eena, jak to m\u016f\u017eeme vid\u011bt leckde v\u00a0Evrop\u011b, pak dob\u0159e v\u00ed, \u017ee mus\u00ed rychle n\u011bco zm\u011bnit, jinak jejich panov\u00e1n\u00ed skon\u010d\u00ed. Pak se stanou v\u00edce n\u00e1tlakov\u00fdmi, cht\u011bj\u00ed zamezit svobod\u011b slova, najednou to jsou sam\u00e9 p\u0159\u00edkazy a z\u00e1kazy \u2013 to v\u0161echno jen proto, aby si podr\u017eeli moc. A tehdy jsou tak\u00e9 nejv\u00edc nebezpe\u010dn\u00ed. A pak pot\u0159ebuj\u00ed nep\u0159\u00edtele zven\u010d\u00ed, aby odvedli pozornost od sebe sam\u00fdch.<\/p>\n<p>Je zde dokonce nebezpe\u010d\u00ed, \u017ee budou cht\u00edt zp\u016fsobit n\u011bjakou katastrofu, samoz\u0159ejm\u011b pod fale\u0161n\u00fdm praporem, obvinit z\u00a0toho Putina a pak u\u017e to pojede: NATO zareaguje p\u0159esn\u011b podle o\u010dek\u00e1v\u00e1n\u00ed, bleskov\u011b se vytas\u00ed s\u00a0jejich Paragrafem \u010d. 5 a jde se do v\u00e1lky.<\/p>\n<p>P\u0159itom Putin je pravd\u011bpodobn\u011b z\u00a0nich ten nejchyt\u0159ej\u0161\u00ed. Jen sledujte, kolik \u010derven\u00fdch linek jim p\u0159edlo\u017eil, kter\u00e9 nesm\u011bj\u00ed p\u0159ekro\u010dit. Na p\u0159\u00edklad, jestli\u017ee daj\u00ed Ukrajin\u011b dalekonosn\u00e9 zbran\u011b, je to jasn\u00e9 vyhl\u00e1\u0161en\u00ed v\u00e1lky a jdeme proti v\u00e1m. A ne\u0161li nikam. Evropa se postarala, aby v\u0161echny tyto \u010derven\u00e9 linky ihned p\u0159ekro\u010dila a Putin neud\u011blal nic. Pro\u010d? Proto\u017ee dob\u0159e v\u00ed, \u017ee ho zkou\u0161ej\u00ed vyprovokovat, aby za\u00fato\u010dil jako prvn\u00ed a EU by pak mohla hrd\u011b prohl\u00e1sit: <em>\u201eVid\u00edte, to on za\u010dal v\u00e1lku, ne my!\u201c<\/em> A pak by hnali sv\u00e9 ob\u010dany jednoho p\u0159es druh\u00e9ho um\u00edrat na Ukrajinu.<\/p>\n<p>Jen\u017ee Putin to v\u0161echno dob\u0159e v\u00ed a nen\u00ed ochoten padnout do jejich pasti. \u0158\u00edk\u00e1 jim jin\u00fdmi slovy: \u2018Je to opravdu to, co chcete? Jadernou v\u00e1lku?\u2018 Zkou\u0161\u00ed je varovat a oni to po\u0159\u00e1d d\u00e1l nech\u00e1pou. On nechce j\u00edt do v\u00e1lky. Pomlouvaj\u00ed ho, \u017ee chce p\u0159evz\u00edt Evropu, ale to jsou hloup\u00e9 babsk\u00e9 \u0159e\u010di. Pro\u010d by to d\u011blal? Co by z\u00a0toho m\u011bl?<\/p>\n<p>Jedin\u00e1 mo\u017enost kdy by Rusov\u00e9 vt\u00e1hli do Evropy je, aby jim v\u0161em zav\u0159eli hubu. Nez\u00edskali by t\u00edm nic sami pro sebe, ne\u017e hromadu probl\u00e9m\u016f a komplikac\u00ed a o\u010der\u0148ov\u00e1n\u00ed t\u011bmi pora\u017een\u00fdmi. Nikdo nechce p\u0159evz\u00edt zemi, kter\u00e1 by okam\u017eit\u011b protestovala a bou\u0159ila se.<\/p>\n<p>Rusko nikdy nenapadlo Evropu. Nem\u011bli k\u00a0tomu d\u016fvod, proto\u017ee Evropa nem\u00e1 nic, v\u016fbec nic, o co by mohli st\u00e1t. Je to navon\u011bn\u00e1 \u017eebrota, \u017e\u00e1dn\u00e9 valn\u00e9 p\u0159\u00edrodn\u00ed zdroje, \u017e\u00e1dn\u00e9 vynikaj\u00edc\u00ed pozoruhodnosti. Co by tak asi \u0159ekli Francouzi, kdyby Rusko vt\u00e1hlo do Evropy: <em>\u201eJe to v po\u0159\u00e1dku, \u017ee jste tady, budete n\u00e1m te\u010f vypl\u00e1cet na\u0161i penzi?\u201c<\/em><\/p>\n<h3><strong>Historie v\u00e1lek a Rusko<\/strong><\/h3>\n<p>Kdy\u017e se pod\u00edv\u00e1me na historii v\u00e1lek tak zjist\u00edme, \u017ee v\u0161echny byly vedeny kv\u016fli z\u00edsk\u00e1n\u00ed n\u011bjak\u00fdch hodnot. (Na p\u0159\u00edklad, za 2. sv\u011btov\u00e9 v\u00e1lky si Ameri\u010dan\u00e9 v\u00a0Evrop\u011b nakradli tolik bohatstv\u00ed, cennost\u00ed, staro\u017eitnost\u00ed, patent\u016f a v\u0161eho mo\u017en\u00e9ho, \u017ee se t\u00e9 3. v\u00e1lky dnes nemohou do\u010dkat, aby se znovu napakovali). Pro\u010d napadlo Japonsko ve 2. sv\u011btov\u00e9 v\u00e1lce Man\u017eurii? Spojen\u00e9 st\u00e1ty od\u0159\u00edzly Japonc\u016fm ve\u0161kerou energii, zabavili jim majetek, celou zemi ochudili a tak Japonci museli k\u00a0soused\u016fm, kte\u0159\u00ed energetick\u00e9 zdroje m\u011bli.<\/p>\n<p>Proto v\u0161ichni zkou\u0161eli, Hitler, Napoleon, dokonce i rakousk\u00fd c\u00edsa\u0159 Franz Josef, obsadit Rusko, proto\u017ee Rusko je co se t\u00fd\u010de p\u0159\u00edrodn\u00edho bohatstv\u00ed ta nejbohat\u0161\u00ed zem\u011b na sv\u011bt\u011b. \u0160v\u00e9dov\u00e9 to taky zkou\u0161eli, a jejich por\u00e1\u017eka p\u0159idala carovi Petrovi p\u0159ezd\u00edvku \u2018velik\u00fd\u2018. Petr Velik\u00fd toti\u017e Rusko p\u0159ed nimi uchr\u00e1nil.<\/p>\n<p>V\u00a0r. 1917 m\u011blo Rusko ty nejv\u011bt\u0161\u00ed z\u00e1soby zlata na sv\u011bt\u011b. Kde je to zlato dnes? Nikdo nev\u00ed. N\u011bkdo je ukryl, nev\u00ed se kde. Pov\u011bsti \u0159\u00edkaj\u00ed, \u017ee je n\u011bkde v\u00a0hlubok\u00e9m lese, jin\u00e9 pov\u011bsti maj\u00ed za to, \u017ee bylo hozeno do hlubok\u00e9ho jezera. A to je, pro\u010d v\u0161ichni cht\u011bj\u00ed z\u00edskat Rusko, proto\u017ee je nesm\u00edrn\u011b bohat\u00e9. U\u017e i za bol\u0161evick\u00e9 revoluce (v Americe se j\u00ed \u0159\u00edk\u00e1 \u2018\u017eidovsk\u00e1 revoluce\u2018) se hnali do Ruska legion\u00e1\u0159i ze v\u0161ech stran, i ti \u010de\u0161t\u00ed. Ti na\u0161i si tam nakradli a\u017e to ani hezk\u00e9, ani vhodn\u00e9 nebylo a v\u00a0n\u011bkter\u00fdch m\u00edstech jim za\u010dali \u0159\u00edkat \u2018\u010cechosob\u00e1ci\u2018.<\/p>\n<p>To stejn\u00e9 m\u00e1te se St\u0159edn\u00edm V\u00fdchodem. Tam zase maj\u00ed ropu a kdyby ji nem\u011bli a byly tam pouze hromady p\u00edsku, nikdo by o n\u011b nest\u00e1l. Kdo stoj\u00ed o Afriku? Nikdo! Tam odtud toti\u017e nekyne \u017e\u00e1dn\u00fd ekonomick\u00fd p\u0159\u00ednos.<\/p>\n<p>Alexander Velik\u00fd vyt\u00e1hl proti nejr\u016fzn\u011bj\u0161\u00edm n\u00e1rod\u016fm a v\u0161echny si je podrobil. Jak to dok\u00e1zal je jednoduch\u00e9, dovolil voj\u00e1k\u016fm aby se pod\u00edleli na v\u00e1le\u010dn\u00e9 ko\u0159isti. A\u017e kdy\u017e p\u0159it\u00e1hl do Indie, tam se voj\u00e1ci za\u010dali bou\u0159it a musel odtud pry\u010d. Tam nebylo co br\u00e1t. Alexander t\u00edm z\u00edskal obrovsk\u00fd majetek, kter\u00fd odstartoval tak zvan\u00e9 \u2018Hel\u00e9nsk\u00e9 obdob\u00ed\u2018. Zabral tak\u00e9 \u0159\u00e1dn\u00fd kus sv\u011bta, Egypt, Babylon \u2013 v\u0161echno kolem.<\/p>\n<p>Jen\u017ee kde nen\u00ed co br\u00e1t, kde nen\u00ed co kr\u00e1st, co by tam kdo d\u011blal? Pro\u010d by kdo okupoval Evropu, kdy\u017e tam nen\u00ed v\u016fbec nic, co by za tu n\u00e1mahu st\u00e1lo?<\/p>\n<h3><strong>Neokonov\u00e9 \u2013 globalist\u00e9<\/strong><\/h3>\n<p>Neokonov\u00e9, neboli samozvan\u00e9 \u2018elity\u2018 nemaj\u00ed nejmen\u0161\u00ed z\u00e1jem o lid anebo o n\u00e1rod. Tito lid\u00e9, pokud jsou to je\u0161t\u011b lid\u00e9, n\u00e1s vid\u00ed jako hl\u00ednu pod jejich nohama. Budou s\u00a0v\u00e1mi mluvit, d\u00edvat se na v\u00e1s, ale nevid\u00ed v\u00e1s, nevn\u00edmaj\u00ed v\u00e1s jako sob\u011b rovn\u00e9ho. Tito tvorov\u00e9 nemaj\u00ed z\u00e1jem na ekonomii st\u00e1tu, na prosperit\u011b t\u011bch ostatn\u00edch, anebo cel\u00e9ho n\u00e1roda. Jejich hlavn\u00ed my\u0161lenka je vyhr\u00e1t za ka\u017edou cenu. A\u0165 se jedn\u00e1 o cokoliv, o jak\u00fdkoliv pl\u00e1n, o jakoukoliv snahu, oni pouze cht\u011bj\u00ed vyhr\u00e1t a to je v\u0161e co je zaj\u00edm\u00e1.<\/p>\n<p>Jen se pod\u00edvejte na Evropu. To prvn\u00ed, co neokonov\u00e9 propaguj\u00ed je: \u2018Nikdy nemluvte s\u00a0nep\u0159\u00edtelem\u2018. Pochopiteln\u011b, proto\u017ee pak by byl smluven m\u00edr a v\u00e1lka by byla za\u017eehn\u00e1na. A oni dnes cht\u011bj\u00ed naprosto spolehliv\u011b v\u00e1lku. Proto \u017e\u00e1dn\u00fd z\u00a0evropsk\u00fdch vedouc\u00edch nemluv\u00ed s\u00a0Putinem. Trump byl ten prvn\u00ed kdo se odv\u00e1\u017eil a dopadl \u0161patn\u011b. Rychle musel obr\u00e1tit a dnes je Putin zp\u00e1tky ten nejhor\u0161\u00ed \u010dlov\u011bk na sv\u011bt\u011b a zbran\u011b putuj\u00ed znovu na Ukrajinu.<\/p>\n<p>A pak sly\u0161\u00edme Kallasovou, d\u0159\u00edve premi\u00e9rku Estonska a s\u00a0n\u00ed i jin\u00e9, jak volaj\u00ed do sv\u011bta: \u201e<em>Cokoliv on d\u011bl\u00e1 <\/em>(Putin)<em>, tak to neuzn\u00e1v\u00e1me. Je n\u00e1m jedno o \u010dem mluv\u00ed.\u201c<\/em> Jen\u017ee bez diskuze nen\u00ed mo\u017eno doc\u00edlit m\u00edr. Tak\u017ee i oni cht\u011bj\u00ed v\u00e1lku. V\u0161ak taky t\u00edm maj\u00ed co zakr\u00fdvat.<\/p>\n<p>Jen tak na okraj, Kallasov\u00e9 otec byl vysoce postaven\u00fd apar\u00e1t\u010dik za Sov\u011btsk\u00e9ho svazu. Byl \u010dlenem vl\u00e1dy a kut\u00fd komunista. Samoz\u0159ejm\u011b, cel\u00e1 rodina se z\u00a0toho m\u011bla dob\u0159e. A dnes, jeho dcera broj\u00ed proti Rusku jako zavil\u00e1 \u0161elma.<\/p>\n<p>Globalist\u00e9 a neokonov\u00e9 jsou prakticky to stejn\u00e9. Za Bidenov\u00e1n\u00ed nalezli do vl\u00e1dy v\u0161emi vchody, kter\u00e9 n\u011bkdo zapomenul zav\u0159\u00edt. Pak tam byl Merrick Garland, hlavn\u00ed soudce, kter\u00fd obvinil Trumpa z\u00a0krimin\u00e1ln\u00edch \u010din\u016f jen aby mu zabr\u00e1nil kandidovat na presidenta. Anebo Victoria Nuland (p\u016fvodn\u011b Nudelman), kter\u00e1 rozd\u00e1vala sendvi\u010de p\u0159i majdanu v\u00a0r. 2014 a dosadila nov\u00e9ho presidenta. Jako dal\u0161\u00ed, Antony Blinken, kter\u00fd rozd\u011blil sv\u011btovou ekonomii t\u00edm, \u017ee odstranil Rusko z\u00a0bankovn\u00edho syst\u00e9mu SWIFT, \u010d\u00edm\u017e pomohl vytvo\u0159it BRICS. Tak\u00e9 uvalil sankce na Rusko a vyhro\u017eoval \u010c\u00edn\u011b, \u017ee jestli jim pomohou, dopadnou stejn\u011b. Prost\u011b a jednodu\u0161e, pou\u017eil dolar jako zbra\u0148.<\/p>\n<p>V\u0161ichni t\u0159i \u0159\u00edkaj\u00ed, \u017ee jsou \u017eidovsk\u00e9ho p\u016fvodu, v\u0161ichni t\u0159i jsou z\u00a0Ukrajiny a st\u011b\u017euj\u00ed si, \u017ee Rusov\u00e9 pron\u00e1sledovali jejich rodiny. Jak je mo\u017en\u00e9, \u017ee t\u0159i \u017did\u00e9, v\u0161ichni z\u00a0Ukrajiny, se dostali do t\u00e9 stejn\u00e9 vl\u00e1dn\u00ed administrace v\u00a0Americe? A v\u0161ichni t\u0159i maj\u00ed krutou z\u00e1\u0161\u0165 proti Rusku!<\/p>\n<p>Anebo Zelensk\u00fd \u2013 na Armstrongov\u011b internetov\u00e9 str\u00e1nce jsou videa, kde tento komik vypr\u00e1v\u00ed o tom, jak zabavil pen\u00edze Rus\u016fm a \u017did\u016fm. To je\u0161t\u011b nebyl presidentem. Tak\u017ee je stejn\u00fd jako George Soros, kter\u00fd za 2. sv\u011btov\u00e9 v\u00e1lky p\u0159edst\u00edral, \u017ee je k\u0159es\u0165an a spolu se sv\u00fdm n\u011bmeck\u00fdm, vojensk\u00fdm ochr\u00e1ncem okr\u00e1dal \u017didy.<\/p>\n<p>A pak, kdy\u017e se stal presidentem, najednou Zelensk\u00fd prohl\u00e1sil: \u2018Ach, j\u00e1 jsem \u017did.\u2018 Vzal si k\u0159es\u0165anskou d\u00edvku a jeho d\u011bti jsou pok\u0159t\u011bny. \u017did\u00e9 v Izraeli \u0159\u00edkaj\u00ed, \u017ee nen\u00ed \u017e\u00e1dn\u00fd \u017did.<\/p>\n<p>Jen\u017ee jak kdysi d\u00e1vno \u0159ekl politick\u00fd chameleon Winston Churchill: <em>\u201eV dob\u011b v\u00e1lky je pravda nesm\u00edrn\u011b cenn\u00e1 a pot\u0159ebuje t\u011blesnou str\u00e1\u017e l\u017e\u00ed, aby ji ochr\u00e1nily.\u201c<\/em><\/p>\n<h3><strong>Vt\u00e1hne Trump sv\u011bt do v\u00e1lky?<\/strong><\/h3>\n<p>Na za\u010d\u00e1tku<a href=\"#_edn2\" name=\"_ednref2\">[2]<\/a> jeho presidentov\u00e1n\u00ed se zd\u00e1lo, \u017ee sp\u00ed\u0161 chce v\u00e1lce zamezit a normalizovat vztahy s Ruskem. Jist\u011b, byla zde ta af\u00e9ra, zvan\u00e1 \u2018Russiagate\u2018, kterou sp\u00edskali Obama, Hillary a jejich klika, kdy jako obvykle obvi\u0148ovali Rusy z ovliv\u0148ov\u00e1n\u00ed americk\u00e9 politiky a voleb. Poka\u017ed\u00e9, to, co \u010din\u00ed sami, z toho obvi\u0148uj\u00ed druh\u00e9.<\/p>\n<p>Jen\u017ee pak asi p\u0159i\u0161la Trumpa nav\u0161t\u00edvit tajn\u00e1 slu\u017eba a najednou bylo v\u0161echno o 180\u00b0 jin\u00e9. Rusk\u00fd president skon\u010dil na \u010dern\u00e9 listin\u011b, zat\u00edm co b\u00fdval\u00e9ho ukrajinsk\u00e9ho presidenta Zelensk\u00e9ho vyzvedli zp\u011bt do z\u00e1\u0159n\u00fdch paprsk\u016f z\u00e1padn\u00ed p\u0159\u00edzn\u011b.<\/p>\n<p>Mo\u017en\u00e1 v tom byl krom\u011b tajn\u00e9 slu\u017eby tak\u00e9 zbroja\u0159sk\u00fd pr\u016fmysl, kter\u00fd m\u00e1 z ka\u017ed\u00e9 v\u00e1lky astronomick\u00e9 zisky. A mo\u017en\u00e1 tak\u00e9 Trump v\u011b\u0159\u00ed sv\u00fdm r\u00e1dc\u016fm, kte\u0159\u00ed vid\u00ed cel\u00fd sv\u011bt skrze izraelsk\u00e9 br\u00fdle a jako ty korouhvi\u010dky pod n\u00e1pory v\u011btru mu dod\u00e1vaj\u00ed poka\u017ed\u00e9 jinak zkreslen\u00e9 informace. Stra\u0161\u00ed s t\u00edm, \u017ee Putin chce dob\u00fdt celou Evropu a p\u0159itom sami cht\u011bj\u00ed dob\u00fdt celou Ukrajinu, odgenocidovat p\u016fvodn\u00ed obyvatele bojem do posledn\u00edho Ukrajince a nast\u011bhovat tam \u017eidovstvo, kter\u00e9 je podle nich do nekone\u010dna utiskov\u00e1no a nem\u00e1 vlastn\u00ed zemi.<\/p>\n<p>Pr\u00fd jim Ukrajina kdysi pat\u0159ila (ne\u017e je rusk\u00fd Car odtud vyhnal kv\u016fli nesn\u00e1\u0161enlivosti). Co\u017e o to, n\u00e1m tak\u00e9 kdysi cosi pat\u0159ilo a u\u017e nepat\u0159\u00ed. To neznamen\u00e1, \u017ee na to m\u00e1me nad\u00e1le n\u00e1rok. A jin\u00fdm n\u00e1rod\u016fm taky ledacos pat\u0159ilo a u\u017e nepat\u0159\u00ed \u2013 kdybychom se o to m\u011bli dohadovat vojensk\u00fdm zp\u016fsobem, tak sv\u011btov\u00e9 v\u00e1lky nikdy neskon\u010d\u00ed.<\/p>\n<p>Probl\u00e9m je, \u017ee Trump nen\u00ed zrovna ten nejlep\u0161\u00ed jednatel, neboli diplomat. On ve skute\u010dnosti v\u016fbec nevyjedn\u00e1v\u00e1: pouze vyhro\u017euje a trest\u00e1 a\u0165 u\u017e sankcemi, \u010di jinak. Takov\u00e9 jedn\u00e1n\u00ed neprodukuje m\u00edr mezi n\u00e1rody, ale sp\u00ed\u0161 v\u00e1lky a rozpory.<\/p>\n<p>Na jedn\u00e9 stran\u011b \u0159\u00edk\u00e1, \u017ee chce v\u00e1lku ukon\u010dit a na druh\u00e9 stran\u011b tam pos\u00edl\u00e1 zbran\u011b. Te\u010f dokonce kuje pikle s\u00a0N\u011bmeckem, aby Ukrajinc\u016fm poslali rakety, kter\u00e9 spolehliv\u011b zas\u00e1hnou Moskvu. P\u0159em\u00edstil jadern\u00e9 ponorky k\u00a0rusk\u00e9mu \u00fazem\u00ed, co\u017e byl obrovsk\u00fd omyl, rovn\u00fd vyhl\u00e1\u0161en\u00ed v\u00e1lky. Na druh\u00e9 stran\u011b Putin d\u011bl\u00e1 v\u0161e mo\u017en\u00e9, aby v\u00e1lce zabr\u00e1nil, co\u017e si Z\u00e1pad vysv\u011btluje jako slabost. Zjevn\u011b v\u016fbec nerozum\u00ed lidsk\u00e9 mentalit\u011b a psychice.<\/p>\n<p>Je docela mo\u017en\u00e9 \u017ee neokonov\u00e9, nebo globalist\u00e9 ani lid\u00e9 nejsou a proto to v\u0161echno nech\u00e1pou. Jsou to roboti, s\u00a0AI inteligenc\u00ed nam\u00edsto mozku a s\u00a0dokonal\u00fdmi pohyby vsazen\u00fdmi do program\u016f, kter\u00e9 je \u0159\u00edd\u00ed a kter\u00e9 vymysleli mnohem chyt\u0159ej\u0161\u00ed tvorov\u00e9 ne\u017e jsou oni sami.<\/p>\n<h3><strong>P\u0159ece se nakonec se\u0161li<\/strong><\/h3>\n<p>Nakonec se Trump s\u00a0Putinem opravdu se\u0161el<a href=\"#_edn3\" name=\"_ednref3\">[3]<\/a>, minul\u00fd t\u00fdden na Alja\u0161ce. N\u011bkolik hodin tam spolu diskutovali situaci, ale po pravd\u011b \u0159e\u010deno, nikam se t\u00edm nedostali. Z\u00a0toho jedn\u00e1n\u00ed nevznikl \u017e\u00e1dn\u00fd z\u00e1v\u011br, \u017e\u00e1dn\u00e1 smlouva, ani \u017e\u00e1dn\u00fd z\u00e1pis ve\u0159ejnosti ke shl\u00e9dnut\u00ed. Nedo\u0161lo t\u00edm k\u00a0\u017e\u00e1dn\u00e9 zm\u011bn\u011b, proto\u017ee zjevn\u011b Putin neustoupil ani krok od sv\u00fdch po\u017eadavk\u016f a Trump nep\u0159i\u0161el na to, jako ho donutit.<\/p>\n<p>V\u0161ichni \u010dekali, \u017ee tam Rusov\u00e9 p\u0159ijdou cel\u00ed pokorn\u00ed a budou zdvo\u0159ile \u017e\u00e1dat o m\u00edr, ale to se nestalo. Naopak, Rusov\u00e9 tam p\u0159i\u0161li s\u00a0pln\u00fdm v\u011bdom\u00edm sv\u00e9ho v\u00edt\u011bzstv\u00ed na Ukrajin\u011b. Nutno p\u0159iznat, \u017ee to Ameri\u010dany notn\u011b p\u0159ekvapilo.<\/p>\n<p>President Putin oslovil shrom\u00e1\u017ed\u011bn\u00e9 na tiskov\u00e9 konferenci, kde \u0159ekl, \u017ee douf\u00e1 ve zlep\u0161en\u00ed vztah\u016f mezi Ruskem a Amerikou. President Trump pot\u00e9 zd\u016fraznil, \u017ee a\u017e se k\u00a0n\u011bjak\u00e9mu podstatn\u00e9mu rozhodnut\u00ed postupn\u011b dopracuj\u00ed, \u017ee o tom ihned uv\u011bdom\u00ed ukrajinsk\u00e9ho presidenta Zelensk\u00e9ho a NATO.<\/p>\n<p>Nen\u00ed jasn\u00e9 pro\u010d se t\u00edm stav\u011bl do pod\u0159\u00edzen\u00e9 pozice. Nejen \u017ee Zelensk\u00fd u\u017e nen\u00ed od jara 2024 presidentem Ukrajiny a co se t\u00fd\u010de NATO \u2013 je to snad Trump\u016fv nad\u0159\u00edzen\u00fd? Zde je ale nutno si uv\u011bdomit, \u017ee Donald byl v\u017edycky nevyzpytateln\u00fd.<\/p>\n<p>Putin pak pozval Trumpa do Moskvy a cel\u00e9 divadlo skon\u010dilo po vojensk\u00e9 p\u0159ehl\u00eddce bez nejmen\u0161\u00edho v\u00fdsledku. Trump sice \u0159\u00edkal, \u017ee v\u00a0n\u011bkter\u00fdch bodech se s\u00a0Putinem opravdu shodli, ale ne\u0159ekl nikomu o kter\u00e9 body se jedn\u00e1 a kolik jich je.<\/p>\n<p><strong><em>Jane Kaufman, 17. srpna 2025<\/em><\/strong><\/p>\n<p><a href=\"#_ednref1\" name=\"_edn1\">[1]<\/a> https:\/\/www.armstrongeconomics.com\/armstrong-in-the-media\/interview-terrifying-iran-war-prediction-prepare-for-the-worst\/<\/p>\n<p><a href=\"#_ednref2\" name=\"_edn2\">[2]<\/a> https:\/\/www.paulcraigroberts.org\/2025\/08\/04\/is-trump-taking-us-to-war\/<\/p>\n<p><a href=\"#_ednref3\" name=\"_edn3\">[3]<\/a> https:\/\/www.conservativenewsdaily.net\/breaking-news\/trump-putin-meeting-top-takeaways-from-the-no-deal-alaska-summit\/<\/p>\n<p>&nbsp;<\/p>\n","protected":false},"excerpt":{"rendered":"<p>Socrates \u2013 tak pojmenoval[1] v\u00fdznamn\u00fd sou\u010dasn\u00fd ekonom Martin Armstrong sv\u016fj po\u010d\u00edta\u010d, kter\u00fd naprogramoval tak, \u017ee&#8230;<\/p>\n","protected":false},"author":2,"featured_media":66602,"comment_status":"closed","ping_status":"closed","sticky":false,"template":"","format":"standard","meta":[],"categories":[6],"tags":[1042,2181,40],"_links":{"self":[{"href":"https:\/\/www.infokuryr.cz\/n\/wp-json\/wp\/v2\/posts\/85788"}],"collection":[{"href":"https:\/\/www.infokuryr.cz\/n\/wp-json\/wp\/v2\/posts"}],"about":[{"href":"https:\/\/www.infokuryr.cz\/n\/wp-json\/wp\/v2\/types\/post"}],"author":[{"embeddable":true,"href":"https:\/\/www.infokuryr.cz\/n\/wp-json\/wp\/v2\/users\/2"}],"replies":[{"embeddable":true,"href":"https:\/\/www.infokuryr.cz\/n\/wp-json\/wp\/v2\/comments?post=85788"}],"version-history":[{"count":0,"href":"https:\/\/www.infokuryr.cz\/n\/wp-json\/wp\/v2\/posts\/85788\/revisions"}],"wp:featuredmedia":[{"embeddable":true,"href":"https:\/\/www.infokuryr.cz\/n\/wp-json\/wp\/v2\/media\/66602"}],"wp:attachment":[{"href":"https:\/\/www.infokuryr.cz\/n\/wp-json\/wp\/v2\/media?parent=85788"}],"wp:term":[{"taxonomy":"category","embeddable":true,"href":"https:\/\/www.infokuryr.cz\/n\/wp-json\/wp\/v2\/categories?post=85788"},{"taxonomy":"post_tag","embeddable":true,"href":"https:\/\/www.infokuryr.cz\/n\/wp-json\/wp\/v2\/tags?post=85788"}],"curies":[{"name":"wp","href":"https:\/\/api.w.org\/{rel}","templated":true}]}}