{"id":85762,"date":"2025-08-18T00:20:58","date_gmt":"2025-08-17T22:20:58","guid":{"rendered":"https:\/\/www.infokuryr.cz\/n\/?p=85762"},"modified":"2025-08-17T14:18:24","modified_gmt":"2025-08-17T12:18:24","slug":"libanonske-vojenske-letadlo-po-vyhruzkach-hlidkovalo-nad-syrii","status":"publish","type":"post","link":"https:\/\/www.infokuryr.cz\/n\/2025\/08\/18\/libanonske-vojenske-letadlo-po-vyhruzkach-hlidkovalo-nad-syrii\/","title":{"rendered":"Libanonsk\u00e9 vojensk\u00e9 letadlo po v\u00fdhr\u016f\u017ek\u00e1ch hl\u00eddkovalo nad S\u00fdri\u00ed"},"content":{"rendered":"<div id=\"fb-root\"><\/div>\n<p><strong><span dir=\"auto\">V\u00e1le\u010dn\u00e9 letadlo libanonsk\u00e9ho letectva (LAF) 17. srpna poprv\u00e9 v historii provedlo hl\u00eddku nad S\u00fdri\u00ed, konkr\u00e9tn\u011b nad ji\u017en\u00ed \u010d\u00e1st\u00ed Homs ve st\u0159edu zem\u011b. K tomuto bezprecedentn\u00edmu kroku do\u0161lo po hrozb\u00e1ch Bejr\u00fatu ze strany bedu\u00ednsk\u00fdch kmen\u016f loaj\u00e1ln\u00edch islamisty veden\u00e9 prozat\u00edmn\u00ed vl\u00e1d\u011b v Dama\u0161ku.<\/span><\/strong><\/p>\n<p><span dir=\"auto\">Data z Flightradar24, na kter\u00e9m byla hl\u00eddka spat\u0159ena, identifikovala v\u00e1le\u010dn\u00fd letoun jako americk\u00fd lehk\u00fd turbovrtulov\u00fd \u00fato\u010dn\u00fd a protipovstaleck\u00fd letoun A-29 Super Tucano.<\/span><\/p>\n<div id=\"attachment_227503\" class=\"wp-caption aligncenter\" style=\"width: 598px;\"><a href=\"https:\/\/s5.cdnstatic.space\/wp-content\/uploads\/2025\/08\/Gyiqn8JXsAA4t6n.jpg\" target=\"_blank\" rel=\"noopener\"><img decoding=\"async\" loading=\"lazy\" class=\"wp-image-227503\" title=\"Libanonsk\u00e9 vojensk\u00e9 letadlo hl\u00eddkovalo nad S\u00fdri\u00ed po v\u00fdhr\u016f\u017ek\u00e1ch\" src=\"https:\/\/s5.cdnstatic.space\/wp-content\/uploads\/2025\/08\/Gyiqn8JXsAA4t6n-177x300.jpg\" sizes=\"(max-width: 600px) 100vw, 600px\" srcset=\"https:\/\/s5.cdnstatic.space\/wp-content\/uploads\/2025\/08\/Gyiqn8JXsAA4t6n-177x300.jpg 177w, https:\/\/s5.cdnstatic.space\/wp-content\/uploads\/2025\/08\/Gyiqn8JXsAA4t6n.jpg 480w\" alt=\"Libanonsk\u00e9 vojensk\u00e9 letadlo hl\u00eddkovalo nad S\u00fdri\u00ed po v\u00fdhr\u016f\u017ek\u00e1ch\" width=\"598\" height=\"1013\" aria-describedby=\"caption-attachment-227503\" \/><\/a><\/p>\n<p id=\"caption-attachment-227503\" class=\"wp-caption-text\"><span dir=\"auto\">Kliknut\u00edm zobraz\u00edte obr\u00e1zek v pln\u00e9 velikosti. (Flightradar24\/X)<\/span><\/p>\n<\/div>\n<p><span dir=\"auto\">K hl\u00eddce do\u0161lo p\u0159esn\u011b dva dny pot\u00e9, co n\u011bkter\u00e9 bedu\u00ednsk\u00e9 kmeny spojeneck\u00e9 se syrskou vl\u00e1dou daly Libanonu \u201eultim\u00e1tum 48 let\u201c na propu\u0161t\u011bn\u00ed p\u0159ibli\u017en\u011b 2 000 syrsk\u00fdch v\u011bz\u0148\u016f, v\u010detn\u011b mnoha islamist\u016f odsouzen\u00fdch za terorismus.<\/span><\/p>\n<p><span dir=\"auto\">Den po zaveden\u00ed neofici\u00e1ln\u00edho ultim\u00e1ta syrsk\u00e1 arm\u00e1da \u00fadajn\u011b rozm\u00edstila pod\u00e9l hranice s Libanonem, konkr\u00e9tn\u011b v ji\u017en\u00ed \u010d\u00e1sti provincie Homs, kde se hl\u00eddka konala, posily, v\u010detn\u011b nejm\u00e9n\u011b jednoho t\u011b\u017ek\u00e9ho raketometu BM-27 Uragan sov\u011btsk\u00e9 v\u00fdroby.<\/span><\/p>\n<p><span dir=\"auto\">Minul\u00fd m\u011bs\u00edc se objevily zpr\u00e1vy, \u017ee syrsk\u00fd prozat\u00edmn\u00ed prezident Ahmad a\u0161-\u0160ar\u00e1a, s\u00e1m islamista, pohrozil Libanonu diplomatick\u00fdmi a ekonomick\u00fdmi kroky kv\u016fli tomu, \u017ee ignoruje ot\u00e1zku syrsk\u00fdch v\u011bz\u0148\u016f. Dama\u0161ek v\u0161ak tato tvrzen\u00ed pop\u0159el.<\/span><\/p>\n<p><span dir=\"auto\">P\u0159esto\u017ee hl\u00eddka LAF nad Homsem byla sledov\u00e1na na Flightradar24, libanonsk\u00e1 arm\u00e1da vydala prohl\u00e1\u0161en\u00ed, v n\u011bm\u017e pop\u0159ela jak\u00e9koli naru\u0161en\u00ed syrsk\u00e9ho vzdu\u0161n\u00e9ho prostoru.<\/span><\/p>\n<p><em><span dir=\"auto\">\u201eNa t\u00e9to zpr\u00e1v\u011b nen\u00ed absolutn\u011b nic pravdy. Vojensk\u00e9 jednotky monitoruj\u00ed situaci pod\u00e9l hranice a podnikaj\u00ed nezbytn\u00e1 opat\u0159en\u00ed k jej\u00ed kontrole a ochran\u011b. Komunikace a koordinace se syrsk\u00fdmi \u00fa\u0159ady prob\u00edhaj\u00ed, aby bylo mo\u017en\u00e9 sledovat jak\u00fdkoli v\u00fdvoj,\u201c uv\u00e1d\u00ed se v prohl\u00e1\u0161en\u00ed zve\u0159ejn\u011bn\u00e9m serveru X.<\/span><\/em><\/p>\n<p><span dir=\"auto\">A-29 se snadno l\u00e9t\u00e1 a udr\u017euje a je pova\u017eov\u00e1n za jeden z nejlevn\u011bj\u0161\u00edch v\u00e1le\u010dn\u00fdch letoun\u016f na provoz. LAF v sou\u010dasn\u00e9 dob\u011b provozuje p\u011bt takov\u00fdch v\u00e1le\u010dn\u00fdch letadel, v\u0161echna darovaly Spojen\u00e9 st\u00e1ty.<\/span><\/p>\n<p><span dir=\"auto\">Libanonsk\u00e9 Super Tucano jsou vybaveny elektrooptick\u00fdmi syst\u00e9my pro denn\u00ed a no\u010dn\u00ed pozorov\u00e1n\u00ed a zam\u011b\u0159ov\u00e1n\u00ed AN\/AAQ-22 Star SAFIRE II. Jsou vyzbrojeny laserov\u011b nav\u00e1d\u011bn\u00fdmi raketami Advanced Precision Kill Weapon System (APKWS) a bombami Paveway II. Je vysoce pravd\u011bpodobn\u00e9, \u017ee A-29, kter\u00e9 provedly hl\u00eddkov\u00fd let nad S\u00fdri\u00ed, byly ozbrojeny.<\/span><\/p>\n<p><span dir=\"auto\">Izrael po p\u00e1du re\u017eimu b\u00fdval\u00e9ho prezidenta Ba\u0161sara Asada v prosinci lo\u0148sk\u00e9ho roku zni\u010dil syrsk\u00e9 arabsk\u00e9 letectvo a syrsk\u00e9 arabsk\u00e9 obrann\u00e9 s\u00edly. Zem\u011b tak z\u016fstala zcela bez protivzdu\u0161n\u00e9 obrany.<\/span><\/p>\n<p><span dir=\"auto\">Libanon od za\u010d\u00e1tku spolupracoval s novou syrskou vl\u00e1dou, a to i na vojensk\u00e9 \u00farovni. P\u0159esto od p\u00e1du Asadova re\u017eimu vypukly pod\u00e9l hranic obou zem\u00ed dv\u011b vlny smrteln\u00fdch st\u0159et\u016f, p\u0159i\u010dem\u017e Dama\u0161ek obvinil Hizball\u00e1h z naru\u0161en\u00ed syrsk\u00fdch \u00fazem\u00ed.<\/span><\/p>\n<p><span dir=\"auto\">Bejr\u00fat evidentn\u011b bere hrozby ze S\u00fdrie velmi v\u00e1\u017en\u011b. Dama\u0161ek se zd\u00e1 b\u00fdt zaujat\u00fd budov\u00e1n\u00edm vlivu v Libanonu. Ned\u00e1vn\u00e9 zpr\u00e1vy dokonce nazna\u010duj\u00ed, \u017ee syr\u0161t\u00ed islamisti\u010dt\u00ed vl\u00e1dci usiluj\u00ed o anexi \u010d\u00e1st\u00ed zem\u011b, mo\u017en\u00e1 i v r\u00e1mci dohody s Izraelem.<\/span><\/p>\n<p><img decoding=\"async\" loading=\"lazy\" class=\"alignnone size-full wp-image-1185\" src=\"http:\/\/www.infokuryr.cz\/n\/wp-content\/uploads\/2021\/04\/kuryr-podpis.png\" alt=\"\" width=\"84\" height=\"24\" \/><\/p>\n<p><img decoding=\"async\" loading=\"lazy\" class=\"wp-image-85002 aligncenter\" src=\"http:\/\/www.infokuryr.cz\/n\/wp-content\/uploads\/2025\/08\/Plakat1-212x300.jpg\" alt=\"\" width=\"686\" height=\"971\" srcset=\"https:\/\/www.infokuryr.cz\/n\/wp-content\/uploads\/2025\/08\/Plakat1-212x300.jpg 212w, https:\/\/www.infokuryr.cz\/n\/wp-content\/uploads\/2025\/08\/Plakat1-724x1024.jpg 724w, https:\/\/www.infokuryr.cz\/n\/wp-content\/uploads\/2025\/08\/Plakat1-768x1086.jpg 768w, https:\/\/www.infokuryr.cz\/n\/wp-content\/uploads\/2025\/08\/Plakat1-1086x1536.jpg 1086w, https:\/\/www.infokuryr.cz\/n\/wp-content\/uploads\/2025\/08\/Plakat1-1024x1449.jpg 1024w, https:\/\/www.infokuryr.cz\/n\/wp-content\/uploads\/2025\/08\/Plakat1.jpg 1131w\" sizes=\"(max-width: 686px) 100vw, 686px\" \/><\/p>\n<p>&nbsp;<\/p>\n","protected":false},"excerpt":{"rendered":"<p>V\u00e1le\u010dn\u00e9 letadlo libanonsk\u00e9ho letectva (LAF) 17. srpna poprv\u00e9 v historii provedlo hl\u00eddku nad S\u00fdri\u00ed, konkr\u00e9tn\u011b&#8230;<\/p>\n","protected":false},"author":2,"featured_media":85763,"comment_status":"closed","ping_status":"closed","sticky":false,"template":"","format":"standard","meta":[],"categories":[7],"tags":[447,405,147],"_links":{"self":[{"href":"https:\/\/www.infokuryr.cz\/n\/wp-json\/wp\/v2\/posts\/85762"}],"collection":[{"href":"https:\/\/www.infokuryr.cz\/n\/wp-json\/wp\/v2\/posts"}],"about":[{"href":"https:\/\/www.infokuryr.cz\/n\/wp-json\/wp\/v2\/types\/post"}],"author":[{"embeddable":true,"href":"https:\/\/www.infokuryr.cz\/n\/wp-json\/wp\/v2\/users\/2"}],"replies":[{"embeddable":true,"href":"https:\/\/www.infokuryr.cz\/n\/wp-json\/wp\/v2\/comments?post=85762"}],"version-history":[{"count":0,"href":"https:\/\/www.infokuryr.cz\/n\/wp-json\/wp\/v2\/posts\/85762\/revisions"}],"wp:featuredmedia":[{"embeddable":true,"href":"https:\/\/www.infokuryr.cz\/n\/wp-json\/wp\/v2\/media\/85763"}],"wp:attachment":[{"href":"https:\/\/www.infokuryr.cz\/n\/wp-json\/wp\/v2\/media?parent=85762"}],"wp:term":[{"taxonomy":"category","embeddable":true,"href":"https:\/\/www.infokuryr.cz\/n\/wp-json\/wp\/v2\/categories?post=85762"},{"taxonomy":"post_tag","embeddable":true,"href":"https:\/\/www.infokuryr.cz\/n\/wp-json\/wp\/v2\/tags?post=85762"}],"curies":[{"name":"wp","href":"https:\/\/api.w.org\/{rel}","templated":true}]}}