{"id":8576,"date":"2022-02-25T02:31:09","date_gmt":"2022-02-25T01:31:09","guid":{"rendered":"http:\/\/www.infokuryr.cz\/n\/?p=8576"},"modified":"2022-02-24T19:33:18","modified_gmt":"2022-02-24T18:33:18","slug":"rusko-zahajilo-vojenskou-operaci-na-ukrajine","status":"publish","type":"post","link":"https:\/\/www.infokuryr.cz\/n\/2022\/02\/25\/rusko-zahajilo-vojenskou-operaci-na-ukrajine\/","title":{"rendered":"Rusko zah\u00e1jilo vojenskou operaci na Ukrajin\u011b&#8230;"},"content":{"rendered":"<div id=\"fb-root\"><\/div>\n<h4>Rusko zah\u00e1jilo vojenskou operaci na Ukrajin\u011b, podle Vladimira Putina je c\u00edlem operace nejprve demilitarizace cel\u00e9ho st\u00e1tu a n\u00e1sledn\u011b denacifikace! Rusk\u00e1 arm\u00e1da vstoupila na Ukrajinu z Donbasu, z Krymu a z B\u011bloruska! Ukrajinsk\u00e9 letectvo, n\u00e1mo\u0159nictvo a protivzdu\u0161n\u00e1 obrana jsou kompletn\u011b zni\u010deny! Rusk\u00e9 \u00fadery raketami s plochou dr\u00e1hou letu zlikvidovaly a zni\u010dily ukrajinsk\u00e9 muni\u010dn\u00ed sklady, leti\u0161t\u011b a komunika\u010dn\u00ed infrastrukturu. P\u0159in\u00e1\u0161\u00edme exkluzivn\u00ed pln\u00e9 zn\u011bn\u00ed no\u010dn\u00edho projevu rusk\u00e9ho prezidenta p\u0159ed zah\u00e1jen\u00edm operace!<\/h4>\n<p>Rusk\u00fd prezident Vladimir Putin v noci p\u0159ekvapil cel\u00fd sv\u011bt. V no\u010dn\u00edm vystoupen\u00ed ozn\u00e1mil zah\u00e1jen\u00ed vojensk\u00e9 operace na Ukrajin\u011b. P\u0159esto\u017ee operace ofici\u00e1ln\u011b byla ozn\u00e1mena jako operace t\u00fdkaj\u00edc\u00ed se jen Don\u011bck\u00e9 a Luhansk\u00e9 lidov\u00e9 republiky, tak ve skute\u010dnosti rusk\u00e1 arm\u00e1da vstoupila a nyn\u00ed operuje na cel\u00e9m \u00fazem\u00ed Ukrajiny. C\u00edlem operace je demilitarizace a denacifikace Ukrajiny.\u00a0<strong>V prvn\u00ed f\u00e1zi m\u00e1 doj\u00edt ke zni\u010den\u00ed ukrajinsk\u00e9 arm\u00e1dy a k jej\u00edmu kompletn\u00edmu odzbrojen\u00ed.<\/strong>\u00a0Po odzbrojen\u00ed m\u00e1 na Ukrajin\u011b prob\u011bhnout proces denacifikace v re\u017eimu do\u010dasn\u00e9 okupa\u010dn\u00ed spr\u00e1vy, anebo podle modelu dosazen\u00e9 do\u010dasn\u00e9 vl\u00e1dy.<\/p>\n<figure id=\"attachment_50549\" class=\"wp-caption aligncenter\"><a href=\"https:\/\/aeronet.cz\/news\/wp-content\/uploads\/RF_TargetsUA.jpg\"><img decoding=\"async\" loading=\"lazy\" class=\"wp-image-50549 size-large\" src=\"https:\/\/aeronet.cz\/news\/wp-content\/uploads\/RF_TargetsUA-1024x626.jpg\" sizes=\"(max-width: 700px) 100vw, 700px\" srcset=\"https:\/\/aeronet.cz\/news\/wp-content\/uploads\/RF_TargetsUA-1024x626.jpg 1024w, https:\/\/aeronet.cz\/news\/wp-content\/uploads\/RF_TargetsUA-300x183.jpg 300w, https:\/\/aeronet.cz\/news\/wp-content\/uploads\/RF_TargetsUA-768x469.jpg 768w, https:\/\/aeronet.cz\/news\/wp-content\/uploads\/RF_TargetsUA-700x428.jpg 700w, https:\/\/aeronet.cz\/news\/wp-content\/uploads\/RF_TargetsUA-584x357.jpg 584w, https:\/\/aeronet.cz\/news\/wp-content\/uploads\/RF_TargetsUA-791x483.jpg 791w, https:\/\/aeronet.cz\/news\/wp-content\/uploads\/RF_TargetsUA.jpg 1280w\" alt=\"\" width=\"700\" height=\"428\" \/><\/a><figcaption class=\"wp-caption-text\">Mapa \u00fader\u016f rusk\u00e9 arm\u00e1dy k 6:00 hodin 24. 02. 2022<\/figcaption><\/figure>\n<p>Na\u0161e redakce v noci komunikovala s rusk\u00fdmi novin\u00e1\u0159i a m\u00e1me k dispozici seznam krok\u016f rusk\u00e9 arm\u00e1dy na nejbli\u017e\u0161\u00ed dny. Operace bude po \u00favodn\u00ed demilitarizaci pokra\u010dovat ustanoven\u00edm tribun\u00e1l\u016f ur\u010den\u00fdch ke st\u00edh\u00e1n\u00ed \u010dlen\u016f skupin Azov, Rona, Prav\u00fd sektor a n\u011bkolika dal\u0161\u00edch nacistick\u00fdch a banderovsk\u00fdch skupin.\u00a0<strong>Rusk\u00e1 FSB vydala podle na\u0161ich informac\u00ed zatyka\u010de na n\u011bkolik tis\u00edc Ukrajinc\u016f podez\u0159el\u00fdch z vra\u017ed a z \u00fatok\u016f na Ukrajince rusk\u00e9ho etnick\u00e9ho p\u016fvodu od roku 2014<\/strong>, v\u010detn\u011b osob, kter\u00e9 se v kv\u011btnu 2014 \u00fa\u010dastnily na masakru v Dom\u011b odbor\u016f v Od\u011bse, kde do\u0161lo k up\u00e1len\u00ed za\u017eiva n\u011bkolika des\u00edtek etnick\u00fdch Rus\u016f.<\/p>\n<h6><span style=\"font-size: 14pt;\">Opera\u010dn\u00ed pl\u00e1n rusk\u00e9 arm\u00e1dy<\/span><\/h6>\n<p>Rusko nem\u00e1 v pl\u00e1nu trvalou okupaci, ale jen v\u00e1le\u010dnou spr\u00e1vu \u00fazem\u00ed po nezbytn\u011b dlouhou dobu s c\u00edlem proveden\u00ed denacifikace Ukrajiny. Hlavn\u00edm c\u00edlem je potla\u010den\u00ed v\u0161ech hnut\u00ed na Ukrajin\u011b, kter\u00e9 glorifikuj\u00ed St\u011bpana Banderu a neonacisty glorifikuj\u00edc\u00ed kolaboranty s n\u011bmeck\u00fdm Wehrmachtem za II. sv. v\u00e1lky.\u00a0<strong>Po proveden\u00ed denacifikace Ukrajiny m\u00e1 prob\u011bhnout zm\u011bna vl\u00e1dn\u00edch struktur Ukrajiny, a to tak, aby u\u017e nikdy nebylo mo\u017en\u00e9, aby zemi \u0159\u00eddila junta<\/strong>, kter\u00e1 se v roce 2014 chopila moci za pomoci americk\u00e9ho ministerstva zahrani\u010d\u00ed. N\u00ed\u017ee je video zachycuj\u00edc\u00ed vjezd rusk\u00e9 arm\u00e1dy na Ukrajinu p\u0159es p\u0159echod v \u010cersonsk\u00e9 oblasti z Krymu.<\/p>\n<p>&nbsp;<\/p>\n<div id=\"rumble_vt45te\">\n<div id=\"vid_vt45te\" class=\"rumble_vt45te-Rumble-cls\">\n<div class=\"bigPlayUI ctp\">\n<div class=\"bigPlayUIInner ctp\"><div class='videoWrapper'>\r\n\t            <iframe src='https:\/\/rumble.com\/embed\/pj.vt45te\/' frameborder='0' allowfullscreen><\/iframe>\r\n\t        <\/div><\/div>\n<\/div>\n<\/div>\n<\/div>\n<p>&nbsp;<\/p>\n<p>Administr\u00e1tor bude pod tento \u010dl\u00e1nek postupn\u011b vkl\u00e1dat aktuality v\u00fdvoje bojov\u00e9 mapy a situace na Ukrajin\u011b tak, jak dost\u00e1v\u00e1me zpr\u00e1vy od rusk\u00fdch novin\u00e1\u0159\u016f p\u0159\u00edmo v ter\u00e9nu na Ukrajin\u011b. V\u00fdvoj se m\u011bn\u00ed ka\u017edou minutou a d\u0159\u00edve, ne\u017e dop\u00ed\u0161u \u010dl\u00e1nek, situace se zm\u011bn\u00ed a je n\u011bkde \u00fapln\u011b jinde a d\u00e1l. Tento p\u0159ekotn\u00fd v\u00fdvoj ud\u00e1lost\u00ed se tak nejl\u00e9pe pokr\u00fdv\u00e1 v koment\u00e1\u0159\u00edch.\u00a0<strong>Tento \u010dl\u00e1nek m\u00e1 za \u00fakol sezn\u00e1mit v\u00e1s s exkluzivn\u00edm a pln\u00fdm \u010desk\u00fdm p\u0159ekladem no\u010dn\u00edho projevu Vladimira Putina.<\/strong>\u00a0Jedn\u00e1 se o tlust\u00fd a hutn\u00fd konceptu\u00e1ln\u00ed materi\u00e1l, kter\u00fd je pot\u0159eba pozorn\u011b a nejl\u00e9pe 3x po sob\u011b p\u0159e\u010d\u00edst.<\/p>\n<figure id=\"attachment_50548\" class=\"wp-caption aligncenter\"><a href=\"https:\/\/aeronet.cz\/news\/wp-content\/uploads\/KharkovSuburbsRFA.jpg\"><img decoding=\"async\" loading=\"lazy\" class=\"wp-image-50548 size-large\" src=\"https:\/\/aeronet.cz\/news\/wp-content\/uploads\/KharkovSuburbsRFA-1024x768.jpg\" sizes=\"(max-width: 700px) 100vw, 700px\" srcset=\"https:\/\/aeronet.cz\/news\/wp-content\/uploads\/KharkovSuburbsRFA-1024x768.jpg 1024w, https:\/\/aeronet.cz\/news\/wp-content\/uploads\/KharkovSuburbsRFA-300x225.jpg 300w, https:\/\/aeronet.cz\/news\/wp-content\/uploads\/KharkovSuburbsRFA-768x576.jpg 768w, https:\/\/aeronet.cz\/news\/wp-content\/uploads\/KharkovSuburbsRFA-700x525.jpg 700w, https:\/\/aeronet.cz\/news\/wp-content\/uploads\/KharkovSuburbsRFA-476x357.jpg 476w, https:\/\/aeronet.cz\/news\/wp-content\/uploads\/KharkovSuburbsRFA-644x483.jpg 644w, https:\/\/aeronet.cz\/news\/wp-content\/uploads\/KharkovSuburbsRFA.jpg 1280w\" alt=\"\" width=\"700\" height=\"525\" \/><\/a><figcaption class=\"wp-caption-text\">Kontroln\u00ed bod rusk\u00e9 arm\u00e1dy na p\u0159edm\u011bst\u00ed Charkova<\/figcaption><\/figure>\n<p>Vladimir Putin v projevu odhalil, \u017ee Rusku pr\u00e1v\u011b do\u0161la se Z\u00e1padem trp\u011blivost, ale ne za posledn\u00ed dobu, ale za posledn\u00edch 30 let od rozpadu Sov\u011btsk\u00e9ho svazu.\u00a0<strong>Operace na Ukrajin\u011b je prezentace s\u00edly rusk\u00e9 arm\u00e1dy, je to uk\u00e1zka s\u00edly rusk\u00e9 arm\u00e1dy, je to varov\u00e1n\u00ed z\u00e1padu, jak efektivn\u00ed a smrtonosn\u00e9 jsou rusk\u00e9 \u00fadery a zbran\u011b.<\/strong>\u00a0Z\u00e1pad toti\u017e dlouho nevid\u011bl v Evrop\u011b s\u00edlu rusk\u00fdch \u00fader\u016f a Ukrajina je dobr\u00fdm prostorem na p\u0159edveden\u00ed v\u0161ech typ\u016f vojsk rusk\u00fdch ozbrojen\u00fdch sil. N\u00ed\u017ee je video zachycuj\u00edc\u00ed vjezd b\u011blorusk\u00e9 a rusk\u00e9 arm\u00e1dy p\u0159es p\u0159echod z B\u011bloruska.<\/p>\n<p>&nbsp;<\/p>\n<div id=\"rumble_vt465c\">\n<div id=\"vid_vt465c\" class=\"rumble_vt465c-Rumble-cls\">\n<div class=\"bigPlayUI ctp\">\n<div class=\"bigPlayUIInner ctp\"><div class='videoWrapper'>\r\n\t            <iframe src='https:\/\/rumble.com\/embed\/pj.vt465c\/' frameborder='0' allowfullscreen><\/iframe>\r\n\t        <\/div><\/div>\n<\/div>\n<\/div>\n<\/div>\n<p>&nbsp;<\/p>\n<p>NATO je podle prvn\u00edch informac\u00ed v \u0161oku z rychlosti postupu rusk\u00e9 arm\u00e1dy a z naprosto nulov\u00e9ho odporu druh\u00e9 nejv\u011bt\u0161\u00ed arm\u00e1dy v Evrop\u011b. To doslova vyvolalo \u0161ok v Bruselu, podle novin\u00e1\u0159\u016f Reuters to sd\u011blil jeden z \u010dlen\u016f sboru NATO v Bruselu mimo kameru, \u017ee no\u010dn\u00ed rusk\u00fd postup byl tak rychl\u00fd, \u017ee rusk\u00e1 arm\u00e1da by mohla celou Ukrajinu obsadit do 24 hodin, co\u017e je v rozporu se v\u0161emi odhady NATO. Ocitujme si ale nyn\u00ed neuv\u011b\u0159iteln\u00fd no\u010dn\u00ed projev prezidenta Putina.<\/p>\n<h4>Projev prezidenta Vladimira Putina k za\u010d\u00e1tku vojensk\u00e9 operace na Ukrajin\u011b<\/h4>\n<p>V\u00e1\u017een\u00ed ob\u010dan\u00e9 Ruska! V\u00e1\u017een\u00ed p\u0159\u00e1tel\u00e9!<\/p>\n<p>Dnes pova\u017euji za nutn\u00e9 se znovu vr\u00e1tit k tragick\u00fdm ud\u00e1lostem v Donbasu a ke kl\u00ed\u010dov\u00fdm ot\u00e1zk\u00e1m vlastn\u00ed bezpe\u010dnosti Ruska.<\/p>\n<p>Za\u010dnu t\u00edm, co jsem \u0159ekl ve sv\u00e9m projevu z 21. \u00fanora tohoto roku. M\u00e1m na mysli to, co n\u00e1s obzvl\u00e1\u0161t\u011b znepokojuje a znepokojuje, a to jsou z\u00e1sadn\u00ed hrozby, kter\u00e9 nezodpov\u011bdn\u00ed politici na Z\u00e1pad\u011b krok za krokem, rok za rokem, p\u0159edstavuj\u00ed pro na\u0161i zemi. M\u00e1m na mysli roz\u0161i\u0159ov\u00e1n\u00ed bloku NATO na v\u00fdchod, bl\u00edzkost jeho vojensk\u00e9 infrastruktury k rusk\u00fdm hranic\u00edm.<\/p>\n<p><strong>Je dob\u0159e zn\u00e1mo, \u017ee se ji\u017e 30 let vytrvale a trp\u011bliv\u011b sna\u017e\u00edme dos\u00e1hnout dohody s p\u0159edn\u00edmi zem\u011bmi NATO o z\u00e1sad\u00e1ch rovn\u00e9 a ned\u011bliteln\u00e9 bezpe\u010dnosti v Evrop\u011b.<\/strong>\u00a0V reakci na na\u0161e n\u00e1vrhy jsme se neust\u00e1le setk\u00e1vali bu\u010f s cynick\u00fdm klam\u00e1n\u00edm a l\u017e\u00ed, nebo s pokusy o n\u00e1tlak a vyd\u00edr\u00e1n\u00ed, zat\u00edmco Severoatlantick\u00e1 aliance se mezit\u00edm navzdory v\u0161em na\u0161im protest\u016fm a obav\u00e1m neust\u00e1le roz\u0161i\u0159uje. V\u00e1le\u010dn\u00e1 ma\u0161in\u00e9rie je v pohybu a opakuji, \u017ee se bl\u00ed\u017e\u00ed k na\u0161im hranic\u00edm.<\/p>\n<p>Pro\u010d se to v\u0161echno d\u011bje? Pro\u010d tento arogantn\u00ed postoj, kdy mluv\u00edme z pozice vlastn\u00ed v\u00fdlu\u010dnosti, neomylnosti a p\u0159\u00edpustnosti? Odkud se bere tento bezohledn\u00fd a p\u0159ehl\u00ed\u017eiv\u00fd postoj k na\u0161im z\u00e1jm\u016fm a naprosto legitimn\u00edm po\u017eadavk\u016fm?<\/p>\n<p>Odpov\u011b\u010f je jasn\u00e1, srozumiteln\u00e1 a z\u0159ejm\u00e1. Sov\u011btsk\u00fd svaz na konci 80. let oslabil a pot\u00e9 se zhroutil. Cel\u00fd pr\u016fb\u011bh tehdej\u0161\u00edch ud\u00e1lost\u00ed je pro n\u00e1s dnes dobr\u00fdm pou\u010den\u00edm; p\u0159esv\u011bd\u010div\u011b uk\u00e1zal, \u017ee ochromen\u00ed moci a v\u016fle je prvn\u00edm krokem k naprost\u00e9 degradaci a zapomn\u011bn\u00ed. Jakmile jsme na chv\u00edli ztratili sebed\u016fv\u011bru, rovnov\u00e1ha sil ve sv\u011bt\u011b byla naru\u0161ena.<\/p>\n<p>To vedlo k tomu, \u017ee p\u0159edchoz\u00ed smlouvy a dohody ji\u017e fakticky neplat\u00ed. P\u0159esv\u011bd\u010dov\u00e1n\u00ed a \u017e\u00e1dosti nepomohly. V\u0161e, co nevyhovuje hegemonovi, mocn\u00fdm, je prohl\u00e1\u0161eno za archaick\u00e9, zastaral\u00e9 a nepot\u0159ebn\u00e9. A naopak: v\u0161e, co se jim zd\u00e1 v\u00fdhodn\u00e9, je prezentov\u00e1no jako kone\u010dn\u00e1 pravda, prosazovan\u00e1 za ka\u017edou cenu, hrub\u011b, v\u0161emi prost\u0159edky. Disident\u016fm se podlamuj\u00ed kolena.<\/p>\n<p>To, o \u010dem nyn\u00ed mluv\u00edm, se net\u00fdk\u00e1 jen Ruska a nejen n\u00e1s. T\u00fdk\u00e1 se cel\u00e9ho syst\u00e9mu mezin\u00e1rodn\u00edch vztah\u016f a n\u011bkdy i samotn\u00fdch spojenc\u016f USA. Po rozpadu SSSR za\u010dalo faktick\u00e9 p\u0159erozd\u011blov\u00e1n\u00ed sv\u011bta a zaveden\u00e9 normy mezin\u00e1rodn\u00edho pr\u00e1va \u2013 a ty kl\u00ed\u010dov\u00e9, z\u00e1kladn\u00ed byly p\u0159ijaty na konci druh\u00e9 sv\u011btov\u00e9 v\u00e1lky a do zna\u010dn\u00e9 m\u00edry upevnily jej\u00ed v\u00fdsledky \u2013 za\u010daly br\u00e1nit t\u011bm, kte\u0159\u00ed se prohl\u00e1sili za v\u00edt\u011bze studen\u00e9 v\u00e1lky.<\/p>\n<p>V praktick\u00e9m \u017eivot\u011b, v mezin\u00e1rodn\u00edch vztaz\u00edch, v pravidlech jejich regulace, bylo samoz\u0159ejm\u011b t\u0159eba br\u00e1t v \u00favahu zm\u011bny ve sv\u011btov\u00e9 situaci a v samotn\u00e9 rovnov\u00e1ze sil. M\u011blo to v\u0161ak b\u00fdt provedeno profesion\u00e1ln\u011b, hladce, trp\u011bliv\u011b, s ohledem na z\u00e1jmy v\u0161ech zem\u00ed, s respektem k nim a s pochopen\u00edm jejich odpov\u011bdnosti. Ale ne \u2013 stav euforie z absolutn\u00ed nad\u0159azenosti, jak\u00fdsi modern\u00ed druh absolutismu, nav\u00edc na pozad\u00ed n\u00edzk\u00e9 \u00farovn\u011b obecn\u00e9 kultury a arogance t\u011bch, kte\u0159\u00ed p\u0159ipravovali, p\u0159ij\u00edmali a prosazovali rozhodnut\u00ed v\u00fdhodn\u00e1 jen pro n\u011b samotn\u00e9. Situace se za\u010dala vyv\u00edjet podle jin\u00e9ho sc\u00e9n\u00e1\u0159e.<\/p>\n<p>Pro p\u0159\u00edklady nemus\u00edme chodit daleko. Nejprve bez jak\u00e9hokoli povolen\u00ed Rady bezpe\u010dnosti OSN provedly krvavou vojenskou operaci proti B\u011blehradu s pou\u017eit\u00edm letadel a raket p\u0159\u00edmo v srdci Evropy. N\u011bkolik t\u00fddn\u016f nep\u0159etr\u017eit\u00e9ho bombardov\u00e1n\u00ed civiln\u00edch m\u011bst, infrastruktury podporuj\u00edc\u00ed \u017eivot. Tyto skute\u010dnosti mus\u00edme p\u0159ipom\u00ednat, proto\u017ee n\u011bkte\u0159\u00ed z\u00e1padn\u00ed kolegov\u00e9 na tyto ud\u00e1losti neradi vzpom\u00ednaj\u00ed, a kdy\u017e o nich mluv\u00edme, rad\u011bji poukazuj\u00ed nikoli na mezin\u00e1rodn\u00ed pr\u00e1vo, ale na okolnosti, kter\u00e9 si vykl\u00e1daj\u00ed podle sv\u00e9ho.<\/p>\n<p>Pak p\u0159i\u0161el na \u0159adu Ir\u00e1k, Libye a S\u00fdrie. Nelegitimn\u00ed pou\u017eit\u00ed vojensk\u00e9 s\u00edly proti Libyi a p\u0159ekroucen\u00ed v\u0161ech rozhodnut\u00ed Rady bezpe\u010dnosti OSN o libyjsk\u00e9 ot\u00e1zce vedlo k tot\u00e1ln\u00ed destrukci st\u00e1tu, vytvo\u0159en\u00ed obrovsk\u00e9ho ohniska mezin\u00e1rodn\u00edho terorismu a uvr\u017een\u00ed zem\u011b do humanit\u00e1rn\u00ed katastrofy a dlouh\u00e9 ob\u010dansk\u00e9 v\u00e1lky, kter\u00e1 st\u00e1le zu\u0159\u00ed. Trag\u00e9die, kter\u00e1 odsoudila ke zk\u00e1ze statis\u00edce, miliony lid\u00ed nejen v Libyi, ale v cel\u00e9m regionu, zp\u016fsobila masov\u00fd exodus ze severn\u00ed Afriky a Bl\u00edzk\u00e9ho v\u00fdchodu do Evropy.<\/p>\n<p>Podobn\u00fd osud \u010dekal i S\u00fdrii. Vojensk\u00e1 akce z\u00e1padn\u00ed koalice na \u00fazem\u00ed t\u00e9to zem\u011b bez souhlasu syrsk\u00e9 vl\u00e1dy a povolen\u00ed Rady bezpe\u010dnosti OSN nen\u00ed ni\u010d\u00edm jin\u00fdm ne\u017e agres\u00ed, intervenc\u00ed.<\/p>\n<p>Zvl\u00e1\u0161tn\u00ed m\u00edsto v tomto seri\u00e1lu v\u0161ak zauj\u00edm\u00e1 invaze do Ir\u00e1ku, samoz\u0159ejm\u011b tak\u00e9 bez jak\u00e9hokoli pr\u00e1vn\u00edho podkladu.\u00a0<strong>Jako z\u00e1minku si vybrali \u00fadajn\u011b spolehliv\u00e9 informace, kter\u00e9 maj\u00ed Spojen\u00e9 st\u00e1ty o p\u0159\u00edtomnosti zbran\u00ed hromadn\u00e9ho ni\u010den\u00ed v Ir\u00e1ku.<\/strong>\u00a0Aby to ve\u0159ejn\u011b p\u0159ed cel\u00fdm sv\u011btem dok\u00e1zal, zat\u0159\u00e1sl americk\u00fd ministr zahrani\u010d\u00ed jakousi tubou s b\u00edl\u00fdm pr\u00e1\u0161kem a v\u0161echny ujistil, \u017ee jde o chemickou zbra\u0148, kter\u00e1 m\u011bla b\u00fdt vyvinuta v Ir\u00e1ku. A pak se uk\u00e1zalo, \u017ee to byl podvod, blaf: v Ir\u00e1ku \u017e\u00e1dn\u00e9 chemick\u00e9 zbran\u011b nebyly. Neuv\u011b\u0159iteln\u00e9, \u00fa\u017easn\u00e9, ale faktem z\u016fst\u00e1v\u00e1. Lhalo se na nejvy\u0161\u0161\u00ed st\u00e1tn\u00ed \u00farovni i z vysok\u00e9 tribuny OSN. V\u00fdsledkem byly obrovsk\u00e9 ztr\u00e1ty, destrukce a neuv\u011b\u0159iteln\u00fd n\u00e1r\u016fst terorismu.<\/p>\n<p>Obecn\u011b se zd\u00e1, \u017ee prakticky v\u0161ude, v mnoha regionech sv\u011bta, kam Z\u00e1pad p\u0159ich\u00e1z\u00ed nastolit sv\u016fj \u0159\u00e1d, z\u016fst\u00e1vaj\u00ed v d\u016fsledku toho krvav\u00e9, nehoj\u00edc\u00ed se r\u00e1ny, bol\u00e1ky mezin\u00e1rodn\u00edho terorismu a extremismu. V\u0161e, co jsem uvedl, jsou nejk\u0159iklav\u011bj\u0161\u00ed, ale zdaleka ne jedin\u00e9 p\u0159\u00edklady nedodr\u017eov\u00e1n\u00ed mezin\u00e1rodn\u00edho pr\u00e1va.<\/p>\n<p>Mezi n\u011b pat\u0159\u00ed i sliby na\u0161\u00ed zem\u011b, \u017ee neroz\u0161\u00ed\u0159\u00ed NATO ani o p\u00ed\u010f na v\u00fdchod. Znovu opakuji: byli podvedeni, nebo lidov\u011b \u0159e\u010deno, prost\u011b odkopnuti. Ano, \u010dasto sl\u00fdch\u00e1me, \u017ee politika je \u0161pinav\u00e1 v\u011bc. Mo\u017en\u00e1, ale ne tak \u0161pinav\u00e9, ne v takov\u00e9 m\u00ed\u0159e. Takov\u00e9 podvodn\u00e9 jedn\u00e1n\u00ed je p\u0159ece v rozporu nejen se z\u00e1sadami mezin\u00e1rodn\u00edch vztah\u016f, ale p\u0159edev\u0161\u00edm s obecn\u011b uzn\u00e1van\u00fdmi mor\u00e1ln\u00edmi a etick\u00fdmi normami. Kde je spravedlnost a pravda? Nic ne\u017e l\u017ei a pokrytectv\u00ed.<\/p>\n<p><strong>Mimochodem, sami ameri\u010dt\u00ed politici, politologov\u00e9 a novin\u00e1\u0159i p\u00ed\u0161\u00ed a \u0159\u00edkaj\u00ed, \u017ee v USA se v posledn\u00edch letech vytvo\u0159ila skute\u010dn\u00e1 \u201c\u0159\u00ed\u0161e l\u017ei\u201d.<\/strong>\u00a0Je t\u011b\u017ek\u00e9 s t\u00edm nesouhlasit \u2013 je to tak. Nen\u00ed v\u0161ak t\u0159eba b\u00fdt skromn\u00fd: USA jsou st\u00e1le velkou zem\u00ed, mocnost\u00ed, kter\u00e1 vytv\u00e1\u0159\u00ed syst\u00e9m. Jeho satelit\u00e9 nejen\u017ee se mu pokorn\u011b a poslu\u0161n\u011b pod\u0159izuj\u00ed, p\u0159i ka\u017ed\u00e9 p\u0159\u00edle\u017eitosti zp\u00edvaj\u00ed, ale tak\u00e9 kop\u00edruj\u00ed jeho chov\u00e1n\u00ed a nad\u0161en\u011b p\u0159ij\u00edmaj\u00ed j\u00edm navrhovan\u00e1 pravidla. Proto lze s jistotou \u0159\u00edci, \u017ee cel\u00fd takzvan\u00fd z\u00e1padn\u00ed blok, kter\u00fd USA vytvo\u0159ily k obrazu sv\u00e9mu, je stejnou \u201c\u0159\u00ed\u0161\u00ed l\u017ei\u201d.<\/p>\n<p>Pokud jde o na\u0161i zemi, po rozpadu SSSR se n\u00e1s p\u0159i v\u0161\u00ed neb\u00fdval\u00e9 otev\u0159enosti nov\u00e9ho modern\u00edho Ruska a jeho ochot\u011b poctiv\u011b spolupracovat s USA a dal\u0161\u00edmi z\u00e1padn\u00edmi partnery a v podm\u00ednk\u00e1ch fakticky jednostrann\u00e9ho odzbrojen\u00ed okam\u017eit\u011b pokusili rozdrtit, vy\u0159\u00eddit a nadobro zni\u010dit. P\u0159esn\u011b to se stalo v 90. letech a na po\u010d\u00e1tku nov\u00e9ho tis\u00edcilet\u00ed, kdy takzvan\u00fd kolektivn\u00ed Z\u00e1pad aktivn\u011b podporoval separatismus a \u017eold\u00e1ck\u00e9 bandy na jihu Ruska. Jak\u00e9 ob\u011bti a ztr\u00e1ty n\u00e1s to st\u00e1lo, jak\u00fdmi zkou\u0161kami jsme museli proj\u00edt, ne\u017e jsme kone\u010dn\u011b zlomili h\u0159bet mezin\u00e1rodn\u00edmu terorismu na Kavkaze. Pamatujeme si to a nikdy na to nezapomeneme.<\/p>\n<p>Ve skute\u010dnosti je\u0161t\u011b doned\u00e1vna neust\u00e1valy pokusy vyu\u017e\u00edt n\u00e1s ve sv\u00e9m z\u00e1jmu, zni\u010dit na\u0161e tradi\u010dn\u00ed hodnoty a vnutit n\u00e1m sv\u00e9 pseudohodnoty, kter\u00e9 by n\u00e1s, n\u00e1\u0161 lid, rozleptaly zevnit\u0159, ty postoje, kter\u00e9 u\u017e agresivn\u011b vnucuj\u00ed ve sv\u00fdch zem\u00edch a kter\u00e9 p\u0159\u00edmo vedou k degradaci a degeneraci, proto\u017ee jsou proti samotn\u00e9 lidsk\u00e9 p\u0159irozenosti. To se nestane, nikdy to nikomu nefungovalo. Neusp\u011bje ani nyn\u00ed.<\/p>\n<p>Navzdory v\u0161emu jsme se v prosinci 2021 znovu pokusili dos\u00e1hnout dohody s USA a jejich spojenci o z\u00e1sad\u00e1ch bezpe\u010dnosti v Evrop\u011b a o ne\u0161\u00ed\u0159en\u00ed jadern\u00fdch zbran\u00ed v NATO. V\u0161e marn\u011b. Postoj USA se nezm\u011bnil. Nepova\u017euj\u00ed za nutn\u00e9 dos\u00e1hnout dohody s Ruskem v t\u00e9to pro n\u00e1s kl\u00ed\u010dov\u00e9 ot\u00e1zce, sleduj\u00ed sv\u00e9 vlastn\u00ed c\u00edle a neberou ohled na na\u0161e z\u00e1jmy.<\/p>\n<p>A v t\u00e9to situaci samoz\u0159ejm\u011b vyvst\u00e1v\u00e1 ot\u00e1zka: co d\u011blat d\u00e1l, co o\u010dek\u00e1vat? Z historie dob\u0159e v\u00edme, \u017ee Sov\u011btsk\u00fd svaz v roce 1940 a na po\u010d\u00e1tku roku 41 d\u011blal v\u0161e pro to, aby zabr\u00e1nil nebo alespo\u0148 odd\u00e1lil vypuknut\u00ed v\u00e1lky. K tomu pat\u0159\u00ed i snaha doslova do posledn\u00ed chv\u00edle neprovokovat potenci\u00e1ln\u00edho agresora, neprov\u00e1d\u011bt nebo odkl\u00e1dat nejnutn\u011bj\u0161\u00ed, samoz\u0159ejm\u00e9 kroky k p\u0159\u00edprav\u011b na odra\u017een\u00ed nevyhnuteln\u00e9ho \u00fatoku. A kroky, kter\u00e9 byly nakonec p\u0159ijaty, byly katastrof\u00e1ln\u011b opo\u017ed\u011bn\u00e9.<\/p>\n<p>V d\u016fsledku toho nebyla zem\u011b pln\u011b p\u0159ipravena na invazi nacistick\u00e9ho N\u011bmecka, kter\u00e9 22. \u010dervna 1941 napadlo na\u0161i vlast bez vyhl\u00e1\u0161en\u00ed v\u00e1lky. Nep\u0159\u00edtel byl zastaven a pot\u00e9 rozdrcen, ale za cenu obrovsk\u00fdch ztr\u00e1t. Snaha zavd\u011b\u010dit se agresorovi v p\u0159edve\u010der Velk\u00e9 vlasteneck\u00e9 v\u00e1lky byla chybou, kter\u00e1 n\u00e1\u0161 n\u00e1rod p\u0159i\u0161la draho. V prvn\u00edch m\u011bs\u00edc\u00edch boj\u016f jsme ztratili rozs\u00e1hl\u00e1 strategicky d\u016fle\u017eit\u00e1 \u00fazem\u00ed a miliony lid\u00ed. Podruh\u00e9 u\u017e takovou chybu neud\u011bl\u00e1me, nem\u00e1me na to pr\u00e1vo.<\/p>\n<p>Ti, kdo usiluj\u00ed o sv\u011btovl\u00e1du, n\u00e1s, Rusko, ve\u0159ejn\u011b, beztrestn\u011b a, zd\u016fraz\u0148uji, bez jak\u00e9hokoli zd\u016fvodn\u011bn\u00ed prohla\u0161uj\u00ed za sv\u00e9ho nep\u0159\u00edtele. Dnes maj\u00ed skute\u010dn\u011b velk\u00e9 finan\u010dn\u00ed, v\u011bdeck\u00e9, technologick\u00e9 a vojensk\u00e9 mo\u017enosti. Jsme si toho v\u011bdomi a objektivn\u011b hodnot\u00edme hrozby, kter\u00e9 na na\u0161i adresu v oblasti ekonomiky neust\u00e1le zazn\u00edvaj\u00ed, stejn\u011b jako na\u0161i schopnost tomuto drz\u00e9mu a permanentn\u00edmu vyd\u00edr\u00e1n\u00ed odol\u00e1vat. Opakuji, \u017ee je hodnot\u00edme bez iluz\u00ed, velmi realisticky.<\/p>\n<p>Ve vojensk\u00e9 oblasti je sou\u010dasn\u00e9 Rusko i po rozpadu SSSR a ztr\u00e1t\u011b velk\u00e9 \u010d\u00e1sti sv\u00e9ho potenci\u00e1lu dnes jednou z nejsiln\u011bj\u0161\u00edch jadern\u00fdch mocnost\u00ed na sv\u011bt\u011b a nav\u00edc m\u00e1 ur\u010dit\u00e9 v\u00fdhody v \u0159ad\u011b nejmodern\u011bj\u0161\u00edch zbran\u00ed. Proto by nem\u011blo b\u00fdt pochyb o tom, \u017ee p\u0159\u00edm\u00fd \u00fatok na na\u0161i zemi by vedl k por\u00e1\u017ece a hroziv\u00fdm n\u00e1sledk\u016fm pro p\u0159\u00edpadn\u00e9ho agresora.<\/p>\n<p>Technologie, v\u010detn\u011b t\u011bch obrann\u00fdch, se v\u0161ak rychle m\u011bn\u00ed. Veden\u00ed v t\u00e9to oblasti se m\u011bnilo a bude m\u011bnit z ruky do ruky, ale vojensk\u00fd rozvoj \u00fazem\u00ed p\u0159il\u00e9haj\u00edc\u00edch k na\u0161im hranic\u00edm, pokud ho p\u0159ipust\u00edme, z\u016fstane po dal\u0161\u00ed desetilet\u00ed, mo\u017en\u00e1 nav\u017edy, a bude pro Rusko p\u0159edstavovat st\u00e1le v\u011bt\u0161\u00ed, naprosto nep\u0159ijatelnou hrozbu.<\/p>\n<p>Ji\u017e nyn\u00ed, kdy se NATO roz\u0161i\u0159uje na v\u00fdchod, je situace pro na\u0161i zemi rok od roku hor\u0161\u00ed a nebezpe\u010dn\u011bj\u0161\u00ed. Veden\u00ed NATO nav\u00edc v posledn\u00edch dnech v\u00fdslovn\u011b hovo\u0159\u00ed o nutnosti urychlit a prosadit postup alian\u010dn\u00ed infrastruktury sm\u011brem k rusk\u00fdm hranic\u00edm. Jin\u00fdmi slovy \u2013 zp\u0159\u00eds\u0148uj\u00ed sv\u016fj postoj. U\u017e nem\u016f\u017eeme jen sledovat, co se d\u011bje. Bylo by to od n\u00e1s naprosto nezodpov\u011bdn\u00e9.<\/p>\n<p><strong>Dal\u0161\u00ed roz\u0161i\u0159ov\u00e1n\u00ed infrastruktury Severoatlantick\u00e9 aliance, zapo\u010dat\u00fd vojensk\u00fd rozvoj \u00fazem\u00ed Ukrajiny, je pro n\u00e1s nep\u0159ijateln\u00fd.<\/strong>\u00a0Probl\u00e9m ov\u0161em nen\u00ed v samotn\u00e9 organizaci NATO \u2013 ta je pouze n\u00e1strojem zahrani\u010dn\u00ed politiky USA. Probl\u00e9m je v tom, \u017ee na \u00fazem\u00ed soused\u00edc\u00edm s na\u0161\u00edm \u2013 podot\u00fdk\u00e1m, \u017ee na na\u0161em vlastn\u00edm historick\u00e9m \u00fazem\u00ed \u2013 se vytv\u00e1\u0159\u00ed \u201cprotirusk\u00fd\u201d st\u00e1t, kter\u00fd je pln\u011b pod kontrolou zven\u010d\u00ed, je intenzivn\u011b osidlov\u00e1n ozbrojen\u00fdmi silami zem\u00ed NATO a napumpov\u00e1n nejmodern\u011bj\u0161\u00edmi zbran\u011bmi.<\/p>\n<p>Pro USA a jejich spojence se jedn\u00e1 o tzv. politiku zadr\u017eov\u00e1n\u00ed Ruska, co\u017e je z\u0159ejm\u00e1 geopolitick\u00e1 dividenda. Pro na\u0161i zemi je to v\u0161ak nakonec ot\u00e1zka \u017eivota a smrti, ot\u00e1zka na\u0161\u00ed historick\u00e9 budoucnosti jako n\u00e1roda. A to nen\u00ed p\u0159eh\u00e1n\u011bn\u00ed \u2013 tak to prost\u011b je. To je skute\u010dn\u00e9 ohro\u017een\u00ed nejen na\u0161ich z\u00e1jm\u016f, ale i samotn\u00e9 existence na\u0161eho st\u00e1tu, jeho suverenity. To je \u010derven\u00e1 linie, o kter\u00e9 se opakovan\u011b hovo\u0159\u00ed. P\u0159ekro\u010dili ji.<\/p>\n<p>V t\u00e9to souvislosti je t\u0159eba zm\u00ednit situaci v Donbasu. Vid\u00edme, \u017ee s\u00edly, kter\u00e9 v roce 2014 provedly na Ukrajin\u011b st\u00e1tn\u00ed p\u0159evrat, chopily se moci a udr\u017eely si ji pomoc\u00ed v podstat\u011b dekorativn\u00edch volebn\u00edch procedur, definitivn\u011b odm\u00edtly \u0159e\u0161it konflikt m\u00edrovou cestou. Osm let, nekone\u010dn\u011b dlouh\u00fdch osm let, jsme d\u011blali v\u0161e pro to, aby se situace vy\u0159e\u0161ila m\u00edrovou, politickou cestou. V\u0161e marn\u011b.<\/p>\n<p>Jak jsem \u0159ekl ve sv\u00e9m p\u0159edchoz\u00edm projevu, na to, co se tam d\u011bje, se nelze d\u00edvat bez soucitu. U\u017e se to prost\u011b nedalo vydr\u017eet. Bylo nutn\u00e9 okam\u017eit\u011b zastavit tuto no\u010dn\u00ed m\u016fru \u2013 genocidu milion\u016f lid\u00ed, kte\u0159\u00ed tam \u017eij\u00ed a kte\u0159\u00ed doufaj\u00ed jen v Rusko, kte\u0159\u00ed doufaj\u00ed jen ve v\u00e1s a ve mne. Pr\u00e1v\u011b tyto touhy, pocity a bolest lid\u00ed byly hlavn\u00ed motivac\u00ed pro na\u0161e rozhodnut\u00ed uznat lidov\u00e9 republiky Donbasu.<\/p>\n<p>Co\u017e je podle m\u00e9ho n\u00e1zoru d\u016fle\u017eit\u00e9 d\u00e1le zd\u016fraznit. P\u0159edn\u00ed zem\u011b NATO v z\u00e1jmu dosa\u017een\u00ed sv\u00fdch c\u00edl\u016f podporuj\u00ed na Ukrajin\u011b extr\u00e9mn\u00ed nacionalisty a neonacisty, kte\u0159\u00ed zase nikdy neodpust\u00ed obyvatel\u016fm Krymu a Sevastopolu jejich svobodnou volbu sjednotit se s Ruskem.<\/p>\n<p>Samoz\u0159ejm\u011b, \u017ee p\u016fjdou na Krym, stejn\u011b jako na Donbas, s v\u00e1lkou, aby zab\u00edjeli, jako zab\u00edjely trestn\u00e9 bandy ukrajinsk\u00fdch nacionalist\u016f, Hitlerov\u00fdch kolaborant\u016f za Velk\u00e9 vlasteneck\u00e9 v\u00e1lky, bezbrann\u00e9 lidi. Otev\u0159en\u011b se hl\u00e1s\u00ed i ke sv\u00fdm n\u00e1rok\u016fm na celou \u0159adu dal\u0161\u00edch rusk\u00fdch \u00fazem\u00ed.<\/p>\n<p>Cel\u00fd v\u00fdvoj ud\u00e1lost\u00ed a anal\u00fdza p\u0159ich\u00e1zej\u00edc\u00edch informac\u00ed ukazuje, \u017ee st\u0159et mezi Ruskem a t\u011bmito silami je nevyhnuteln\u00fd. Je to jen ot\u00e1zka \u010dasu: p\u0159ipravuj\u00ed se, \u010dekaj\u00ed na vhodn\u00fd okam\u017eik. Nyn\u00ed tak\u00e9 tvrd\u00ed, \u017ee vlastn\u00ed jadern\u00e9 zbran\u011b. To nedopust\u00edme.<\/p>\n<p>Jak jsem ji\u017e \u0159ekl, Rusko p\u0159ijalo novou geopolitickou realitu po rozpadu SSSR. Respektujeme a budeme respektovat v\u0161echny nov\u011b vznikl\u00e9 zem\u011b v postsov\u011btsk\u00e9m prostoru. Respektujeme a budeme respektovat jejich svrchovanost a p\u0159\u00edkladem toho je pomoc, kterou jsme poskytli Kazachst\u00e1nu, jen\u017e \u010delil tragick\u00fdm ud\u00e1lostem a v\u00fdzv\u00e1m, kter\u00e9 ohro\u017eovaly jeho st\u00e1tnost a celistvost. Rusko se v\u0161ak nem\u016f\u017ee c\u00edtit bezpe\u010dn\u011b, nem\u016f\u017ee se rozv\u00edjet, nem\u016f\u017ee existovat, kdy\u017e z \u00fazem\u00ed dne\u0161n\u00ed Ukrajiny p\u0159ich\u00e1z\u00ed neust\u00e1l\u00e1 hrozba.<\/p>\n<p>Dovolte mi p\u0159ipomenout, \u017ee v letech 2000-2005 jsme vojensky bojovali proti terorist\u016fm na Kavkaze, br\u00e1nili jsme celistvost na\u0161eho st\u00e1tu a udr\u017eeli jsme Rusko nedot\u010den\u00e9. V roce 2014 jsme podpo\u0159ili obyvatele Krymu a Sevastopolu. V roce 2015 jsme pomoc\u00ed na\u0161ich ozbrojen\u00fdch sil postavili spolehlivou bari\u00e9ru pronik\u00e1n\u00ed terorist\u016f ze S\u00fdrie do Ruska. Nem\u011bli jsme jinou mo\u017enost, jak se br\u00e1nit.<\/p>\n<p>Tot\u00e9\u017e se d\u011bje i nyn\u00ed. V\u00e1m a mn\u011b prost\u011b nezbyl jin\u00fd zp\u016fsob obrany Ruska a na\u0161eho lidu ne\u017e ten, kter\u00fd jsme nuceni pou\u017e\u00edvat dnes. Okolnosti vy\u017eaduj\u00ed, abychom jednali rozhodn\u011b a okam\u017eit\u011b. Donbask\u00e9 lidov\u00e9 republiky po\u017e\u00e1daly Rusko o pomoc.<\/p>\n<p>V t\u00e9to souvislosti jsem v souladu s \u010dl\u00e1nkem 51 \u010d\u00e1sti 7 Charty Organizace spojen\u00fdch n\u00e1rod\u016f, se souhlasem Rady federace Ruska a v r\u00e1mci pln\u011bn\u00ed smluv o p\u0159\u00e1telstv\u00ed a vz\u00e1jemn\u00e9 pomoci s Don\u011bckou lidovou republikou a Luhanskou lidovou republikou, ratifikovan\u00fdch Feder\u00e1ln\u00edm shrom\u00e1\u017ed\u011bn\u00edm 22. \u00fanora tohoto roku, p\u0159ijal rozhodnut\u00ed o proveden\u00ed zvl\u00e1\u0161tn\u00ed vojensk\u00e9 operace.<\/p>\n<p>Jej\u00edm c\u00edlem je chr\u00e1nit lidi, kte\u0159\u00ed jsou ji\u017e osm let vystaveni zneu\u017e\u00edv\u00e1n\u00ed a genocid\u011b ze strany kyjevsk\u00e9ho re\u017eimu.\u00a0<strong>Za t\u00edmto \u00fa\u010delem budeme usilovat o demilitarizaci a denacifikaci Ukrajiny a postav\u00edme p\u0159ed soud ty, kdo se dopustili \u010detn\u00fdch krvav\u00fdch zlo\u010din\u016f proti civiln\u00edmu obyvatelstvu, v\u010detn\u011b ob\u010dan\u016f Rusk\u00e9 federace.<\/strong><\/p>\n<p>Na\u0161e pl\u00e1ny z\u00e1rove\u0148 nepo\u010d\u00edtaj\u00ed s okupac\u00ed ukrajinsk\u00fdch \u00fazem\u00ed. Nem\u00e1me v \u00famyslu nikomu nic vnucovat n\u00e1sil\u00edm. Z\u00e1rove\u0148 v posledn\u00ed dob\u011b na Z\u00e1pad\u011b st\u00e1le \u010dast\u011bji sly\u0161\u00edme, \u017ee dokumenty podepsan\u00e9 sov\u011btsk\u00fdm totalitn\u00edm re\u017eimem, kter\u00e9 zakotvuj\u00ed v\u00fdsledky druh\u00e9 sv\u011btov\u00e9 v\u00e1lky, by se ji\u017e nem\u011bly uplat\u0148ovat. Jak\u00e1 je na to odpov\u011b\u010f?<\/p>\n<p>V\u00fdsledek druh\u00e9 sv\u011btov\u00e9 v\u00e1lky je posv\u00e1tn\u00fd, stejn\u011b jako ob\u011bti, kter\u00e9 na\u0161i lid\u00e9 p\u0159inesli na olt\u00e1\u0159 v\u00edt\u011bzstv\u00ed nad nacismem. To v\u0161ak nen\u00ed v rozporu s vysok\u00fdmi hodnotami lidsk\u00fdch pr\u00e1v a svobod, kter\u00e9 vych\u00e1zej\u00ed z reality pov\u00e1le\u010dn\u00fdch desetilet\u00ed. Nep\u0159ekra\u010duje ani pr\u00e1vo n\u00e1rod\u016f na sebeur\u010den\u00ed zakotven\u00e9 v \u010dl\u00e1nku 1 Charty OSN.<\/p>\n<p>Dovolte mi p\u0159ipomenout, \u017ee ani p\u0159i vzniku SSSR, ani po druh\u00e9 sv\u011btov\u00e9 v\u00e1lce se nikdo neptal lid\u00ed \u017eij\u00edc\u00edch na \u00fazem\u00edch, kter\u00e1 tvo\u0159\u00ed dne\u0161n\u00ed Ukrajinu, jak cht\u011bj\u00ed uspo\u0159\u00e1dat sv\u016fj \u017eivot. Na\u0161e politika je zalo\u017eena na svobod\u011b, na svobod\u011b volby pro ka\u017ed\u00e9ho, aby mohl rozhodovat o sv\u00e9 budoucnosti a budoucnosti sv\u00fdch d\u011bt\u00ed. A v\u011b\u0159\u00edme, \u017ee je to d\u016fle\u017eit\u00e9 pro v\u0161echny n\u00e1rody \u017eij\u00edc\u00ed na \u00fazem\u00ed dne\u0161n\u00ed Ukrajiny, pro v\u0161echny, kte\u0159\u00ed cht\u011bj\u00ed toto pr\u00e1vo \u2013 pr\u00e1vo volby \u2013 uplatnit.<\/p>\n<p>V t\u00e9to souvislosti se obrac\u00edm tak\u00e9 na ob\u010dany Ukrajiny. V roce 2014 m\u011blo Rusko povinnost chr\u00e1nit obyvatele Krymu a Sevastopolu p\u0159ed t\u011bmi, kter\u00e9 vy s\u00e1m naz\u00fdv\u00e1te \u201cnacisty\u201d. Obyvatel\u00e9 Krymu a Sevastopolu se rozhodli pro svou historickou vlast, pro Rusko, a my jsme je podpo\u0159ili. Op\u011bt jsme prost\u011b nemohli jinak.<\/p>\n<p>Dne\u0161n\u00ed ud\u00e1losti nejsou o poru\u0161ov\u00e1n\u00ed z\u00e1jm\u016f Ukrajiny a ukrajinsk\u00e9ho lidu. Jde o ochranu samotn\u00e9ho Ruska p\u0159ed t\u011bmi, kdo si vzali Ukrajinu jako rukojm\u00ed a sna\u017e\u00ed se ji vyu\u017e\u00edt proti na\u0161\u00ed zemi a jej\u00edmu lidu.<\/p>\n<p>Na\u0161e akce jsou op\u011bt sebeobranou proti hrozb\u00e1m, kter\u00e9 n\u00e1m hroz\u00ed, a proti je\u0161t\u011b v\u011bt\u0161\u00edmu ne\u0161t\u011bst\u00ed, ne\u017e jak\u00e9 se d\u011bje dnes. Jakkoli je to t\u011b\u017ek\u00e9, \u017e\u00e1d\u00e1m v\u00e1s, abyste to pochopili, a vyz\u00fdv\u00e1m v\u00e1s ke spolupr\u00e1ci, abychom mohli co nejd\u0159\u00edve obr\u00e1tit tuto tragickou str\u00e1nku a postupovat spole\u010dn\u011b vp\u0159ed, nedovolit nikomu zasahovat do na\u0161ich z\u00e1le\u017eitost\u00ed, do na\u0161ich vztah\u016f, ale budovat je samostatn\u011b, aby to vytv\u00e1\u0159elo nezbytn\u00e9 podm\u00ednky pro p\u0159ekon\u00e1n\u00ed v\u0161ech probl\u00e9m\u016f a navzdory st\u00e1tn\u00edm hranic\u00edm n\u00e1s to zevnit\u0159 posilovalo jako jeden jednotn\u00fd celek. V\u011b\u0159\u00edm v to \u2013 je to na\u0161e budoucnost.<\/p>\n<p>Mus\u00edm se tak\u00e9 obr\u00e1tit na voj\u00e1ky ozbrojen\u00fdch sil Ukrajiny.<\/p>\n<p>Soudruzi! Va\u0161i otcov\u00e9, d\u011bdov\u00e9 a prad\u011bdov\u00e9 nebojovali proti nacist\u016fm a nebr\u00e1nili na\u0161i spole\u010dnou vlast proto, aby se dne\u0161n\u00ed neonacist\u00e9 mohli chopit moci na Ukrajin\u011b.\u00a0<strong>P\u0159\u00edsahali jste v\u011brnost ukrajinsk\u00e9mu lidu, a ne protilidov\u00e9 junt\u011b, kter\u00e1 Ukrajinu okr\u00e1d\u00e1 a \u0161ikanuje pr\u00e1v\u011b tento lid.<\/strong><\/p>\n<p>Nevykon\u00e1vejte jeho trestn\u00ed p\u0159\u00edkazy. Vyz\u00fdv\u00e1m v\u00e1s, abyste okam\u017eit\u011b slo\u017eili zbran\u011b a vr\u00e1tili se dom\u016f. Dovolte mi, abych up\u0159esnil: v\u0161ichni p\u0159\u00edslu\u0161n\u00edci ukrajinsk\u00e9 arm\u00e1dy, kte\u0159\u00ed spln\u00ed tento po\u017eadavek, budou moci bez p\u0159ek\u00e1\u017eek opustit v\u00e1le\u010dnou z\u00f3nu a vr\u00e1tit se ke sv\u00fdm rodin\u00e1m.<\/p>\n<p>Je\u0161t\u011b jednou zd\u016fraz\u0148uji: ve\u0161kerou odpov\u011bdnost za p\u0159\u00edpadn\u00e9 krveprolit\u00ed bude m\u00edt na sv\u011bdom\u00ed re\u017eim vl\u00e1dnouc\u00ed na \u00fazem\u00ed Ukrajiny.<\/p>\n<p>Nyn\u00ed n\u011bkolik d\u016fle\u017eit\u00fdch, velmi d\u016fle\u017eit\u00fdch slov pro ty, kte\u0159\u00ed mohou b\u00fdt v poku\u0161en\u00ed zven\u010d\u00ed zasahovat do prob\u00edhaj\u00edc\u00edch ud\u00e1lost\u00ed.\u00a0<strong>Kdokoli se pokus\u00ed zas\u00e1hnout do na\u0161ich z\u00e1le\u017eitost\u00ed, nato\u017e ohrozit na\u0161i zemi a na\u0161e lidi, mus\u00ed v\u011bd\u011bt, \u017ee reakce Ruska bude okam\u017eit\u00e1 a povede v\u00e1s k n\u00e1sledk\u016fm, s nimi\u017e jste se ve sv\u00e9 historii je\u0161t\u011b nesetkali!<\/strong>\u00a0Jsme p\u0159ipraveni na jak\u00fdkoli v\u00fdvoj ud\u00e1lost\u00ed. V tomto ohledu byla p\u0159ijata v\u0161echna nezbytn\u00e1 rozhodnut\u00ed. Douf\u00e1m, \u017ee budu vysly\u0161en.<\/p>\n<h6><span style=\"font-size: 14pt;\">V\u00e1\u017een\u00ed ob\u010dan\u00e9 Ruska!<\/span><\/h6>\n<p>Blahobyt, samotn\u00e1 existence cel\u00fdch st\u00e1t\u016f a n\u00e1rod\u016f, jejich \u00fasp\u011bch a \u017eivotaschopnost v\u017edy pramen\u00ed z mocn\u00e9ho ko\u0159enov\u00e9ho syst\u00e9mu jejich kultury a hodnot, ze zku\u0161enost\u00ed a tradic jejich p\u0159edk\u016f a samoz\u0159ejm\u011b p\u0159\u00edmo z\u00e1vis\u00ed na schopnosti rychle se p\u0159izp\u016fsobovat neust\u00e1le se m\u011bn\u00edc\u00edmu \u017eivotu, na soudr\u017enosti spole\u010dnosti, na jej\u00ed ochot\u011b konsolidovat se, spojit v\u0161echny s\u00edly, aby mohla j\u00edt vp\u0159ed.<\/p>\n<p>S\u00edly je t\u0159eba v\u017edy \u2013 v\u017edy \u2013 ale s\u00edla m\u016f\u017ee b\u00fdt r\u016fzn\u00e9 kvality. Politika \u201c\u0159\u00ed\u0161e l\u017ei\u201d, o n\u00ed\u017e jsem hovo\u0159il na za\u010d\u00e1tku sv\u00e9ho projevu, je zalo\u017eena p\u0159edev\u0161\u00edm na hrub\u00e9 a p\u0159\u00edm\u00e9 s\u00edle. V takov\u00fdch p\u0159\u00edpadech \u0159\u00edk\u00e1me: \u201cM\u00e1\u0161 moc, nepot\u0159ebuje\u0161 inteligenci\u201d.<\/p>\n<p>Ale vy i j\u00e1 v\u00edme, \u017ee skute\u010dn\u00e1 s\u00edla spo\u010d\u00edv\u00e1 ve spravedlnosti a pravd\u011b, kter\u00e9 jsou na na\u0161\u00ed stran\u011b. A pokud je to pravda, pak je t\u011b\u017ek\u00e9 nesouhlasit s t\u00edm, \u017ee s\u00edla a ochota bojovat jsou z\u00e1kladem nez\u00e1vislosti a suverenity, nezbytn\u00fdm z\u00e1kladem, na kter\u00e9m jedin\u00e9m lze budovat svou budoucnost, sv\u016fj domov, svou rodinu, svou vlast.<\/p>\n<h6><span style=\"font-size: 14pt;\">V\u00e1\u017een\u00ed krajan\u00e9!<\/span><\/h6>\n<p>Jsem si jist, \u017ee voj\u00e1ci a d\u016fstojn\u00edci rusk\u00fdch ozbrojen\u00fdch sil, kte\u0159\u00ed jsou v\u011brni sv\u00e9 zemi, budou plnit sv\u00e9 povinnosti profesion\u00e1ln\u011b a odv\u00e1\u017en\u011b. Nepochybuji o tom, \u017ee v\u0161echny \u00farovn\u011b moci a odborn\u00edci odpov\u011bdn\u00ed za stabilitu na\u0161\u00ed ekonomiky, finan\u010dn\u00edho syst\u00e9mu a soci\u00e1ln\u00ed sf\u00e9ry, stejn\u011b jako vedouc\u00ed p\u0159edstavitel\u00e9 na\u0161ich spole\u010dnost\u00ed a cel\u00e9ho rusk\u00e9ho byznysu budou pracovat harmonicky a efektivn\u011b. Spol\u00e9h\u00e1m na konsolidovan\u00fd, vlasteneck\u00fd postoj v\u0161ech parlamentn\u00edch stran a ve\u0159ejn\u00fdch sil.<\/p>\n<p>Koneckonc\u016f, jak tomu bylo v\u017edy v historii, osud Ruska je ve schopn\u00fdch rukou na\u0161eho mnohon\u00e1rodnostn\u00edho lidu. To znamen\u00e1, \u017ee rozhodnut\u00ed, kter\u00e1 jsme p\u0159ijali, budou realizov\u00e1na, na\u0161ich c\u00edl\u016f bude dosa\u017eeno a bezpe\u010dnost na\u0161\u00ed vlasti bude spolehliv\u011b zaru\u010dena.<\/p>\n<p><strong>V\u011b\u0159\u00edm ve va\u0161i podporu a v nep\u0159emo\u017eitelnou s\u00edlu, kterou n\u00e1m d\u00e1v\u00e1 l\u00e1ska k na\u0161\u00ed vlasti.<\/strong><\/p>\n<p>V. V. Putin<\/p>\n<h6><span style=\"font-size: 14pt;\">Ukrajina bude ruskou arm\u00e1dou zresetov\u00e1na p\u0159ed rok 2014<\/span><\/h6>\n<p>Tento projev uveden\u00fd v\u00fd\u0161e je velice dlouh\u00fd a pat\u0159\u00ed do skupiny tzv. tlust\u00fdch text\u016f, nebo-li tlust\u00fdch knih. Pokuste se jej p\u0159e\u010d\u00edst pozorn\u011b a pomalu, proto\u017ee v n\u011bm objev\u00edte celou ruskou du\u0161i. A m\u016f\u017eete ji potom porovnat s du\u0161\u00ed \u010deskou, slovenskou, prost\u011b s jakoukoliv jinou.\u00a0<strong>Rusko je hlavn\u00edm pil\u00ed\u0159em Rusk\u00e9ho \u017eidovsk\u00e9ho kongresu a p\u0159esn\u011b podle slov Igora Strelkova do\u0161lo k tomu na Ukrajin\u011b, k \u010demu m\u011blo doj\u00edt ji\u017e v roce 2014.<\/strong>\u00a0Jen\u017ee procesy nad Ukrajinou i Ruskem \u0159\u00edd\u00ed z\u00e1kulisn\u00ed procesy \u0159\u00edzen\u00ed, kter\u00e9 d\u00e1vaj\u00ed povely k pou\u017eit\u00ed proces\u016f \u0159\u00edzen\u00ed na 6. priorit\u011b jenom velmi v\u00fdjime\u010dn\u011b. N\u00ed\u017ee je video zachycuj\u00edc\u00ed \u00fader rusk\u00e9 rakety s plochou dr\u00e1hou letu v Ivano-Frankivsku.<\/p>\n<p>&nbsp;<\/p>\n<div id=\"rumble_vt46ep\">\n<div id=\"vid_vt46ep\" class=\"rumble_vt46ep-Rumble-cls\">\n<div class=\"bigPlayUI ctp\">\n<div class=\"bigPlayUIInner ctp\"><div class='videoWrapper'>\r\n\t            <iframe src='https:\/\/rumble.com\/embed\/pj.vt46ep\/' frameborder='0' allowfullscreen><\/iframe>\r\n\t        <\/div><\/div>\n<\/div>\n<\/div>\n<\/div>\n<p>&nbsp;<\/p>\n<p>Na t\u00e9to priorit\u011b se toti\u017e m\u016f\u017ee st\u00e1t cokoliv. Po skon\u010den\u00ed operace na Ukrajin\u011b se k moci dostanou op\u011bt ti, kte\u0159\u00ed to cel\u00e9 \u0159\u00edd\u00ed. Z\u00e1st\u011bry odejdou a p\u0159ijdou \u010depce. Takov\u00e1 je realita. V\u00e1lka nen\u00ed d\u016fvodem k bouch\u00e1n\u00ed \u0161ampusu. Je to pouze pokra\u010dov\u00e1n\u00ed diplomacie jin\u00fdmi prost\u0159edky. Medv\u011bd chr\u00e1n\u00ed poklad, truhlici rusk\u00e9ho pokladu. A nechr\u00e1n\u00ed ji ani tak pro sebe, proto\u017ee poklad pat\u0159\u00ed jim. Oni se c\u00edt\u00ed ohro\u017een\u00ed Lond\u00fdnsk\u00fdmi kancel\u00e1\u0159emi a jejich \u0159ezn\u00edky na Ukrajin\u011b a v NATO. A proto medv\u011bd vylezl z brlohu a d\u011bl\u00e1 po\u0159\u00e1dky.<\/p>\n<figure id=\"attachment_50547\" class=\"wp-caption aligncenter\" style=\"width: 502px;\"><a href=\"https:\/\/aeronet.cz\/news\/wp-content\/uploads\/NovaKachovkaAirDefAtt.jpg\"><img decoding=\"async\" loading=\"lazy\" class=\"wp-image-50547 \" src=\"https:\/\/aeronet.cz\/news\/wp-content\/uploads\/NovaKachovkaAirDefAtt-768x1024.jpg\" sizes=\"(max-width: 700px) 100vw, 700px\" srcset=\"https:\/\/aeronet.cz\/news\/wp-content\/uploads\/NovaKachovkaAirDefAtt-768x1024.jpg 768w, https:\/\/aeronet.cz\/news\/wp-content\/uploads\/NovaKachovkaAirDefAtt-225x300.jpg 225w, https:\/\/aeronet.cz\/news\/wp-content\/uploads\/NovaKachovkaAirDefAtt-700x933.jpg 700w, https:\/\/aeronet.cz\/news\/wp-content\/uploads\/NovaKachovkaAirDefAtt-268x357.jpg 268w, https:\/\/aeronet.cz\/news\/wp-content\/uploads\/NovaKachovkaAirDefAtt-362x483.jpg 362w, https:\/\/aeronet.cz\/news\/wp-content\/uploads\/NovaKachovkaAirDefAtt.jpg 960w\" alt=\"\" width=\"502\" height=\"669\" \/><\/a><figcaption class=\"wp-caption-text\">Raketa s plochou dr\u00e1hou letu vyhodila do pov\u011bt\u0159\u00ed protivzdu\u0161nou baterii ve m\u011bst\u011b Nov\u00e1 Kachovka<\/figcaption><\/figure>\n<p>Jen\u017ee v tom projevu je odraz Ruska. Je to odraz rusk\u00e9 mentality, kter\u00e1 nem\u00e1 \u010depec, ani z\u00e1st\u011bru. A proto ten text se \u010dte tak dob\u0159e. Tato chv\u00edle je p\u0159ipom\u00ednkou toho, \u017ee zahnat Rusko do kouta je po\u0161etilost\u00ed a \u0161\u00edlenstv\u00edm.\u00a0<strong>Rusk\u00e1 arm\u00e1da by se do Prahy t\u00edmhle tempem dostala za 3 dny.<\/strong>\u00a0Fiala s Pekarovou by dostali americk\u00fd Gulfstream a odlet\u011bli by do exilu v USA jako rodina \u0161\u00e9fa ukrajinsk\u00e9ho parlamentu dnes nad r\u00e1nem. N\u00ed\u017ee je video z charkovsk\u00e9ho metra, kam se schovali policist\u00e9 z cel\u00e9ho m\u011bsta a podle informac\u00ed se tam kr\u00e1tce po nich b\u011bhem \u00fastupu uch\u00fdlili spolu s civilisty i voj\u00e1ci ukrajinsk\u00e9 arm\u00e1dy.<\/p>\n<p>&nbsp;<\/p>\n<div id=\"rumble_vt46n1\">\n<div id=\"vid_vt46n1\" class=\"rumble_vt46n1-Rumble-cls\">\n<div class=\"bigPlayUI ctp\">\n<div class=\"bigPlayUIInner ctp\"><div class='videoWrapper'>\r\n\t            <iframe src='https:\/\/rumble.com\/embed\/pj.vt46n1\/' frameborder='0' allowfullscreen><\/iframe>\r\n\t        <\/div><\/div>\n<\/div>\n<\/div>\n<\/div>\n<p>&nbsp;<\/p>\n<p>Proces zamet\u00e1n\u00ed p\u0159ed rusk\u00fdm domem bude d\u016fkladn\u00fd. Jakmile medv\u011bd vyleze z brlohu, jen tak nezaleze a na Ukrajin\u011b bude d\u011blat po\u0159\u00e1dky, a\u017e se bude Zelensk\u00fd v exilu zelenat. Bohu\u017eel, po\u0159\u00e1dky nikde jinde se d\u011blat nebudou.\u00a0<strong>Liber\u00e1ln\u00ed demokracie Z\u00e1padu se v\u00edce stmel\u00ed, semknou a ve sv\u00fdch lump\u00e1rn\u00e1ch proti lidu a n\u00e1rod\u016fm se utvrd\u00ed.\u00a0V lump\u00e1rn\u00e1ch proti lidu, jako nap\u0159. nehor\u00e1zn\u00e9 ceny za elekt\u0159inu a plyn.<\/strong>\u00a0Ta elekt\u0159ina se vyrob\u00ed v \u010cR, potom se vyveze do Lipska na energetickou burzu a za n\u011bmeck\u00e9 horentn\u00ed ceny se vydra\u017e\u00ed na burze a prod\u00e1 zp\u00e1tky \u010desk\u00fdm dom\u00e1cnostem. Tohle ned\u011blaj\u00ed politici ve slu\u017eb\u00e1ch lidu. To d\u011blaj\u00ed \u0161mejdi! A nejen \u0161mejdi.<\/p>\n<h6><span style=\"font-size: 14pt;\">Rusko si konceptu\u00e1ln\u011b zamete p\u0159ed sv\u00fdm domem, ale co zbytek Evropy?<\/span><\/h6>\n<p>Marionety pracuj\u00edc\u00ed v \u017eoldu ciz\u00edch kancel\u00e1\u0159\u00ed. A plyn? Nejprve si politici znep\u0159\u00e1tel\u00ed jeho nejv\u011bt\u0161\u00edho producenta v Evrop\u011b, zablokuj\u00ed si nov\u00fd plynovod, a potom kv\u016fli krizi lidem napa\u0159\u00ed extr\u00e9mn\u00ed evropsk\u00e9 tr\u017en\u00ed ceny! \u0160mejdi! A co takov\u00e9 uhl\u00ed? Nejprve zav\u0159ou doly na Ostravsku, vytuneluj\u00ed je, p\u0159iprav\u00ed lid\u00ed o pr\u00e1ci a potom na Ostravsko dov\u00e1\u017e\u00ed uhl\u00ed z Austr\u00e1lie! \u0160mejdi! Ch\u00e1pete?\u00a0Tohle si zasluhuje \u0159\u00edzen\u00ed na 6. priorit\u011b. Rusk\u00fd medv\u011bd ud\u011bl\u00e1 po\u0159\u00e1dky na Ukrajin\u011b a budou se tam m\u00edt l\u00e9pe ne\u017e v EU. Alespo\u0148, pokud p\u016fjde o elekt\u0159inu, plyn a uhl\u00ed. Konceptu\u00e1ln\u011b si polep\u0161\u00ed.<\/p>\n<figure id=\"attachment_50546\" class=\"wp-caption aligncenter\" style=\"width: 653px;\"><a href=\"https:\/\/aeronet.cz\/news\/wp-content\/uploads\/KharkovStrikes.jpg\"><img decoding=\"async\" loading=\"lazy\" class=\"wp-image-50546 \" src=\"https:\/\/aeronet.cz\/news\/wp-content\/uploads\/KharkovStrikes-1024x768.jpg\" sizes=\"(max-width: 700px) 100vw, 700px\" srcset=\"https:\/\/aeronet.cz\/news\/wp-content\/uploads\/KharkovStrikes-1024x768.jpg 1024w, https:\/\/aeronet.cz\/news\/wp-content\/uploads\/KharkovStrikes-300x225.jpg 300w, https:\/\/aeronet.cz\/news\/wp-content\/uploads\/KharkovStrikes-768x576.jpg 768w, https:\/\/aeronet.cz\/news\/wp-content\/uploads\/KharkovStrikes-700x525.jpg 700w, https:\/\/aeronet.cz\/news\/wp-content\/uploads\/KharkovStrikes-476x357.jpg 476w, https:\/\/aeronet.cz\/news\/wp-content\/uploads\/KharkovStrikes-644x483.jpg 644w, https:\/\/aeronet.cz\/news\/wp-content\/uploads\/KharkovStrikes.jpg 1280w\" alt=\"\" width=\"653\" height=\"490\" \/><\/a><figcaption class=\"wp-caption-text\">\u00dadery rusk\u00e9ho letectva proti vojensk\u00fdm objekt\u016fm v Charkov\u011b<\/figcaption><\/figure>\n<p>Paradoxn\u011b za cenu v\u00e1lky. V\u00e1lka na Ukrajin\u011b b\u00fdt nemusela, kdyby USA se o n\u00ed nesna\u017eily dnem i noc\u00ed. Jen\u017ee ta v\u00e1lka bude bez \u0161kod. Rusk\u00e9 precizn\u00ed \u00fadery zni\u010d\u00ed jen vojensk\u00e9 body a techniku.\u00a0<strong>Ameri\u010dan\u00e9 u\u017e te\u010f prohr\u00e1li. A to je skv\u011bl\u00e9. Je to d\u016fkaz, \u017ee 6. priorita \u0159\u00edzen\u00ed jde Rusku opravdu nejl\u00e9pe ze v\u0161ech priorit.<\/strong>\u00a0To se mus\u00ed nechat. V\u011b\u0159\u00edme v redakci, \u017ee vojensk\u00e1 operace se vyhne civiln\u00edm ob\u011btem a brzy se poda\u0159\u00ed nastolit m\u00edrov\u00fd stav spojen\u00fd s normalizac\u00ed a s n\u00e1vratem Ukrajiny k demokratick\u00fdm princip\u016fm p\u0159ed rokem 2014. Je v\u0161ak pot\u0159eba, aby Ukrajina se nevracela ke korupci, proto\u017ee Ukrajina mus\u00ed sv\u00e9 bohatstv\u00ed p\u0159esunovat na sv\u00e9 ob\u010dany, ne do kapes oligarch\u016f. A perli\u010dka na z\u00e1v\u011br v podob\u011b videa\u2026<\/p>\n<h6><span style=\"font-size: 14pt;\">Ukrajinsk\u00e1 arm\u00e1da prch\u00e1 p\u0159ed Rusy a \u0159idi\u010di BVP demoluj\u00ed civiln\u00ed auta, aby si uvolnili ucpanou silnici a mohli uprchnout<\/span><\/h6>\n<p>&nbsp;<\/p>\n<div id=\"rumble_vt4cho\">\n<div id=\"vid_vt4cho\" class=\"rumble_vt4cho-Rumble-cls\">\n<div class=\"bigPlayUI ctp\">\n<div class=\"bigPlayUIInner ctp\"><div class='videoWrapper'>\r\n\t            <iframe src='https:\/\/rumble.com\/embed\/pj.vt4cho\/' frameborder='0' allowfullscreen><\/iframe>\r\n\t        <\/div><\/div>\n<\/div>\n<\/div>\n<\/div>\n<p>&nbsp;<\/p>\n<p>-VK- \u0160\u00e9fredaktor AE News<\/p>\n<p><a href=\"https:\/\/aeronet.cz\/news\/rusko-zahajilo-vojenskou-operaci-na-ukrajine-podle-vladimira-putina-je-cilem-operace-nejprve-demilitarizace-celeho-statu-a-nasledne-denacifikace-ruska-armada-vstoupila-na-ukrajinu-z-donbasu-z-krymu\/\">ZDROJ<\/a><\/p>\n<p>&nbsp;<\/p>\n","protected":false},"excerpt":{"rendered":"<p>Rusko zah\u00e1jilo vojenskou operaci na Ukrajin\u011b, podle Vladimira Putina je c\u00edlem operace nejprve demilitarizace cel\u00e9ho&#8230;<\/p>\n","protected":false},"author":2,"featured_media":8577,"comment_status":"closed","ping_status":"closed","sticky":false,"template":"","format":"standard","meta":[],"categories":[7],"tags":[22,26,40],"_links":{"self":[{"href":"https:\/\/www.infokuryr.cz\/n\/wp-json\/wp\/v2\/posts\/8576"}],"collection":[{"href":"https:\/\/www.infokuryr.cz\/n\/wp-json\/wp\/v2\/posts"}],"about":[{"href":"https:\/\/www.infokuryr.cz\/n\/wp-json\/wp\/v2\/types\/post"}],"author":[{"embeddable":true,"href":"https:\/\/www.infokuryr.cz\/n\/wp-json\/wp\/v2\/users\/2"}],"replies":[{"embeddable":true,"href":"https:\/\/www.infokuryr.cz\/n\/wp-json\/wp\/v2\/comments?post=8576"}],"version-history":[{"count":0,"href":"https:\/\/www.infokuryr.cz\/n\/wp-json\/wp\/v2\/posts\/8576\/revisions"}],"wp:featuredmedia":[{"embeddable":true,"href":"https:\/\/www.infokuryr.cz\/n\/wp-json\/wp\/v2\/media\/8577"}],"wp:attachment":[{"href":"https:\/\/www.infokuryr.cz\/n\/wp-json\/wp\/v2\/media?parent=8576"}],"wp:term":[{"taxonomy":"category","embeddable":true,"href":"https:\/\/www.infokuryr.cz\/n\/wp-json\/wp\/v2\/categories?post=8576"},{"taxonomy":"post_tag","embeddable":true,"href":"https:\/\/www.infokuryr.cz\/n\/wp-json\/wp\/v2\/tags?post=8576"}],"curies":[{"name":"wp","href":"https:\/\/api.w.org\/{rel}","templated":true}]}}