{"id":85756,"date":"2025-08-18T00:17:21","date_gmt":"2025-08-17T22:17:21","guid":{"rendered":"https:\/\/www.infokuryr.cz\/n\/?p=85756"},"modified":"2025-08-17T14:08:55","modified_gmt":"2025-08-17T12:08:55","slug":"ukrajinska-provokace-pred-summitem-na-aljasce-plne-zinscenovana-ale-ztroskotana","status":"publish","type":"post","link":"https:\/\/www.infokuryr.cz\/n\/2025\/08\/18\/ukrajinska-provokace-pred-summitem-na-aljasce-plne-zinscenovana-ale-ztroskotana\/","title":{"rendered":"Ukrajinsk\u00e1 provokace p\u0159ed summitem na Alja\u0161ce: pln\u011b zinscenovan\u00e1, ale ztroskotan\u00e1"},"content":{"rendered":"<div id=\"fb-root\"><\/div>\n<p><strong><span dir=\"auto\">Informovali jsme o obav\u00e1ch dob\u0159e informovan\u00fdch zdroj\u016f, \u017ee se Ukrajina pokus\u00ed p\u0159ed summitem na Alja\u0161ce zinscenovat provokaci ve stylu Bu\u010da, aby obr\u00e1tila sv\u011bt proti Rusku. Za t\u00edmto \u00fa\u010delem byly hordy globalistick\u00fdch report\u00e9r\u016f n\u011bkolik dn\u00ed p\u0159edem p\u0159epraveny do oblasti, kde m\u011bl doj\u00edt k hr\u016fzn\u00e9mu rusk\u00e9mu \u00fatoku. \u00dadajn\u00fd \u00fatok na tr\u017enici v Sumy byl skute\u010dn\u011b zinscenov\u00e1n \u2013 ale tentokr\u00e1t se zorganizovan\u00e9 medi\u00e1ln\u00ed pokryt\u00ed neuskute\u010dnilo.<\/span><\/strong><\/p>\n<p><span dir=\"auto\">15. srpna, v den v\u00fdznamn\u00e9ho summitu Vladimira Putina a Donalda Trumpa na Alja\u0161ce, Ukrajina skute\u010dn\u011b zinscenovala incident, kter\u00fd by sta\u010dil k tomu, aby v\u00e1le\u010dn\u00e9 z\u00e1padn\u00ed n\u00e1rody obvinily Rusko. Kupodivu se v\u0161ak nevyskytly \u017e\u00e1dn\u00e9 v\u011bt\u0161\u00ed protesty a tak\u00e9 se o incidentu z velk\u00e9 \u010d\u00e1sti neinformovalo. Mohlo by to b\u00fdt zp\u016fsobeno p\u0159edchoz\u00edmi zpr\u00e1vami mnoha nez\u00e1visl\u00fdch m\u00e9di\u00ed? Viz:\u00a0<\/span><a href=\"https:\/\/report24.news\/plant-kiew-provokation-vor-dem-alaska-gipfel-russland-erhebt-schwere-vorwuerfe\/\"><span dir=\"auto\">Pl\u00e1nuje Kyjev provokaci p\u0159ed summitem na Alja\u0161ce? Rusko vzn\u00e1\u0161\u00ed v\u00e1\u017en\u00e1 obvin\u011bn\u00ed<\/span><\/a><span dir=\"auto\"> .<\/span><\/p>\n<p><span dir=\"auto\">Kyjev si dokonce 15. srpna st\u011b\u017eoval na \u00fadajn\u00e9 \u00fatoky na tr\u017enici v Sum\u00e1ch a dal\u0161\u00ed civiln\u00ed objekty v regionu. Rusko ji\u017e 12. srpna ofici\u00e1ln\u00edmi kan\u00e1ly varovalo, \u017ee hroz\u00ed zinscenovan\u00fd incident. Rusko s \u00fatoky na Sumskou oblast v tento den nem\u011blo \u017e\u00e1dnou souvislost a rusk\u00e9 ministerstvo obrany jakoukoli odpov\u011bdnost za jak\u00e9koli \u00fatoky pop\u0159elo.<\/span><\/p>\n<p><span dir=\"auto\">Co se \u00fadajn\u011b stalo? Dne 15. srpna 2025 do\u0161lo na centr\u00e1ln\u00edm trhu ve m\u011bst\u011b Sumy na Ukrajin\u011b k vojensk\u00e9mu incidentu. Podle Kyjeva provedly rusk\u00e9 s\u00edly \u00fatok dronem na trh v centru obce Sumy, kter\u00fd zas\u00e1hl civiln\u00ed infrastrukturu. Podle zpr\u00e1v n\u00e1\u010deln\u00edka Sumsk\u00e9 region\u00e1ln\u00ed vojensk\u00e9 spr\u00e1vy Oleha Hryhorova vypukl na m\u00edst\u011b \u00fatoku po\u017e\u00e1r, kter\u00fd zni\u010dil n\u011bkolik komer\u010dn\u00edch provozoven. Na m\u00edsto byly nasazeny z\u00e1chrann\u00e9 slo\u017eky a informace o ob\u011btech se st\u00e1le ov\u011b\u0159uj\u00ed. Fotografie\u00a0<\/span><a href=\"https:\/\/www.ukrinform.de\/rubric-ato\/4026115-russen-greifen-markt-im-zentrum-von-sumy-mit-drohne-an.html\" target=\"_blank\" rel=\"noreferrer noopener\"><span dir=\"auto\">z tohoto\u00a0<\/span><\/a><a href=\"https:\/\/www.alamy.com\/sumy-sumy-ukraine-15th-aug-2025-a-woman-cries-after-a-russian-drone-exploded-at-the-central-market-in-the-ukrainian-city-of-sumy-which-burned-several-commercial-establishments-credit-image-francisco-richartzuma-press-wire-editorial-usage-only!-not-for-commercial-usage!-image697137681.html\" target=\"_blank\" rel=\"noreferrer noopener\"><span dir=\"auto\">incidentu<\/span><\/a><span dir=\"auto\"> ukazuje \u017eenu pla\u010d\u00edc\u00ed na m\u00edst\u011b \u010dinu, co\u017e podtrhuje emocion\u00e1ln\u00ed dopad \u00fatoku.<\/span><\/p>\n<p><span dir=\"auto\">Propagandistick\u00e1 kvalita inscenace je sporn\u00e1. Jedin\u00fd dostupn\u00fd obraz (viz v\u00fd\u0161e) od mezin\u00e1rodn\u00edch medi\u00e1ln\u00edch agentur je slab\u00fd.\u00a0<\/span><a href=\"https:\/\/www.ukrinform.de\/rubric-ato\/4026115-russen-greifen-markt-im-zentrum-von-sumy-mit-drohne-an.html\" target=\"_blank\" rel=\"noreferrer noopener\"><span dir=\"auto\">Incident rezonoval<\/span><\/a><span dir=\"auto\">\u00a0pouze v ukrajinsk\u00fdch propagandistick\u00fdch m\u00e9di\u00edch a v pop\u00edr\u00e1n\u00ed rusk\u00e9ho ministerstva obrany. Existuje n\u011bkolik d\u016fvod\u016f, pro\u010d nebyl incident zveli\u010dov\u00e1n, aby se naru\u0161ila jedn\u00e1n\u00ed na Alja\u0161ce:<\/span><\/p>\n<ul>\n<li><span dir=\"auto\">USA se sv\u00fdm glob\u00e1ln\u00edm politick\u00fdm vlivem tentokr\u00e1t zabr\u00e1nily jak\u00e9koli dramatizaci. To by ale byla velk\u00e1 v\u011bc, proto\u017ee ka\u017ed\u00fd levicov\u011b orientovan\u00fd redaktor oddan\u00fd globalismu by jinak ud\u011blal v\u0161e, co je v jeho sil\u00e1ch, aby po\u0161kodil Donalda Trumpa a republik\u00e1ny.<\/span><\/li>\n<li><span dir=\"auto\">Loutk\u00e1\u0159i si uv\u011bdomili, \u017ee inscenace byla amat\u00e9rsk\u00e1 a \u017ee ani \u00fadajn\u00fd \u010din, ani \u00fadajn\u00e9 n\u00e1sledky nebyly mo\u017en\u00e9 \u017e\u00e1dn\u00fdm zp\u016fsobem zn\u00e1zornit. Chyb\u011bly ikonick\u00e9 z\u00e1b\u011bry, kter\u00e9 by se mohly st\u00e1t vir\u00e1ln\u00edmi. Oblak kou\u0159e a pla\u010d\u00edc\u00ed star\u0161\u00ed \u017eena nesta\u010d\u00ed k vyvol\u00e1n\u00ed mezin\u00e1rodn\u00edho pobou\u0159en\u00ed.<\/span><\/li>\n<li><span dir=\"auto\">P\u0159edb\u011b\u017en\u00e9 ozn\u00e1men\u00ed o pl\u00e1novan\u00e9m z\u00e1sahu mohlo zabr\u00e1nit eskalaci a tak\u00e9 mohlo zachr\u00e1nit mnoho nevinn\u00fdch civiln\u00edch \u017eivot\u016f.<\/span><\/li>\n<\/ul>\n<p><span dir=\"auto\">A\u0165 u\u017e je d\u016fvod jak\u00fdkoli, m\u016f\u017eeme jen doufat, \u017ee toto nesmysln\u00e9 zab\u00edjen\u00ed skon\u010d\u00ed co nejd\u0159\u00edve.<\/span><\/p>\n<p><img decoding=\"async\" loading=\"lazy\" class=\"alignnone size-full wp-image-1185\" src=\"http:\/\/www.infokuryr.cz\/n\/wp-content\/uploads\/2021\/04\/kuryr-podpis.png\" alt=\"\" width=\"84\" height=\"24\" \/><\/p>\n<p><img decoding=\"async\" loading=\"lazy\" class=\"wp-image-85002 aligncenter\" src=\"http:\/\/www.infokuryr.cz\/n\/wp-content\/uploads\/2025\/08\/Plakat1-212x300.jpg\" alt=\"\" width=\"662\" height=\"937\" srcset=\"https:\/\/www.infokuryr.cz\/n\/wp-content\/uploads\/2025\/08\/Plakat1-212x300.jpg 212w, https:\/\/www.infokuryr.cz\/n\/wp-content\/uploads\/2025\/08\/Plakat1-724x1024.jpg 724w, https:\/\/www.infokuryr.cz\/n\/wp-content\/uploads\/2025\/08\/Plakat1-768x1086.jpg 768w, https:\/\/www.infokuryr.cz\/n\/wp-content\/uploads\/2025\/08\/Plakat1-1086x1536.jpg 1086w, https:\/\/www.infokuryr.cz\/n\/wp-content\/uploads\/2025\/08\/Plakat1-1024x1449.jpg 1024w, https:\/\/www.infokuryr.cz\/n\/wp-content\/uploads\/2025\/08\/Plakat1.jpg 1131w\" sizes=\"(max-width: 662px) 100vw, 662px\" \/><\/p>\n<p>&nbsp;<\/p>\n","protected":false},"excerpt":{"rendered":"<p>Informovali jsme o obav\u00e1ch dob\u0159e informovan\u00fdch zdroj\u016f, \u017ee se Ukrajina pokus\u00ed p\u0159ed summitem na Alja\u0161ce&#8230;<\/p>\n","protected":false},"author":2,"featured_media":85757,"comment_status":"closed","ping_status":"closed","sticky":false,"template":"","format":"standard","meta":[],"categories":[7],"tags":[716,623,26],"_links":{"self":[{"href":"https:\/\/www.infokuryr.cz\/n\/wp-json\/wp\/v2\/posts\/85756"}],"collection":[{"href":"https:\/\/www.infokuryr.cz\/n\/wp-json\/wp\/v2\/posts"}],"about":[{"href":"https:\/\/www.infokuryr.cz\/n\/wp-json\/wp\/v2\/types\/post"}],"author":[{"embeddable":true,"href":"https:\/\/www.infokuryr.cz\/n\/wp-json\/wp\/v2\/users\/2"}],"replies":[{"embeddable":true,"href":"https:\/\/www.infokuryr.cz\/n\/wp-json\/wp\/v2\/comments?post=85756"}],"version-history":[{"count":0,"href":"https:\/\/www.infokuryr.cz\/n\/wp-json\/wp\/v2\/posts\/85756\/revisions"}],"wp:featuredmedia":[{"embeddable":true,"href":"https:\/\/www.infokuryr.cz\/n\/wp-json\/wp\/v2\/media\/85757"}],"wp:attachment":[{"href":"https:\/\/www.infokuryr.cz\/n\/wp-json\/wp\/v2\/media?parent=85756"}],"wp:term":[{"taxonomy":"category","embeddable":true,"href":"https:\/\/www.infokuryr.cz\/n\/wp-json\/wp\/v2\/categories?post=85756"},{"taxonomy":"post_tag","embeddable":true,"href":"https:\/\/www.infokuryr.cz\/n\/wp-json\/wp\/v2\/tags?post=85756"}],"curies":[{"name":"wp","href":"https:\/\/api.w.org\/{rel}","templated":true}]}}