{"id":85744,"date":"2025-08-17T06:01:00","date_gmt":"2025-08-17T04:01:00","guid":{"rendered":"https:\/\/www.infokuryr.cz\/n\/?p=85744"},"modified":"2025-08-17T06:01:00","modified_gmt":"2025-08-17T04:01:00","slug":"megalomanie-eu-brusel-a-spol-nadale-sazeji-na-vitezstvi-ukrajiny","status":"publish","type":"post","link":"https:\/\/www.infokuryr.cz\/n\/2025\/08\/17\/megalomanie-eu-brusel-a-spol-nadale-sazeji-na-vitezstvi-ukrajiny\/","title":{"rendered":"Megalomanie EU: Brusel a spol. nad\u00e1le s\u00e1zej\u00ed na v\u00edt\u011bzstv\u00ed Ukrajiny!"},"content":{"rendered":"<div id=\"fb-root\"><\/div>\n<p><strong><span dir=\"auto\">Veden\u00ed EU po alja\u0161sk\u00e9m summitu mezi Trumpem a Putinem okam\u017eit\u011b zaujalo stanovisko: \u017e\u00e1dn\u00e1 dohoda, kter\u00e1 by vyhovovala Rusku, ani jeden centimetr ukrajinsk\u00e9 p\u016fdy a vstup Kyjeva do NATO z\u016fst\u00e1v\u00e1 posv\u00e1tn\u00fd. Zat\u00edmco Trump a Putin se odv\u00e1\u017eili zapojit do skute\u010dn\u00fdch jedn\u00e1n\u00ed, von der Leyenov\u00e1, Merz a dal\u0161\u00ed po\u017eaduj\u00ed v\u00edt\u011bzn\u00fd m\u00edr \u2013 bez americk\u00e9 podpory. Recept na nekone\u010dnou v\u00e1lku. Realita je jin\u00e1: Bez pomoci USA se dome\u010dek z karet zhrout\u00ed a Evropa zaplat\u00ed cenu za \u0161\u00edlenstv\u00ed sv\u00fdch v\u016fdc\u016f.<\/span><\/strong><\/p>\n<p><span dir=\"auto\">Setk\u00e1n\u00ed Donalda Trumpa a Vladimira Putina na Alja\u0161ce 15. srpna skon\u010dilo bez pr\u016flomu, ale s jasn\u00fdm sign\u00e1lem:\u00a0<\/span><strong><span dir=\"auto\">Oba cht\u011bj\u00ed komplexn\u00ed m\u00edrovou dohodu, nikoli jen do\u010dasn\u00e9 p\u0159\u00edm\u011b\u0159\u00ed.\u00a0<\/span><\/strong><a href=\"https:\/\/www.reuters.com\/world\/europe\/trump-says-ukraine-gotta-make-deal-after-summit-with-putin-yields-no-ceasefire-2025-08-16\/\" target=\"_blank\" rel=\"noreferrer noopener\"><span dir=\"auto\">Trump pot\u00e9 zd\u016fraznil,<\/span><\/a><span dir=\"auto\">\u00a0\u017ee Ukrajina se mus\u00ed vzd\u00e1t, aby konflikt ukon\u010dila.<\/span><\/p>\n<p><span dir=\"auto\">Sotva v\u0161ak jedn\u00e1n\u00ed skon\u010dila, zas\u00e1hlo veden\u00ed EU \u2013 s prohl\u00e1\u0161en\u00edm, kter\u00e9 zn\u011blo jako z\u00e1chvat vzteku batolete. Ve spole\u010dn\u00e9m prohl\u00e1\u0161en\u00ed ze 16. srpna, kter\u00e9 podepsali Macron, Meloni, Merz, Starmer, Stubb, Tusk, Costa a von der Leyen, Trumpovo \u00fasil\u00ed uv\u00edtali, ale pak obr\u00e1tili situaci.\u00a0<\/span><strong><span dir=\"auto\">Zd\u016fraznili, \u017ee \u017e\u00e1dn\u00e9 zm\u011bny hranic silou nejsou p\u0159ijateln\u00e9\u00a0<\/span><a href=\"https:\/\/www.consilium.europa.eu\/de\/press\/press-releases\/2025\/08\/16\/statement-by-president-macron-prime-minister-meloni-chancellor-merz-prime-minister-starmer-president-stubb-prime-minister-tusk-president-costa-president-von-der-leyen\/\" target=\"_blank\" rel=\"noreferrer noopener\"><span dir=\"auto\">a \u017ee Ukrajina sama rozhodne<\/span><\/a><span dir=\"auto\">\u00a0o sv\u00e9m \u00fazem\u00ed.<\/span><\/strong><span dir=\"auto\"> Rusko by nem\u011blo m\u00edt pr\u00e1vo vetovat \u010dlenstv\u00ed v NATO nebo EU, tak\u017ee Ukrajin\u011b mus\u00ed b\u00fdt umo\u017en\u011bn vstup do NATO. Sankce by m\u011bly b\u00fdt d\u00e1le zp\u0159\u00edsn\u011bny, dokud Moskva neustoup\u00ed.<\/span><\/p>\n<p><span dir=\"auto\">Zn\u00ed to jako solidarita, ale je to \u010dir\u00e1 megalomanie:\u00a0<\/span><strong><span dir=\"auto\">EU s\u00e1z\u00ed na naprost\u00e9 v\u00edt\u011bzstv\u00ed Ukrajiny, p\u0159esto\u017ee Trump dal jasn\u011b najevo, \u017ee podpora USA skon\u010dila.<\/span><\/strong><span dir=\"auto\">\u00a0N\u011bmeck\u00fd kancl\u00e9\u0159 Merz\u00a0<\/span><a href=\"https:\/\/x.com\/bundeskanzler\/status\/1956683043944505461\" target=\"_blank\" rel=\"noreferrer noopener\"><span dir=\"auto\">vz\u00e1p\u011bt\u00ed na X zve\u0159ejnil<\/span><\/a><span dir=\"auto\">\u00a0: \u201eV\u00edt\u00e1me \u00fasil\u00ed prezidenta Trumpa zastavit zab\u00edjen\u00ed na Ukrajin\u011b, ukon\u010dit ruskou agresivn\u00ed v\u00e1lku a dos\u00e1hnout spravedliv\u00e9ho a trval\u00e9ho m\u00edru.\u201c<\/span><\/p>\n<p><span dir=\"auto\">Deklarace, kterou pomohl sepsat, v\u0161ak ukazuje prav\u00fd opak: nejde o kompromis, ale o eskalaci.\u00a0<\/span><strong><span dir=\"auto\">Vstup Ukrajiny do NATO, o kter\u00fd usiloval americk\u00fd hlubok\u00fd st\u00e1t a z\u00e1padn\u00ed hodnoty, byl od sam\u00e9ho za\u010d\u00e1tku tou jiskrou \u2013 bod, kter\u00fd elita EU ignoruje, jako by neexistoval precedent.<\/span><\/strong><span dir=\"auto\">\u00a0M\u00edsto toho po\u017eaduj\u00ed pro Kyjev \u201enezlomn\u00e9 bezpe\u010dnostn\u00ed z\u00e1ruky\u201c, zat\u00edmco Evropa ekonomicky krv\u00e1c\u00ed.<\/span><\/p>\n<p><span dir=\"auto\">Ve skute\u010dnosti Ukrajina nem\u016f\u017ee vnutit \u201ev\u00edt\u011bzn\u00fd m\u00edr\u201c. Evropsk\u00e1 ekonomika trp\u00ed sankcemi: ceny energi\u00ed prudce rostou, pr\u016fmysl se p\u0159esouv\u00e1 a ob\u010dan\u00e9 EU plat\u00ed za to.\u00a0<\/span><strong><span dir=\"auto\">Von der Leyenov\u00e1 a jej\u00ed spole\u010dn\u00edci sn\u00ed o EU, kter\u00e1 sama sraz\u00ed Rusko na kolena \u2013 klam hrani\u010d\u00edc\u00ed s aroganc\u00ed.<\/span><\/strong><span dir=\"auto\"> Trump u\u017e Zelensk\u00e9mu nazna\u010dil, \u017ee jedn\u00e1n\u00ed jsou nevyhnuteln\u00e1. Sch\u016fzka ve Washingtonu se bl\u00ed\u017e\u00ed, kde se tlak na Kyjev zv\u00fd\u0161\u00ed.<\/span><\/p>\n<p><strong><span dir=\"auto\">Postoj veden\u00ed EU je nejen nerealistick\u00fd, ale i cynick\u00fd. Zat\u00edmco tis\u00edce lid\u00ed nad\u00e1le um\u00edraj\u00ed, lp\u00ed na po\u017eadavc\u00edch, kter\u00e9 v\u00e1lku prodlu\u017euj\u00ed.<\/span><\/strong><span dir=\"auto\">\u00a0Krym a Donbas jsou ji\u017e l\u00e9ta pod ruskou kontrolou a obyvatelstvo je zde p\u0159ev\u00e1\u017en\u011b rusk\u00e9 \u2013 fakta, kter\u00e1 nelze ignorovat. Trv\u00e1n\u00ed EU na nedosa\u017eiteln\u00fdch maxim\u00e1ln\u00edch po\u017eadavc\u00edch nakonec Evropu dovede ke zk\u00e1ze. Merz, jako kancl\u00e9\u0159 zem\u011b, kter\u00e1 spolu s Rakouskem trp\u00ed sankcemi nejv\u00edce, by m\u011bl stanovit priority \u2013 a zastupovat n\u011bmeck\u00e9 z\u00e1jmy nam\u00edsto z\u00e1jm\u016f ukrajinsk\u00e9ho re\u017eimu.<\/span><\/p>\n<p><span dir=\"auto\">Ale deklarace zn\u00ed jako manifest hlubok\u00e9ho st\u00e1tu: v\u00edce tlaku, v\u00edce sankc\u00ed, v\u00edce v\u00e1le\u010dn\u00e9 ekonomiky, v\u00edce bilion\u016f pro zbrojn\u00ed mafii a kyjevsk\u00e9 oligarchy.\u00a0<\/span><strong><span dir=\"auto\">Veden\u00ed EU chce Ukrajinu donutit k vstupu do NATO a EU, a\u0165 to stoj\u00ed cokoli \u2013 i bez Ameriky.<\/span><\/strong><span dir=\"auto\">\u00a0Trump a Putin zahr\u00e1li m\u00ed\u010d na stranu Ukrajiny. Zelenskyj si mus\u00ed uv\u011bdomit, \u017ee kompromisy jsou nezbytn\u00e9. Vzhledem k postoji EU se lze jen pt\u00e1t: je to megalomanie, nebo \u010dir\u00e9 \u0161\u00edlenstv\u00ed? Mysl\u00edm, \u017ee oboj\u00ed \u2013 a my, ob\u010dan\u00e9, za to plat\u00edme cenu. Nastal \u010das na realpolitiku, ne\u017e se kontinent definitivn\u011b zhrout\u00ed a statis\u00edce dal\u0161\u00edch lid\u00ed budou muset zem\u0159\u00edt nesmyslnou smrt\u00ed.<\/span><\/p>\n<p><a href=\"https:\/\/report24.news\/eu-groessenwahn-bruessel-co-setzen-weiterhin-auf-sieg-der-ukraine\/\"><em><span dir=\"auto\">Od Chrise Vebera<\/span><\/em><\/a><\/p>\n<p><img decoding=\"async\" loading=\"lazy\" class=\"wp-image-85002 aligncenter\" src=\"http:\/\/www.infokuryr.cz\/n\/wp-content\/uploads\/2025\/08\/Plakat1-212x300.jpg\" alt=\"\" width=\"689\" height=\"975\" srcset=\"https:\/\/www.infokuryr.cz\/n\/wp-content\/uploads\/2025\/08\/Plakat1-212x300.jpg 212w, https:\/\/www.infokuryr.cz\/n\/wp-content\/uploads\/2025\/08\/Plakat1-724x1024.jpg 724w, https:\/\/www.infokuryr.cz\/n\/wp-content\/uploads\/2025\/08\/Plakat1-768x1086.jpg 768w, https:\/\/www.infokuryr.cz\/n\/wp-content\/uploads\/2025\/08\/Plakat1-1086x1536.jpg 1086w, https:\/\/www.infokuryr.cz\/n\/wp-content\/uploads\/2025\/08\/Plakat1-1024x1449.jpg 1024w, https:\/\/www.infokuryr.cz\/n\/wp-content\/uploads\/2025\/08\/Plakat1.jpg 1131w\" sizes=\"(max-width: 689px) 100vw, 689px\" \/><\/p>\n<p>&nbsp;<\/p>\n","protected":false},"excerpt":{"rendered":"<p>Veden\u00ed EU po alja\u0161sk\u00e9m summitu mezi Trumpem a Putinem okam\u017eit\u011b zaujalo stanovisko: \u017e\u00e1dn\u00e1 dohoda, kter\u00e1&#8230;<\/p>\n","protected":false},"author":2,"featured_media":73122,"comment_status":"closed","ping_status":"closed","sticky":false,"template":"","format":"standard","meta":[],"categories":[7],"tags":[41,1503,35,26,40],"_links":{"self":[{"href":"https:\/\/www.infokuryr.cz\/n\/wp-json\/wp\/v2\/posts\/85744"}],"collection":[{"href":"https:\/\/www.infokuryr.cz\/n\/wp-json\/wp\/v2\/posts"}],"about":[{"href":"https:\/\/www.infokuryr.cz\/n\/wp-json\/wp\/v2\/types\/post"}],"author":[{"embeddable":true,"href":"https:\/\/www.infokuryr.cz\/n\/wp-json\/wp\/v2\/users\/2"}],"replies":[{"embeddable":true,"href":"https:\/\/www.infokuryr.cz\/n\/wp-json\/wp\/v2\/comments?post=85744"}],"version-history":[{"count":0,"href":"https:\/\/www.infokuryr.cz\/n\/wp-json\/wp\/v2\/posts\/85744\/revisions"}],"wp:featuredmedia":[{"embeddable":true,"href":"https:\/\/www.infokuryr.cz\/n\/wp-json\/wp\/v2\/media\/73122"}],"wp:attachment":[{"href":"https:\/\/www.infokuryr.cz\/n\/wp-json\/wp\/v2\/media?parent=85744"}],"wp:term":[{"taxonomy":"category","embeddable":true,"href":"https:\/\/www.infokuryr.cz\/n\/wp-json\/wp\/v2\/categories?post=85744"},{"taxonomy":"post_tag","embeddable":true,"href":"https:\/\/www.infokuryr.cz\/n\/wp-json\/wp\/v2\/tags?post=85744"}],"curies":[{"name":"wp","href":"https:\/\/api.w.org\/{rel}","templated":true}]}}