{"id":85727,"date":"2025-08-17T00:25:01","date_gmt":"2025-08-16T22:25:01","guid":{"rendered":"https:\/\/www.infokuryr.cz\/n\/?p=85727"},"modified":"2025-08-16T12:59:05","modified_gmt":"2025-08-16T10:59:05","slug":"miroslav-petr-prohlaseni-nejhorsiho-silence-na-teto-planete","status":"publish","type":"post","link":"https:\/\/www.infokuryr.cz\/n\/2025\/08\/17\/miroslav-petr-prohlaseni-nejhorsiho-silence-na-teto-planete\/","title":{"rendered":"Miroslav Petr: Prohl\u00e1\u0161en\u00ed nejhor\u0161\u00edho \u0161\u00edlence na t\u00e9to planet\u011b"},"content":{"rendered":"<div id=\"fb-root\"><\/div>\n<p><strong>Nejde o soudruha Nutelu, ale o daleko nebezpe\u010dn\u011bj\u0161\u00edho bl\u00e1zna. Tento psychopat na t\u00e9to planet\u011b prohl\u00e1sil zcela ve\u0159ejn\u011b: &#8222;Plat\u00edm firm\u011b, kter\u00e1 za velmi vysokou cenu dok\u00e1\u017ee vyt\u00e1hnout trochu uhl\u00edku ze vzduchu a ulo\u017eit ho pod zem&#8230; O\u010dkov\u00e1n\u00ed je nejlep\u0161\u00ed zp\u016fsob, jak sn\u00ed\u017eit populaci&#8230;&#8220; Nav\u00edc sprejuje vakc\u00edny RNA na rostliny- ovoce, zeleninu. Kdy ho Donald d\u00e1 k soudu, aby dostal trest smrti?<\/strong><\/p>\n<p>EU zakazuje \/!\/ vyho\u0161\u0165ovat imigranty. Co na to zem\u011b zamo\u0159en\u00e9 \u010dernochy- It\u00e1lie, \u0160pan\u011blsko, \u0158ecko, Francie, Brit\u00e1nie, N\u011bmecko, Ma\u010farsko, Polsko a dal\u0161\u00ed zem\u011b EU? Nen\u00ed to d\u016fvod k masov\u00e9mu\/!\/ odchodu z Utopie?<\/p>\n<div>\n<p>V\u00edte, \u017ee Thajsko a Indie odm\u00edtly n\u00e1kup zastaral\u00e9ho a velmi poruchov\u00e9ho americk\u00e9ho \u0161rotu, pardon, st\u00edha\u010dek F16 a kupuj\u00ed Gripeny. &#8222;Rozumn\u00e9 to vl\u00e1dy&#8220;, d\u011bla by Babi\u010dka Bo\u017eky N\u011bmcov\u00e9 \/nepl\u00e9st s krada\u010dkou rohl\u00edk\u016f v s\u00e1mo\u0161ce!\/.<\/p>\n<\/div>\n<p>Soudru\u017eka Krucifix chv\u00e1l\u00ed z\u00e1kon, \u017ee za n\u00e1zor se mus\u00ed trestat. T\u00edm p\u00e1dem se z n\u00ed st\u00e1v\u00e1 totalitn\u00ed dikt\u00e1torka, nen\u00e1vid\u00edc\u00ed demokracii. Cik\u00e1n\u00ed v\u0161ak mohou opakovan\u011b kr\u00e1st zcela beztrestn\u011b a\u017e do v\u00fd\u0161e deset tis\u00edc K\u010d. U\u017e v\u00edm, pro\u010d se n\u011bkter\u00fdm \u017een\u00e1m \u0159\u00edk\u00e1, \u017ee jsou slepice. Omlouv\u00e1m se v\u0161em slepic\u00edm.<\/p>\n<p>Pro\u010d n\u011bkte\u0159\u00ed voli, pardon, voli\u010di chod\u00ed na setk\u00e1n\u00ed s Pat a Mat, pardon, Nutela a &#8222;blb\u00e1 blond\u00fdna&#8220;, kdy\u017e se v\u016fbec nezeptaj\u00ed na program strany? Kdysi, p\u0159ed d\u00e1vn\u00fdmi a d\u00e1vn\u00fdmi \u010dasy m\u011bla ODS pro v\u0161echny konkr\u00e9tn\u00ed\u00a0 program, nejlep\u0161\u00ed ze v\u0161ech politick\u00fdch stran. Obsahoval, co konkr\u00e9tn\u011b strana ud\u011bl\u00e1 pro vzd\u011bl\u00e1n\u00ed, \u017eivnostn\u00edky, zem\u011bd\u011blce, studenty, soci\u00e1ln\u011b pot\u0159ebn\u00e9, d\u016fchodce atd. Existuje krom\u011b Motorist\u016f je\u0161t\u011b jin\u00e1 strana s tak podrobn\u00fdm, konkr\u00e9tn\u00edm a pragmatick\u00fdm programem?<\/p>\n<p>Politicky z\u00e1visl\u00fd st\u00e1tn\u00ed z\u00e1stupce podal \u017ealobu na Okamuru. Lep\u0161\u00ed reklamu SPD m\u00edt nem\u016f\u017ee! Strach vl\u00e1dy z SPD mus\u00ed b\u00fdt v\u011bt\u0161\u00ed ne\u017e si mysl\u00edme, kdy\u017e se z pravdiv\u00e9ho n\u00e1zoru ud\u011bl\u00e1 trestn\u00fd \u010din. O to v\u00edc voli\u010d\u016f by mu m\u011bli d\u00e1t hlas. Bu\u010fte si jisti, \u017ee tento soud prob\u011bhne mnohem d\u0159\u00edve ne\u017e t\u0159i roky odkl\u00e1dan\u00fd Dozimetr. Politicky nez\u00e1visl\u00fd prezident by takov\u00e9ho soudce ihned odvolal. Pardon, zapomn\u011bl jsem, \u017ee agent Pepa je v historii \u010cR prvn\u00ed politicky z\u00e1visl\u00e1 loutka. Rozkazovat m\u016f\u017ee jen skute\u010dn\u00fd gener\u00e1l na rozd\u00edl od oby\u010dejn\u00e9ho voj\u00e1ka, kter\u00fd mus\u00ed poslouchat sv\u00e9 nad\u0159\u00edzen\u00e9.<\/p>\n<p>B\u00fdval\u00fd kandid\u00e1t na europoslance b\u011bhem n\u00e1v\u0161t\u011bvy soudru\u017eky Lejno ve Finsku tuto slepici vyp\u00edskal. Za to byl odsouzen k pokut\u011b 110 Eur. Tak si p\u0159edstavuje demokracii EU? Liber\u00e1ln\u00ed demokracie rovn\u00e1 se vnucovat nesmysly nepatrn\u00fdch men\u0161in, zakazovat ve\u0161kerou kritiku a dr\u017eet hubu&#8230;V\u00e9na by plakal.<\/p>\n<p>Debil Gates chce vypustit dal\u0161\u00edch 600 000 kom\u00e1r\u016f v Rakousku. Jak daleko je Rakousko od na\u0161ich hranic? V Braz\u00edlii kom\u00e1\u0159i zp\u016fsobili \u0161\u00ed\u0159en\u00ed viru dengue a epidemii mal\u00e1rie na Florid\u011b.<\/p>\n<p>V Michiganu v sout\u011b\u017ei Miss vyhr\u00e1la muslimka v hid\u017e\u00e1bu a chce sout\u011b\u017eit o titul Miss USA. Nen\u00ed pochyby, \u017ee ne\u0161lo o hlasov\u00e1n\u00ed div\u00e1k\u016f, ale o politick\u00e9 rozhodnut\u00ed poroty. Jednou v\u00edt\u011bz\u00ed \u017eenomu\u017e \u010di vousat\u00e1 mu\u017eo\u017eena, podruh\u00e9 trans&#8230;<\/p>\n<p>P\u016fjde Okamura t\u011bsn\u011b p\u0159ed volbami sed\u011bt? Gusta tak\u00e9 sed\u011bl 6\u00a0rok\u016f a pak byl 14 let prezidentem. Bude se historie opakovat?<\/p>\n<p>Bla\u017ek\u016fv n\u00e1m\u011bstek vlastn\u00ed 37 nemovitost\u00ed a jeden hotel. Kolik m\u016f\u017ee takov\u00fd n\u00e1m\u011bstek br\u00e1t m\u011bs\u00ed\u010dn\u00ed plat? Pro\u010d ml\u010d\u00ed podplacen\u00ed prestituti, opozice, st\u00e1tn\u00ed z\u00e1stupce a policie? \u017de by byli \u00fapln\u011b v\u0161ichni tak zkorumpovan\u00ed?<\/p>\n<p>Star\u00e1 Peka\u0159ka \u0159ekla: &#8222;Chud\u00ed lid\u00e9 jsou nejekologi\u010dt\u011bj\u0161\u00ed.&#8220; Kolik si toho \u0161\u0148upla? M\u00e1 dostat Zlat\u00fd pad\u00e1k ve v\u00fd\u0161i 1 500 000 K\u010d! Za co, bo\u017ee, za co? Podle z\u00e1kona p\u0159\u00edslu\u0161\u00ed v\u0161em poslanc\u016fm odstupn\u00e9 ve v\u00fd\u0161il p\u011bti plat\u016f. Vl\u00e1dli n\u00e1m tak arogantn\u00ed papal\u00e1\u0161i v minul\u00e9m re\u017eimu?<\/p>\n<p><a href=\"https:\/\/www.czechfreepress.cz\/dalsi-blogy\/prohlaseni-nejhorsiho-silence-na-teto-planete.html\">Miroslav Petr<\/a><\/p>\n<p><img decoding=\"async\" loading=\"lazy\" class=\"wp-image-85002 aligncenter\" src=\"http:\/\/www.infokuryr.cz\/n\/wp-content\/uploads\/2025\/08\/Plakat1-212x300.jpg\" alt=\"\" width=\"714\" height=\"1010\" srcset=\"https:\/\/www.infokuryr.cz\/n\/wp-content\/uploads\/2025\/08\/Plakat1-212x300.jpg 212w, https:\/\/www.infokuryr.cz\/n\/wp-content\/uploads\/2025\/08\/Plakat1-724x1024.jpg 724w, https:\/\/www.infokuryr.cz\/n\/wp-content\/uploads\/2025\/08\/Plakat1-768x1086.jpg 768w, https:\/\/www.infokuryr.cz\/n\/wp-content\/uploads\/2025\/08\/Plakat1-1086x1536.jpg 1086w, https:\/\/www.infokuryr.cz\/n\/wp-content\/uploads\/2025\/08\/Plakat1-1024x1449.jpg 1024w, https:\/\/www.infokuryr.cz\/n\/wp-content\/uploads\/2025\/08\/Plakat1.jpg 1131w\" sizes=\"(max-width: 714px) 100vw, 714px\" \/><\/p>\n<p>&nbsp;<\/p>\n","protected":false},"excerpt":{"rendered":"<p>Nejde o soudruha Nutelu, ale o daleko nebezpe\u010dn\u011bj\u0161\u00edho bl\u00e1zna. Tento psychopat na t\u00e9to planet\u011b prohl\u00e1sil&#8230;<\/p>\n","protected":false},"author":2,"featured_media":80063,"comment_status":"closed","ping_status":"closed","sticky":false,"template":"","format":"standard","meta":[],"categories":[6],"tags":[511,1503,122,276],"_links":{"self":[{"href":"https:\/\/www.infokuryr.cz\/n\/wp-json\/wp\/v2\/posts\/85727"}],"collection":[{"href":"https:\/\/www.infokuryr.cz\/n\/wp-json\/wp\/v2\/posts"}],"about":[{"href":"https:\/\/www.infokuryr.cz\/n\/wp-json\/wp\/v2\/types\/post"}],"author":[{"embeddable":true,"href":"https:\/\/www.infokuryr.cz\/n\/wp-json\/wp\/v2\/users\/2"}],"replies":[{"embeddable":true,"href":"https:\/\/www.infokuryr.cz\/n\/wp-json\/wp\/v2\/comments?post=85727"}],"version-history":[{"count":0,"href":"https:\/\/www.infokuryr.cz\/n\/wp-json\/wp\/v2\/posts\/85727\/revisions"}],"wp:featuredmedia":[{"embeddable":true,"href":"https:\/\/www.infokuryr.cz\/n\/wp-json\/wp\/v2\/media\/80063"}],"wp:attachment":[{"href":"https:\/\/www.infokuryr.cz\/n\/wp-json\/wp\/v2\/media?parent=85727"}],"wp:term":[{"taxonomy":"category","embeddable":true,"href":"https:\/\/www.infokuryr.cz\/n\/wp-json\/wp\/v2\/categories?post=85727"},{"taxonomy":"post_tag","embeddable":true,"href":"https:\/\/www.infokuryr.cz\/n\/wp-json\/wp\/v2\/tags?post=85727"}],"curies":[{"name":"wp","href":"https:\/\/api.w.org\/{rel}","templated":true}]}}