{"id":85723,"date":"2025-08-17T00:19:45","date_gmt":"2025-08-16T22:19:45","guid":{"rendered":"https:\/\/www.infokuryr.cz\/n\/?p=85723"},"modified":"2025-08-16T12:48:41","modified_gmt":"2025-08-16T10:48:41","slug":"jiri-vyvadil-na-shledanou-v-moskve","status":"publish","type":"post","link":"https:\/\/www.infokuryr.cz\/n\/2025\/08\/17\/jiri-vyvadil-na-shledanou-v-moskve\/","title":{"rendered":"Ji\u0159\u00ed Vyvadil: Na shledanou v Moskv\u011b\u2026"},"content":{"rendered":"<div id=\"fb-root\"><\/div>\n<p><strong>P\u00e1nov\u00e9 Trump a Putin maj\u00ed p\u0159ed sebou je\u0161t\u011b t\u0159i a p\u016fl roku, aby se pokusili zm\u011bnit sou\u010dasn\u00fd sv\u011bt, kter\u00fd se ve sv\u00e9 z\u00e1padn\u00ed \u010d\u00e1sti doslova zalyk\u00e1 v \u017eivo\u010di\u0161n\u00e9 touze porazit Rusko. Evropa nen\u00ed ochotna pochopit, \u017ee to, co nastalo od roku 2011 bylo jednozna\u010dn\u011b d\u016fsledkem agresivn\u00edho roz\u0161i\u0159ov\u00e1n\u00ed protirusk\u00e9 vojensk\u00e9 organizace NATO st\u00e1le bl\u00ed\u017e a bl\u00ed\u017e k hranic\u00edm Ruska a \u017ee Putin invaz\u00ed na Ukrajinu reagoval na mnoho let existuj\u00edc\u00ed snah Obamy, Bidena projevuj\u00edc\u00ed se v krvav\u00e9m euromajdanu, svr\u017een\u00ed z\u00e1konn\u00e9ho prezidenta Janukovi\u010de a posl\u00e9ze i podvodu s dohodami Minsk I,II, kter\u00e9 podle vyj\u00e1d\u0159en\u00ed Angely Merkelov\u00e9 \u010di b\u00fdval\u00e9ho francouzsk\u00e9ho prezidenta Hollanda m\u011bly jedin\u00fd c\u00edl, pos\u00edlit vojensku Ukrajinu.<\/strong><\/p>\n<p style=\"font-weight: 400;\">To v\u010dera Vladim\u00edr Putin zd\u016fraznil a nen\u00ed pochyb, \u017ee Donald Trump toto pojet\u00ed bere.<\/p>\n<p style=\"font-weight: 400;\">V\u010dera se na Alja\u0161ce se\u0161li dva p\u0159\u00e1tel\u00e9, Vladim\u00edr a Donald. A pr\u016fb\u011bh setk\u00e1n\u00ed sv\u011bt paralyzoval, nebo\u0165 z\u0159ejm\u011b nikdo, ani ti, kdo jsou p\u0159esv\u011bd\u010deni, \u017ee sv\u011btov\u00fd m\u00edr z\u00e1le\u017e\u00ed na dobr\u00e9 spolupr\u00e1ci a vz\u00e1jemn\u00e9mu respektu mezi ob\u011bma sv\u011btov\u00fdmi velmocemi, Ruskem a Amerikou, nev\u011b\u0159ili, jak skv\u011ble setk\u00e1n\u00ed dopadne.<\/p>\n<p style=\"font-weight: 400;\">Asi mnoh\u00fd toti\u017e o\u010dek\u00e1val, n\u011bkdo dychtiv\u011b a n\u011bkdo, jako autor t\u011bchto \u0159\u00e1dek, s\u00a0roztrp\u010den\u00edm, \u017ee v\u00a0p\u0159\u00edpad\u011b, kdy nedojde k\u00a0dohod\u011b o okam\u017eit\u00e9m p\u0159\u00edm\u011b\u0159\u00ed, ihned nastanou t\u00e9m\u011b\u0159 \u201eatomov\u00e9\u201c sankce na Rusko a jeho spojence, kter\u00e9 budou pokra\u010dovat v\u00a0dosavadn\u00edm des\u00edtku let trvaj\u00edc\u00edm trendu masivn\u00edho\u00a0\u00a0&#8211; ov\u0161em zjevn\u011b ne\u00fasp\u011b\u0161n\u00e9m \u2013 potla\u010dov\u00e1n\u00ed Ruska, zejm\u00e9na, kdy\u017e takto vyhro\u017eoval Trump je\u0161t\u011b p\u0159ed t\u00fddnem.<\/p>\n<p style=\"font-weight: 400;\">Bohud\u00edk Trump je\u00a0\u00a0mluvka a bohud\u00edk plat\u00ed, co platilo sv\u00fdm zp\u016fsobem odjak\u017eiva, \u017ee m\u00e1 velkou p\u0159\u00edchylnost k\u00a0Rusku u\u017e od dobu, kdy cht\u011bl v\u00a0Moskv\u011b vybudovat velk\u00fd hotel coby v\u00fdznamn\u00fd developer a co ji rozv\u00edjel\u00a0\u00a0b\u011bhem\u00a0\u00a0sv\u00e9ho prvn\u00edho volebn\u00edho obdob\u00ed, kdy nen\u00e1vistn\u00e1\u00a0\u00a0liber\u00e1ln\u00ed politika demokrat\u016f ho pro jeho vztah\u00a0\u00a0k\u00a0Putinovi a Rusku p\u0159ivedla ke dv\u011bma impeachment\u016fm.<\/p>\n<p style=\"font-weight: 400;\">To setk\u00e1n\u00ed asi nemohlo b\u00fdt u\u017e p\u0159\u00e1tel\u0161t\u011bj\u0161\u00ed. A vlastn\u011b \u0161lo o n\u011bco jin\u00e9ho ne\u017e, o co \u00fadajn\u011b m\u011blo j\u00edt :Nastolit realitu, \u017ee Rusko a Amerika po zb\u00fdvaj\u00edc\u00ed Trumpovo volebn\u00ed obdob\u00ed budou spolupracovat.<\/p>\n<p style=\"font-weight: 400;\">Vladim\u00edr Putin nemusel u\u010dinit ohledn\u011b Ukrajiny \u017e\u00e1dn\u00fd viditeln\u00fd \u00fastupek, snad jen ten, \u017ee se setk\u00e1 se Zelensk\u00fdm a \u017ee se bude sna\u017eit dot\u00e1hnout ten konflikt k\u00a0n\u011bjak\u00e9mu konci. A to je jist\u011b dob\u0159e.<\/p>\n<p style=\"font-weight: 400;\">Nen\u00ed jist\u011b sporu, \u017ee Trump si ukon\u010den\u00ed konfliktu p\u0159eje.<\/p>\n<p style=\"font-weight: 400;\">Ale nen\u00ed ani sporu o tom, \u017ee po tomto setk\u00e1n\u00ed, kdy byl d\u00e1n nezpochybniteln\u00fd sign\u00e1l strategick\u00e9ho partnerstv\u00ed Trump-Putin, budou muset, jist\u011b zu\u0159iv\u00ed evrop\u0161t\u00ed jest\u0159\u00e1bi a je\u0161t\u011b zu\u0159iv\u011bj\u0161\u00ed Zelenskyj minim\u00e1ln\u011b zrevidovat sv\u00e9 maximalistick\u00e9 p\u0159edstavy, co po Putinovi cht\u00edt.<\/p>\n<p style=\"font-weight: 400;\">Z\u00e1rove\u0148 plat\u00ed, \u017ee se s\u00a0velkou pravd\u011bpodobnost\u00ed rozhodne na boji\u0161ti, kde Rusko u\u017e del\u0161\u00ed dobu vede a nyn\u00ed pos\u00edleno pr\u016fb\u011bhem alja\u0161sk\u00e9 sch\u016fzky bude jist\u011b aktivn\u011bj\u0161\u00ed a \u00fasp\u011b\u0161n\u011bj\u0161\u00ed.<\/p>\n<p style=\"font-weight: 400;\">\u017de\u00a0\u00a0Trump ji\u017e avizoval, \u017ee by se r\u00e1d z\u00fa\u010dastnil setk\u00e1n\u00ed Putin-Zelenskyj, ale mo\u017en\u00e1 i setk\u00e1n\u00ed Putin-Zelenskyj-Evropa lze rozhodn\u011b p\u0159iv\u00edtat.<\/p>\n<p style=\"font-weight: 400;\">N\u011bkdo mus\u00ed ty protirusky nen\u00e1vistn\u00e9 hlavy typu Merze a spol. p\u0159iv\u00e9st k\u00a0rozumu.<\/p>\n<p style=\"font-weight: 400;\">A jedin\u00fd, kdo je toho schopen je Donald Trump.<\/p>\n<p style=\"font-weight: 400;\">A Trump se jist\u011b je\u0161t\u011b do konce sv\u00e9ho volebn\u00edho obdob\u00ed dostane do sv\u00e9 obdivovan\u00e9 Moskvy, o kter\u00e9 tak l\u00e1skypln\u011b hovo\u0159il v\u00a0tomto t\u00fddnu b\u011bhem sv\u00e9 tiskov\u00e9 konference svolan\u00e9 k\u00a0\u00fapln\u011b jin\u00e9 ot\u00e1zce, tj. pot\u0159eb\u011b omezen\u00ed kriminality v New Yorku<\/p>\n<p><a href=\"https:\/\/vasevec.info\/komentare\/na-shledanou-v-moskve\">Ji\u0159\u00ed Vyvadil<\/a><\/p>\n<p><img decoding=\"async\" loading=\"lazy\" class=\"alignnone size-medium wp-image-16474\" src=\"http:\/\/www.infokuryr.cz\/n\/wp-content\/uploads\/2022\/10\/jiri-vyvadil-300x200.jpg\" alt=\"\" width=\"300\" height=\"200\" srcset=\"https:\/\/www.infokuryr.cz\/n\/wp-content\/uploads\/2022\/10\/jiri-vyvadil-300x200.jpg 300w, https:\/\/www.infokuryr.cz\/n\/wp-content\/uploads\/2022\/10\/jiri-vyvadil-768x512.jpg 768w, https:\/\/www.infokuryr.cz\/n\/wp-content\/uploads\/2022\/10\/jiri-vyvadil.jpg 800w\" sizes=\"(max-width: 300px) 100vw, 300px\" \/><\/p>\n<p><img decoding=\"async\" loading=\"lazy\" class=\"wp-image-85002 aligncenter\" src=\"http:\/\/www.infokuryr.cz\/n\/wp-content\/uploads\/2025\/08\/Plakat1-212x300.jpg\" alt=\"\" width=\"709\" height=\"1003\" srcset=\"https:\/\/www.infokuryr.cz\/n\/wp-content\/uploads\/2025\/08\/Plakat1-212x300.jpg 212w, https:\/\/www.infokuryr.cz\/n\/wp-content\/uploads\/2025\/08\/Plakat1-724x1024.jpg 724w, https:\/\/www.infokuryr.cz\/n\/wp-content\/uploads\/2025\/08\/Plakat1-768x1086.jpg 768w, https:\/\/www.infokuryr.cz\/n\/wp-content\/uploads\/2025\/08\/Plakat1-1086x1536.jpg 1086w, https:\/\/www.infokuryr.cz\/n\/wp-content\/uploads\/2025\/08\/Plakat1-1024x1449.jpg 1024w, https:\/\/www.infokuryr.cz\/n\/wp-content\/uploads\/2025\/08\/Plakat1.jpg 1131w\" sizes=\"(max-width: 709px) 100vw, 709px\" \/><\/p>\n<p>&nbsp;<\/p>\n","protected":false},"excerpt":{"rendered":"<p>P\u00e1nov\u00e9 Trump a Putin maj\u00ed p\u0159ed sebou je\u0161t\u011b t\u0159i a p\u016fl roku, aby se pokusili&#8230;<\/p>\n","protected":false},"author":2,"featured_media":85724,"comment_status":"closed","ping_status":"closed","sticky":false,"template":"","format":"standard","meta":[],"categories":[6],"tags":[1503,102,452],"_links":{"self":[{"href":"https:\/\/www.infokuryr.cz\/n\/wp-json\/wp\/v2\/posts\/85723"}],"collection":[{"href":"https:\/\/www.infokuryr.cz\/n\/wp-json\/wp\/v2\/posts"}],"about":[{"href":"https:\/\/www.infokuryr.cz\/n\/wp-json\/wp\/v2\/types\/post"}],"author":[{"embeddable":true,"href":"https:\/\/www.infokuryr.cz\/n\/wp-json\/wp\/v2\/users\/2"}],"replies":[{"embeddable":true,"href":"https:\/\/www.infokuryr.cz\/n\/wp-json\/wp\/v2\/comments?post=85723"}],"version-history":[{"count":0,"href":"https:\/\/www.infokuryr.cz\/n\/wp-json\/wp\/v2\/posts\/85723\/revisions"}],"wp:featuredmedia":[{"embeddable":true,"href":"https:\/\/www.infokuryr.cz\/n\/wp-json\/wp\/v2\/media\/85724"}],"wp:attachment":[{"href":"https:\/\/www.infokuryr.cz\/n\/wp-json\/wp\/v2\/media?parent=85723"}],"wp:term":[{"taxonomy":"category","embeddable":true,"href":"https:\/\/www.infokuryr.cz\/n\/wp-json\/wp\/v2\/categories?post=85723"},{"taxonomy":"post_tag","embeddable":true,"href":"https:\/\/www.infokuryr.cz\/n\/wp-json\/wp\/v2\/tags?post=85723"}],"curies":[{"name":"wp","href":"https:\/\/api.w.org\/{rel}","templated":true}]}}