{"id":85647,"date":"2025-08-16T00:23:56","date_gmt":"2025-08-15T22:23:56","guid":{"rendered":"https:\/\/www.infokuryr.cz\/n\/?p=85647"},"modified":"2025-08-15T13:38:01","modified_gmt":"2025-08-15T11:38:01","slug":"izraelsti-fotbalovi-fanousci-v-reakci-na-polskou-provokaci-oznacili-polaky-za-vrahy","status":"publish","type":"post","link":"https:\/\/www.infokuryr.cz\/n\/2025\/08\/16\/izraelsti-fotbalovi-fanousci-v-reakci-na-polskou-provokaci-oznacili-polaky-za-vrahy\/","title":{"rendered":"Izrael\u0161t\u00ed fotbalov\u00ed fanou\u0161ci v reakci na polskou provokaci ozna\u010dili Pol\u00e1ky za \u201evrahy\u201c"},"content":{"rendered":"<div id=\"fb-root\"><\/div>\n<h3 class=\"s-tagline fw-tagline\"><span dir=\"auto\">Izraelsko-polsk\u00e9 vztahy dos\u00e1hly nov\u00e9ho dna kv\u016fli skupin\u011b fanou\u0161k\u016f na obou stran\u00e1ch.<\/span><\/h3>\n<div class=\"e-ct-outer\">\n<div class=\"entry-content rbct clearfix is-highlight-shares\">\n<p><span dir=\"auto\">Polsko-izraelsk\u00e9 vztahy narazily na dal\u0161\u00ed z\u00e1drhel, tentokr\u00e1t kv\u016fli p\u0159ekvapiv\u00e9mu chov\u00e1n\u00ed izraelsk\u00fdch fanou\u0161k\u016f na fotbalov\u00e9m z\u00e1pase. P\u0159esto Pol\u00e1ci b\u011bhem p\u0159edchoz\u00edho z\u00e1pasu projevovali agresivn\u00ed sd\u011blen\u00ed.<\/span><\/p>\n<p><span dir=\"auto\">Polsko, jak vyj\u00e1d\u0159ili prezident Karol Nawrocki, m\u00edstop\u0159edseda vl\u00e1dy W\u0142adys\u0142aw Kosiniak-Kamysz a mluv\u010d\u00ed vl\u00e1dy Adam Sz\u0142apka, o\u010dek\u00e1v\u00e1 od UEFA jasnou reakci ohledn\u011b transparentu, kter\u00fd fanou\u0161ci vyv\u011bsili.<\/span><\/p>\n<p><span dir=\"auto\">Na konci z\u00e1pasu mezi Rak\u00f3wem Cz\u0119stochowou a Maccabi Haifa v ma\u010farsk\u00e9m Debrec\u00ednu fanou\u0161ci Maccabi Haifa rozvinuli transparent, na kter\u00e9m Pol\u00e1ky nazvali \u201eVrahov\u00e9 od roku 1939\u201c. Podle sportovn\u00edho novin\u00e1\u0159e \u0141ukasze Ciony, kter\u00fd byl z\u00e1pasu p\u0159\u00edtomen, koment\u00e1tor Maccabi nazval Pol\u00e1ky nacisty, p\u00ed\u0161e\u00a0<\/span><a href=\"https:\/\/dorzeczy.pl\/kraj\/765999\/ambasada-izraela-zareagowala-na-baner-mogliscie-milczec.html\"><span dir=\"auto\">Do Rzeczy<\/span><\/a><span dir=\"auto\"> .<\/span><\/p>\n<p><span dir=\"auto\">Izraelsk\u00e9 velvyslanectv\u00ed v Polsku zve\u0159ejnilo reakci na\u00a0<\/span><a href=\"https:\/\/x.com\/IsraelinPoland\/status\/1956116891765752296?ref_src=twsrc%5Etfw%7Ctwcamp%5Etweetembed%7Ctwterm%5E1956133016679670023%7Ctwgr%5E00eb12f249776ea7cac2e98ef6b33de8ca5f3520%7Ctwcon%5Es2_&amp;ref_url=https%3A%2F%2Fdorzeczy.pl%2Fkraj%2F765999%2Fambasada-izraela-zareagowala-na-baner-mogliscie-milczec.html\"><span dir=\"auto\">platform\u011b<\/span><\/a><span dir=\"auto\">\u00a0X.<\/span><\/p>\n<p><span dir=\"auto\">\u201eOdporn\u00e9 chov\u00e1n\u00ed n\u011bkter\u00fdch fanou\u0161k\u016f Maccabi Haifa b\u011bhem z\u00e1pasu proti Rak\u00f3w Cz\u0119stochowa. Pro takov\u00e1 slova a \u010diny nen\u00ed m\u00edsto, z \u017e\u00e1dn\u00e9 strany, ani na stadionu, ani nikde jinde. Nikdy! Tyto hanebn\u00e9 incidenty neodr\u00e1\u017eej\u00ed ducha v\u011bt\u0161iny izraelsk\u00fdch fanou\u0161k\u016f,\u201c napsali.<\/span><\/p>\n<div class=\"twitter-tweet twitter-tweet-rendered\"><iframe id=\"twitter-widget-0\" class=\"\" title=\"X P\u0159\u00edsp\u011bvek\" src=\"https:\/\/platform.twitter.com\/embed\/Tweet.html?creatorScreenName=RMXnews&amp;dnt=false&amp;embedId=twitter-widget-0&amp;features=eyJ0ZndfdGltZWxpbmVfbGlzdCI6eyJidWNrZXQiOltdLCJ2ZXJzaW9uIjpudWxsfSwidGZ3X2ZvbGxvd2VyX2NvdW50X3N1bnNldCI6eyJidWNrZXQiOnRydWUsInZlcnNpb24iOm51bGx9LCJ0ZndfdHdlZXRfZWRpdF9iYWNrZW5kIjp7ImJ1Y2tldCI6Im9uIiwidmVyc2lvbiI6bnVsbH0sInRmd19yZWZzcmNfc2Vzc2lvbiI6eyJidWNrZXQiOiJvbiIsInZlcnNpb24iOm51bGx9LCJ0ZndfZm9zbnJfc29mdF9pbnRlcnZlbnRpb25zX2VuYWJsZWQiOnsiYnVja2V0Ijoib24iLCJ2ZXJzaW9uIjpudWxsfSwidGZ3X21peGVkX21lZGlhXzE1ODk3Ijp7ImJ1Y2tldCI6InRyZWF0bWVudCIsInZlcnNpb24iOm51bGx9LCJ0ZndfZXhwZXJpbWVudHNfY29va2llX2V4cGlyYXRpb24iOnsiYnVja2V0IjoxMjA5NjAwLCJ2ZXJzaW9uIjpudWxsfSwidGZ3X3Nob3dfYmlyZHdhdGNoX3Bpdm90c19lbmFibGVkIjp7ImJ1Y2tldCI6Im9uIiwidmVyc2lvbiI6bnVsbH0sInRmd19kdXBsaWNhdGVfc2NyaWJlc190b19zZXR0aW5ncyI6eyJidWNrZXQiOiJvbiIsInZlcnNpb24iOm51bGx9LCJ0ZndfdXNlX3Byb2ZpbGVfaW1hZ2Vfc2hhcGVfZW5hYmxlZCI6eyJidWNrZXQiOiJvbiIsInZlcnNpb24iOm51bGx9LCJ0ZndfdmlkZW9faGxzX2R5bmFtaWNfbWFuaWZlc3RzXzE1MDgyIjp7ImJ1Y2tldCI6InRydWVfYml0cmF0ZSIsInZlcnNpb24iOm51bGx9LCJ0ZndfbGVnYWN5X3RpbWVsaW5lX3N1bnNldCI6eyJidWNrZXQiOnRydWUsInZlcnNpb24iOm51bGx9LCJ0ZndfdHdlZXRfZWRpdF9mcm9udGVuZCI6eyJidWNrZXQiOiJvbiIsInZlcnNpb24iOm51bGx9fQ%3D%3D&amp;frame=false&amp;hideCard=false&amp;hideThread=false&amp;id=1956099860534301094&amp;lang=cs&amp;origin=https%3A%2F%2Frmx.news%2Farticle%2Fisraeli-soccer-fans-call-poles-murderers-in-inexplicable-display%2F&amp;sessionId=a0c645d2f2074be3e6f241401353175c21984b99&amp;theme=light&amp;widgetsVersion=2615f7e52b7e0%3A1702314776716&amp;width=550px\" frameborder=\"0\" scrolling=\"no\" allowfullscreen=\"allowfullscreen\" data-tweet-id=\"1956099860534301094\" data-mce-fragment=\"1\"><\/iframe><\/div>\n<p><span dir=\"auto\">Pol\u0161t\u00ed poslanci rychle pouk\u00e1zali na to, \u017ee prohl\u00e1\u0161en\u00ed obsahuje zna\u010dnou nep\u0159esnost. \u201eKter\u00e1 strana? Dnes se jedna strana chovala ostudn\u011b. Va\u0161i fanou\u0161ci, fanou\u0161ci va\u0161eho t\u00fdmu, VE\u0158EJN\u011a ur\u00e1\u017eeli Pol\u00e1ky jako n\u00e1rod. I v p\u0159\u00edsp\u011bvku, kter\u00fdm se teoreticky distancujete, se sna\u017e\u00edte uml\u010dovat a man\u00e9vrovat. Mohli jste ml\u010det. Skon\u010dilo by to stejn\u011b,\u201c napsal Sebastian Kaleta z PiS.<\/span><\/p>\n<p><span dir=\"auto\">Transparent vznikl v reakci na podobn\u00fd incident b\u011bhem p\u0159edchoz\u00edho z\u00e1pasu polsk\u00e9ho t\u00fdmu, kdy fanou\u0161ci Rakowa dr\u017eeli transparent s n\u00e1pisem \u201eIzrael zab\u00edj\u00ed, sv\u011bt naslouch\u00e1,\u201c informuje\u00a0<\/span><a href=\"https:\/\/neokohn.hu\/2025\/08\/15\/gyilkosok-1939-ota-izraeli-es-lengyel-focidrukkerek-balheztak-debrecenben\/\"><span dir=\"auto\">Neokohn.hu<\/span><\/a><span dir=\"auto\">\u00a0. Izrael\u0161t\u00ed fanou\u0161ci tak\u00e9 poslali UEFA vzkaz s dal\u0161\u00edm transparentem, v n\u011bm\u017e st\u00e1lo: \u201eUEFA \u2013 fair play kon\u010d\u00ed tam, kde za\u010d\u00ednaj\u00ed velk\u00e9 pen\u00edze.\u201c<\/span><\/p>\n<div class=\"twitter-tweet twitter-tweet-rendered\"><iframe id=\"twitter-widget-1\" class=\"\" title=\"X P\u0159\u00edsp\u011bvek\" src=\"https:\/\/platform.twitter.com\/embed\/Tweet.html?creatorScreenName=RMXnews&amp;dnt=false&amp;embedId=twitter-widget-1&amp;features=eyJ0ZndfdGltZWxpbmVfbGlzdCI6eyJidWNrZXQiOltdLCJ2ZXJzaW9uIjpudWxsfSwidGZ3X2ZvbGxvd2VyX2NvdW50X3N1bnNldCI6eyJidWNrZXQiOnRydWUsInZlcnNpb24iOm51bGx9LCJ0ZndfdHdlZXRfZWRpdF9iYWNrZW5kIjp7ImJ1Y2tldCI6Im9uIiwidmVyc2lvbiI6bnVsbH0sInRmd19yZWZzcmNfc2Vzc2lvbiI6eyJidWNrZXQiOiJvbiIsInZlcnNpb24iOm51bGx9LCJ0ZndfZm9zbnJfc29mdF9pbnRlcnZlbnRpb25zX2VuYWJsZWQiOnsiYnVja2V0Ijoib24iLCJ2ZXJzaW9uIjpudWxsfSwidGZ3X21peGVkX21lZGlhXzE1ODk3Ijp7ImJ1Y2tldCI6InRyZWF0bWVudCIsInZlcnNpb24iOm51bGx9LCJ0ZndfZXhwZXJpbWVudHNfY29va2llX2V4cGlyYXRpb24iOnsiYnVja2V0IjoxMjA5NjAwLCJ2ZXJzaW9uIjpudWxsfSwidGZ3X3Nob3dfYmlyZHdhdGNoX3Bpdm90c19lbmFibGVkIjp7ImJ1Y2tldCI6Im9uIiwidmVyc2lvbiI6bnVsbH0sInRmd19kdXBsaWNhdGVfc2NyaWJlc190b19zZXR0aW5ncyI6eyJidWNrZXQiOiJvbiIsInZlcnNpb24iOm51bGx9LCJ0ZndfdXNlX3Byb2ZpbGVfaW1hZ2Vfc2hhcGVfZW5hYmxlZCI6eyJidWNrZXQiOiJvbiIsInZlcnNpb24iOm51bGx9LCJ0ZndfdmlkZW9faGxzX2R5bmFtaWNfbWFuaWZlc3RzXzE1MDgyIjp7ImJ1Y2tldCI6InRydWVfYml0cmF0ZSIsInZlcnNpb24iOm51bGx9LCJ0ZndfbGVnYWN5X3RpbWVsaW5lX3N1bnNldCI6eyJidWNrZXQiOnRydWUsInZlcnNpb24iOm51bGx9LCJ0ZndfdHdlZXRfZWRpdF9mcm9udGVuZCI6eyJidWNrZXQiOiJvbiIsInZlcnNpb24iOm51bGx9fQ%3D%3D&amp;frame=false&amp;hideCard=false&amp;hideThread=false&amp;id=1956091242074288201&amp;lang=cs&amp;origin=https%3A%2F%2Frmx.news%2Farticle%2Fisraeli-soccer-fans-call-poles-murderers-in-inexplicable-display%2F&amp;sessionId=a0c645d2f2074be3e6f241401353175c21984b99&amp;theme=light&amp;widgetsVersion=2615f7e52b7e0%3A1702314776716&amp;width=550px\" frameborder=\"0\" scrolling=\"no\" allowfullscreen=\"allowfullscreen\" data-tweet-id=\"1956091242074288201\" data-mce-fragment=\"1\"><\/iframe><\/div>\n<p><span dir=\"auto\">K p\u0159\u00edsp\u011bvku ambas\u00e1dy se vyj\u00e1d\u0159il i poslanec Konfederace Konrad Berkowicz, kter\u00fd poznamenal, \u017ee ministr zahrani\u010d\u00ed se st\u00e1le nevyj\u00e1d\u0159il. \u201eOmluvte se a kdy\u017e u\u017e u toho budete, \u0159ekn\u011bte pan\u00ed Ann\u011b Applebaumov\u00e9, aby vzbudila sv\u00e9ho man\u017eela. Mo\u017en\u00e1 mu to pom\u016f\u017ee dostat se z postele,\u201c \u010dteme.<\/span><\/p>\n<p><span dir=\"auto\">Man\u017eel pan\u00ed Applebaumov\u00e9, polsk\u00fd ministr zahrani\u010d\u00ed Radoslaw Sikorsi, kone\u010dn\u011b koment\u00e1\u0159 izraelsk\u00e9ho velvyslanectv\u00ed znovu zve\u0159ejnil s vlastn\u00ed pozn\u00e1mkou: \u201eJe dob\u0159e, \u017ee\u00a0<\/span><a href=\"https:\/\/x.com\/IsraelinPoland\"><span dir=\"auto\">@IsraelinPoland<\/span><\/a><span dir=\"auto\">\u00a0reagoval na skand\u00e1ln\u00ed transparent,\u201c napsal a dodal: \u201eMimochodem, douf\u00e1m, \u017ee izraelsk\u00e1 ml\u00e1de\u017e se bude u\u010dit, \u017ee v roce 1939 to bylo nacistick\u00e9 N\u011bmecko, kdo za\u00fato\u010dil na Polsko a za\u010dal vra\u017edit jeho ob\u010dany v\u0161ech vyzn\u00e1n\u00ed a n\u00e1rodnost\u00ed.\u201c<\/span><\/p>\n<div class=\"twitter-tweet twitter-tweet-rendered\"><iframe id=\"twitter-widget-2\" class=\"\" title=\"X P\u0159\u00edsp\u011bvek\" src=\"https:\/\/platform.twitter.com\/embed\/Tweet.html?creatorScreenName=RMXnews&amp;dnt=false&amp;embedId=twitter-widget-2&amp;features=eyJ0ZndfdGltZWxpbmVfbGlzdCI6eyJidWNrZXQiOltdLCJ2ZXJzaW9uIjpudWxsfSwidGZ3X2ZvbGxvd2VyX2NvdW50X3N1bnNldCI6eyJidWNrZXQiOnRydWUsInZlcnNpb24iOm51bGx9LCJ0ZndfdHdlZXRfZWRpdF9iYWNrZW5kIjp7ImJ1Y2tldCI6Im9uIiwidmVyc2lvbiI6bnVsbH0sInRmd19yZWZzcmNfc2Vzc2lvbiI6eyJidWNrZXQiOiJvbiIsInZlcnNpb24iOm51bGx9LCJ0ZndfZm9zbnJfc29mdF9pbnRlcnZlbnRpb25zX2VuYWJsZWQiOnsiYnVja2V0Ijoib24iLCJ2ZXJzaW9uIjpudWxsfSwidGZ3X21peGVkX21lZGlhXzE1ODk3Ijp7ImJ1Y2tldCI6InRyZWF0bWVudCIsInZlcnNpb24iOm51bGx9LCJ0ZndfZXhwZXJpbWVudHNfY29va2llX2V4cGlyYXRpb24iOnsiYnVja2V0IjoxMjA5NjAwLCJ2ZXJzaW9uIjpudWxsfSwidGZ3X3Nob3dfYmlyZHdhdGNoX3Bpdm90c19lbmFibGVkIjp7ImJ1Y2tldCI6Im9uIiwidmVyc2lvbiI6bnVsbH0sInRmd19kdXBsaWNhdGVfc2NyaWJlc190b19zZXR0aW5ncyI6eyJidWNrZXQiOiJvbiIsInZlcnNpb24iOm51bGx9LCJ0ZndfdXNlX3Byb2ZpbGVfaW1hZ2Vfc2hhcGVfZW5hYmxlZCI6eyJidWNrZXQiOiJvbiIsInZlcnNpb24iOm51bGx9LCJ0ZndfdmlkZW9faGxzX2R5bmFtaWNfbWFuaWZlc3RzXzE1MDgyIjp7ImJ1Y2tldCI6InRydWVfYml0cmF0ZSIsInZlcnNpb24iOm51bGx9LCJ0ZndfbGVnYWN5X3RpbWVsaW5lX3N1bnNldCI6eyJidWNrZXQiOnRydWUsInZlcnNpb24iOm51bGx9LCJ0ZndfdHdlZXRfZWRpdF9mcm9udGVuZCI6eyJidWNrZXQiOiJvbiIsInZlcnNpb24iOm51bGx9fQ%3D%3D&amp;frame=false&amp;hideCard=false&amp;hideThread=false&amp;id=1956255644853362734&amp;lang=cs&amp;origin=https%3A%2F%2Frmx.news%2Farticle%2Fisraeli-soccer-fans-call-poles-murderers-in-inexplicable-display%2F&amp;sessionId=a0c645d2f2074be3e6f241401353175c21984b99&amp;theme=light&amp;widgetsVersion=2615f7e52b7e0%3A1702314776716&amp;width=550px\" frameborder=\"0\" scrolling=\"no\" allowfullscreen=\"allowfullscreen\" data-tweet-id=\"1956255644853362734\" data-mce-fragment=\"1\"><\/iframe><\/div>\n<p><span dir=\"auto\">Z\u00e1pas skon\u010dil 2:0 ve prosp\u011bch Rak\u00f3wa, \u010d\u00edm\u017e si t\u00fdm zajistil m\u00edsto ve \u010dtvrt\u00e9m kole kvalifikace Conference League.<\/span><\/p>\n<p><span dir=\"auto\">Obvin\u011bn\u00ed Pol\u00e1k\u016f ze spolu\u00fa\u010dasti na nacistick\u00fdch zv\u011brstvech a holocaustu jsou nepravdiv\u00e1 a zcela ahistorick\u00e1, p\u00ed\u0161e Do Rzeczy, p\u0159i\u010dem\u017e za zlo\u010diny N\u011bmecka nese v\u00fdhradn\u00ed odpov\u011bdnost N\u011bmecko operuj\u00edc\u00ed na okupovan\u00e9m polsk\u00e9m \u00fazem\u00ed.<\/span><\/p>\n<p><span dir=\"auto\">Mluv\u010d\u00ed Rak\u00f3w Cz\u0119stochowa nav\u00edc napsal: \u201eBez koment\u00e1\u0159e.\u201c Na internetu se objevuje st\u00e1le v\u00edce fotografi\u00ed a vide\u00ed ze stadionu.<\/span><\/p>\n<p><img decoding=\"async\" loading=\"lazy\" class=\"alignnone size-full wp-image-1185\" src=\"http:\/\/www.infokuryr.cz\/n\/wp-content\/uploads\/2021\/04\/kuryr-podpis.png\" alt=\"\" width=\"84\" height=\"24\" \/><\/p>\n<p><img decoding=\"async\" loading=\"lazy\" class=\"wp-image-85002 aligncenter\" src=\"http:\/\/www.infokuryr.cz\/n\/wp-content\/uploads\/2025\/08\/Plakat1-212x300.jpg\" alt=\"\" width=\"698\" height=\"988\" srcset=\"https:\/\/www.infokuryr.cz\/n\/wp-content\/uploads\/2025\/08\/Plakat1-212x300.jpg 212w, https:\/\/www.infokuryr.cz\/n\/wp-content\/uploads\/2025\/08\/Plakat1-724x1024.jpg 724w, https:\/\/www.infokuryr.cz\/n\/wp-content\/uploads\/2025\/08\/Plakat1-768x1086.jpg 768w, https:\/\/www.infokuryr.cz\/n\/wp-content\/uploads\/2025\/08\/Plakat1-1086x1536.jpg 1086w, https:\/\/www.infokuryr.cz\/n\/wp-content\/uploads\/2025\/08\/Plakat1-1024x1449.jpg 1024w, https:\/\/www.infokuryr.cz\/n\/wp-content\/uploads\/2025\/08\/Plakat1.jpg 1131w\" sizes=\"(max-width: 698px) 100vw, 698px\" \/><\/p>\n<p>&nbsp;<\/p>\n<\/div>\n<\/div>\n","protected":false},"excerpt":{"rendered":"<p>Izraelsko-polsk\u00e9 vztahy dos\u00e1hly nov\u00e9ho dna kv\u016fli skupin\u011b fanou\u0161k\u016f na obou stran\u00e1ch. Polsko-izraelsk\u00e9 vztahy narazily na&#8230;<\/p>\n","protected":false},"author":2,"featured_media":85648,"comment_status":"closed","ping_status":"closed","sticky":false,"template":"","format":"standard","meta":[],"categories":[7],"tags":[1339,814,92],"_links":{"self":[{"href":"https:\/\/www.infokuryr.cz\/n\/wp-json\/wp\/v2\/posts\/85647"}],"collection":[{"href":"https:\/\/www.infokuryr.cz\/n\/wp-json\/wp\/v2\/posts"}],"about":[{"href":"https:\/\/www.infokuryr.cz\/n\/wp-json\/wp\/v2\/types\/post"}],"author":[{"embeddable":true,"href":"https:\/\/www.infokuryr.cz\/n\/wp-json\/wp\/v2\/users\/2"}],"replies":[{"embeddable":true,"href":"https:\/\/www.infokuryr.cz\/n\/wp-json\/wp\/v2\/comments?post=85647"}],"version-history":[{"count":0,"href":"https:\/\/www.infokuryr.cz\/n\/wp-json\/wp\/v2\/posts\/85647\/revisions"}],"wp:featuredmedia":[{"embeddable":true,"href":"https:\/\/www.infokuryr.cz\/n\/wp-json\/wp\/v2\/media\/85648"}],"wp:attachment":[{"href":"https:\/\/www.infokuryr.cz\/n\/wp-json\/wp\/v2\/media?parent=85647"}],"wp:term":[{"taxonomy":"category","embeddable":true,"href":"https:\/\/www.infokuryr.cz\/n\/wp-json\/wp\/v2\/categories?post=85647"},{"taxonomy":"post_tag","embeddable":true,"href":"https:\/\/www.infokuryr.cz\/n\/wp-json\/wp\/v2\/tags?post=85647"}],"curies":[{"name":"wp","href":"https:\/\/api.w.org\/{rel}","templated":true}]}}