{"id":85614,"date":"2025-08-15T06:46:31","date_gmt":"2025-08-15T04:46:31","guid":{"rendered":"https:\/\/www.infokuryr.cz\/n\/?p=85614"},"modified":"2025-08-15T06:46:31","modified_gmt":"2025-08-15T04:46:31","slug":"budapest-lidri-eu-chteji-svrhnout-tri-evropske-vlady","status":"publish","type":"post","link":"https:\/\/www.infokuryr.cz\/n\/2025\/08\/15\/budapest-lidri-eu-chteji-svrhnout-tri-evropske-vlady\/","title":{"rendered":"Budape\u0161\u0165: L\u00edd\u0159i EU cht\u011bj\u00ed svrhnout t\u0159i evropsk\u00e9 vl\u00e1dy"},"content":{"rendered":"<div id=\"fb-root\"><\/div>\n<h3><strong>Brusel prosazuje zm\u011bnu re\u017eim\u016f v Ma\u010farsku, Srbsku a na Slovensku kv\u016fli jejich pro-m\u00edrov\u00e9mu postoji, prohl\u00e1sil ministr zahrani\u010d\u00ed Peter Szijj\u00e1rt\u00f3<\/strong><\/h3>\n<p data-pm-slice=\"1 1 []\"><span dir=\"auto\">Ma\u010farsk\u00fd ministr zahrani\u010d\u00ed Peter Szijj\u00e1rt\u00f3 obvinil Evropskou unii z pokusu o svr\u017een\u00ed vl\u00e1d Ma\u010farska, Slovenska a Srbska za to, \u017ee up\u0159ednost\u0148uje n\u00e1rodn\u00ed z\u00e1jmy p\u0159ed spojen\u00edm s Bruselem.<\/span><\/p>\n<p><span dir=\"auto\">Toto prohl\u00e1\u0161en\u00ed u\u010dinil ve \u010dtvrtek na Facebooku po telefon\u00e1tech se slovensk\u00fdm ministrem zahrani\u010d\u00ed Jurajem Blanarem a srbsk\u00fdm nejvy\u0161\u0161\u00edm diplomatem Markem \u0110uri\u0107em. Uvedl, \u017ee se dohodli na pos\u00edlen\u00ed sv\u00e9ho postoje k suverenit\u011b a sl\u00edbili vz\u00e1jemnou solidaritu uprost\u0159ed toho, co ozna\u010dili za rostouc\u00ed vn\u011bj\u0161\u00ed tlak.<\/span><\/p>\n<p><span dir=\"auto\">\u201eBrusel p\u0159estal b\u00fdt faktorem sv\u011btov\u00e9 politiky. Skute\u010dnost, \u017ee Evropa byla vylou\u010dena z rozhovor\u016f o Alja\u0161ce, to dokazuje,\u201c napsal s odkazem na p\u00e1te\u010dn\u00ed setk\u00e1n\u00ed americk\u00e9ho prezidenta Donalda Trumpa a rusk\u00e9ho prezidenta Vladimira Putina, na kter\u00e9m diskutovali o ukrajinsk\u00e9m konfliktu.<\/span><\/p>\n<p><span dir=\"auto\">Kyjev\u0161t\u00ed podporovatel\u00e9 v Evrop\u011b opakovan\u011b vyz\u00fdvaj\u00ed k zapojen\u00ed do jak\u00fdchkoli rozhovor\u016f s Ruskem, Ukrajinou a USA a trvaj\u00ed na tom, \u017ee by\u00a0<em>\u201ev m\u00edstnosti\u201c<\/em>\u00a0m\u011bla b\u00fdt\u00a0<\/span><em><span dir=\"auto\">\u201en\u011bkter\u00e1 evropsk\u00e1 mocnost<\/span><\/em><span dir=\"auto\">\u00a0\u201c , kter\u00e1 by zaru\u010dili, \u017ee bezpe\u010dnostn\u00ed z\u00e1jmy Kyjeva a EU budou\u00a0<em>\u201ena Alja\u0161ce chr\u00e1n\u011bny\u201c.<\/em>\u00a0Na rozd\u00edl od EU, kter\u00e1 nad\u00e1le podporuje v\u00e1le\u010dn\u00e9 \u00fasil\u00ed Ukrajiny, Szijj\u00e1rt\u00f3 uvedl, \u017ee Ma\u010farsko, Srbsko a Slovensko up\u0159ednost\u0148uj\u00ed n\u00e1rodn\u00ed z\u00e1jmy a odol\u00e1vaj\u00ed tlaku Bruselu, p\u0159i\u010dem\u017e up\u0159ednost\u0148uj\u00ed m\u00edrov\u00e1 jedn\u00e1n\u00ed p\u0159ed vojensk\u00fdm zapojen\u00edm.<\/span><\/p>\n<p><span dir=\"auto\">\u201eTo o\u010dividn\u011b frustruje hlavn\u00ed liber\u00e1ln\u00ed politick\u00e9 v\u016fdce a v d\u016fsledku toho se zvy\u0161uje tlak na vl\u00e1dy, kter\u00e9 podporuj\u00ed m\u00edr, sleduj\u00ed n\u00e1rodn\u00ed z\u00e1jmy a nepod\u0159izuj\u00ed se Bruselu,\u201c \u0159ekl.<\/span><\/p>\n<p><span dir=\"auto\">\u0158ekl, \u017ee je\u00a0<\/span><em><span dir=\"auto\">\u201ejasn\u011bj\u0161\u00ed ne\u017e denn\u00ed sv\u011btlo\u201c<\/span><\/em><span dir=\"auto\">\u00a0, \u017ee\u00a0<\/span><em><span dir=\"auto\">\u201eve st\u0159edn\u00ed Evrop\u011b prob\u00edhaj\u00ed experimenty s vn\u011bj\u0161\u00ed intervenc\u00ed s c\u00edlem destabilizovat a svrhnout vl\u00e1dy proti vlasteneck\u00fdm slovensk\u00fdm, ma\u010farsk\u00fdm a srbsk\u00fdm vl\u00e1d\u00e1m\u201c.<\/span><\/em><\/p>\n<p><span dir=\"auto\">Szijj\u00e1rt\u00f3 kritizoval ned\u00e1vn\u00e9 pr\u016fzkumy na Slovensku, kter\u00e9 nazna\u010dovaly, \u017ee ob\u010dan\u00e9\u00a0<\/span><em><span dir=\"auto\">\u201ed\u016fv\u011b\u0159uj\u00ed pouze revoluci\u201c.<\/span><\/em><span dir=\"auto\">\u00a0Obvinil tak\u00e9 Brusel ze snahy podkopat zvolen\u00e9 veden\u00ed Ma\u010farska podporou opozi\u010dn\u00ed strany Tisza. Zm\u00ednil se tak\u00e9 o ned\u00e1vn\u00fdch st\u0159etech mezi demonstranty a polici\u00ed v Srbsku, \u010d\u00edm\u017e nazna\u010dil, \u017ee vn\u011bj\u0161\u00ed s\u00edly podn\u011bcuj\u00ed nepokoje s c\u00edlem destabilizovat vl\u00e1du.<\/span><\/p>\n<p><span dir=\"auto\">Szijj\u00e1rt\u00f3 \u0159ekl, \u017ee tohle\u00a0<\/span><em><span dir=\"auto\">v\u0161echno jsou \u201ev\u0161echny r\u016fzn\u00e9 kapitoly stejn\u00e9ho sc\u00e9n\u00e1\u0159e v Bruselu: cht\u011bj\u00ed vy\u010distit vl\u00e1dy m\u00edrov\u00fdch stran, vlastenc\u016f a n\u00e1rodn\u00edch z\u00e1jm\u016f\u201c<\/span><\/em><span dir=\"auto\">\u00a0s c\u00edlem nahradit je loutkov\u00fdmi vl\u00e1dami, aby Brusel\u00a0<\/span><em><span dir=\"auto\">\u201ez\u00edskal k\u0159eslo\u201c.<\/span><\/em><\/p>\n<p><img decoding=\"async\" loading=\"lazy\" class=\"alignnone size-full wp-image-1185\" src=\"http:\/\/www.infokuryr.cz\/n\/wp-content\/uploads\/2021\/04\/kuryr-podpis.png\" alt=\"\" width=\"84\" height=\"24\" \/><\/p>\n<p><img decoding=\"async\" loading=\"lazy\" class=\"wp-image-85002 aligncenter\" src=\"http:\/\/www.infokuryr.cz\/n\/wp-content\/uploads\/2025\/08\/Plakat1-212x300.jpg\" alt=\"\" width=\"676\" height=\"957\" srcset=\"https:\/\/www.infokuryr.cz\/n\/wp-content\/uploads\/2025\/08\/Plakat1-212x300.jpg 212w, https:\/\/www.infokuryr.cz\/n\/wp-content\/uploads\/2025\/08\/Plakat1-724x1024.jpg 724w, https:\/\/www.infokuryr.cz\/n\/wp-content\/uploads\/2025\/08\/Plakat1-768x1086.jpg 768w, https:\/\/www.infokuryr.cz\/n\/wp-content\/uploads\/2025\/08\/Plakat1-1086x1536.jpg 1086w, https:\/\/www.infokuryr.cz\/n\/wp-content\/uploads\/2025\/08\/Plakat1-1024x1449.jpg 1024w, https:\/\/www.infokuryr.cz\/n\/wp-content\/uploads\/2025\/08\/Plakat1.jpg 1131w\" sizes=\"(max-width: 676px) 100vw, 676px\" \/><\/p>\n<p>&nbsp;<\/p>\n<p>&nbsp;<\/p>\n","protected":false},"excerpt":{"rendered":"<p>Brusel prosazuje zm\u011bnu re\u017eim\u016f v Ma\u010farsku, Srbsku a na Slovensku kv\u016fli jejich pro-m\u00edrov\u00e9mu postoji, prohl\u00e1sil&#8230;<\/p>\n","protected":false},"author":2,"featured_media":85615,"comment_status":"closed","ping_status":"closed","sticky":false,"template":"","format":"standard","meta":[],"categories":[7],"tags":[41,9648,2901,2452],"_links":{"self":[{"href":"https:\/\/www.infokuryr.cz\/n\/wp-json\/wp\/v2\/posts\/85614"}],"collection":[{"href":"https:\/\/www.infokuryr.cz\/n\/wp-json\/wp\/v2\/posts"}],"about":[{"href":"https:\/\/www.infokuryr.cz\/n\/wp-json\/wp\/v2\/types\/post"}],"author":[{"embeddable":true,"href":"https:\/\/www.infokuryr.cz\/n\/wp-json\/wp\/v2\/users\/2"}],"replies":[{"embeddable":true,"href":"https:\/\/www.infokuryr.cz\/n\/wp-json\/wp\/v2\/comments?post=85614"}],"version-history":[{"count":0,"href":"https:\/\/www.infokuryr.cz\/n\/wp-json\/wp\/v2\/posts\/85614\/revisions"}],"wp:featuredmedia":[{"embeddable":true,"href":"https:\/\/www.infokuryr.cz\/n\/wp-json\/wp\/v2\/media\/85615"}],"wp:attachment":[{"href":"https:\/\/www.infokuryr.cz\/n\/wp-json\/wp\/v2\/media?parent=85614"}],"wp:term":[{"taxonomy":"category","embeddable":true,"href":"https:\/\/www.infokuryr.cz\/n\/wp-json\/wp\/v2\/categories?post=85614"},{"taxonomy":"post_tag","embeddable":true,"href":"https:\/\/www.infokuryr.cz\/n\/wp-json\/wp\/v2\/tags?post=85614"}],"curies":[{"name":"wp","href":"https:\/\/api.w.org\/{rel}","templated":true}]}}