{"id":85594,"date":"2025-08-15T00:33:06","date_gmt":"2025-08-14T22:33:06","guid":{"rendered":"https:\/\/www.infokuryr.cz\/n\/?p=85594"},"modified":"2025-08-14T18:38:54","modified_gmt":"2025-08-14T16:38:54","slug":"je-suis-vlastenec","status":"publish","type":"post","link":"https:\/\/www.infokuryr.cz\/n\/2025\/08\/15\/je-suis-vlastenec\/","title":{"rendered":"Je suis Vlastenec"},"content":{"rendered":"<div id=\"fb-root\"><\/div>\n<p>Jak vychovat vlastence? Jak vyp\u011bstovat mu\u017ee ochotn\u00e9 pom\u00e1hat a ob\u011btovat \u017eivot za vlast? Jak prom\u011bnit arm\u00e1du \u017eold\u00e1k\u016f v oddan\u00e9 vlasteneck\u00e9 bojovn\u00edky? Takov\u00e9 ot\u00e1zky si klade na\u0161e generalita. A j\u00e1 k tomu m\u00e1m p\u00e1r \u0159\u00e1dk\u016f.<\/p>\n<p>M\u016fj soused pan Vom\u00e1\u010dka je vlastenec. B\u00fdval\u00fd voj\u00e1k z povol\u00e1n\u00ed, od d\u011btstv\u00ed veden\u00fd k l\u00e1sce k vlasti. Ta l\u00e1ska se u n\u011bj neprobudila sama od sebe \u2013 vyrostl v prost\u0159ed\u00ed, kde slovo n\u00e1rod m\u011blo v\u00e1hu. Pan Vom\u00e1\u010dka nenechal sv\u016fj rozum zlomit mainstreamov\u00fdmi m\u00e9dii a st\u00e1le hled\u00e1 pravdu o d\u011bn\u00ed ve sv\u011bt\u011b. Je fascinuj\u00edc\u00ed, \u017ee \u010dlov\u011bk, kter\u00fd sotva dokon\u010dil u\u010d\u0148\u00e1k, je dnes jedn\u00edm z nejsiln\u011bj\u0161\u00edch vlastenc\u016f, kter\u00e9 zn\u00e1m. Jak je mo\u017en\u00e9, \u017ee se stal voj\u00e1kem bez dotovan\u00fdch letn\u00edch t\u00e1bor\u016f pro chlapce nad 18? Jak to, \u017ee letos st\u0159edo\u0161kol\u00e1ci o pr\u00e1zdnin\u00e1ch v arm\u00e1d\u011b dobrovoln\u011b cvi\u010dili? Byla to l\u00e1ska k vlasti \u2013 nebo jen k \u017eoldu?<\/p>\n<p>Vychovat \u017eold\u00e1ka nen\u00ed t\u011b\u017ek\u00e9. Sta\u010d\u00ed ho nau\u010dit spol\u00e9hat na pen\u00edze a pohodln\u00fd \u017eivot, dokud ho nepo\u0161lou h\u00e1jit pozice v zapadl\u00fdch Kozojedech. Ale bude takov\u00fd \u010dlov\u011bk bojovat? Ob\u011btuje \u017eivot? Unese tlak? Nebo rad\u011bji ute\u010de na home office?<\/p>\n<p>Letos na brig\u00e1d\u00e1ch chyb\u011bly stovky kluk\u016f. Kdo je nahradil? Kdo se\u010de tr\u00e1vu kolem silnic? Kdo pracuje na stavb\u00e1ch? Kdo buduje vlast? Kdo se u\u010d\u00ed b\u00fdt u\u017eite\u010dn\u00fd, m\u00edsto aby slep\u011b opakoval rozkazy? Odpov\u011b\u010f zn\u00e1m: v\u0161echny pr\u00e1ce, kter\u00e9 by mohli d\u011blat na\u0161i mlad\u00edci, te\u010f zast\u00e1vaj\u00ed uprchl\u00edci z Krajiny, pro kter\u00e9 je vojensk\u00e1 slu\u017eba rozsudkem smrti. Co je na tom \u0161patn\u011b? Pro ty, kdo uva\u017euj\u00ed \u010dist\u011b ekonomicky (input\u2013output\u2013kaput), v\u016fbec nic. Ti a\u0165 si rad\u011bji \u010dtou FISTING CLASS (nebo jak se to te\u010f jmenuje) a hledaj\u00ed si t\u0159et\u00ed \u010di p\u00e1tou \u017eenu. Zv\u00edt\u011bzte sami nad sebou a milujte Velk\u00e9ho Bratra.<\/p>\n<p>J\u00e1dro pudla je v tom, \u017ee m\u00edsto aby byli kluci odmala vedeni k l\u00e1sce k vlasti a m\u011bli mo\u017enost p\u0159es l\u00e9to rozv\u00edjet sv\u00e9 schopnosti na brig\u00e1d\u00e1ch, je jim vlastenectv\u00ed vnucov\u00e1no skrze finan\u010dn\u00ed injekce. Pro\u010d? Proto\u017ee pro n\u011b nejsou adekv\u00e1tn\u00ed brig\u00e1dy. Co se na brig\u00e1d\u011b nau\u010d\u00ed\u0161, jinde neza\u017eije\u0161 \u2013 to je moje osobn\u00ed zku\u0161enost. M\u00edsto \u010desk\u00fdch kluk\u016f te\u010f tr\u00e1vu se\u010dou cizinci s vlajkami sv\u00fdch zem\u00ed na traktorech. Je to v po\u0159\u00e1dku? Probud\u00ed to v na\u0161ich budouc\u00edch voj\u00e1c\u00edch l\u00e1sku k vlasti? Kdy\u017e moje d\u011bti uvid\u00ed v\u0161ude ciz\u00ed vlajky, jak\u00fd vztah k na\u0161\u00ed zemi si vytvo\u0159\u00ed?<\/p>\n<p>Sal\u00e1mist\u00e9, kte\u0159\u00ed budou k\u0159i\u010det, \u017ee nem\u00e1m koukat koni na zuby a m\u00e1m b\u00fdt r\u00e1d za posekanou tr\u00e1vu, mohou p\u0159estat \u010d\u00edst. Chceme vid\u011bt, jak pr\u00e1ce, kter\u00e1 by mohla pos\u00edlit na\u0161e schopnosti a n\u00e1rodn\u00ed hrdost (t\u0159eba i t\u00edm, \u017ee na traktor vyv\u011bs\u00edme \u010deskou vlajku), p\u0159ech\u00e1z\u00ed do rukou cizinc\u016f. P\u0159edstavte si ten \u0159ev, kdyby na t\u011bch traktorech vl\u00e1ly vlajky t\u00e9 jist\u00e9 plynem z\u00e1soben\u00e9 Federace. Co d\u00e1t na traktor levoto\u010div\u00fd symbol indick\u00e9ho boha Surji \u2013 proti tomu p\u0159ece nikdo nem\u016f\u017ee nic nam\u00edtat, ne? Indov\u00e9 pracuj\u00ed, vytv\u00e1\u0159ej\u00ed hodnoty, tak a\u0165 si daj\u00ed na traktor, co cht\u011bj\u00ed!<\/p>\n<p>Je toho na m\u011b prost\u011b moc. Na jedn\u00e9 stran\u011b m\u00e1m b\u00fdt jako pan Vom\u00e1\u010dka a ochotn\u011b padnout ve v\u00e1lce, kter\u00e1 nic nevy\u0159e\u0161\u00ed, jen p\u0159eskup\u00ed figurky na \u0161achovnici. Na druh\u00e9 stran\u011b mi cpou symboly zem\u011b, kter\u00e1 s n\u00e1mi m\u00e1 spole\u010dn\u00e9ho snad jen \u0159\u00edd\u00edc\u00ed \u00fa\u0159edn\u00edky od tam na b\u0159ehu t\u00e9m\u017ee. Jak se m\u00e1m st\u00e1t vlastencem? Je u\u017e kurz vlastenectv\u00ed pro otce od rodin? Kde na\u0161e generalita se\u017eene maso do ml\u00fdna, a\u017e mlad\u00ed kluci ute\u010dou do ciziny a j\u00e1, otec rodiny, rad\u011bji taky vezmu nohy na ramena? Kdo si dnes nech\u00e1 vyst\u0159elit mozek z hlavy za fialov\u00fd hnus a z\u00edtra za koblihu?<\/p>\n<p>Dobrovoln\u00edk\u016f je pln\u00fd internet. Dr\u017e\u00edm v\u00e1m, ho\u0161i, palce. Budu na v\u00e1s myslet, a\u017e budu v Americe sb\u00edrat bavlnu a zp\u00edvat: \u201eSko\u010d tam, natrhej.\u201c<\/p>\n<p><em><a href=\"https:\/\/dfens-cz.com\/je-suis-vlastenec\/\">Pan Krampus<\/a><\/em><\/p>\n<p><img decoding=\"async\" loading=\"lazy\" class=\"wp-image-85002 aligncenter\" src=\"http:\/\/www.infokuryr.cz\/n\/wp-content\/uploads\/2025\/08\/Plakat1-212x300.jpg\" alt=\"\" width=\"615\" height=\"870\" srcset=\"https:\/\/www.infokuryr.cz\/n\/wp-content\/uploads\/2025\/08\/Plakat1-212x300.jpg 212w, https:\/\/www.infokuryr.cz\/n\/wp-content\/uploads\/2025\/08\/Plakat1-724x1024.jpg 724w, https:\/\/www.infokuryr.cz\/n\/wp-content\/uploads\/2025\/08\/Plakat1-768x1086.jpg 768w, https:\/\/www.infokuryr.cz\/n\/wp-content\/uploads\/2025\/08\/Plakat1-1086x1536.jpg 1086w, https:\/\/www.infokuryr.cz\/n\/wp-content\/uploads\/2025\/08\/Plakat1-1024x1449.jpg 1024w, https:\/\/www.infokuryr.cz\/n\/wp-content\/uploads\/2025\/08\/Plakat1.jpg 1131w\" sizes=\"(max-width: 615px) 100vw, 615px\" \/><\/p>\n<p>&nbsp;<\/p>\n","protected":false},"excerpt":{"rendered":"<p>Jak vychovat vlastence? Jak vyp\u011bstovat mu\u017ee ochotn\u00e9 pom\u00e1hat a ob\u011btovat \u017eivot za vlast? Jak prom\u011bnit&#8230;<\/p>\n","protected":false},"author":2,"featured_media":3109,"comment_status":"closed","ping_status":"closed","sticky":false,"template":"","format":"standard","meta":[],"categories":[6],"tags":[1503,1165,3567,77],"_links":{"self":[{"href":"https:\/\/www.infokuryr.cz\/n\/wp-json\/wp\/v2\/posts\/85594"}],"collection":[{"href":"https:\/\/www.infokuryr.cz\/n\/wp-json\/wp\/v2\/posts"}],"about":[{"href":"https:\/\/www.infokuryr.cz\/n\/wp-json\/wp\/v2\/types\/post"}],"author":[{"embeddable":true,"href":"https:\/\/www.infokuryr.cz\/n\/wp-json\/wp\/v2\/users\/2"}],"replies":[{"embeddable":true,"href":"https:\/\/www.infokuryr.cz\/n\/wp-json\/wp\/v2\/comments?post=85594"}],"version-history":[{"count":0,"href":"https:\/\/www.infokuryr.cz\/n\/wp-json\/wp\/v2\/posts\/85594\/revisions"}],"wp:featuredmedia":[{"embeddable":true,"href":"https:\/\/www.infokuryr.cz\/n\/wp-json\/wp\/v2\/media\/3109"}],"wp:attachment":[{"href":"https:\/\/www.infokuryr.cz\/n\/wp-json\/wp\/v2\/media?parent=85594"}],"wp:term":[{"taxonomy":"category","embeddable":true,"href":"https:\/\/www.infokuryr.cz\/n\/wp-json\/wp\/v2\/categories?post=85594"},{"taxonomy":"post_tag","embeddable":true,"href":"https:\/\/www.infokuryr.cz\/n\/wp-json\/wp\/v2\/tags?post=85594"}],"curies":[{"name":"wp","href":"https:\/\/api.w.org\/{rel}","templated":true}]}}