{"id":85583,"date":"2025-08-15T00:32:05","date_gmt":"2025-08-14T22:32:05","guid":{"rendered":"https:\/\/www.infokuryr.cz\/n\/?p=85583"},"modified":"2025-08-14T18:23:50","modified_gmt":"2025-08-14T16:23:50","slug":"usa-se-chystaji-zahajit-udery-proti-latinskoamerickym-drogovym-kartelum","status":"publish","type":"post","link":"https:\/\/www.infokuryr.cz\/n\/2025\/08\/15\/usa-se-chystaji-zahajit-udery-proti-latinskoamerickym-drogovym-kartelum\/","title":{"rendered":"USA se chystaj\u00ed zah\u00e1jit \u00fadery proti latinskoamerick\u00fdm drogov\u00fdm kartel\u016fm"},"content":{"rendered":"<div id=\"fb-root\"><\/div>\n<p><strong><span dir=\"auto\">Spojen\u00e9 st\u00e1ty na\u0159\u00eddily nasazen\u00ed vzdu\u0161n\u00fdch a n\u00e1mo\u0159n\u00edch sil v ji\u017en\u00edm Karibsk\u00e9m mo\u0159i, aby \u0159e\u0161ily hrozby ze strany latinskoamerick\u00fdch drogov\u00fdch kartel\u016f, informovala 14. srpna\u00a0<\/span><a href=\"https:\/\/www.reuters.com\/world\/us-military-deploying-forces-southern-caribbean-against-drug-groups-2025-08-14\/\"><span dir=\"auto\">agentura Reuters<\/span><\/a><span dir=\"auto\">\u00a0s odvol\u00e1n\u00edm na dva zdroje informovan\u00e9 o rozhodnut\u00ed.<\/span><\/strong><\/p>\n<p><em><span dir=\"auto\">\u201eToto nasazen\u00ed m\u00e1 za c\u00edl \u0159e\u0161it hrozby pro n\u00e1rodn\u00ed bezpe\u010dnost USA ze strany speci\u00e1ln\u011b ur\u010den\u00fdch narkoteroristick\u00fdch organizac\u00ed v regionu,\u201c uvedl jeden ze zdroj\u016f.<\/span><\/em><\/p>\n<p><span dir=\"auto\">Administrativa prezidenta Donalda Trumpa opakovan\u011b slibovala tvrd\u00e9 z\u00e1sahy proti drogov\u00fdm kartel\u016fm. Loni v \u00fanoru ozna\u010dila mexick\u00fd kartel Sinaloa a dal\u0161\u00ed drogov\u00e9 gangy, stejn\u011b jako venezuelskou zlo\u010dineckou skupinu Tren de Aragua za glob\u00e1ln\u00ed teroristick\u00e9 organizace.<\/span><\/p>\n<p><span dir=\"auto\">Za\u010d\u00e1tkem tohoto m\u011bs\u00edce se objevily zpr\u00e1vy, \u017ee administrativa zva\u017euje pou\u017eit\u00ed arm\u00e1dy k pot\u00edr\u00e1n\u00ed ur\u010den\u00fdch kartel\u016f.<\/span><\/p>\n<p><span dir=\"auto\">7. srpna americk\u00fd ministr zahrani\u010d\u00ed Marco Rubio otev\u0159en\u011b prohl\u00e1sil, \u017ee by administrativa mohla k pot\u00edr\u00e1n\u00ed kartel\u016f vyu\u017e\u00edt arm\u00e1du.<\/span><\/p>\n<p><em><span dir=\"auto\">\u201eUmo\u017e\u0148uje n\u00e1m to nyn\u00ed zam\u011b\u0159it se na to, co provozuj\u00ed, a vyu\u017e\u00edt dal\u0161\u00ed prvky americk\u00e9 moci, zpravodajsk\u00e9 slu\u017eby, ministerstvo obrany, cokoli jin\u00e9ho\u2026 k c\u00edlen\u00ed na tyto skupiny, pokud k tomu budeme m\u00edt p\u0159\u00edle\u017eitost,\u201c \u0159ekl Rubio. \u201eMus\u00edme s nimi za\u010d\u00edt zach\u00e1zet jako s ozbrojen\u00fdmi teroristick\u00fdmi organizacemi, ne jen jako s organizacemi obchoduj\u00edc\u00edmi s drogami.\u201c<\/span><\/em><\/p>\n<p><span dir=\"auto\">Zpr\u00e1va\u00a0<\/span><a href=\"https:\/\/www.reuters.com\/legal\/government\/trump-administration-eyes-military-action-against-drug-cartels-us-officials-say-2025-08-08\/\"><span dir=\"auto\">agentury Reuters<\/span><\/a><span dir=\"auto\">\u00a0zve\u0159ejn\u011bn\u00e1 hned n\u00e1sleduj\u00edc\u00ed den odhalila, \u017ee administrativa na\u0159\u00eddila Pentagonu p\u0159ipravit mo\u017enosti.<\/span><\/p>\n<p><span dir=\"auto\">Dal\u0161\u00ed zpr\u00e1va den\u00edku\u00a0<\/span><a href=\"https:\/\/www.nytimes.com\/2025\/08\/08\/us\/trump-military-drug-cartels.html\"><span dir=\"auto\">The New York Times<\/span><\/a><span dir=\"auto\">\u00a0z 8. srpna tvrdila, \u017ee Trump tajn\u011b podepsal sm\u011brnici o zah\u00e1jen\u00ed pou\u017eit\u00ed vojensk\u00e9 s\u00edly proti t\u011bmto skupin\u00e1m.<\/span><\/p>\n<p><span dir=\"auto\">Ve stejn\u00fd den Spojen\u00e9 st\u00e1ty ozn\u00e1mily, \u017ee zdvojn\u00e1sobily odm\u011bnu za zat\u010den\u00ed venezuelsk\u00e9ho prezidenta Nicol\u00e1se Madura z p\u016fvodn\u00edch 50 milion\u016f dolar\u016f.<\/span><\/p>\n<p><span dir=\"auto\">Trumpova administrativa obvinila Madura, dlouholet\u00e9ho odp\u016frce USA, \u017ee je nejv\u011bt\u0161\u00edm sv\u011btov\u00fdm obchodn\u00edkem s drogami a \u017ee spolupracuje s kartely na pa\u0161ov\u00e1n\u00ed kokainu s p\u0159\u00edm\u011bs\u00ed fentanylu. Nebyly v\u0161ak p\u0159edlo\u017eeny \u017e\u00e1dn\u00e9 d\u016fkazy, kter\u00e9 by tato obvin\u011bn\u00ed podpo\u0159ily.<\/span><\/p>\n<p><span dir=\"auto\">Venezuelsk\u00fd ministr zahrani\u010d\u00ed Yvan Gil ozna\u010dil novou odm\u011bnu za \u201eubohou\u201c a d\u00e1le ji ozna\u010dil za \u201epolitickou propagandu\u201c.<\/span><\/p>\n<p><span dir=\"auto\">Situace v Mexiku je v\u0161ak jin\u00e1. Za vl\u00e1dy prezidentky Claudie Sheinbaumov\u00e9 se mexick\u00e1 vl\u00e1da zav\u00e1zala zintenzivnit \u00fasil\u00ed o naru\u0161en\u00ed tok\u016f drog do USA a projevila v\u011bt\u0161\u00ed ochotu vyhov\u011bt Trumpov\u00fdm po\u017eadavk\u016fm, aby se vyhnula cl\u016fm, kter\u00fdmi jeho administrativa hroz\u00ed.<\/span><\/p>\n<p><span dir=\"auto\">12. srpna USA zadr\u017eely 26 \u00fadajn\u00fdch \u010dlen\u016f kartelu, kter\u00e9 Mexiko vyhnalo na z\u00e1klad\u011b dohody s Trumpovou administrativou.<\/span><\/p>\n<p><span dir=\"auto\">Ministerstvo spravedlnosti ve sv\u00e9m prohl\u00e1\u0161en\u00ed uvedlo, \u017ee tito jednotlivci \u010del\u00ed \u0159ad\u011b feder\u00e1ln\u00edch a st\u00e1tn\u00edch trestn\u00edch obvin\u011bn\u00ed z cel\u00e9 zem\u011b, v\u010detn\u011b obchodov\u00e1n\u00ed s drogami, \u00fanosu, vra\u017edy a pran\u00ed \u0161pinav\u00fdch pen\u011bz.<\/span><\/p>\n<p><span dir=\"auto\">\u201eV\u0161ech 26 mu\u017e\u016f se pod\u00edlelo na \u0161\u00ed\u0159en\u00ed n\u00e1sil\u00ed a drog na americk\u00fdch b\u0159eh\u00edch \u2013 pod t\u00edmto ministerstvem spravedlnosti budou \u010delit v\u00e1\u017en\u00fdm n\u00e1sledk\u016fm za sv\u00e9 zlo\u010diny proti t\u00e9to zemi,\u201c uvedla gener\u00e1ln\u00ed prokur\u00e1torka Pam Bondiov\u00e1 a pod\u011bkovala mexick\u00e9mu t\u00fdmu n\u00e1rodn\u00ed bezpe\u010dnosti za spolupr\u00e1ci.<\/span><\/p>\n<p><span dir=\"auto\">Nejnov\u011bj\u0161\u00ed zpr\u00e1va agentury Reuters p\u0159i\u0161la v dob\u011b, kdy byl spat\u0159en dron MQ-9 Guardian, kter\u00fd provozuje americk\u00e1 celn\u00ed a hrani\u010dn\u00ed ochrana, let\u00edc\u00ed hluboko do Mexika.<\/span><\/p>\n<p><span dir=\"auto\">Dron \u00fadajn\u011b vzl\u00e9tl z leteck\u00e9 z\u00e1kladny ve st\u00e1t\u011b Texas a let\u011bl v\u00edce ne\u017e 1200 kilometr\u016f na jih, v\u010detn\u011b asi 900 kilometr\u016f hluboko do mexick\u00e9ho vzdu\u0161n\u00e9ho prostoru, jak uv\u00e1d\u00ed FlightRadar24. Dron provedl n\u011bkolik ob\u011b\u017en\u00fdch drah v oblasti v ji\u017en\u00edm st\u00e1t\u011b Mexiko, kde je zn\u00e1mo, \u017ee je aktivn\u00edch n\u011bkolik kartel\u016f.<\/span><\/p>\n<p><span dir=\"auto\">Vedouc\u00ed mexick\u00e9ho sekretari\u00e1tu bezpe\u010dnosti a ochrany ob\u010dan\u016f Omar Garc\u00eda Harfuch pozd\u011bji uvedl, \u017ee dron byl v provozu na p\u0159\u00edkaz mexick\u00e9 vl\u00e1dy.<\/span><\/p>\n<p><span dir=\"auto\">Americk\u00e1 arm\u00e1da by mohla zasadit drogov\u00fdm kartel\u016fm velkou r\u00e1nu. Nadm\u011brn\u00e9 pou\u017eit\u00ed s\u00edly by v\u0161ak mohlo m\u00edt v\u00e1\u017en\u00e9 n\u00e1sledky.<\/span><\/p>\n<p><span dir=\"auto\">Mexick\u00e9 kartely jsou dob\u0159e vyzbrojen\u00e9 a maj\u00ed rozs\u00e1hl\u00fd vliv v krimin\u00e1ln\u00edch kruz\u00edch USA. Tyto faktory spolu se skute\u010dnost\u00ed, \u017ee pou\u017eit\u00ed smrt\u00edc\u00ed s\u00edly ze strany USA proti mexick\u00fdm ob\u010dan\u016fm bude mnoh\u00fdmi v zemi vn\u00edm\u00e1no jako agrese, by mohly v\u00e9st k p\u0159eshrani\u010dn\u00edmu konfliktu, nebo dokonce k hor\u0161\u00edmu.<\/span><\/p>\n<p><span dir=\"auto\">Situace s Venezuelou je pro americkou arm\u00e1du je\u0161t\u011b slo\u017eit\u011bj\u0161\u00ed kv\u016fli nep\u0159\u00e1telsk\u00e9mu stavu mezi ob\u011bma zem\u011bmi. Zd\u00e1 se, \u017ee USA ve skute\u010dnosti vyu\u017e\u00edvaj\u00ed v\u00e1lku proti drog\u00e1m jako prost\u0159edek k vyv\u00edjen\u00ed tlaku na tamn\u00ed vl\u00e1du a k intervenci v zemi. To v\u0161ak nebude snadn\u00e9, proto\u017ee venezuelsk\u00e1 arm\u00e1da je t\u011b\u017ece vyzbrojena.<\/span><\/p>\n<p><img decoding=\"async\" loading=\"lazy\" class=\"alignnone size-full wp-image-1185\" src=\"http:\/\/www.infokuryr.cz\/n\/wp-content\/uploads\/2021\/04\/kuryr-podpis.png\" alt=\"\" width=\"84\" height=\"24\" \/><\/p>\n<p><img decoding=\"async\" loading=\"lazy\" class=\"wp-image-85002 aligncenter\" src=\"http:\/\/www.infokuryr.cz\/n\/wp-content\/uploads\/2025\/08\/Plakat1-212x300.jpg\" alt=\"\" width=\"649\" height=\"918\" srcset=\"https:\/\/www.infokuryr.cz\/n\/wp-content\/uploads\/2025\/08\/Plakat1-212x300.jpg 212w, https:\/\/www.infokuryr.cz\/n\/wp-content\/uploads\/2025\/08\/Plakat1-724x1024.jpg 724w, https:\/\/www.infokuryr.cz\/n\/wp-content\/uploads\/2025\/08\/Plakat1-768x1086.jpg 768w, https:\/\/www.infokuryr.cz\/n\/wp-content\/uploads\/2025\/08\/Plakat1-1086x1536.jpg 1086w, https:\/\/www.infokuryr.cz\/n\/wp-content\/uploads\/2025\/08\/Plakat1-1024x1449.jpg 1024w, https:\/\/www.infokuryr.cz\/n\/wp-content\/uploads\/2025\/08\/Plakat1.jpg 1131w\" sizes=\"(max-width: 649px) 100vw, 649px\" \/><\/p>\n<p>&nbsp;<\/p>\n","protected":false},"excerpt":{"rendered":"<p>Spojen\u00e9 st\u00e1ty na\u0159\u00eddily nasazen\u00ed vzdu\u0161n\u00fdch a n\u00e1mo\u0159n\u00edch sil v ji\u017en\u00edm Karibsk\u00e9m mo\u0159i, aby \u0159e\u0161ily hrozby&#8230;<\/p>\n","protected":false},"author":2,"featured_media":85584,"comment_status":"closed","ping_status":"closed","sticky":false,"template":"","format":"standard","meta":[],"categories":[7],"tags":[80,289,8695,37],"_links":{"self":[{"href":"https:\/\/www.infokuryr.cz\/n\/wp-json\/wp\/v2\/posts\/85583"}],"collection":[{"href":"https:\/\/www.infokuryr.cz\/n\/wp-json\/wp\/v2\/posts"}],"about":[{"href":"https:\/\/www.infokuryr.cz\/n\/wp-json\/wp\/v2\/types\/post"}],"author":[{"embeddable":true,"href":"https:\/\/www.infokuryr.cz\/n\/wp-json\/wp\/v2\/users\/2"}],"replies":[{"embeddable":true,"href":"https:\/\/www.infokuryr.cz\/n\/wp-json\/wp\/v2\/comments?post=85583"}],"version-history":[{"count":0,"href":"https:\/\/www.infokuryr.cz\/n\/wp-json\/wp\/v2\/posts\/85583\/revisions"}],"wp:featuredmedia":[{"embeddable":true,"href":"https:\/\/www.infokuryr.cz\/n\/wp-json\/wp\/v2\/media\/85584"}],"wp:attachment":[{"href":"https:\/\/www.infokuryr.cz\/n\/wp-json\/wp\/v2\/media?parent=85583"}],"wp:term":[{"taxonomy":"category","embeddable":true,"href":"https:\/\/www.infokuryr.cz\/n\/wp-json\/wp\/v2\/categories?post=85583"},{"taxonomy":"post_tag","embeddable":true,"href":"https:\/\/www.infokuryr.cz\/n\/wp-json\/wp\/v2\/tags?post=85583"}],"curies":[{"name":"wp","href":"https:\/\/api.w.org\/{rel}","templated":true}]}}