{"id":85568,"date":"2025-08-15T00:19:46","date_gmt":"2025-08-14T22:19:46","guid":{"rendered":"https:\/\/www.infokuryr.cz\/n\/?p=85568"},"modified":"2025-08-14T13:26:15","modified_gmt":"2025-08-14T11:26:15","slug":"petr-pokorny-lekari-putina-jsou-zoufali-a-americti-novinari-sili-co-udela-trump-brusel-a-zelensky","status":"publish","type":"post","link":"https:\/\/www.infokuryr.cz\/n\/2025\/08\/15\/petr-pokorny-lekari-putina-jsou-zoufali-a-americti-novinari-sili-co-udela-trump-brusel-a-zelensky\/","title":{"rendered":"Petr Pokorn\u00fd: L\u00e9ka\u0159i Putina jsou zoufal\u00ed a ameri\u010dt\u00ed novin\u00e1\u0159i \u0161\u00edl\u00ed! Co ud\u011bl\u00e1 Trump, Brusel a Zelensk\u00fd?"},"content":{"rendered":"<div id=\"fb-root\"><\/div>\n<div class=\"introtext\">\n<h4>Z\u00e1va\u017en\u00e1 zpr\u00e1va: z r\u016fzn\u00fdch an\u00e1l\u016f jsme dostali informace, \u017ee po prezidentu Putinovi nesm\u00ed na americk\u00e9m kontinentu z\u016fstat v\u016fbec nic. \u017de ve\u0161ker\u00e9 materi\u00e1ly z jedn\u00e1n\u00ed mus\u00ed b\u00fdt odvezeny zp\u011bt do Ruska. A o kter\u00e9 se jedn\u00e1?<\/h4>\n<\/div>\n<div class=\"fulltext\">\n<p><strong>D\u016fkazy, \u017ee se nejedn\u00e1 o vtip, m\u00e1te dole v odkazech.<\/strong>\u00a0Jasn\u011b, \u017ee voli\u010di SPD, strany PRO, Svobodn\u00fdch, Trikolory a &#8222;dal\u0161\u00ed nevzd\u011blan\u00ed dezol\u00e1ti&#8220; si \u0165ukaj\u00ed na hlavu, ale kdy\u017e to parta kolem Nerudov\u00e9, Zdechovsk\u00e9ho, Dozimetr\u016f a kampeli\u010dkov\u00fdch bitcoin\u016f nad\u0161en\u011b p\u0159epos\u00edl\u00e1, tak je vid\u011bt, jak jsou jejich voli\u010di my\u0161lenkov\u011b vysp\u011bl\u00ed.<\/p>\n<p><img decoding=\"async\" class=\"aligncenter\" src=\"https:\/\/www.skrytapravda.cz\/images\/blogy\/805\/2025\/volby\/spoj_2025_81127.webp\" alt=\"spoj 2025 81127\" \/><\/p>\n<p><img decoding=\"async\" loading=\"lazy\" class=\"aligncenter\" src=\"https:\/\/www.skrytapravda.cz\/images\/blogy\/805\/2025\/8srpen\/Sn%C3%ADmek_obrazovky_4272_8827e.webp\" alt=\"Sn\u00edmek obrazovky 4272 8827e\" width=\"546\" height=\"214\" \/><\/p>\n<h2>&#8212;&#8212;&#8212;&#8212;&#8212;&#8212;&#8212;&#8212;&#8212;&#8212;&#8212;&#8212;&#8212;&#8212;&#8212;&#8212;&#8212;&#8212;&#8212;&#8212;&#8212;&#8212;&#8212;&#8212;&#8212;&#8212;&#8212;&#8212;&#8212;&#8212;&#8212;-<\/h2>\n<p><img decoding=\"async\" class=\"aligncenter\" src=\"https:\/\/www.skrytapravda.cz\/images\/blogy\/805\/2025\/8srpen\/putinova_stolice_4c644.webp\" alt=\"putinova stolice 4c644\" \/><\/p>\n<h2>\u00a0&#8212;&#8212;&#8212;&#8212;&#8212;&#8212;&#8212;&#8212;&#8212;&#8212;&#8212;&#8212;&#8212;&#8212;&#8212;&#8212;&#8212;&#8212;&#8212;&#8212;&#8212;&#8212;&#8212;&#8212;&#8212;&#8212;&#8212;&#8212;&#8212;-<\/h2>\n<p>V\u00fdrok pana sen\u00e1tora, \u017ee \u010dte jen iDNES, Aktu\u00e1ln\u011b, Seznam, Novinky, FORUM 24 a sleduje \u010ceskou televizi, ale t\u0159eba\u00a0&#8222;<strong>Skryt\u00e1\u00a0Pravda<\/strong>&#8220; je pod jeho \u00farove\u0148&#8230;<\/p>\n<p><img decoding=\"async\" loading=\"lazy\" class=\"aligncenter\" src=\"https:\/\/www.skrytapravda.cz\/images\/blogy\/805\/2025\/8srpen\/Sn%C3%ADmek_obrazovky_315_f4604.webp\" alt=\"Sn\u00edmek obrazovky 315 f4604\" width=\"543\" height=\"455\" \/><\/p>\n<p>S odstupem \u010dasu vid\u00edte, co n\u00e1m serv\u00edrovali a to nehled\u011b na \u0161amanku &#8222;D\u017eamilu&#8220; z d\u00e1ln\u00e9ho v\u00fdchodu. A kdo \u010demu v\u011b\u0159\u00ed.<\/p>\n<p>A co u soused\u016f?<\/p>\n<h2 class=\"article-title mb-3\">Polsk\u00e9 \u00fa\u0159ady obvinily \u0161est lid\u00ed ze \u017eh\u00e1\u0159sk\u00fdch \u00fatok\u016f sp\u00e1chan\u00fdch na zak\u00e1zku Moskvy<\/h2>\n<p>13.8.2025<\/p>\n<p>Nyn\u011bj\u0161\u00ed p\u0159\u00edpad se podle TVN24 t\u00fdk\u00e1 po\u017e\u00e1r\u016f, kter\u00e9 vyvolaly v\u011bt\u0161\u00ed pozornost:<strong>\u00a0Putin podp\u00e1lil palety\u00a0<\/strong>\u00a0ve m\u011bst\u011b Marki u Var\u0161avy. A pr\u00fd ty palety byly zap\u00e1leny pod dohledem ciz\u00ed rozv\u011bdky, \u010d\u00edm ohrozily bezpe\u010dnost Polska. A pak Putin zap\u00e1lil hospodu za dohledu rozv\u011bdky hospodu\u00a0v Gdyni v roce 2023 a pak sklad tamt\u00e9\u017e.<\/p>\n<p>Ta podp\u00e1len\u00e1 hospoda t\u011b\u017ece po\u0161kodila polskou gastronomii a\u00a0<strong>kdo jin\u00fd ne\u017e Putin by to ud\u011blal?<\/strong>\u00a0A sp\u00e1len\u00edm palet u\u017e Polsko nem\u00e1 na \u010dem vozit tanky na Ukrajinu, co\u017e je zajist\u00e9 z\u00e1m\u011br Putina.<\/p>\n<p>(V \u010dl\u00e1nku to sice takto explicitn\u011b pops\u00e1no nen\u00ed, ale v podtextu ano.)<\/p>\n<p>A ruskou rozv\u011bdku odhalili tak, \u017ee zatkli \u017eh\u00e1\u0159e Ukrajince, pak n\u011bkde na\u0161li drogy a&#8230;\u00a0Ale popo\u0159ad\u011b, jak odhalili v Polsku dal\u0161\u00ed Novi\u010doky Vrb\u011btice russssssk\u00fdch agent\u016f: chronologie:<\/p>\n<ol>\n<li>Vy\u0161et\u0159ov\u00e1n\u00ed zah\u00e1jila polsk\u00e1 kontrarozv\u011bdka ABW loni v \u00fanoru v souvislosti s p\u0159\u00edpadem Ukrajince, kter\u00fd byl mezit\u00edm pravomocn\u011b odsouzen<\/li>\n<li>Zat\u010den\u00edm Ukrajince rozv\u011bdka pochopila, \u017ee\u00a0na zak\u00e1zku ciz\u00ed rozv\u011bdky verbuje \u0161piony a podnik\u00e1 sabot\u00e1\u017ee<\/li>\n<li>TVN24 \u0159ekl prokur\u00e1tor Nowak, \u017ee odhalili\u00a0 v t\u00e9to souvislosti\u00a0Olgierda L., jeho\u017e vy\u0161et\u0159ov\u00e1n\u00ed pokra\u010duje. O Olgierdovi u\u017e m\u00e9dia psala jako o nebezpe\u010dn\u00e9m \u0161\u00e9fovi motork\u00e1\u0159sk\u00e9ho gangu s neonacistick\u00fdmi n\u00e1zory.<\/li>\n<li>Olgierda se n\u00e1hodn\u011b setkal na akc\u00edch, kter\u00e9 po\u0159\u00e1dal jako \u0159editel muzea druh\u00e9 sv\u011btov\u00e9 v\u00e1lky\u00a0Karol Nawrocky<\/li>\n<li>Karol Nawrock\u00fd chce jednat s Putinem, nen\u00ed nep\u0159\u00e1telsk\u00fd<\/li>\n<li>Dle v\u00fd\u0161e p\u011bti bud\u016f pochopila skv\u011bl\u00e1 polsk\u00e1 rozv\u011bdka,\u00a0\u00a0\u017ee v Polsku p\u016fsob\u00ed organizovan\u00e1 zlo\u010dineck\u00e1 skupina, kter\u00e1 na zak\u00e1zku ciz\u00ed rozv\u011bdky verbuje \u0161piony a podnik\u00e1 sabot\u00e1\u017ee,\u00a0 \u0159ekl podle TVN24 prokur\u00e1tor Nowak.<\/li>\n<li>Dle v\u00fd\u0161e \u0161esti bod\u016f dokonce polsk\u00e1 skv\u011bl\u00e1 rozv\u011bdka, stejn\u011b jako \u010desk\u00e1 pod BIS Novi\u010dokem Vrb\u011btick\u00fdm odhalila pachatele a kdo za v\u0161\u00edm stoj\u00ed.<\/li>\n<\/ol>\n<p><strong>Asi v\u00edte, kdo je Karol Nawrocky. Je to nov\u00fd prezident Polska, kter\u00fd byl zvolen navzdory Bruselu<\/strong>\u00a0a polsk\u00fdm rozv\u011bdk\u00e1m se to vymklo z ruky. Prost\u011b lid\u00e9 ho zvolili a drze se vysm\u00e1li nen\u00e1visti Tuska. A proto\u017ee pan prezident (polsk\u00fd) se netaj\u00ed, \u017ee je proti izolaci Putina, je jasn\u00e9, \u017ee palety a hospodu podp\u00e1lil Putin. V zastoupen\u00ed.<\/p>\n<h3><em>Dov\u011btek bez ironie:\u00a0<\/em><\/h3>\n<p>pokud si p\u0159e\u010dtete nen\u00e1vistn\u00e9 v\u00fdk\u0159iky v\u016f\u010di Rusku a Putinovi, je jasn\u00e9, \u017ee \u010d\u00e1st lid\u00ed tyto informace p\u0159\u00edmo &#8222;\u017eere&#8220; a nad nimi b\u011bsn\u00ed. Co je to za c\u00edlovou skupinu v\u0161ichni v\u00edme: voli\u010di P\u011btistoky, kte\u0159\u00ed by na internetu i vra\u017edili a pod\u0159ez\u00e1vali prezidenta. Voli\u010di jak z pas\u0165\u00e1k\u016f a inkluzivn\u00edch \u0161kol \u010clov\u011bka v t\u00edsni a milionu chvilek. St\u00e1do hlup\u00e1k\u016f, co nasko\u010d\u00ed na v\u0161e. Kdy\u017e ty &#8222;idiot\u0161tiny&#8220; d\u00e1me pod sebe, pak \u017easneme, na co \u010d\u00e1st n\u00e1roda nalet\u00ed stejn\u011b jako v\u00fdklad BIS Koudelky, \u017ee mor\u010de v Anglii vysko\u010dilo metr a p\u016fl do v\u00fd\u010dky, aby se nakazilo Novi\u010dokem. A ti, co se tomu sm\u011bj\u00ed a nad\u00edvaj\u00ed, jsou nez\u00fdv\u00e1ni chcim\u00edry a dezol\u00e1ty, p\u0159\u00edpadn\u011b &#8222;Rusofilcky&#8220;.<\/p>\n<p><strong>P\u0159ece tak z\u00e1va\u017en\u00e1m obvin\u011bn\u00edm mus\u00ed uv\u011b\u0159it ka\u017ed\u00fd a jen dezol\u00e1ti se tomu sm\u011bj\u00ed&#8230;<\/strong><\/p>\n<p><a title=\"Putinova stolice st\u00e1tn\u00edm tajemstv\u00edm. Exkrementy vozili zp\u00e1tky do Ruska\" href=\"https:\/\/www.idnes.cz\/zpravy\/zahranicni\/vladimir-putin-rusko-exkrementy-bodyguardi-zdravi.A220613_092950_zahranicni_kha\" target=\"_blank\" rel=\"noopener\">Putinova stolice st\u00e1tn\u00edm tajemstv\u00edm. Exkrementy vozili zp\u00e1tky do Ruska<\/a><\/p>\n<p><a title=\"Putin po sob\u011b v cizin\u011b nechce nechat \u017e\u00e1dn\u00e9 stopy. Agent proto sb\u00edr\u00e1 jeho mo\u010d\" href=\"https:\/\/tn.nova.cz\/zpravodajstvi\/clanek\/464424-putin-po-sobe-v-cizine-nechce-nechat-zadne-stopy-agent-proto-sbira-jeho-moc-a-stolici\" target=\"_blank\" rel=\"noopener\">Putin po sob\u011b v cizin\u011b nechce nechat \u017e\u00e1dn\u00e9 stopy. Agent proto sb\u00edr\u00e1 jeho mo\u010d<\/a><\/p>\n<p><a title=\"Polsk\u00e9 \u00fa\u0159ady obvinily \u0161est lid\u00ed ze \u017eh\u00e1\u0159sk\u00fdch \u00fatok\u016f sp\u00e1chan\u00fdch na zak\u00e1zku Moskvy\" href=\"https:\/\/ct24.ceskatelevize.cz\/clanek\/svet\/polske-urady-obvinily-sest-lidi-ze-zharskych-utoku-spachanych-na-zakazku-moskvy-363979\" target=\"_blank\" rel=\"noopener\">Polsk\u00e9 \u00fa\u0159ady obvinily \u0161est lid\u00ed ze \u017eh\u00e1\u0159sk\u00fdch \u00fatok\u016f sp\u00e1chan\u00fdch na zak\u00e1zku Moskvy<\/a><\/p>\n<div class=\"clauthor\">\n<div id=\"article_author\"><a href=\"https:\/\/www.skrytapravda.cz\/ze-zahranici\/2718-lekari-putina-jsou-zoufali-a-americti-novinari-sili-co-udela-trump-brusel-a-zelensky\">Petr Pokorn\u00fd<\/a><\/div>\n<div>\n<img decoding=\"async\" loading=\"lazy\" class=\"wp-image-85002 aligncenter\" src=\"http:\/\/www.infokuryr.cz\/n\/wp-content\/uploads\/2025\/08\/Plakat1-212x300.jpg\" alt=\"\" width=\"641\" height=\"907\" srcset=\"https:\/\/www.infokuryr.cz\/n\/wp-content\/uploads\/2025\/08\/Plakat1-212x300.jpg 212w, https:\/\/www.infokuryr.cz\/n\/wp-content\/uploads\/2025\/08\/Plakat1-724x1024.jpg 724w, https:\/\/www.infokuryr.cz\/n\/wp-content\/uploads\/2025\/08\/Plakat1-768x1086.jpg 768w, https:\/\/www.infokuryr.cz\/n\/wp-content\/uploads\/2025\/08\/Plakat1-1086x1536.jpg 1086w, https:\/\/www.infokuryr.cz\/n\/wp-content\/uploads\/2025\/08\/Plakat1-1024x1449.jpg 1024w, https:\/\/www.infokuryr.cz\/n\/wp-content\/uploads\/2025\/08\/Plakat1.jpg 1131w\" sizes=\"(max-width: 641px) 100vw, 641px\" \/><\/div>\n<div><\/div>\n<\/div>\n<\/div>\n","protected":false},"excerpt":{"rendered":"<p>Z\u00e1va\u017en\u00e1 zpr\u00e1va: z r\u016fzn\u00fdch an\u00e1l\u016f jsme dostali informace, \u017ee po prezidentu Putinovi nesm\u00ed na americk\u00e9m&#8230;<\/p>\n","protected":false},"author":2,"featured_media":85569,"comment_status":"closed","ping_status":"closed","sticky":false,"template":"","format":"standard","meta":[],"categories":[6],"tags":[1503,158,102],"_links":{"self":[{"href":"https:\/\/www.infokuryr.cz\/n\/wp-json\/wp\/v2\/posts\/85568"}],"collection":[{"href":"https:\/\/www.infokuryr.cz\/n\/wp-json\/wp\/v2\/posts"}],"about":[{"href":"https:\/\/www.infokuryr.cz\/n\/wp-json\/wp\/v2\/types\/post"}],"author":[{"embeddable":true,"href":"https:\/\/www.infokuryr.cz\/n\/wp-json\/wp\/v2\/users\/2"}],"replies":[{"embeddable":true,"href":"https:\/\/www.infokuryr.cz\/n\/wp-json\/wp\/v2\/comments?post=85568"}],"version-history":[{"count":1,"href":"https:\/\/www.infokuryr.cz\/n\/wp-json\/wp\/v2\/posts\/85568\/revisions"}],"predecessor-version":[{"id":85570,"href":"https:\/\/www.infokuryr.cz\/n\/wp-json\/wp\/v2\/posts\/85568\/revisions\/85570"}],"wp:featuredmedia":[{"embeddable":true,"href":"https:\/\/www.infokuryr.cz\/n\/wp-json\/wp\/v2\/media\/85569"}],"wp:attachment":[{"href":"https:\/\/www.infokuryr.cz\/n\/wp-json\/wp\/v2\/media?parent=85568"}],"wp:term":[{"taxonomy":"category","embeddable":true,"href":"https:\/\/www.infokuryr.cz\/n\/wp-json\/wp\/v2\/categories?post=85568"},{"taxonomy":"post_tag","embeddable":true,"href":"https:\/\/www.infokuryr.cz\/n\/wp-json\/wp\/v2\/tags?post=85568"}],"curies":[{"name":"wp","href":"https:\/\/api.w.org\/{rel}","templated":true}]}}