{"id":85566,"date":"2025-08-15T00:16:55","date_gmt":"2025-08-14T22:16:55","guid":{"rendered":"https:\/\/www.infokuryr.cz\/n\/?p=85566"},"modified":"2025-08-14T13:14:29","modified_gmt":"2025-08-14T11:14:29","slug":"pravni-poradna-judr-jindricha-rajchla-poslankyni-ano-balastikove","status":"publish","type":"post","link":"https:\/\/www.infokuryr.cz\/n\/2025\/08\/15\/pravni-poradna-judr-jindricha-rajchla-poslankyni-ano-balastikove\/","title":{"rendered":"Pr\u00e1vn\u00ed poradna JUDr. Jind\u0159icha Rajchla poslankyni ANO Bala\u0161t\u00edkov\u00e9"},"content":{"rendered":"<div id=\"fb-root\"><\/div>\n<div class=\"introtext\">\n<h4>Pos\u00edl\u00e1m malou nevy\u017e\u00e1danou pr\u00e1vn\u00ed radu pro Margitu Bala\u0161t\u00edkovou, jak se vypo\u0159\u00e1dat s jej\u00edm sou\u010dasn\u00fdm probl\u00e9mem:<\/h4>\n<\/div>\n<div class=\"fulltext\">\n<div class=\"html-div xdj266r x14z9mp xat24cr x1lziwak xexx8yu xyri2b x18d9i69 x1c1uobl\" dir=\"auto\">\n<div class=\"html-div xdj266r x14z9mp xat24cr x1lziwak xexx8yu xyri2b x18d9i69 x1c1uobl\" data-ad-rendering-role=\"story_message\">\n<div id=\"_r_1nm_\" class=\"x1l90r2v x1iorvi4 x1g0dm76 xpdmqnj\" data-ad-comet-preview=\"message\" data-ad-preview=\"message\">\n<div class=\"x78zum5 xdt5ytf xz62fqu x16ldp7u\">\n<div class=\"xu06os2 x1ok221b\">\n<div class=\"html-div xdj266r x14z9mp xat24cr x1lziwak xexx8yu xyri2b x18d9i69 x1c1uobl\">\n<p dir=\"auto\">1) sd\u011blte novin\u00e1\u0159\u016fm, \u017ee zve\u0159ejn\u00edte \u010dasovou osu pr\u016fb\u011bhu Va\u0161eho man\u017eelstv\u00ed, kterou budete postupn\u011b aktualizovat<\/p>\n<p dir=\"auto\">2) dodejte, \u017ee hled\u00e1te extern\u00edho auditora, jen\u017e vypracuje forenzn\u00ed audit Va\u0161ich telefonn\u00edch hovor\u016f<\/p>\n<p dir=\"auto\">3) najm\u011bte si koordin\u00e1tora s t\u00edm, \u017ee v\u00fdsledkem jeho pr\u00e1ce bude z\u00e1v\u011bre\u010dn\u00e1 zpr\u00e1va, kterou vypracuje do dvou m\u011bs\u00edc\u016f. Po m\u011bs\u00edci m\u016f\u017ee odstoupit a \u0159\u00edct, \u017ee zpr\u00e1va nebude, pak oznamte, \u017ee bude a on nakonec \u0159ekne, \u017ee ji stejn\u011b nenap\u00ed\u0161e a Vy to uzav\u0159ete s t\u00edm, \u017ee jste zjistila, \u017ee zpr\u00e1va je zbyte\u010dn\u00e1<\/p>\n<p dir=\"auto\">4) n\u00e1sledn\u011b zve\u0159ejn\u011bte, \u017ee jste mu za jeho slu\u017eby zaplatila 160.000 K\u010d<\/p>\n<p dir=\"auto\">5) ud\u011blejte tiskovku, kde m\u00e9di\u00edm sd\u011bl\u00edte, \u017ee \u017e\u00e1dn\u00e9 otazn\u00edky u\u017e nejsou, nicm\u00e9n\u011b \u017ee z\u016fst\u00e1v\u00e1 \u0159ada otazn\u00edk\u016f, kter\u00e9 je t\u0159eba zodpov\u011bd\u011bt<\/p>\n<p dir=\"auto\">6) sd\u011blte, \u017ee jste v\u0161e p\u0159edala policii, kter\u00e1 v\u011bc vy\u0161et\u0159uje, a proto je nezbytn\u00e9 vy\u010dkat na jej\u00ed z\u00e1v\u011bry<\/p>\n<p dir=\"auto\">7) vyfo\u0165te n\u011bkolik self\u00ed\u010dek ve cvi\u010debn\u00edm \u00faboru s t\u00edm, \u017ee jste se po n\u00e1ro\u010dn\u00e9m dni vyrazila prot\u00e1hnout a \u017ee v\u0161em \u0161karohl\u00edd\u016fm, kte\u0159\u00ed zneu\u017e\u00edvaj\u00ed Va\u0161i sou\u010dasnou situaci k nechutn\u00e9mu politick\u00e9mu boji, nebudete ustupovat<\/p>\n<p dir=\"auto\"><span class=\"html-span xexx8yu xyri2b x18d9i69 x1c1uobl x1hl2dhg x16tdsg8 x1vvkbs x3nfvp2 x1j61x8r x1fcty0u xdj266r xat24cr xm2jcoa x1mpyi22 xxymvpz xlup9mm x1kky2od\"><img decoding=\"async\" loading=\"lazy\" class=\"xz74otr x15mokao x1ga7v0g x16uus16 xbiv7yw\" src=\"https:\/\/static.xx.fbcdn.net\/images\/emoji.php\/v9\/t83\/1\/16\/1f60e.png\" alt=\"?\" width=\"16\" height=\"16\" \/><\/span>\u00a0odje\u010fte na dovolenou<\/p>\n<p dir=\"auto\">V \u010cesk\u00e9 republice se tenhle postup u\u017e osv\u011bd\u010dil a je aktu\u00e1ln\u011b betonov\u011b prov\u011b\u0159en\u00fd jako zcela efektivn\u00ed pro zakryt\u00ed jak\u00e9hokoliv politick\u00e9ho skand\u00e1lu.<\/p>\n<p dir=\"auto\">Kdy\u017e to funguje u bitcoinov\u00e9 zlod\u011bjiny za miliardy, tak to mus\u00ed fungovat i u n\u011bjak\u00e9ho men\u0161\u00edho zakleknut\u00ed, ne?<\/p>\n<p dir=\"auto\">Kdy\u017e v\u00e1s n\u00e1sledn\u011b bude okol\u00ed vyz\u00fdvat k odchodu z politiky kv\u016fli t\u00e9to kauze, tak jim jen su\u0161e sd\u011blte, \u017ee odejdete minutu pot\u00e9, kdy rezignuje Zbyn\u011bk Stanjura a Eva Decroix.<\/p>\n<p dir=\"auto\">V tu chv\u00edli u\u017e nem\u016f\u017eou \u0159\u00edct ani popel.<\/p>\n<div class=\"x14z9mp xat24cr x1lziwak x1vvkbs xtlvy1s x126k92a\">\n<p dir=\"auto\">Nen\u00ed za\u010d.\u00a0<span class=\"html-span xexx8yu xyri2b x18d9i69 x1c1uobl x1hl2dhg x16tdsg8 x1vvkbs x3nfvp2 x1j61x8r x1fcty0u xdj266r xat24cr xm2jcoa x1mpyi22 xxymvpz xlup9mm x1kky2od\"><img decoding=\"async\" loading=\"lazy\" class=\"xz74otr x15mokao x1ga7v0g x16uus16 xbiv7yw\" src=\"https:\/\/static.xx.fbcdn.net\/images\/emoji.php\/v9\/t83\/1\/16\/1f60e.png\" alt=\"?\" width=\"16\" height=\"16\" \/><\/span><\/p>\n<\/div>\n<\/div>\n<\/div>\n<\/div>\n<\/div>\n<\/div>\n<\/div>\n<div class=\"clauthor\">\n<div id=\"article_author\"><em><a href=\"https:\/\/www.skrytapravda.cz\/stranka-uzivatele\/autor\/3008-strana-pro-original-prispevky\">Strana PRO origin\u00e1l p\u0159\u00edsp\u011bvky<\/a><\/em><\/div>\n<\/div>\n<div>\n<p><img decoding=\"async\" loading=\"lazy\" class=\"wp-image-85002 aligncenter\" src=\"http:\/\/www.infokuryr.cz\/n\/wp-content\/uploads\/2025\/08\/Plakat1-212x300.jpg\" alt=\"\" width=\"700\" height=\"991\" srcset=\"https:\/\/www.infokuryr.cz\/n\/wp-content\/uploads\/2025\/08\/Plakat1-212x300.jpg 212w, https:\/\/www.infokuryr.cz\/n\/wp-content\/uploads\/2025\/08\/Plakat1-724x1024.jpg 724w, https:\/\/www.infokuryr.cz\/n\/wp-content\/uploads\/2025\/08\/Plakat1-768x1086.jpg 768w, https:\/\/www.infokuryr.cz\/n\/wp-content\/uploads\/2025\/08\/Plakat1-1086x1536.jpg 1086w, https:\/\/www.infokuryr.cz\/n\/wp-content\/uploads\/2025\/08\/Plakat1-1024x1449.jpg 1024w, https:\/\/www.infokuryr.cz\/n\/wp-content\/uploads\/2025\/08\/Plakat1.jpg 1131w\" sizes=\"(max-width: 700px) 100vw, 700px\" \/><\/div>\n<div><\/div>\n<\/div>\n","protected":false},"excerpt":{"rendered":"<p>Pos\u00edl\u00e1m malou nevy\u017e\u00e1danou pr\u00e1vn\u00ed radu pro Margitu Bala\u0161t\u00edkovou, jak se vypo\u0159\u00e1dat s jej\u00edm sou\u010dasn\u00fdm probl\u00e9mem:&#8230;<\/p>\n","protected":false},"author":2,"featured_media":85567,"comment_status":"closed","ping_status":"closed","sticky":false,"template":"","format":"standard","meta":[],"categories":[6],"tags":[9647,1503,57],"_links":{"self":[{"href":"https:\/\/www.infokuryr.cz\/n\/wp-json\/wp\/v2\/posts\/85566"}],"collection":[{"href":"https:\/\/www.infokuryr.cz\/n\/wp-json\/wp\/v2\/posts"}],"about":[{"href":"https:\/\/www.infokuryr.cz\/n\/wp-json\/wp\/v2\/types\/post"}],"author":[{"embeddable":true,"href":"https:\/\/www.infokuryr.cz\/n\/wp-json\/wp\/v2\/users\/2"}],"replies":[{"embeddable":true,"href":"https:\/\/www.infokuryr.cz\/n\/wp-json\/wp\/v2\/comments?post=85566"}],"version-history":[{"count":0,"href":"https:\/\/www.infokuryr.cz\/n\/wp-json\/wp\/v2\/posts\/85566\/revisions"}],"wp:featuredmedia":[{"embeddable":true,"href":"https:\/\/www.infokuryr.cz\/n\/wp-json\/wp\/v2\/media\/85567"}],"wp:attachment":[{"href":"https:\/\/www.infokuryr.cz\/n\/wp-json\/wp\/v2\/media?parent=85566"}],"wp:term":[{"taxonomy":"category","embeddable":true,"href":"https:\/\/www.infokuryr.cz\/n\/wp-json\/wp\/v2\/categories?post=85566"},{"taxonomy":"post_tag","embeddable":true,"href":"https:\/\/www.infokuryr.cz\/n\/wp-json\/wp\/v2\/tags?post=85566"}],"curies":[{"name":"wp","href":"https:\/\/api.w.org\/{rel}","templated":true}]}}