{"id":85565,"date":"2025-08-15T00:13:06","date_gmt":"2025-08-14T22:13:06","guid":{"rendered":"https:\/\/www.infokuryr.cz\/n\/?p=85565"},"modified":"2025-08-14T13:09:09","modified_gmt":"2025-08-14T11:09:09","slug":"erik-best-zakaz-zeleneho-hnuti","status":"publish","type":"post","link":"https:\/\/www.infokuryr.cz\/n\/2025\/08\/15\/erik-best-zakaz-zeleneho-hnuti\/","title":{"rendered":"Erik Best: Z\u00e1kaz zelen\u00e9ho hnut\u00ed"},"content":{"rendered":"<div id=\"fb-root\"><\/div>\n<p>Nejposv\u00e1tn\u011bj\u0161\u00ed dokument zelen\u00e9ho hnut\u00ed,\u00a0<a href=\"https:\/\/mzp.gov.cz\/system\/files\/2025-06\/733-Ramcova_umluva_OSN_o_zmene_klimatu_CZ-20250620.pdf\" target=\"_blank\" rel=\"noopener\">R\u00e1mcov\u00e1 \u00famluva OSN o\u00a0zm\u011bn\u011b klimatu<\/a>, vyz\u00fdv\u00e1 vysp\u011bl\u00e9 zem\u011b, aby zaujaly vedouc\u00ed postaven\u00ed v\u00a0boji proti zm\u011bn\u011b klimatu. Stanovuje opat\u0159en\u00ed pro zm\u011bny dlouhodob\u00fdch tendenc\u00ed emis\u00ed a\u00a0pro financov\u00e1n\u00ed a\u00a0p\u0159evod technologi\u00ed do rozvojov\u00fdch zem\u00ed.<\/p>\n<p>Prvo\u0159ad\u00fdmi a\u00a0z\u00e1kladn\u00edmi prioritami rozvojov\u00fdch zem\u00ed jsou podle tohoto dokumentu hospod\u00e1\u0159sk\u00fd a\u00a0soci\u00e1ln\u00ed rozvoj a\u00a0vym\u00fdcen\u00ed chudoby, nikoli v\u0161ak vysp\u011bl\u00fdch zem\u00ed. Jejich \u00falohou je nastaven\u00ed rovnov\u00e1hy a\u00a0spravedlnosti prost\u0159ednictv\u00edm transferu bohatstv\u00ed a\u00a0technologi\u00ed. To vystavuje ekonomick\u00fd a\u00a0soci\u00e1ln\u00ed rozvoj v\u00a0Evrop\u011b takov\u00e9mu riziku, \u017ee jak\u00a0<a href=\"https:\/\/cnn.iprima.cz\/zdechovsky-je-treba-zastavit-zelene-silenstvi-pak-se-pohadal-se-zaoralkem-kdo-za-nej-muze-437906\" target=\"_blank\" rel=\"noopener\">vl\u00e1dn\u00ed<\/a>, tak\u00a0<a href=\"https:\/\/www.idnes.cz\/zpravy\/domaci\/hnuti-ano-opousti-renew-europe-i-alde-babis-green-deal-zelene-silenstvi.A240621_091301_domaci_kop\" target=\"_blank\" rel=\"noopener\">opozi\u010dn\u00ed<\/a>\u00a0politici v\u00a0\u010cesk\u00e9 republice slibuj\u00ed, \u017ee ukon\u010d\u00ed toto \u201ezelen\u00e9 \u0161\u00edlenstv\u00ed\u201c.<\/p>\n<p>S\u00a0trochou \u00fasil\u00ed by se nyn\u00ed dalo argumentovat, \u017ee ve vynucov\u00e1n\u00ed zm\u011bn lidsk\u00e9ho chov\u00e1n\u00ed zach\u00e1z\u00ed syst\u00e9m emisn\u00edch povolenek ETS2 p\u0159\u00edli\u0161 daleko. Kdy\u017e strany vl\u00e1dn\u00ed koalice\u00a0<a href=\"https:\/\/www.zakonyprolidi.cz\/cs\/2025-270\" target=\"_blank\" rel=\"noopener\">novelizovaly trestn\u00ed z\u00e1kon\u00edk<\/a>\u00a0tak, \u017ee se za\u00a0<a href=\"https:\/\/www.zakonyprolidi.cz\/cs\/2009-40\" target=\"_blank\" rel=\"noopener\">trestn\u00fd \u010din<\/a>\u00a0pova\u017euje propagace \u201enacismu, komunismu a\u00a0<em>dal\u0161\u00edch<\/em>\u00a0hnut\u00ed, kter\u00e1 prokazateln\u011b sm\u011b\u0159uj\u00ed k\u00a0potla\u010den\u00ed pr\u00e1v a\u00a0svobod \u010dlov\u011bka,\u201c mo\u017en\u00e1 t\u00edm budouc\u00ed vl\u00e1d\u011b otev\u0159ely dve\u0159e i\u00a0k z\u00e1kazu zelen\u00e9ho hnut\u00ed.<\/p>\n<p><a href=\"https:\/\/www.fsfinalword.cz\/?page=archive&amp;day=2025-08-14&amp;utm_source=utm_source%3Dnewsletter&amp;utm_medium=utm_medium%3De-mail&amp;utm_campaign=utm_campaign%3Dfinal_word_14.8.2025\">Erik Best<\/a><\/p>\n<p><img decoding=\"async\" loading=\"lazy\" class=\"alignnone  wp-image-1179\" src=\"http:\/\/www.infokuryr.cz\/n\/wp-content\/uploads\/2021\/04\/erik-best.jpg\" alt=\"\" width=\"117\" height=\"132\" \/><\/p>\n<p><img decoding=\"async\" loading=\"lazy\" class=\"wp-image-85002 aligncenter\" src=\"http:\/\/www.infokuryr.cz\/n\/wp-content\/uploads\/2025\/08\/Plakat1-212x300.jpg\" alt=\"\" width=\"656\" height=\"928\" srcset=\"https:\/\/www.infokuryr.cz\/n\/wp-content\/uploads\/2025\/08\/Plakat1-212x300.jpg 212w, https:\/\/www.infokuryr.cz\/n\/wp-content\/uploads\/2025\/08\/Plakat1-724x1024.jpg 724w, https:\/\/www.infokuryr.cz\/n\/wp-content\/uploads\/2025\/08\/Plakat1-768x1086.jpg 768w, https:\/\/www.infokuryr.cz\/n\/wp-content\/uploads\/2025\/08\/Plakat1-1086x1536.jpg 1086w, https:\/\/www.infokuryr.cz\/n\/wp-content\/uploads\/2025\/08\/Plakat1-1024x1449.jpg 1024w, https:\/\/www.infokuryr.cz\/n\/wp-content\/uploads\/2025\/08\/Plakat1.jpg 1131w\" sizes=\"(max-width: 656px) 100vw, 656px\" \/><\/p>\n<p>&nbsp;<\/p>\n","protected":false},"excerpt":{"rendered":"<p>Nejposv\u00e1tn\u011bj\u0161\u00ed dokument zelen\u00e9ho hnut\u00ed,\u00a0R\u00e1mcov\u00e1 \u00famluva OSN o\u00a0zm\u011bn\u011b klimatu, vyz\u00fdv\u00e1 vysp\u011bl\u00e9 zem\u011b, aby zaujaly vedouc\u00ed postaven\u00ed&#8230;<\/p>\n","protected":false},"author":2,"featured_media":48221,"comment_status":"closed","ping_status":"closed","sticky":false,"template":"","format":"standard","meta":[],"categories":[6],"tags":[873,1503,103],"_links":{"self":[{"href":"https:\/\/www.infokuryr.cz\/n\/wp-json\/wp\/v2\/posts\/85565"}],"collection":[{"href":"https:\/\/www.infokuryr.cz\/n\/wp-json\/wp\/v2\/posts"}],"about":[{"href":"https:\/\/www.infokuryr.cz\/n\/wp-json\/wp\/v2\/types\/post"}],"author":[{"embeddable":true,"href":"https:\/\/www.infokuryr.cz\/n\/wp-json\/wp\/v2\/users\/2"}],"replies":[{"embeddable":true,"href":"https:\/\/www.infokuryr.cz\/n\/wp-json\/wp\/v2\/comments?post=85565"}],"version-history":[{"count":0,"href":"https:\/\/www.infokuryr.cz\/n\/wp-json\/wp\/v2\/posts\/85565\/revisions"}],"wp:featuredmedia":[{"embeddable":true,"href":"https:\/\/www.infokuryr.cz\/n\/wp-json\/wp\/v2\/media\/48221"}],"wp:attachment":[{"href":"https:\/\/www.infokuryr.cz\/n\/wp-json\/wp\/v2\/media?parent=85565"}],"wp:term":[{"taxonomy":"category","embeddable":true,"href":"https:\/\/www.infokuryr.cz\/n\/wp-json\/wp\/v2\/categories?post=85565"},{"taxonomy":"post_tag","embeddable":true,"href":"https:\/\/www.infokuryr.cz\/n\/wp-json\/wp\/v2\/tags?post=85565"}],"curies":[{"name":"wp","href":"https:\/\/api.w.org\/{rel}","templated":true}]}}