{"id":85536,"date":"2025-08-14T06:30:33","date_gmt":"2025-08-14T04:30:33","guid":{"rendered":"https:\/\/www.infokuryr.cz\/n\/?p=85536"},"modified":"2025-08-14T06:30:33","modified_gmt":"2025-08-14T04:30:33","slug":"michael-svatos-cina-uvaluje-sankce-na-eu-rusko-cinska-zbrojni-spoluprace-triumfuje","status":"publish","type":"post","link":"https:\/\/www.infokuryr.cz\/n\/2025\/08\/14\/michael-svatos-cina-uvaluje-sankce-na-eu-rusko-cinska-zbrojni-spoluprace-triumfuje\/","title":{"rendered":"Michael Svato\u0161: \u010c\u00edna uvaluje sankce na EU! Rusko-\u010d\u00ednsk\u00e1 zbrojn\u00ed spolupr\u00e1ce triumfuje"},"content":{"rendered":"<div id=\"fb-root\"><\/div>\n<h3>\u010c\u00edna uvaluje sankce na EU! Rusko-\u010d\u00ednsk\u00e1 zbrojn\u00ed spolupr\u00e1ce triumfuje. EU u\u017e z\u00e1visl\u00e1 na \u010c\u00edn\u011b ze 98%, absolutn\u00ed rekord, a jasn\u00fd d\u016fkaz naprost\u00e9 neschopnosti Bruselsk\u00fdch komisa\u0159\u016f!<\/h3>\n<p>V\u010dera 13.srpna jsem byl od 19 do 21 hodin hostem u Zde\u0148ka Chytry na Svobodn\u00e9m r\u00e1diu.\u00a0<a class=\"mfp-iframe lightbox-added\" href=\"https:\/\/www.youtube.com\/watch?v=03Hwyf8t8Ag\">Po\u0159ad najdete na YouTube zde<\/a>.\u00a0P\u0159edev\u010d\u00edrem jsem byl hostem u Petra H\u00e1jka na Protiproud TV. Za 24 hodin po\u0159ad nasb\u00edral na YouTube 70 tis\u00edc div\u00e1k\u016f,\u00a0<a class=\"mfp-iframe lightbox-added\" href=\"https:\/\/www.youtube.com\/watch?v=eYEjNjB5bnQ\">a najdete ho zde<\/a>.\u00a0D\u011bkuji v\u0161em za povzbuzuj\u00edc\u00ed maily, i za dal\u0161\u00ed podporu. Odpov\u00edm z\u00edtra, zat\u00edm jsem nem\u011bl \u010das. Po dvou dnech denn\u00edho vys\u00edl\u00e1n\u00ed a no\u010dn\u00edch anal\u00fdz jsem vy\u010derp\u00e1n na d\u0159e\u0148, proto dnes jen krat\u0161\u00ed anal\u00fdza.\u00a0<a href=\"https:\/\/zamekpricovy.cz\/vs\/\">T\u011b\u0161\u00edm se na P\u0159\u00ed\u010dovy 2025<\/a>, tak\u017ee pokud se nic mimo\u0159\u00e1dn\u00e9ho nep\u0159ihod\u00ed, budu tam, a hlavn\u011b k dispozici z\u00e1jemc\u016fm na pokec.<\/p>\n<p>(1) V\u010dera jsem v po\u0159adu u Zde\u0148ka Chytry komentoval nejnov\u011bj\u0161\u00ed \u010d\u00ednsk\u00e9 sankce na na\u0161eho prezidenta Petra Pavla, kter\u00fd ned\u00e1vno prudil \u010c\u00ednu n\u00e1v\u0161t\u011bvou Dalajl\u00e1my, a sl\u00edbil jsem odkaz na mimo\u0159\u00e1dn\u011b kr\u00e1sn\u00e9 video z n\u00e1v\u0161t\u011bvy \u010d\u00ednsk\u00e9ho prezidenta Xi Jinping v Pa\u0159\u00ed\u017ei.\u00a0<a class=\"mfp-iframe lightbox-added\" href=\"https:\/\/www.youtube.com\/watch?v=XCS7UeUCxx8\">Video na YouTube najdete zde<\/a>,\u00a0a pov\u0161imn\u011bte si, \u017ee Francie k poct\u011b \u010d\u00ednsk\u00e9ho prezidenta vyslala celou svoji\u00a0<a href=\"https:\/\/fr.wikipedia.org\/wiki\/Garde_r%C3%A9publicaine_(France)\">J\u00edzdn\u00ed republik\u00e1nskou gardu<\/a>,\u00a0a ta troubila slavnostn\u00ed fanf\u00e1ry. Francie se sna\u017e\u00ed vyt\u011b\u017eit maxim\u00e1ln\u011b mo\u017en\u00e9 v\u00fdhodn\u00e9 obchodn\u00ed a ekonomick\u00e9 v\u00fdhody ze vztah\u016f s \u010c\u00ednou. A z\u00edsk\u00e1v\u00e1 tak \u010d\u00ednsk\u00e9 ekonomick\u00e9 investice. \u010cR m\u011bla d\u00edky prezidentovi Zemanovi n\u00e1skok ve vztaz\u00edch s \u010c\u00ednou, dnes d\u00edky \u010desk\u00fdm Tchajwanc\u016fm Vystr\u010dilovi a spol., a d\u00edky Petru Pavlovi jsme v \u010c\u00edn\u011b mimo\u0159\u00e1dn\u011b neobl\u00edben\u00ed. A v\u00fdsledkem je p\u0159esun \u010d\u00ednsk\u00fdch investic a z\u00e1jm\u016f do jin\u00fdch, hlavn\u011b z\u00e1padn\u00edch zem\u00ed EU, kde si dobr\u00fdch vztah\u016f s \u010c\u00ednou v\u00e1\u017e\u00ed mnohem v\u00edce. Pro\u010d?<\/p>\n<p>\u010c\u00edna se vyv\u00edj\u00ed doslova raketov\u00fdm tempem.\u00a0<a href=\"https:\/\/t.me\/swodki\/514029\">V\u010dera zve\u0159ejnila toto video<\/a>,\u00a05 minut v ru\u0161tin\u011b, a v n\u011bm se chlub\u00ed nejnov\u011bj\u0161\u00edm pokrokem v p\u0159\u00edprav\u011b na v\u00fdpravu na M\u011bs\u00edc, a ukazuje testov\u00e1n\u00ed p\u0159ist\u00e1vac\u00edch m\u011bs\u00ed\u010dn\u00edch modul\u016f na polygonu v severn\u00ed \u010c\u00edn\u011b.\u00a0A \u010c\u00edna se beztrestn\u011b nenech\u00e1v\u00e1 ani prudit, ani ur\u00e1\u017eet.\u00a0<a href=\"https:\/\/www.globaltimes.cn\/page\/202508\/1340758.shtml\">V\u010dera uvalila 100% sankce na dv\u011b litevsk\u00e9 banky v odvet\u011b za za\u0159azen\u00ed dvou \u010d\u00ednsk\u00fdch bank na sank\u010dn\u00ed seznam EU, kv\u016fli obchodov\u00e1n\u00ed s Ruskem<\/a>.<\/p>\n<p>Pro\u010d byly vybr\u00e1ny pr\u00e1v\u011b dv\u011b litevsk\u00e9 banky \u010c\u00edna nekomentovala, nicm\u00e9n\u011b je tak\u0159ka jist\u00e9,\u00a0<a href=\"https:\/\/economictimes.indiatimes.com\/news\/defence\/lithuania-philippines-sign-pact-to-build-alliance-against-aggression\/articleshow\/122161294.cms?from=mdr\">\u017ee jde o odvetu za podpis Litevsko-Filip\u00ednsk\u00e9 aliance o obran\u011b proti \u010c\u00edn\u011b<\/a>,\u00a0ke kter\u00e9mu do\u0161lo koncem leto\u0161n\u00edho \u010dervence v Manile.\u00a0<a href=\"https:\/\/economictimes.indiatimes.com\/news\/defence\/lithuania-philippines-sign-pact-to-build-alliance-against-aggression\/articleshow\/122161294.cms?from=mdr\">Pakt za Litvu podepsala jej\u00ed ministryn\u011b obrany Dovile Sakaliene<\/a>,\u00a0a tvrdila p\u0159itom, \u017ee je nam\u00ed\u0159en proti Rusku, \u010c\u00edn\u011b, Severn\u00ed Koreji a Ir\u00e1nu, a proti jejich spolupr\u00e1ci proti Ukrajin\u011b. Pomineme-li naprosto komick\u00fd fakt, \u017ee Litva neust\u00e1le \u017eadon\u00ed o rozm\u00edst\u011bn\u00ed dal\u0161\u00edch a dal\u0161\u00edch kontingent\u016f vojsk NATO na sv\u00e9m \u00fazem\u00ed, na \u00fadajnou ochranu proti Rusku, a p\u0159itom sou\u010dasn\u011b na druh\u00e9m konci sv\u011bta podepisuje nesmysln\u00e9 protirusk\u00e9 a proti\u010d\u00ednsk\u00e9 pakty je\u0161t\u011b ke v\u0161emu nam\u00ed\u0159en\u00e9 ve prosp\u011bch Ukrajiny, kter\u00e9 nen\u00ed schopna nijak vojensky naplnit,\u00a0<a href=\"https:\/\/www.unian.ua\/world\/tramp-proti-vklyuchennya-nato-v-garantiji-bezpeki-dlya-ukrajini-makron-13097040.html\">je ze v\u010derej\u0161\u00edho vyhl\u00e1\u0161en\u00ed Macrona, \u017ee Trump je rozhodn\u011b proti jak\u00fdmkoli z\u00e1ruk\u00e1m bezpe\u010dnosti Ukrajin\u011b, kter\u00e9 by byly poskytnuty alianc\u00ed NATO<\/a>,\u00a0naprosto z\u0159ejm\u00e9, \u017ee sou\u010dasn\u00e1 litevsk\u00e1 pro-ukrajinsk\u00e1 agresivn\u00ed proti-rusko-\u010d\u00ednsk\u00e1 eskala\u010dn\u00ed politika, nen\u00ed politikou USA, a pouze hat\u00ed a komplikuje v\u0161echny Trumpovy pokusy o m\u00edrov\u00e9 urovn\u00e1n\u00ed na Ukrajin\u011b.<\/p>\n<p>Trump je p\u0159itom p\u0159ed jedn\u00e1n\u00edmi na Alja\u0161ce v nez\u00e1vid\u011bn\u00edhodn\u00e9 prek\u00e9rn\u00ed pozici.\u00a0<a href=\"https:\/\/www.unian.ua\/economics\/other\/na-rinku-ridkozemelnih-metaliv-z-yavivsya-seryozniy-gravec-kitayu-dovedetsya-neperelivki-13096806.html\">D\u00edky naprosto neschopn\u00fdm bruselsk\u00fdm komisa\u0159\u016fm je z\u00e1vislost evropsk\u00e9ho pr\u016fmyslu na dod\u00e1vk\u00e1ch \u010d\u00ednsk\u00fdch kritick\u00fdch miner\u00e1l\u016f neuv\u011b\u0159iteln\u00fdch 98%<\/a>. USA jsou z\u00e1visl\u00e9 z 80%, a Japonsko ze 70%, a tuto z\u00e1vislost nebude mo\u017en\u00e9 odstranit v horizontu n\u011bkolika m\u00e1lo desetilet\u00ed, jak jsme informovali v p\u0159edchoz\u00edch anal\u00fdz\u00e1ch. A d\u00edky t\u00e9to z\u00e1vislosti je \u010c\u00edna v okam\u017eiku schopn\u00e1 zastavit ve\u0161ker\u00fd modern\u00ed evropsk\u00fd pr\u016fmysl, v\u010detn\u011b v\u00fdroby modern\u00edch zbran\u00ed, a v\u011bdeckotechnologick\u00e9ho pokroku.\u00a0<a href=\"https:\/\/topwar.ru\/269618-tramp-gotovitsja-predlozhit-rossii-sovmestnuju-dobychu-redkozemelnyh-metallov-na-aljaske-no-u-rossii-krupnye-obemy-svoih-redkozemov.html\">Trump proto pr\u00fd nab\u00eddne Rusku mo\u017enost t\u011b\u017eit a zpracov\u00e1vat na Alja\u0161ce kritick\u00e9 miner\u00e1ly, aby vyu\u017eil rusk\u00fdch technologick\u00fdch schopnost\u00ed<\/a>, proto\u017ee vlastn\u00ed americk\u00e9 a z\u00e1padn\u00ed technologie pro rafinaci a t\u011b\u017ebu t\u011bchto kritick\u00fdch miner\u00e1l\u016f jsou naprosto nedostate\u010dn\u00e9. Z\u00e1pad se d\u00edky Bruselsk\u00e9mu komisari\u00e1tu dostal do z\u00e1vislosti na \u010c\u00edn\u011b, jako byla \u010c\u00edna z\u00e1visl\u00e1 na Z\u00e1padu ve 30-letech minul\u00e9ho stolet\u00ed, a nebo je\u0161t\u011b h\u016f\u0159e. A zem\u011b, kter\u00e9 nemaj\u00ed \u017e\u00e1dn\u00fd relevantn\u00ed modern\u00ed pr\u016fmysl, \u017e\u00e1dnou relevantn\u00ed arm\u00e1du, a ani \u017e\u00e1dnou aspo\u0148 minim\u00e1ln\u00ed v\u00fdrobu modern\u00edch zbran\u00ed, a tud\u00ed\u017e nepot\u0159ebuj\u00ed ani \u017e\u00e1dn\u00e9 kritick\u00e9 miner\u00e1ly, jako je typicky Litva, prud\u00ed nesmysln\u011b \u010c\u00ednu i Rusko.<\/p>\n<div id=\"attachment_19696\" class=\"wp-caption aligncenter\" style=\"width: 962px;\"><img decoding=\"async\" loading=\"lazy\" class=\" wp-image-19696\" src=\"https:\/\/www.michalapetr.com\/wp-content\/uploads\/2025\/08\/photo_2025-08-14_04-11-31.jpg\" sizes=\"(max-width: 1280px) 100vw, 1280px\" srcset=\"https:\/\/www.michalapetr.com\/wp-content\/uploads\/2025\/08\/photo_2025-08-14_04-11-31.jpg 1280w, https:\/\/www.michalapetr.com\/wp-content\/uploads\/2025\/08\/photo_2025-08-14_04-11-31-300x169.jpg 300w, https:\/\/www.michalapetr.com\/wp-content\/uploads\/2025\/08\/photo_2025-08-14_04-11-31-1030x579.jpg 1030w, https:\/\/www.michalapetr.com\/wp-content\/uploads\/2025\/08\/photo_2025-08-14_04-11-31-768x432.jpg 768w, https:\/\/www.michalapetr.com\/wp-content\/uploads\/2025\/08\/photo_2025-08-14_04-11-31-705x397.jpg 705w, https:\/\/www.michalapetr.com\/wp-content\/uploads\/2025\/08\/photo_2025-08-14_04-11-31-450x253.jpg 450w\" alt=\"\" width=\"962\" height=\"541\" aria-describedby=\"caption-attachment-19696\" \/><\/p>\n<p id=\"caption-attachment-19696\" class=\"wp-caption-text\" style=\"text-align: justify;\"><a href=\"https:\/\/t.me\/swodki\/513952\">C\u00edle pro prvn\u00ed Ore\u0161niky zasazovan\u00e9 do bojov\u00e9 slu\u017eby u\u017e vybr\u00e1ny<\/a>. A\u017e bude Ore\u0161nik\u016f v\u00edc, mohou se na seznamu jejich c\u00edl\u016f objevit i \u010desk\u00e1 m\u011bsta, leti\u0161t\u011b a z\u00e1kladny.<\/p>\n<\/div>\n<p>I vojensky Rusko p\u0159ed sch\u016fzkou na Alja\u0161ce jasn\u011b dominuje. Zat\u00edmco ukrajinsk\u00e1 n\u00e1siln\u00e1 mobilizace se naprosto zhroutila, a ukrajinsk\u00e9 obrann\u00e9 linie u\u017e proto nem\u00e1 kdo br\u00e1nit.\u00a0<a href=\"https:\/\/kyivindependent.com\/russia-exceeds-monthly-recruitment-targets-by-over-100-ukraines-hur-says\/\">Rusk\u00e1 dobrovoln\u00e1 mobilizace trh\u00e1 letos rekordy, a podle ukrajinsk\u00e9 tajn\u00e9 slu\u017eby HUR Rusko letos u\u017e splnilo Putinovi pl\u00e1ny na naj\u00edm\u00e1n\u00ed smluvn\u00edch voj\u00e1k\u016f<\/a>, (jedin\u00e1 forma dopl\u0148ov\u00e1n\u00ed rusk\u00fdch vojsk bojuj\u00edc\u00edch na Ukrajin\u011b),\u00a0\u00a0<a href=\"https:\/\/kyivindependent.com\/russia-exceeds-monthly-recruitment-targets-by-over-100-ukraines-hur-says\/\">na 105 a\u017e 110%<\/a>.\u00a0Nav\u00edc zaveden\u00ed Ore\u0161nik\u016f do bojov\u00e9 slu\u017eby, ke kter\u00e9mu nyn\u00ed rychle dojde, proto\u017ee u\u017e byla spu\u0161t\u011bna linka na jejich v\u00fdrobu, z\u00e1sadn\u011b m\u011bn\u00ed situaci v Evrop\u011b. Rusko bude do jednoho roku schopno vy\u0159adit jakoukoli vojenskou z\u00e1kladnu a nebo vojensk\u00e9 leti\u0161t\u011b v Evrop\u011b. Rusko nav\u00edc ve\u010dera zve\u0159ejnilo prvn\u00ed \u00fasp\u011b\u0161n\u00e9 \u00fatoky laserov\u00fdch st\u00edhac\u00edch dron\u016f proti ukrajinsk\u00fdm zabij\u00e1ck\u00fdm dron\u016fm. Jde o nejnov\u011bj\u0161\u00ed v\u00fdsledek rusko-\u010d\u00ednsk\u00e9 vojensk\u00e9 spolupr\u00e1ce. Zat\u00edmco Kyjev a Brusel jen vyk\u0159ikuj\u00ed, \u017ee flotily jejich st\u00edhac\u00edch dron\u016f smetou rusk\u00e9 drony z oblohy, ale je\u0161t\u011b nemaj\u00ed \u017e\u00e1dn\u00fd hmatateln\u00fd v\u00fdsledek, Rusk\u00e9 drony jsou u\u017e nasazeny do akce.\u00a0(<a href=\"https:\/\/t.me\/swodki\/514023?single\">Videa rusk\u00fdch st\u00edhac\u00edch laser-dron\u016f zde<\/a>.)<\/p>\n<p><a href=\"https:\/\/www.michalapetr.com\/map-2380-cina-uvaluje-sankce-na-eu-rusko-cinska-zbrojni-spoluprace-triumfuje-eu-uz-zavisla-na-cine-ze-98-absolutni-rekord-a-jasny-dukaz-naproste-neschopnosti-bruselskych-komisaru-analyza-videa\/\">Michael Svato\u0161<\/a><\/p>\n<p><img decoding=\"async\" loading=\"lazy\" class=\"alignnone size-full wp-image-27204\" src=\"http:\/\/www.infokuryr.cz\/n\/wp-content\/uploads\/2023\/05\/Michael_Svatos.png\" alt=\"\" width=\"180\" height=\"180\" srcset=\"https:\/\/www.infokuryr.cz\/n\/wp-content\/uploads\/2023\/05\/Michael_Svatos.png 180w, https:\/\/www.infokuryr.cz\/n\/wp-content\/uploads\/2023\/05\/Michael_Svatos-150x150.png 150w\" sizes=\"(max-width: 180px) 100vw, 180px\" \/><\/p>\n<p><img decoding=\"async\" loading=\"lazy\" class=\"wp-image-85002 aligncenter\" src=\"http:\/\/www.infokuryr.cz\/n\/wp-content\/uploads\/2025\/08\/Plakat1-212x300.jpg\" alt=\"\" width=\"648\" height=\"917\" srcset=\"https:\/\/www.infokuryr.cz\/n\/wp-content\/uploads\/2025\/08\/Plakat1-212x300.jpg 212w, https:\/\/www.infokuryr.cz\/n\/wp-content\/uploads\/2025\/08\/Plakat1-724x1024.jpg 724w, https:\/\/www.infokuryr.cz\/n\/wp-content\/uploads\/2025\/08\/Plakat1-768x1086.jpg 768w, https:\/\/www.infokuryr.cz\/n\/wp-content\/uploads\/2025\/08\/Plakat1-1086x1536.jpg 1086w, https:\/\/www.infokuryr.cz\/n\/wp-content\/uploads\/2025\/08\/Plakat1-1024x1449.jpg 1024w, https:\/\/www.infokuryr.cz\/n\/wp-content\/uploads\/2025\/08\/Plakat1.jpg 1131w\" sizes=\"(max-width: 648px) 100vw, 648px\" \/><\/p>\n<p>&nbsp;<\/p>\n","protected":false},"excerpt":{"rendered":"<p>\u010c\u00edna uvaluje sankce na EU! Rusko-\u010d\u00ednsk\u00e1 zbrojn\u00ed spolupr\u00e1ce triumfuje. EU u\u017e z\u00e1visl\u00e1 na \u010c\u00edn\u011b ze&#8230;<\/p>\n","protected":false},"author":2,"featured_media":83276,"comment_status":"closed","ping_status":"closed","sticky":false,"template":"","format":"standard","meta":[],"categories":[6],"tags":[1042,30,41,22,125],"_links":{"self":[{"href":"https:\/\/www.infokuryr.cz\/n\/wp-json\/wp\/v2\/posts\/85536"}],"collection":[{"href":"https:\/\/www.infokuryr.cz\/n\/wp-json\/wp\/v2\/posts"}],"about":[{"href":"https:\/\/www.infokuryr.cz\/n\/wp-json\/wp\/v2\/types\/post"}],"author":[{"embeddable":true,"href":"https:\/\/www.infokuryr.cz\/n\/wp-json\/wp\/v2\/users\/2"}],"replies":[{"embeddable":true,"href":"https:\/\/www.infokuryr.cz\/n\/wp-json\/wp\/v2\/comments?post=85536"}],"version-history":[{"count":0,"href":"https:\/\/www.infokuryr.cz\/n\/wp-json\/wp\/v2\/posts\/85536\/revisions"}],"wp:featuredmedia":[{"embeddable":true,"href":"https:\/\/www.infokuryr.cz\/n\/wp-json\/wp\/v2\/media\/83276"}],"wp:attachment":[{"href":"https:\/\/www.infokuryr.cz\/n\/wp-json\/wp\/v2\/media?parent=85536"}],"wp:term":[{"taxonomy":"category","embeddable":true,"href":"https:\/\/www.infokuryr.cz\/n\/wp-json\/wp\/v2\/categories?post=85536"},{"taxonomy":"post_tag","embeddable":true,"href":"https:\/\/www.infokuryr.cz\/n\/wp-json\/wp\/v2\/tags?post=85536"}],"curies":[{"name":"wp","href":"https:\/\/api.w.org\/{rel}","templated":true}]}}