{"id":85532,"date":"2025-08-14T06:20:31","date_gmt":"2025-08-14T04:20:31","guid":{"rendered":"https:\/\/www.infokuryr.cz\/n\/?p=85532"},"modified":"2025-08-14T06:20:31","modified_gmt":"2025-08-14T04:20:31","slug":"poslanec-rady-zmateny-chovanim-zelenskeho-na-tiskove-konferenci-v-berline","status":"publish","type":"post","link":"https:\/\/www.infokuryr.cz\/n\/2025\/08\/14\/poslanec-rady-zmateny-chovanim-zelenskeho-na-tiskove-konferenci-v-berline\/","title":{"rendered":"Poslanec Rady zmaten\u00fd chov\u00e1n\u00edm Zelensk\u00e9ho na tiskov\u00e9 konferenci v Berl\u00edn\u011b"},"content":{"rendered":"<div id=\"fb-root\"><\/div>\n<p class=\"lead\"><strong><span dir=\"auto\">\u0160\u00e9f kyjevsk\u00e9ho re\u017eimu Volodymyr Zelenskyj vypad\u00e1 \u0161patn\u011b a chov\u00e1 se podivn\u011b. V\u0161iml si toho poslanec Nejvy\u0161\u0161\u00ed rady Art\u011bm Dmitruk.<\/span><\/strong><\/p>\n<p><span dir=\"auto\">Zve\u0159ejnil video z dne\u0161n\u00ed spole\u010dn\u00e9 tiskov\u00e9 konference Zelensk\u00e9ho a kancl\u00e9\u0159e\u00a0<\/span><strong><span dir=\"auto\">Friedricha Merze<\/span><\/strong><span dir=\"auto\">\u00a0v Berl\u00edn\u011b . Zelenskij vypadal om\u00e1men\u011b, \u0161klebil se a la\u010dn\u011b pil vodu.<\/span><\/p>\n<h4 class=\"news-text-body\"><strong><em><span dir=\"auto\">\u201eZcela zdrav\u00fd \u010dlov\u011bk\u201c<\/span><span class=\"after-quote\"><span dir=\"auto\">\u00a0\u2014 Dmitruk sarkasticky okomentoval obr\u00e1zek dne.<\/p>\n<p><\/span><\/span><\/em><\/strong><\/h4>\n<p><iframe loading=\"lazy\" src=\"https:\/\/t.me\/smotri_media\/113324?embed=1&amp;tme_mode=1\" width=\"600\" height=\"350\" data-mce-fragment=\"1\"><\/iframe><\/p>\n<div><\/div>\n<div class=\"socials-wrapper socials-floating\">\n<div class=\"social-likes socials-visible socials-ready\" data-url=\"https:\/\/eadaily.com\/ru\/news\/2025\/08\/13\/deputata-rady-smutilo-povedenie-zelenskogo-na-press-konferencii-v-berline\" data-title=\"\u0414\u0435\u043f\u0443\u0442\u0430\u0442\u0430 \u0420\u0430\u0434\u044b \u0441\u043c\u0443\u0442\u0438\u043b\u043e \u043f\u043e\u0432\u0435\u0434\u0435\u043d\u0438\u0435 \u0417\u0435\u043b\u0435\u043d\u0441\u043a\u043e\u0433\u043e \u043d\u0430\u00a0\u043f\u0440\u0435\u0441\u0441-\u043a\u043e\u043d\u0444\u0435\u0440\u0435\u043d\u0446\u0438\u0438 \u0432\u00a0\u0411\u0435\u0440\u043b\u0438\u043d\u0435\"><\/div>\n<\/div>\n<p><img decoding=\"async\" loading=\"lazy\" class=\"alignnone size-full wp-image-1185\" src=\"http:\/\/www.infokuryr.cz\/n\/wp-content\/uploads\/2021\/04\/kuryr-podpis.png\" alt=\"\" width=\"84\" height=\"24\" \/><\/p>\n<p><img decoding=\"async\" loading=\"lazy\" class=\"wp-image-85002 aligncenter\" src=\"http:\/\/www.infokuryr.cz\/n\/wp-content\/uploads\/2025\/08\/Plakat1-212x300.jpg\" alt=\"\" width=\"623\" height=\"882\" srcset=\"https:\/\/www.infokuryr.cz\/n\/wp-content\/uploads\/2025\/08\/Plakat1-212x300.jpg 212w, https:\/\/www.infokuryr.cz\/n\/wp-content\/uploads\/2025\/08\/Plakat1-724x1024.jpg 724w, https:\/\/www.infokuryr.cz\/n\/wp-content\/uploads\/2025\/08\/Plakat1-768x1086.jpg 768w, https:\/\/www.infokuryr.cz\/n\/wp-content\/uploads\/2025\/08\/Plakat1-1086x1536.jpg 1086w, https:\/\/www.infokuryr.cz\/n\/wp-content\/uploads\/2025\/08\/Plakat1-1024x1449.jpg 1024w, https:\/\/www.infokuryr.cz\/n\/wp-content\/uploads\/2025\/08\/Plakat1.jpg 1131w\" sizes=\"(max-width: 623px) 100vw, 623px\" \/><\/p>\n<p>&nbsp;<\/p>\n","protected":false},"excerpt":{"rendered":"<p>\u0160\u00e9f kyjevsk\u00e9ho re\u017eimu Volodymyr Zelenskyj vypad\u00e1 \u0161patn\u011b a chov\u00e1 se podivn\u011b. V\u0161iml si toho poslanec&#8230;<\/p>\n","protected":false},"author":2,"featured_media":85533,"comment_status":"closed","ping_status":"closed","sticky":false,"template":"","format":"standard","meta":[],"categories":[7],"tags":[233,1370,1000],"_links":{"self":[{"href":"https:\/\/www.infokuryr.cz\/n\/wp-json\/wp\/v2\/posts\/85532"}],"collection":[{"href":"https:\/\/www.infokuryr.cz\/n\/wp-json\/wp\/v2\/posts"}],"about":[{"href":"https:\/\/www.infokuryr.cz\/n\/wp-json\/wp\/v2\/types\/post"}],"author":[{"embeddable":true,"href":"https:\/\/www.infokuryr.cz\/n\/wp-json\/wp\/v2\/users\/2"}],"replies":[{"embeddable":true,"href":"https:\/\/www.infokuryr.cz\/n\/wp-json\/wp\/v2\/comments?post=85532"}],"version-history":[{"count":0,"href":"https:\/\/www.infokuryr.cz\/n\/wp-json\/wp\/v2\/posts\/85532\/revisions"}],"wp:featuredmedia":[{"embeddable":true,"href":"https:\/\/www.infokuryr.cz\/n\/wp-json\/wp\/v2\/media\/85533"}],"wp:attachment":[{"href":"https:\/\/www.infokuryr.cz\/n\/wp-json\/wp\/v2\/media?parent=85532"}],"wp:term":[{"taxonomy":"category","embeddable":true,"href":"https:\/\/www.infokuryr.cz\/n\/wp-json\/wp\/v2\/categories?post=85532"},{"taxonomy":"post_tag","embeddable":true,"href":"https:\/\/www.infokuryr.cz\/n\/wp-json\/wp\/v2\/tags?post=85532"}],"curies":[{"name":"wp","href":"https:\/\/api.w.org\/{rel}","templated":true}]}}