{"id":85530,"date":"2025-08-14T06:17:20","date_gmt":"2025-08-14T04:17:20","guid":{"rendered":"https:\/\/www.infokuryr.cz\/n\/?p=85530"},"modified":"2025-08-14T06:17:20","modified_gmt":"2025-08-14T04:17:20","slug":"jindrich-kulhavy-on-je-neuveritelny","status":"publish","type":"post","link":"https:\/\/www.infokuryr.cz\/n\/2025\/08\/14\/jindrich-kulhavy-on-je-neuveritelny\/","title":{"rendered":"Jind\u0159ich Kulhav\u00fd: On je neuv\u011b\u0159iteln\u00fd"},"content":{"rendered":"<div id=\"fb-root\"><\/div>\n<p><span class=\"anotation\">\u00a0Summit prezident\u016f Rusk\u00e9 federace a USA se bl\u00ed\u017e\u00ed, hysterie v\u00a0Bruselu a hlavn\u00edch m\u011bstech zem\u00ed EU dosahuje vrcholu. N\u011bmeck\u00fd kancl\u00e9\u0159 Merz si p\u0159ipom\u00edn\u00e1 obdob\u00ed, kdy stoupala pravd\u011bpodobnost sv\u011btov\u00e9 v\u00e1lky pozd\u011bji zah\u00e1jen\u00e1 N\u011bmeckem a Britov\u00e9 se tentokr\u00e1t \u0161ikuj\u00ed v\u00a0souladu s\u00a0Berl\u00ednem. Co se bude d\u00edt 15.8.2025 na Alja\u0161ce, to se teprve dozv\u00edme. Star\u00fd li\u0161\u00e1k Trump jist\u011b n\u011bco chyst\u00e1 a Putin zase nen\u00ed t\u00edm, kdo by si z\u00a0\u010dehokoliv sednul na pozad\u00ed. Oba dohromady by pro sv\u011bt p\u0159edstavovali neporazitelnou s\u00edlu, ale to je my\u0161lenka z\u00a0\u0159\u00ed\u0161e fantazie \u0159ady odp\u016frc\u016f v\u00e1lky.<\/span><\/p>\n<div id=\"pagetext\">\n<p>\u00a0 Nyn\u00ed nem\u00e1 cenu \u0159e\u0161it, co bude v\u00fdsledkem sch\u016fzky, m\u016f\u017ee dopadnout jakkoliv. Jist\u00e9 je, \u017ee Evropsk\u00e1 unie u\u017e nen\u00ed partnerem skoro pro nikoho. A je\u0161t\u011b smutn\u011bj\u0161\u00ed je, \u017ee uvnit\u0159 n\u00ed si nikdo nev\u00e1\u017e\u00ed \u010desk\u00e9ho premi\u00e9ra a nepozvali ho ani na telekonferenci svolanou kv\u016fli bezmocnosti a snaze EU n\u011bjak zm\u011bnit pr\u016fb\u011bh setk\u00e1n\u00ed nejv\u011bt\u0161\u00edch osobnost\u00ed na Alja\u0161ce. Jde o tot\u00e1ln\u00ed ne\u00fasp\u011bch \u010desk\u00e9 diplomacie a ministra zahrani\u010d\u00ed. Jen\u017ee re\u00e1ln\u011b, \u010dekal by n\u011bkdo po Lipavsk\u00e9ho chyb\u00e1ch n\u011bjak\u00fd mezin\u00e1rodn\u00ed respekt. Nep\u0159idal tomu ani Petr Pavel, kter\u00e9ho pro zm\u011bnu z\u00a0knihy tolerovan\u00fdch vy\u0161krtnul dal\u0161\u00ed sv\u011btov\u00fd l\u00eddr a z\u00e1rove\u0148 \u010d\u00ednsk\u00fd prezident. Opi\u010dit se po Havlovi a b\u00fdt stejn\u00fd pitomec, jako Taiwanec Vystr\u010dil, tedy provokovat \u010c\u00ednu (jeden dalajl\u00e1mou a druh\u00fd Taiwanem) je skute\u010dn\u011b za a) kr\u00e1tkozrak\u00e9, za b) pro \u010ceskou republiku \u0161kodliv\u00e9. St\u00e1le v\u00edce se ukazuje, \u017ee jsme asi n\u00e1rodem hlup\u00e1k\u016f, a ty nejv\u011bt\u0161\u00ed si vol\u00edme do sv\u00e9ho \u010dela.<\/p>\n<p>Rusov\u00e9 jedou na Alja\u0161ku v\u00a0siln\u00e9 sestav\u011b a d\u00e1 se p\u0159edpokl\u00e1dat, \u017ee Trump tam tak\u00e9 nebude jen se svou man\u017eelkou. Jde o hodn\u011b, minim\u00e1ln\u011b o presti\u017e. Nakolik se p\u0159ibl\u00ed\u017e\u00ed m\u00edr mezi Ruskem a Ukrajinou zastupuj\u00edc\u00ed Z\u00e1pad v\u00a0t\u00e9 nejhor\u0161\u00ed podob\u011b, zat\u00edm nep\u0159edj\u00edm\u00e1me, nicm\u00e9n\u011b v\u00fdk\u0159iky Zelensk\u00e9ho chod\u00edc\u00edho po Kyjevu a p\u0159em\u00fd\u0161lej\u00edc\u00edho, v\u00a0kolik mu jede vlak na Alja\u0161ku, jsou a\u017e \u00fasm\u011bvn\u00e9. Chov\u00e1 se jako ned\u00e1vno vyhl\u00e1\u0161en\u00fd v\u00edt\u011bz, p\u0159esto\u017ee ukrajinsk\u00e9 jednotky ustupuj\u00ed, m\u00edsty a\u017e prchaj\u00ed. P\u016fvodn\u00ed hranice z\u00a0doby p\u0159ed rokem 2014, obrovsk\u00e9 reparace a degradace Rusk\u00e9 federace na mezin\u00e1rodn\u00ed sc\u00e9n\u011b, vstup Ukrajiny do NATO. To jsou po\u017eadavky u\u017eivatele kokainu a b\u00fdval\u00e9ho klauna. Vlastn\u011b i nyn\u011bj\u0161\u00edho. Takov\u00e9 nepochopen\u00ed re\u00e1ln\u00e9ho stavu vn\u00edm\u00e1me snad u\u017e jen na vrcholn\u00e9 liber\u00e1ln\u00ed sc\u00e9n\u011b a ve hn\u00edzdech liber\u00e1l\u016f. Samoz\u0159ejm\u011b jsou ze strany Rus\u016f nesplniteln\u00e9 a jen bl\u00e1zen nebo ten, kdo nechce ukon\u010den\u00ed boj\u016f, na nich m\u016f\u017ee trvat.<\/p>\n<p>Rusk\u00e1 delegace bude jist\u011b cht\u00edt dot\u00e1hnout do konce to, s\u00a0\u010d\u00edm p\u0159ed 3 roky Kreml za\u010dal. D\u016fvody k\u00a0spu\u0161t\u011bn\u00ed SVO byly mnohokr\u00e1t prezentov\u00e1ny a c\u00edle se postupn\u011b pln\u00ed. Nav\u00edc Rusov\u00e9 p\u0159e\u0161li \u010d\u00e1ste\u010dn\u011b na v\u00e1le\u010dn\u00fd pr\u016fmysl. Putin vyu\u017eil posledn\u00ed \u010dtvrtstolet\u00ed k\u00a0vzestupu \u00farovn\u011b cel\u00e9 federace v\u010detn\u011b ekonomiky a v\u00fdzbroje. 3 roky boj\u016f vr\u00e1tily rusk\u00e9 arm\u00e1d\u011b schopnost bojovat na vysok\u00e9 \u00farovni, testovat sv\u00e9 zbra\u0148ov\u00e9 syst\u00e9my a schopnosti, nap\u0159. d\u00edky nesmysln\u00fdm sankc\u00edm se obej\u00edt bez obchodov\u00e1n\u00ed se Z\u00e1padem. Rusko je nyn\u00ed mnohem siln\u011bj\u0161\u00ed, ne\u017e bylo na za\u010d\u00e1tku roku 2022. To o Z\u00e1padu \u0159\u00edct nelze. Ud\u011blal v\u00fdprodej sklad\u016f, nov\u00e9ho nic nem\u00e1, blbne s\u00a0Green Dealem, genderem a migrac\u00ed, p\u0159i\u0161el o tot\u00e1ln\u00ed podporu USA. Z\u00e1padn\u00ed Evropa nikdy nebyla v\u00a0takov\u00e9 krizi, jako je nyn\u00ed. Ekonomick\u00e9, pr\u016fmyslov\u00e9 i mor\u00e1ln\u00ed. Jen setrva\u010dnost zat\u00edm br\u00e1n\u00ed v\u00a0tot\u00e1ln\u00ed sebedestrukci.<\/p>\n<p>Doufejme, \u017ee se velc\u00ed kluci dohodnou. A bude-li jim zbytek sv\u011bta do v\u0161eho h\u00e1zet vidle, mohlo by se st\u00e1t cokoliv. T\u0159eba i spojen\u00e9 vojensk\u00e9 s\u00edly USA i Ruska na Ukrajin\u011b? To ur\u010dit\u011b ne, nicm\u00e9n\u011b nejhor\u0161\u00ed chybou by byl vstup zem\u00ed EU nap\u0159\u00edmo do v\u00e1lky. Z ciz\u00ed v\u00e1lky by Bruselem veden\u00ed \u00fa\u0159edn\u00edci ud\u011blali i tu n\u00e1s se t\u00fdkaj\u00edc\u00ed. Alja\u0161ka bude v p\u00e1tek nejsledovan\u011bj\u0161\u00edm m\u00edstem sv\u011bta a d\u011bn\u00ed tam p\u0159ebije i \u010deskou bitcoinovou ostudu. A to u\u017e je co \u0159\u00edct.<\/p>\n<p><a href=\"https:\/\/www.inadhled.live\/uvaha-dne\/on-je-neuveritelny\/\">Jind\u0159ich Kulhav\u00fd<\/a><\/p>\n<p><img decoding=\"async\" loading=\"lazy\" class=\"alignnone size-full wp-image-48136\" src=\"http:\/\/www.infokuryr.cz\/n\/wp-content\/uploads\/2024\/02\/kulhavy-jindrich.jpg\" alt=\"\" width=\"219\" height=\"221\" srcset=\"https:\/\/www.infokuryr.cz\/n\/wp-content\/uploads\/2024\/02\/kulhavy-jindrich.jpg 219w, https:\/\/www.infokuryr.cz\/n\/wp-content\/uploads\/2024\/02\/kulhavy-jindrich-150x150.jpg 150w\" sizes=\"(max-width: 219px) 100vw, 219px\" \/><\/p>\n<p><img decoding=\"async\" loading=\"lazy\" class=\"wp-image-85002 aligncenter\" src=\"http:\/\/www.infokuryr.cz\/n\/wp-content\/uploads\/2025\/08\/Plakat1-212x300.jpg\" alt=\"\" width=\"622\" height=\"880\" srcset=\"https:\/\/www.infokuryr.cz\/n\/wp-content\/uploads\/2025\/08\/Plakat1-212x300.jpg 212w, https:\/\/www.infokuryr.cz\/n\/wp-content\/uploads\/2025\/08\/Plakat1-724x1024.jpg 724w, https:\/\/www.infokuryr.cz\/n\/wp-content\/uploads\/2025\/08\/Plakat1-768x1086.jpg 768w, https:\/\/www.infokuryr.cz\/n\/wp-content\/uploads\/2025\/08\/Plakat1-1086x1536.jpg 1086w, https:\/\/www.infokuryr.cz\/n\/wp-content\/uploads\/2025\/08\/Plakat1-1024x1449.jpg 1024w, https:\/\/www.infokuryr.cz\/n\/wp-content\/uploads\/2025\/08\/Plakat1.jpg 1131w\" sizes=\"(max-width: 622px) 100vw, 622px\" \/><\/p>\n<p>&nbsp;<\/p>\n<\/div>\n","protected":false},"excerpt":{"rendered":"<p>\u00a0Summit prezident\u016f Rusk\u00e9 federace a USA se bl\u00ed\u017e\u00ed, hysterie v\u00a0Bruselu a hlavn\u00edch m\u011bstech zem\u00ed EU&#8230;<\/p>\n","protected":false},"author":2,"featured_media":85531,"comment_status":"closed","ping_status":"closed","sticky":false,"template":"","format":"standard","meta":[],"categories":[6],"tags":[1503,8211,122,102,452,1000],"_links":{"self":[{"href":"https:\/\/www.infokuryr.cz\/n\/wp-json\/wp\/v2\/posts\/85530"}],"collection":[{"href":"https:\/\/www.infokuryr.cz\/n\/wp-json\/wp\/v2\/posts"}],"about":[{"href":"https:\/\/www.infokuryr.cz\/n\/wp-json\/wp\/v2\/types\/post"}],"author":[{"embeddable":true,"href":"https:\/\/www.infokuryr.cz\/n\/wp-json\/wp\/v2\/users\/2"}],"replies":[{"embeddable":true,"href":"https:\/\/www.infokuryr.cz\/n\/wp-json\/wp\/v2\/comments?post=85530"}],"version-history":[{"count":0,"href":"https:\/\/www.infokuryr.cz\/n\/wp-json\/wp\/v2\/posts\/85530\/revisions"}],"wp:featuredmedia":[{"embeddable":true,"href":"https:\/\/www.infokuryr.cz\/n\/wp-json\/wp\/v2\/media\/85531"}],"wp:attachment":[{"href":"https:\/\/www.infokuryr.cz\/n\/wp-json\/wp\/v2\/media?parent=85530"}],"wp:term":[{"taxonomy":"category","embeddable":true,"href":"https:\/\/www.infokuryr.cz\/n\/wp-json\/wp\/v2\/categories?post=85530"},{"taxonomy":"post_tag","embeddable":true,"href":"https:\/\/www.infokuryr.cz\/n\/wp-json\/wp\/v2\/tags?post=85530"}],"curies":[{"name":"wp","href":"https:\/\/api.w.org\/{rel}","templated":true}]}}