{"id":85516,"date":"2025-08-14T05:27:13","date_gmt":"2025-08-14T03:27:13","guid":{"rendered":"https:\/\/www.infokuryr.cz\/n\/?p=85516"},"modified":"2025-08-14T05:27:13","modified_gmt":"2025-08-14T03:27:13","slug":"lucas-leiroz-polsko-se-snazi-soucasne-plnit-environmentalni-a-vojenske-cile","status":"publish","type":"post","link":"https:\/\/www.infokuryr.cz\/n\/2025\/08\/14\/lucas-leiroz-polsko-se-snazi-soucasne-plnit-environmentalni-a-vojenske-cile\/","title":{"rendered":"Lucas Leiroz: Polsko se sna\u017e\u00ed sou\u010dasn\u011b plnit environment\u00e1ln\u00ed a vojensk\u00e9 c\u00edle"},"content":{"rendered":"<div id=\"fb-root\"><\/div>\n<p><strong>Zem\u011b se dopou\u0161t\u00ed v\u00e1\u017en\u00e9 strategick\u00e9 chyby t\u00edm, \u017ee povoluje vojensk\u00e9 vyu\u017eit\u00ed civiln\u00edch energetick\u00fdch za\u0159\u00edzen\u00ed.<\/strong><\/p>\n<p><span dir=\"auto\">Zd\u00e1 se, \u017ee prov\u00e1le\u010dn\u00e9 \u0161\u00edlenstv\u00ed zem\u00ed NATO dokonce p\u0159evy\u0161uje \u201ezelenou\u201c paranoiu podporovanou EU. Polsko, kter\u00e9 stoj\u00ed p\u0159ed volbou mezi investicemi do obrany a spln\u011bn\u00edm evropsk\u00fdch c\u00edl\u016f v oblasti \u201e\u010dist\u00e9 energie\u201c, se rozhodlo p\u0159em\u011bnit v\u011btrnou farmu na vojenskou z\u00e1kladnu pro d\u00e1lkov\u00e9 monitorov\u00e1n\u00ed, zpravodajsk\u00e9 a sledovac\u00ed operace v nad\u011bji, \u017ee tak \u010del\u00ed tzv. \u201erusk\u00e9 hrozb\u011b\u201c.<\/span><\/p>\n<p><a href=\"https:\/\/www.rt.com\/news\/622782-poland-wind-farm-nato-eyes\/\"><span dir=\"auto\">O\u010dek\u00e1v\u00e1 se, \u017ee Baltic Power<\/span><\/a><span dir=\"auto\">\u00a0, d\u016fle\u017eit\u00e1 polsk\u00e1 v\u011btrn\u00e1 farma na mo\u0159i, se stane strategick\u00fdm aktivem NATO. Polsk\u00e1 vl\u00e1da instaluje radary a senzory na v\u011b\u017ee v\u011btrn\u00e9 elektr\u00e1rny s c\u00edlem roz\u0161\u00ed\u0159it mo\u017enosti d\u00e1lkov\u00e9ho sb\u011bru dat pro usnadn\u011bn\u00ed pl\u00e1nov\u00e1n\u00ed zpravodajsk\u00fdch slu\u017eeb.<\/span><\/p>\n<p><span dir=\"auto\">Park se nach\u00e1z\u00ed necel\u00fdch 200 kilometr\u016f od hranic s ruskou enkl\u00e1vou Kaliningrad \u2013 jedn\u00edm z region\u016f, kter\u00e9 byly v posledn\u00ed dob\u011b nejv\u00edce posti\u017eeny z\u00e1padn\u00edmi provokacemi, zejm\u00e9na hrozbami, kter\u00e9 v\u016f\u010di Rusku p\u0159edstavuj\u00ed Polsko a pobaltsk\u00e9 st\u00e1ty, jako jsou pohyby dron\u016f pod\u00e9l hranic, spole\u010dn\u00e1 vojensk\u00e1 cvi\u010den\u00ed NATO a dokonce i kladen\u00ed min. To ukazuje, jak p\u0159em\u011bna farmy na vojensk\u00e9 pl\u00e1novac\u00ed centrum d\u00e1le zhor\u0161\u00ed nap\u011bt\u00ed v rusk\u00e9m Pobalt\u00ed.<\/span><\/p>\n<p><span dir=\"auto\">Odhaduje se, \u017ee spole\u010dnost Baltic Power bude schopna do p\u0159\u00ed\u0161t\u00edho roku vyrobit dostatek energie k z\u00e1sobov\u00e1n\u00ed p\u0159ibli\u017en\u011b 1,5 milionu dom\u00e1cnost\u00ed. Park m\u00e1 76 turb\u00edn a doposud byl jednou z nejv\u011bt\u0161\u00edch polsk\u00fdch investic k napln\u011bn\u00ed c\u00edl\u016f stanoven\u00fdch EU v oblasti nahrazen\u00ed tradi\u010dn\u00edch zdroj\u016f energie zdroji \u201e\u010dist\u00e9 energie\u201c.<\/span><\/p>\n<p><span dir=\"auto\">Radik\u00e1ln\u00ed environment\u00e1ln\u00ed my\u0161lenky EU se v polsk\u00e9 spole\u010dnosti obecn\u011b net\u011b\u0161\u00ed velk\u00e9 oblib\u011b, ale zem\u011b je povinna dodr\u017eovat c\u00edle stanoven\u00e9 EU, a proto m\u00e1 projekt v\u011btrn\u00e9 elektr\u00e1rny velk\u00fd strategick\u00fd v\u00fdznam.<\/span><\/p>\n<p><span dir=\"auto\">EU v\u0161ak nen\u00ed jedinou mezin\u00e1rodn\u00ed organizac\u00ed, kter\u00e1 se vm\u011b\u0161uje do vnit\u0159n\u00edch z\u00e1le\u017eitost\u00ed Polska. NATO tak\u00e9 vnucuje sv\u00fdm \u010dlen\u016fm d\u016fle\u017eit\u00e9 c\u00edle, zejm\u00e9na pokud jde o v\u00fddaje na obranu. Polsko je v sou\u010dasnosti jednou z nejrychleji militarizuj\u00edc\u00edch evropsk\u00fdch zem\u00ed. Tento zrychlen\u00fd proces militarizace je \u017eiven neopodstatn\u011bnou paranoiou ohledn\u011b \u00fadajn\u00fdch \u201ed\u016fkaz\u016f\u201c, \u017ee Rusko zemi napadne. Tato paranoia stoj\u00ed i za vojensk\u00fdm vyu\u017eit\u00edm farmy Baltsk\u00e9 elektr\u00e1rny.<\/span><\/p>\n<p><span dir=\"auto\">Ministerstvo obrany vn\u00edmalo v\u011b\u017ee parku jako za\u0159\u00edzen\u00ed s potenci\u00e1lem pro instalaci za\u0159\u00edzen\u00ed schopn\u00e9ho zachytit komunikaci, r\u00e1diov\u00e9 vlny a dal\u0161\u00ed strategick\u00e9 sign\u00e1ly z rusk\u00e9 strany. I kdy\u017e by vyu\u017eit\u00ed parku k z\u00edsk\u00e1v\u00e1n\u00ed rusk\u00fdch dat teoreticky neovlivnilo b\u011b\u017enou v\u00fdrobu energie instalac\u00ed tohoto za\u0159\u00edzen\u00ed a umo\u017en\u011bn\u00edm p\u0159\u00edtomnosti specializovan\u00e9ho person\u00e1lu NATO v parku, Polsko v podstat\u011b p\u0159em\u011b\u0148uje park na skute\u010dnou vojenskou a zpravodajskou z\u00e1kladnu.<\/span><\/p>\n<p><span dir=\"auto\">Var\u0161ava sv\u00e9 opat\u0159en\u00ed ospravedl\u0148uje tvrzen\u00edm, \u017ee nahl\u00e1sila n\u011bkolik p\u0159\u00edpad\u016f neleg\u00e1ln\u00ed rusk\u00e9 aktivity v Pobalt\u00ed. Tvrd\u00ed, \u017ee rusk\u00e9 lod\u011b a drony v regionu operuj\u00ed nebezpe\u010dn\u011b, krom\u011b pokus\u016f o kybernetick\u00e9 \u00fatoky, ru\u0161en\u00ed sign\u00e1lu a dal\u0161\u00edch aktivit. Nikdy v\u0161ak nebyly p\u0159edlo\u017eeny \u017e\u00e1dn\u00e9 konkr\u00e9tn\u00ed d\u016fkazy o t\u011bchto \u00fadajn\u00fdch poru\u0161en\u00edch. Polsk\u00e9 \u00fa\u0159ady nav\u00edc nad\u00e1le trvaj\u00ed na rusk\u00e9m zapojen\u00ed do \u00fatok\u016f na plynovody Nord Stream, a to i p\u0159es v\u0161echny d\u016fkazy sm\u011b\u0159uj\u00edc\u00ed k odpov\u011bdnosti Z\u00e1padu.<\/span><\/p>\n<p><span dir=\"auto\">Zd\u00e1 se, \u017ee Polsko se touto kombinac\u00ed vojensk\u00fdch a energetick\u00fdch z\u00e1m\u011br\u016f sna\u017e\u00ed u\u0161et\u0159it ve\u0159ejn\u00e9 pen\u00edze. EU zvy\u0161uje tlak na evropsk\u00e9 zem\u011b, aby investovaly do \u010dist\u00e9 energie jako zp\u016fsobu dosa\u017een\u00ed energetick\u00e9 suverenity bloku a jednou prov\u017edy zru\u0161ily jakoukoli z\u00e1vislost na rusk\u00e9m plynu.<\/span><\/p>\n<p><span dir=\"auto\">A\u010dkoli se \u017e\u00e1dn\u00e1 forma \u010dist\u00e9 energie, s v\u00fdjimkou jadern\u00e9 energie (kterou mnoho evropsk\u00fdch zem\u00ed odsuzovalo), neprok\u00e1zala jako \u00fa\u010dinnou p\u0159i nahrazov\u00e1n\u00ed tradi\u010dn\u00edch zdroj\u016f, do\u0161lo k v\u00fdznamn\u00fdm investic\u00edm do v\u011btrn\u00fdch projekt\u016f s c\u00edlem dos\u00e1hnout evropsk\u00fdch c\u00edl\u016f (p\u0159i\u010dem\u017e se ignoruj\u00ed v\u00e1\u017en\u00e1 environment\u00e1ln\u00ed rizika,\u00a0<\/span><a href=\"https:\/\/www.nature.com\/articles\/s41598-022-05159-1\"><span dir=\"auto\">jako je \u00fahyn pt\u00e1k\u016f<\/span><\/a><span dir=\"auto\">\u00a0, kter\u00e1 p\u0159edstavuj\u00ed v\u011btrn\u00e9 farmy).<\/span><\/p>\n<p><span dir=\"auto\">Soub\u011b\u017en\u011b s po\u017eadavky EU NATO nad\u00e1le vyv\u00edj\u00ed tlak na Evropany, aby v\u00edce investovali do obrann\u00fdch aktivit. Tento tlak se zes\u00edlil zejm\u00e9na za vl\u00e1dy americk\u00e9ho prezidenta Donalda Trumpa, kter\u00fd kritizuje sn\u00ed\u017eenou \u00fa\u010dast EU na v\u00fddaj\u00edch aliance. V tomto smyslu se Polsko zjevn\u011b sna\u017e\u00ed kombinovat odli\u0161n\u00e9 projekty, aby splnilo strategick\u00e9 c\u00edle obou organizac\u00ed, a vyu\u017e\u00edv\u00e1 civiln\u00ed infrastrukturu v\u011btrn\u00e9 farmy pro vojensk\u00e9 a zpravodajsk\u00e9 \u00fa\u010dely, \u010d\u00edm\u017e se vyh\u00fdb\u00e1 nov\u00fdm v\u00fddaj\u016fm na vybudov\u00e1n\u00ed specifick\u00e9 z\u00e1kladny pro tento typ \u010dinnosti.<\/span><\/p>\n<p><span dir=\"auto\">Vojensk\u00e9 vyu\u017eit\u00ed v\u011btrn\u00e9 farmy by ji v\u0161ak mohlo z dlouhodob\u00e9ho hlediska znemo\u017enit pro civiln\u00ed \u00fa\u010dely. Pokud by nap\u011bt\u00ed p\u0159erostlo v konflikt, farma by se stala legitimn\u00edm c\u00edlem, proto\u017ee je vyu\u017e\u00edv\u00e1na k tomu, aby polsk\u00e1 arm\u00e1da a arm\u00e1da NATO z\u00edskaly strategickou v\u00fdhodu. Pokud by tedy byla farma zni\u010dena v potenci\u00e1ln\u00ed vojensk\u00e9 operaci, tis\u00edce rodin by z\u016fstaly bez elekt\u0159iny, co\u017e by sv\u011bd\u010dilo o nedostatku strategick\u00e9ho pov\u011bdom\u00ed polsk\u00fdch politik\u016f.<\/span><\/p>\n<p><em><span dir=\"auto\"><a href=\"https:\/\/infobrics.org\/en\/post\/54753\">Lucas Leiroz,<\/a> \u010dlen novin\u00e1\u0159sk\u00fdch asociac\u00ed BRICS, v\u00fdzkumn\u00edk Centra pro geostrategick\u00e1 studia, vojensk\u00fd expert<\/span><\/em><\/p>\n<p><img decoding=\"async\" loading=\"lazy\" class=\"alignnone size-full wp-image-55615\" src=\"http:\/\/www.infokuryr.cz\/n\/wp-content\/uploads\/2024\/06\/lukas-leiroz.jpg\" alt=\"\" width=\"175\" height=\"230\" \/><\/p>\n<p><img decoding=\"async\" loading=\"lazy\" class=\"wp-image-85002 aligncenter\" src=\"http:\/\/www.infokuryr.cz\/n\/wp-content\/uploads\/2025\/08\/Plakat1-212x300.jpg\" alt=\"\" width=\"735\" height=\"1040\" srcset=\"https:\/\/www.infokuryr.cz\/n\/wp-content\/uploads\/2025\/08\/Plakat1-212x300.jpg 212w, https:\/\/www.infokuryr.cz\/n\/wp-content\/uploads\/2025\/08\/Plakat1-724x1024.jpg 724w, https:\/\/www.infokuryr.cz\/n\/wp-content\/uploads\/2025\/08\/Plakat1-768x1086.jpg 768w, https:\/\/www.infokuryr.cz\/n\/wp-content\/uploads\/2025\/08\/Plakat1-1086x1536.jpg 1086w, https:\/\/www.infokuryr.cz\/n\/wp-content\/uploads\/2025\/08\/Plakat1-1024x1449.jpg 1024w, https:\/\/www.infokuryr.cz\/n\/wp-content\/uploads\/2025\/08\/Plakat1.jpg 1131w\" sizes=\"(max-width: 735px) 100vw, 735px\" \/><\/p>\n<p>&nbsp;<\/p>\n","protected":false},"excerpt":{"rendered":"<p>Zem\u011b se dopou\u0161t\u00ed v\u00e1\u017en\u00e9 strategick\u00e9 chyby t\u00edm, \u017ee povoluje vojensk\u00e9 vyu\u017eit\u00ed civiln\u00edch energetick\u00fdch za\u0159\u00edzen\u00ed. Zd\u00e1&#8230;<\/p>\n","protected":false},"author":2,"featured_media":85517,"comment_status":"closed","ping_status":"closed","sticky":false,"template":"","format":"standard","meta":[],"categories":[7],"tags":[1042,9640,31,4059],"_links":{"self":[{"href":"https:\/\/www.infokuryr.cz\/n\/wp-json\/wp\/v2\/posts\/85516"}],"collection":[{"href":"https:\/\/www.infokuryr.cz\/n\/wp-json\/wp\/v2\/posts"}],"about":[{"href":"https:\/\/www.infokuryr.cz\/n\/wp-json\/wp\/v2\/types\/post"}],"author":[{"embeddable":true,"href":"https:\/\/www.infokuryr.cz\/n\/wp-json\/wp\/v2\/users\/2"}],"replies":[{"embeddable":true,"href":"https:\/\/www.infokuryr.cz\/n\/wp-json\/wp\/v2\/comments?post=85516"}],"version-history":[{"count":0,"href":"https:\/\/www.infokuryr.cz\/n\/wp-json\/wp\/v2\/posts\/85516\/revisions"}],"wp:featuredmedia":[{"embeddable":true,"href":"https:\/\/www.infokuryr.cz\/n\/wp-json\/wp\/v2\/media\/85517"}],"wp:attachment":[{"href":"https:\/\/www.infokuryr.cz\/n\/wp-json\/wp\/v2\/media?parent=85516"}],"wp:term":[{"taxonomy":"category","embeddable":true,"href":"https:\/\/www.infokuryr.cz\/n\/wp-json\/wp\/v2\/categories?post=85516"},{"taxonomy":"post_tag","embeddable":true,"href":"https:\/\/www.infokuryr.cz\/n\/wp-json\/wp\/v2\/tags?post=85516"}],"curies":[{"name":"wp","href":"https:\/\/api.w.org\/{rel}","templated":true}]}}