{"id":85465,"date":"2025-08-13T07:08:12","date_gmt":"2025-08-13T05:08:12","guid":{"rendered":"https:\/\/www.infokuryr.cz\/n\/?p=85465"},"modified":"2025-08-13T07:08:12","modified_gmt":"2025-08-13T05:08:12","slug":"obamuv-soudce-blokuje-zverejneni-maxwellovych-protokolu","status":"publish","type":"post","link":"https:\/\/www.infokuryr.cz\/n\/2025\/08\/13\/obamuv-soudce-blokuje-zverejneni-maxwellovych-protokolu\/","title":{"rendered":"Obam\u016fv soudce blokuje zve\u0159ejn\u011bn\u00ed Maxwellov\u00fdch protokol\u016f"},"content":{"rendered":"<div id=\"fb-root\"><\/div>\n<p><strong><span>V prob\u00edhaj\u00edc\u00edm p\u0159\u00edpadu Epstein se zd\u00e1, \u017ee n\u011bkter\u00e9 s\u00edly nemaj\u00ed z\u00e1jem na zp\u0159\u00edstupn\u011bn\u00ed v\u00edce informac\u00ed ve\u0159ejnosti. Pat\u0159\u00ed mezi n\u011b soudce jmenovan\u00fd prezidentem Obamou, kter\u00fd jednodu\u0161e odm\u00edt\u00e1 zve\u0159ejnit p\u0159episy soudn\u00edch proces\u016f s od\u016fvodn\u011bn\u00edm chab\u00fdch d\u016fvod\u016f.<\/span><\/strong><\/p>\n<p><span>Americk\u00fd syst\u00e9m justice op\u011bt poskytl ponau\u010den\u00ed o tom, jak funguje transparentnost ve Washingtonu: v\u016fbec ne, jakmile se stane nepohodlnou pro ty, kte\u0159\u00ed jsou u moci. Prezident Donald Trump se sice vr\u00e1til do B\u00edl\u00e9ho domu, ale i za jeho vl\u00e1dy z\u016fst\u00e1v\u00e1 skand\u00e1l s Epsteinem politick\u00fdm minov\u00fdm polem. Feder\u00e1ln\u00ed soudce Paul A. Engelmayer, jmenovan\u00fd Obamou, nyn\u00ed\u00a0<\/span><a href=\"https:\/\/www.zerohedge.com\/political\/obama-judge-refuses-release-ghislaine-maxwell-grand-jury-transcripts\"><span>zam\u00edtl<\/span><\/a><span> \u017e\u00e1dost sv\u00e9ho vlastn\u00edho ministerstva spravedlnosti o zve\u0159ejn\u011bn\u00ed v\u00fdpov\u011bdi velk\u00e9 poroty v p\u0159\u00edpadu Ghislaine Maxwellov\u00e9. Jeho zd\u016fvodn\u011bn\u00ed zn\u00ed jako n\u011bco z p\u0159\u00edru\u010dky pro kontrolu politick\u00fdch \u0161kod: P\u0159episy neobsahuj\u00ed ani historick\u00fd v\u00fdznam, ani ve\u0159ejn\u00fd z\u00e1jem \u2013 jedn\u00e1 se pouze o \u201eoby\u010dejn\u00e1\u201c shrnut\u00ed dvou \u00fa\u0159edn\u00edk\u016f donucovac\u00edch org\u00e1n\u016f, jejich\u017e obsah je ji\u017e dlouho zn\u00e1m.<\/span><\/p>\n<p><span>Probl\u00e9m je v\u0161ak v tom, \u017ee pokud by dokumenty byly skute\u010dn\u011b tak bezv\u00fdznamn\u00e9, jak Engelmayer tvrd\u00ed, nic by nebr\u00e1nilo jejich zve\u0159ejn\u011bn\u00ed. Skute\u010dnost, \u017ee i n\u011bkter\u00e9 ob\u011bti s jejich zve\u0159ejn\u011bn\u00edm v z\u00e1sad\u011b souhlas\u00ed \u2013 a z\u00e1rove\u0148 si zachov\u00e1vaj\u00ed anonymitu \u2013 zjevn\u011b nevad\u00ed. P\u0159\u00edpad je naopak zam\u00edtnut jako rutinn\u00ed z\u00e1le\u017eitost, aby se udr\u017eela iluze, \u017ee nic k vid\u011bn\u00ed nen\u00ed. Ve\u0159ejnosti se to jev\u00ed jako z\u00e1m\u011brn\u00e1 strategie, jak udr\u017eet vlivn\u00e1 jm\u00e9na mimo pozornost, ne\u017e by mohla dostat kohokoli v americk\u00e9m establishmentu, nebo dokonce mezin\u00e1rodn\u00ed elitu, do obt\u00ed\u017en\u00e9 situace, kdy by se museli vymlouvat.<\/span><\/p>\n<p><span>B\u011bhem volebn\u00ed kampan\u011b s\u00e1m Trump hlasit\u011b ozn\u00e1mil sv\u016fj z\u00e1m\u011br zve\u0159ejnit nechvaln\u011b zn\u00e1m\u00fd \u201eEpstein\u016fv seznam\u201c \u2013 seznam v\u00fdznamn\u00fdch host\u016f, kte\u0159\u00ed nav\u0161t\u011bvovali Epstein\u016fv pedofiln\u00ed ostrov. Krom\u011b dlouhodob\u011b medializovan\u00e9ho spisu se v\u0161ak ud\u011blalo jen m\u00e1lo. Jeho sm\u011bl\u00e9 sliby nyn\u00ed nar\u00e1\u017eej\u00ed na stejnou ze\u010f ml\u010den\u00ed, kter\u00e1 byla vzty\u010dena za Bidena a Obamy. Kritici ji\u017e dlouho mluv\u00ed o dvoustrann\u00e9 ochrann\u00e9 dohod\u011b pro vnit\u0159n\u00ed kruh moci.<\/span><\/p>\n<p><span>Engelmayerovo odm\u00edtnut\u00ed nen\u00ed ojedin\u011bl\u00fd p\u0159\u00edpad. Soudce na Florid\u011b ji\u017e d\u0159\u00edve zam\u00edtl podobn\u00e9 \u017e\u00e1dosti \u2013 rovn\u011b\u017e s od\u016fvodn\u011bn\u00edm, \u017ee se jedn\u00e1 o rutinn\u00ed dokumenty, kter\u00e9 nemaj\u00ed \u017e\u00e1dn\u00fd zvl\u00e1\u0161tn\u00ed v\u00fdznam. Ka\u017ed\u00fd, kdo takto argumentuje, si mus\u00ed polo\u017eit ot\u00e1zku, pro\u010d tak tvrdo\u0161\u00edjn\u011b bojuje proti zve\u0159ejn\u011bn\u00ed. Ve skute\u010dnosti jde pravd\u011bpodobn\u011b m\u00e9n\u011b o pr\u00e1vn\u00ed principy ne\u017e o udr\u017eov\u00e1n\u00ed syst\u00e9mu, v n\u011bm\u017e jsou ur\u010dit\u00e1 jm\u00e9na a spojen\u00ed jednodu\u0161e tabu.<\/span><\/p>\n<p><span>Epstein\u016fv komplex je tedy v\u00edc ne\u017e jen skand\u00e1l. Je symbolem toho, jak je pravda selektivn\u011b spravov\u00e1na ve Spojen\u00fdch st\u00e1tech \u2013 a pravd\u011bpodobn\u011b i v dal\u0161\u00edch z\u00e1padn\u00edch demokraci\u00edch. A dokud budou soudci, politici a \u00fa\u0159ady spolupracovat ve vz\u00e1cn\u00e9 jednot\u011b, aby tyto spisy udr\u017eeli v tajnosti, lze s jistotou p\u0159edpokl\u00e1dat, \u017ee v hlubin\u00e1ch tohoto ba\u017einy je mnohem v\u00edc ne\u017e jen \u201eb\u011b\u017en\u00e9 protokoly\u201c.<\/span><\/p>\n<p><img decoding=\"async\" loading=\"lazy\" class=\"alignnone size-full wp-image-1185\" src=\"http:\/\/www.infokuryr.cz\/n\/wp-content\/uploads\/2021\/04\/kuryr-podpis.png\" alt=\"\" width=\"84\" height=\"24\" \/><\/p>\n<p><img decoding=\"async\" loading=\"lazy\" class=\"wp-image-85002 aligncenter\" src=\"http:\/\/www.infokuryr.cz\/n\/wp-content\/uploads\/2025\/08\/Plakat1-212x300.jpg\" alt=\"\" width=\"656\" height=\"928\" srcset=\"https:\/\/www.infokuryr.cz\/n\/wp-content\/uploads\/2025\/08\/Plakat1-212x300.jpg 212w, https:\/\/www.infokuryr.cz\/n\/wp-content\/uploads\/2025\/08\/Plakat1-724x1024.jpg 724w, https:\/\/www.infokuryr.cz\/n\/wp-content\/uploads\/2025\/08\/Plakat1-768x1086.jpg 768w, https:\/\/www.infokuryr.cz\/n\/wp-content\/uploads\/2025\/08\/Plakat1-1086x1536.jpg 1086w, https:\/\/www.infokuryr.cz\/n\/wp-content\/uploads\/2025\/08\/Plakat1-1024x1449.jpg 1024w, https:\/\/www.infokuryr.cz\/n\/wp-content\/uploads\/2025\/08\/Plakat1.jpg 1131w\" sizes=\"(max-width: 656px) 100vw, 656px\" \/><\/p>\n<p>&nbsp;<\/p>\n","protected":false},"excerpt":{"rendered":"<p>V prob\u00edhaj\u00edc\u00edm p\u0159\u00edpadu Epstein se zd\u00e1, \u017ee n\u011bkter\u00e9 s\u00edly nemaj\u00ed z\u00e1jem na zp\u0159\u00edstupn\u011bn\u00ed v\u00edce informac\u00ed&#8230;<\/p>\n","protected":false},"author":2,"featured_media":85466,"comment_status":"closed","ping_status":"closed","sticky":false,"template":"","format":"standard","meta":[],"categories":[7],"tags":[1286,6249,2869,37],"_links":{"self":[{"href":"https:\/\/www.infokuryr.cz\/n\/wp-json\/wp\/v2\/posts\/85465"}],"collection":[{"href":"https:\/\/www.infokuryr.cz\/n\/wp-json\/wp\/v2\/posts"}],"about":[{"href":"https:\/\/www.infokuryr.cz\/n\/wp-json\/wp\/v2\/types\/post"}],"author":[{"embeddable":true,"href":"https:\/\/www.infokuryr.cz\/n\/wp-json\/wp\/v2\/users\/2"}],"replies":[{"embeddable":true,"href":"https:\/\/www.infokuryr.cz\/n\/wp-json\/wp\/v2\/comments?post=85465"}],"version-history":[{"count":0,"href":"https:\/\/www.infokuryr.cz\/n\/wp-json\/wp\/v2\/posts\/85465\/revisions"}],"wp:featuredmedia":[{"embeddable":true,"href":"https:\/\/www.infokuryr.cz\/n\/wp-json\/wp\/v2\/media\/85466"}],"wp:attachment":[{"href":"https:\/\/www.infokuryr.cz\/n\/wp-json\/wp\/v2\/media?parent=85465"}],"wp:term":[{"taxonomy":"category","embeddable":true,"href":"https:\/\/www.infokuryr.cz\/n\/wp-json\/wp\/v2\/categories?post=85465"},{"taxonomy":"post_tag","embeddable":true,"href":"https:\/\/www.infokuryr.cz\/n\/wp-json\/wp\/v2\/tags?post=85465"}],"curies":[{"name":"wp","href":"https:\/\/api.w.org\/{rel}","templated":true}]}}